{"id":128593,"date":"2025-11-19T18:23:49","date_gmt":"2025-11-19T21:23:49","guid":{"rendered":"https:\/\/www.noticiasradioreflejos.com.ar\/2021\/?p=128593"},"modified":"2025-11-20T22:38:21","modified_gmt":"2025-11-21T01:38:21","slug":"sierra-de-la-ventana-del-pasado-geologico-a-un-polo-cientifico-y-patrimonial","status":"publish","type":"post","link":"https:\/\/www.noticiasradioreflejos.com.ar\/2021\/sierra-de-la-ventana-del-pasado-geologico-a-un-polo-cientifico-y-patrimonial\/","title":{"rendered":"Sierra de la Ventana: Del pasado geol\u00f3gico a un polo cient\u00edfico y patrimonial"},"content":{"rendered":"<p style=\"text-align: left;\" data-path-to-node=\"1\"><strong>Santiago Jara, director del Museo Geol\u00f3gico \u201cDr. Horacio Harrington\u201d<\/strong>, lidera un ambicioso proyecto para convertir a Sierra de la Ventana en un nodo cient\u00edfico de relevancia. Con el respaldo de universidades y una fundaci\u00f3n, el museo busca ser un centro de investigaci\u00f3n, divulgaci\u00f3n inmersiva y conservaci\u00f3n del valioso patrimonio geol\u00f3gico y fosil\u00edfero de la regi\u00f3n, que comparte registro con \u00c1frica.<\/p>\n<p data-path-to-node=\"1\"><!--more--><\/p>\n<p>Santiago Jara, Mag\u00edster en Direcci\u00f3n y Gesti\u00f3n de Museos y director del Museo Geol\u00f3gico \u201cDr. Horacio Harrington\u201d, comparti\u00f3 los avances del proyecto que busca posicionar a Sierra de la Ventana como un nodo cient\u00edfico y patrimonial de relevancia nacional y provincial. Con apoyo universitario, institucional y comunitario, el museo se proyecta como un espacio de investigaci\u00f3n, divulgaci\u00f3n y formaci\u00f3n.<\/p>\n<p>&nbsp;<\/p>\n<p><a href=\"https:\/\/www.noticiasradioreflejos.com.ar\/2021\/en-la-cumbre-del-cerro-benjamin-como-sera-el-museo-horacio-harrington\/museo-h-4\/\" rel=\"attachment wp-att-115404\"><img loading=\"lazy\" decoding=\"async\" class=\"aligncenter size-full wp-image-115404\" src=\"https:\/\/www.noticiasradioreflejos.com.ar\/2021\/wp-content\/uploads\/2025\/04\/Museo-H-4.jpg\" alt=\"\" width=\"1600\" height=\"900\" srcset=\"https:\/\/www.noticiasradioreflejos.com.ar\/2021\/wp-content\/uploads\/2025\/04\/Museo-H-4.jpg 1600w, https:\/\/www.noticiasradioreflejos.com.ar\/2021\/wp-content\/uploads\/2025\/04\/Museo-H-4-300x169.jpg 300w, https:\/\/www.noticiasradioreflejos.com.ar\/2021\/wp-content\/uploads\/2025\/04\/Museo-H-4-1024x576.jpg 1024w, https:\/\/www.noticiasradioreflejos.com.ar\/2021\/wp-content\/uploads\/2025\/04\/Museo-H-4-768x432.jpg 768w, https:\/\/www.noticiasradioreflejos.com.ar\/2021\/wp-content\/uploads\/2025\/04\/Museo-H-4-1536x864.jpg 1536w, https:\/\/www.noticiasradioreflejos.com.ar\/2021\/wp-content\/uploads\/2025\/04\/Museo-H-4-750x422.jpg 750w, https:\/\/www.noticiasradioreflejos.com.ar\/2021\/wp-content\/uploads\/2025\/04\/Museo-H-4-1140x641.jpg 1140w\" sizes=\"auto, (max-width: 1600px) 100vw, 1600px\" \/><\/a><\/p>\n<p>\u201cA pesar de que ya lleva unos 40 a\u00f1os de estudio geol\u00f3gico y arqueol\u00f3gico de forma intensa, reci\u00e9n empieza. Falta much\u00edsimo por estudiarlo\u201d, expres\u00f3 Jara, destacando el valor geol\u00f3gico, estratigr\u00e1fico y fosil\u00edfero de la regi\u00f3n. \u201cEstamos unidos a \u00c1frica hace unos 200 millones de a\u00f1os y eso nos permite encontrar los mismos f\u00f3siles ac\u00e1. El registro es la Sierra de la Ventana, por eso es tan importante\u201d, explic\u00f3.<\/p>\n<p>El museo surge de una iniciativa personal que tom\u00f3 forma tras reunirse con el ge\u00f3logo Sergio Rodr\u00edguez. \u201cArm\u00e9 un proyecto de 20 hojas, empezamos a animar a compartir conocimiento, con mucho apoyo de la Universidad, y ahora con el Convenio\u201d, coment\u00f3. La Fundaci\u00f3n Habitar Bien ser\u00e1 la encargada de gestionar el museo y sus fondos, garantizando independencia pol\u00edtica y continuidad institucional. \u201cEl Honorable Concejo Deliberante nos dio el aval institucional, que permite tener una responsabilidad civil, para que las cosas no se pierdan y la gente sepa que es algo serio\u201d, agreg\u00f3.<\/p>\n<p><a href=\"https:\/\/www.noticiasradioreflejos.com.ar\/2021\/sierra-de-la-ventana-del-pasado-geologico-a-un-polo-cientifico-y-patrimonial\/charla-oliva-mh\/\" rel=\"attachment wp-att-128631\"><img loading=\"lazy\" decoding=\"async\" class=\"aligncenter size-full wp-image-128631\" src=\"https:\/\/www.noticiasradioreflejos.com.ar\/2021\/wp-content\/uploads\/2025\/11\/Charla-Oliva-MH.jpeg\" alt=\"\" width=\"1600\" height=\"900\" srcset=\"https:\/\/www.noticiasradioreflejos.com.ar\/2021\/wp-content\/uploads\/2025\/11\/Charla-Oliva-MH.jpeg 1600w, https:\/\/www.noticiasradioreflejos.com.ar\/2021\/wp-content\/uploads\/2025\/11\/Charla-Oliva-MH-300x169.jpeg 300w, https:\/\/www.noticiasradioreflejos.com.ar\/2021\/wp-content\/uploads\/2025\/11\/Charla-Oliva-MH-1024x576.jpeg 1024w, https:\/\/www.noticiasradioreflejos.com.ar\/2021\/wp-content\/uploads\/2025\/11\/Charla-Oliva-MH-768x432.jpeg 768w, https:\/\/www.noticiasradioreflejos.com.ar\/2021\/wp-content\/uploads\/2025\/11\/Charla-Oliva-MH-1536x864.jpeg 1536w, https:\/\/www.noticiasradioreflejos.com.ar\/2021\/wp-content\/uploads\/2025\/11\/Charla-Oliva-MH-750x422.jpeg 750w, https:\/\/www.noticiasradioreflejos.com.ar\/2021\/wp-content\/uploads\/2025\/11\/Charla-Oliva-MH-1140x641.jpeg 1140w\" sizes=\"auto, (max-width: 1600px) 100vw, 1600px\" \/><\/a><\/p>\n<p>El proyecto cuenta con convenios con la Universidad Nacional del Sur y la Universidad Nacional de La Plata, lo que permite articular con otras instituciones cient\u00edficas. \u201cProfesionales de la UNS est\u00e1n trabajando con f\u00f3siles de unos 400 millones de a\u00f1os\u201d, se\u00f1al\u00f3 Jara. Uno de los objetivos centrales es la creaci\u00f3n de un repositorio que re\u00fana los f\u00f3siles encontrados en la zona, muchos de los cuales est\u00e1n actualmente en universidades.<\/p>\n<p>El espacio f\u00edsico del museo estar\u00e1 ubicado en Jardines de Pillahuinco, ofrecido por Javier, vecino del lugar. \u201cEl Centro Cultural se baraj\u00f3 en un momento, pero el problema es que todos quieren ser los due\u00f1os y la idea es que sea de la Fundaci\u00f3n\u201d, explic\u00f3. El Museo Paleontol\u00f3gico Egidio Feruglio de Trelew sirvi\u00f3 como inspiraci\u00f3n para el dise\u00f1o del proyecto.<\/p>\n<p>&nbsp;<\/p>\n<p><a href=\"https:\/\/www.noticiasradioreflejos.com.ar\/2021\/sierra-de-la-ventana-del-pasado-geologico-a-un-polo-cientifico-y-patrimonial\/interior-museo-harringtyon\/\" rel=\"attachment wp-att-128630\"><img loading=\"lazy\" decoding=\"async\" class=\"aligncenter size-full wp-image-128630\" src=\"https:\/\/www.noticiasradioreflejos.com.ar\/2021\/wp-content\/uploads\/2025\/11\/interior-museo-Harringtyon.jpg\" alt=\"\" width=\"578\" height=\"476\" srcset=\"https:\/\/www.noticiasradioreflejos.com.ar\/2021\/wp-content\/uploads\/2025\/11\/interior-museo-Harringtyon.jpg 578w, https:\/\/www.noticiasradioreflejos.com.ar\/2021\/wp-content\/uploads\/2025\/11\/interior-museo-Harringtyon-300x247.jpg 300w\" sizes=\"auto, (max-width: 578px) 100vw, 578px\" \/><\/a><\/p>\n<p>Entre las propuestas innovadoras, se destaca el desarrollo de experiencias tecnol\u00f3gicas inmersivas: \u201cLa idea es armar algo port\u00e1til para hacer proyecciones de sitios geol\u00f3gicos y paleontol\u00f3gicos, como las cuevas, que sea 3D, inmersivo. Como que se pueda visitar una cueva y poder verlo, tocarlo, pero en un espacio seguro\u201d, coment\u00f3. Tambi\u00e9n se prev\u00e9n charlas y actividades formativas para gu\u00edas tur\u00edsticos, en articulaci\u00f3n con excursiones y conservaci\u00f3n de sitios.<\/p>\n<p>\u201cEl museo va a ser un \u00e1mbito de concentraci\u00f3n. La idea es que los gu\u00edas se puedan ir formando, c\u00f3mo es la conservaci\u00f3n de los sitios y dem\u00e1s, trabajar en conjunto con el museo, las excursiones, etc. Eso es algo que ya estamos haciendo con los gu\u00edas\u201d, concluy\u00f3.<\/p>\n<p>Para conocer m\u00e1s sobre el proyecto, se puede visitar la p\u00e1gina oficial: <a href=\"https:\/\/museohh.org\/\" target=\"_blank\" rel=\"noopener\">https:\/\/museohh.org\/<\/a><\/p>\n<audio class=\"wp-audio-shortcode\" id=\"audio-128593-1\" preload=\"none\" style=\"width: 100%;\" controls=\"controls\"><source type=\"audio\/mpeg\" src=\"https:\/\/www.noticiasradioreflejos.com.ar\/2021\/wp-content\/uploads\/2025\/11\/Santiago-jara-19-11-1.mp3?_=1\" \/><a href=\"https:\/\/www.noticiasradioreflejos.com.ar\/2021\/wp-content\/uploads\/2025\/11\/Santiago-jara-19-11-1.mp3\">https:\/\/www.noticiasradioreflejos.com.ar\/2021\/wp-content\/uploads\/2025\/11\/Santiago-jara-19-11-1.mp3<\/a><\/audio>\n<p>&nbsp;<\/p>\n<p><a href=\"https:\/\/www.noticiasradioreflejos.com.ar\/2021\/sierra-de-la-ventana-del-pasado-geologico-a-un-polo-cientifico-y-patrimonial\/turismo-sierras-4\/\" rel=\"attachment wp-att-128627\"><img loading=\"lazy\" decoding=\"async\" class=\"aligncenter size-full wp-image-128627\" src=\"https:\/\/www.noticiasradioreflejos.com.ar\/2021\/wp-content\/uploads\/2025\/11\/turismo-sierras-4.jpg\" alt=\"\" width=\"960\" height=\"540\" srcset=\"https:\/\/www.noticiasradioreflejos.com.ar\/2021\/wp-content\/uploads\/2025\/11\/turismo-sierras-4.jpg 960w, https:\/\/www.noticiasradioreflejos.com.ar\/2021\/wp-content\/uploads\/2025\/11\/turismo-sierras-4-300x169.jpg 300w, https:\/\/www.noticiasradioreflejos.com.ar\/2021\/wp-content\/uploads\/2025\/11\/turismo-sierras-4-768x432.jpg 768w, https:\/\/www.noticiasradioreflejos.com.ar\/2021\/wp-content\/uploads\/2025\/11\/turismo-sierras-4-750x422.jpg 750w\" sizes=\"auto, (max-width: 960px) 100vw, 960px\" \/><\/a><\/p>\n","protected":false},"excerpt":{"rendered":"<p>Santiago Jara, director del Museo Geol\u00f3gico \u201cDr. Horacio Harrington\u201d, lidera un ambicioso proyecto para convertir a Sierra de la Ventana en un nodo cient\u00edfico de relevancia. Con el respaldo de universidades y una fundaci\u00f3n, el museo busca ser un centro de investigaci\u00f3n, divulgaci\u00f3n inmersiva y conservaci\u00f3n del valioso patrimonio geol\u00f3gico y fosil\u00edfero de la regi\u00f3n, [&hellip;]<\/p>\n","protected":false},"author":3,"featured_media":128628,"comment_status":"closed","ping_status":"closed","sticky":false,"template":"","format":"standard","meta":{"footnotes":""},"categories":[46,35],"tags":[48],"class_list":["post-128593","post","type-post","status-publish","format-standard","has-post-thumbnail","hentry","category-ciencia-y-tecnologia","category-cultura","tag-destacada"],"yoast_head":"<!-- This site is optimized with the Yoast SEO plugin v25.9 - https:\/\/yoast.com\/wordpress\/plugins\/seo\/ -->\n<title>Sierra de la Ventana: Del pasado geol\u00f3gico a un polo cient\u00edfico y patrimonial - Noticias Radio Reflejos<\/title>\n<meta name=\"robots\" content=\"index, follow, max-snippet:-1, max-image-preview:large, max-video-preview:-1\" \/>\n<link rel=\"canonical\" href=\"https:\/\/www.noticiasradioreflejos.com.ar\/2021\/sierra-de-la-ventana-del-pasado-geologico-a-un-polo-cientifico-y-patrimonial\/\" \/>\n<meta property=\"og:locale\" content=\"es_ES\" \/>\n<meta property=\"og:type\" content=\"article\" \/>\n<meta property=\"og:title\" content=\"Sierra de la Ventana: Del pasado geol\u00f3gico a un polo cient\u00edfico y patrimonial - Noticias Radio Reflejos\" \/>\n<meta property=\"og:description\" content=\"Santiago Jara, director del Museo Geol\u00f3gico \u201cDr. Horacio Harrington\u201d, lidera un ambicioso proyecto para convertir a Sierra de la Ventana en un nodo cient\u00edfico de relevancia. Con el respaldo de universidades y una fundaci\u00f3n, el museo busca ser un centro de investigaci\u00f3n, divulgaci\u00f3n inmersiva y conservaci\u00f3n del valioso patrimonio geol\u00f3gico y fosil\u00edfero de la regi\u00f3n, [&hellip;]\" \/>\n<meta property=\"og:url\" content=\"https:\/\/www.noticiasradioreflejos.com.ar\/2021\/sierra-de-la-ventana-del-pasado-geologico-a-un-polo-cientifico-y-patrimonial\/\" \/>\n<meta property=\"og:site_name\" content=\"Noticias Radio Reflejos\" \/>\n<meta property=\"article:published_time\" content=\"2025-11-19T21:23:49+00:00\" \/>\n<meta property=\"article:modified_time\" content=\"2025-11-21T01:38:21+00:00\" \/>\n<meta property=\"og:image\" content=\"https:\/\/www.noticiasradioreflejos.com.ar\/2021\/wp-content\/uploads\/2025\/11\/arqueologia.jpg\" \/>\n\t<meta property=\"og:image:width\" content=\"553\" \/>\n\t<meta property=\"og:image:height\" content=\"342\" \/>\n\t<meta property=\"og:image:type\" content=\"image\/jpeg\" \/>\n<meta name=\"author\" content=\"Arnaldo Botto\" \/>\n<meta name=\"twitter:card\" content=\"summary_large_image\" \/>\n<script type=\"application\/ld+json\" class=\"yoast-schema-graph\">{\"@context\":\"https:\/\/schema.org\",\"@graph\":[{\"@type\":\"WebPage\",\"@id\":\"https:\/\/www.noticiasradioreflejos.com.ar\/2021\/sierra-de-la-ventana-del-pasado-geologico-a-un-polo-cientifico-y-patrimonial\/\",\"url\":\"https:\/\/www.noticiasradioreflejos.com.ar\/2021\/sierra-de-la-ventana-del-pasado-geologico-a-un-polo-cientifico-y-patrimonial\/\",\"name\":\"Sierra de la Ventana: Del pasado geol\u00f3gico a un polo cient\u00edfico y patrimonial - Noticias Radio Reflejos\",\"isPartOf\":{\"@id\":\"https:\/\/www.noticiasradioreflejos.com.ar\/2021\/#website\"},\"primaryImageOfPage\":{\"@id\":\"https:\/\/www.noticiasradioreflejos.com.ar\/2021\/sierra-de-la-ventana-del-pasado-geologico-a-un-polo-cientifico-y-patrimonial\/#primaryimage\"},\"image\":{\"@id\":\"https:\/\/www.noticiasradioreflejos.com.ar\/2021\/sierra-de-la-ventana-del-pasado-geologico-a-un-polo-cientifico-y-patrimonial\/#primaryimage\"},\"thumbnailUrl\":\"https:\/\/www.noticiasradioreflejos.com.ar\/2021\/wp-content\/uploads\/2025\/11\/arqueologia.jpg\",\"datePublished\":\"2025-11-19T21:23:49+00:00\",\"dateModified\":\"2025-11-21T01:38:21+00:00\",\"author\":{\"@id\":\"https:\/\/www.noticiasradioreflejos.com.ar\/2021\/#\/schema\/person\/ad82545263dcc5ec0996818884fd5fb1\"},\"breadcrumb\":{\"@id\":\"https:\/\/www.noticiasradioreflejos.com.ar\/2021\/sierra-de-la-ventana-del-pasado-geologico-a-un-polo-cientifico-y-patrimonial\/#breadcrumb\"},\"inLanguage\":\"es\",\"potentialAction\":[{\"@type\":\"ReadAction\",\"target\":[\"https:\/\/www.noticiasradioreflejos.com.ar\/2021\/sierra-de-la-ventana-del-pasado-geologico-a-un-polo-cientifico-y-patrimonial\/\"]}]},{\"@type\":\"ImageObject\",\"inLanguage\":\"es\",\"@id\":\"https:\/\/www.noticiasradioreflejos.com.ar\/2021\/sierra-de-la-ventana-del-pasado-geologico-a-un-polo-cientifico-y-patrimonial\/#primaryimage\",\"url\":\"https:\/\/www.noticiasradioreflejos.com.ar\/2021\/wp-content\/uploads\/2025\/11\/arqueologia.jpg\",\"contentUrl\":\"https:\/\/www.noticiasradioreflejos.com.ar\/2021\/wp-content\/uploads\/2025\/11\/arqueologia.jpg\",\"width\":553,\"height\":342},{\"@type\":\"BreadcrumbList\",\"@id\":\"https:\/\/www.noticiasradioreflejos.com.ar\/2021\/sierra-de-la-ventana-del-pasado-geologico-a-un-polo-cientifico-y-patrimonial\/#breadcrumb\",\"itemListElement\":[{\"@type\":\"ListItem\",\"position\":1,\"name\":\"Portada\",\"item\":\"https:\/\/www.noticiasradioreflejos.com.ar\/2021\/\"},{\"@type\":\"ListItem\",\"position\":2,\"name\":\"Sierra de la Ventana: Del pasado geol\u00f3gico a un polo cient\u00edfico y patrimonial\"}]},{\"@type\":\"WebSite\",\"@id\":\"https:\/\/www.noticiasradioreflejos.com.ar\/2021\/#website\",\"url\":\"https:\/\/www.noticiasradioreflejos.com.ar\/2021\/\",\"name\":\"Noticias Radio Reflejos\",\"description\":\"Las noticias de mi comarca\",\"potentialAction\":[{\"@type\":\"SearchAction\",\"target\":{\"@type\":\"EntryPoint\",\"urlTemplate\":\"https:\/\/www.noticiasradioreflejos.com.ar\/2021\/?s={search_term_string}\"},\"query-input\":{\"@type\":\"PropertyValueSpecification\",\"valueRequired\":true,\"valueName\":\"search_term_string\"}}],\"inLanguage\":\"es\"},{\"@type\":\"Person\",\"@id\":\"https:\/\/www.noticiasradioreflejos.com.ar\/2021\/#\/schema\/person\/ad82545263dcc5ec0996818884fd5fb1\",\"name\":\"Arnaldo Botto\",\"image\":{\"@type\":\"ImageObject\",\"inLanguage\":\"es\",\"@id\":\"https:\/\/www.noticiasradioreflejos.com.ar\/2021\/#\/schema\/person\/image\/\",\"url\":\"https:\/\/secure.gravatar.com\/avatar\/55cb5e37c1efa326397366e6974cb338056df65cb50e7d64d1cf314e87504837?s=96&d=mm&r=g\",\"contentUrl\":\"https:\/\/secure.gravatar.com\/avatar\/55cb5e37c1efa326397366e6974cb338056df65cb50e7d64d1cf314e87504837?s=96&d=mm&r=g\",\"caption\":\"Arnaldo Botto\"},\"url\":\"https:\/\/www.noticiasradioreflejos.com.ar\/2021\/author\/arnaldo\/\"}]}<\/script>\n<!-- \/ Yoast SEO plugin. -->","yoast_head_json":{"title":"Sierra de la Ventana: Del pasado geol\u00f3gico a un polo cient\u00edfico y patrimonial - Noticias Radio Reflejos","robots":{"index":"index","follow":"follow","max-snippet":"max-snippet:-1","max-image-preview":"max-image-preview:large","max-video-preview":"max-video-preview:-1"},"canonical":"https:\/\/www.noticiasradioreflejos.com.ar\/2021\/sierra-de-la-ventana-del-pasado-geologico-a-un-polo-cientifico-y-patrimonial\/","og_locale":"es_ES","og_type":"article","og_title":"Sierra de la Ventana: Del pasado geol\u00f3gico a un polo cient\u00edfico y patrimonial - Noticias Radio Reflejos","og_description":"Santiago Jara, director del Museo Geol\u00f3gico \u201cDr. Horacio Harrington\u201d, lidera un ambicioso proyecto para convertir a Sierra de la Ventana en un nodo cient\u00edfico de relevancia. Con el respaldo de universidades y una fundaci\u00f3n, el museo busca ser un centro de investigaci\u00f3n, divulgaci\u00f3n inmersiva y conservaci\u00f3n del valioso patrimonio geol\u00f3gico y fosil\u00edfero de la regi\u00f3n, [&hellip;]","og_url":"https:\/\/www.noticiasradioreflejos.com.ar\/2021\/sierra-de-la-ventana-del-pasado-geologico-a-un-polo-cientifico-y-patrimonial\/","og_site_name":"Noticias Radio Reflejos","article_published_time":"2025-11-19T21:23:49+00:00","article_modified_time":"2025-11-21T01:38:21+00:00","og_image":[{"width":553,"height":342,"url":"https:\/\/www.noticiasradioreflejos.com.ar\/2021\/wp-content\/uploads\/2025\/11\/arqueologia.jpg","type":"image\/jpeg"}],"author":"Arnaldo Botto","twitter_card":"summary_large_image","schema":{"@context":"https:\/\/schema.org","@graph":[{"@type":"WebPage","@id":"https:\/\/www.noticiasradioreflejos.com.ar\/2021\/sierra-de-la-ventana-del-pasado-geologico-a-un-polo-cientifico-y-patrimonial\/","url":"https:\/\/www.noticiasradioreflejos.com.ar\/2021\/sierra-de-la-ventana-del-pasado-geologico-a-un-polo-cientifico-y-patrimonial\/","name":"Sierra de la Ventana: Del pasado geol\u00f3gico a un polo cient\u00edfico y patrimonial - Noticias Radio Reflejos","isPartOf":{"@id":"https:\/\/www.noticiasradioreflejos.com.ar\/2021\/#website"},"primaryImageOfPage":{"@id":"https:\/\/www.noticiasradioreflejos.com.ar\/2021\/sierra-de-la-ventana-del-pasado-geologico-a-un-polo-cientifico-y-patrimonial\/#primaryimage"},"image":{"@id":"https:\/\/www.noticiasradioreflejos.com.ar\/2021\/sierra-de-la-ventana-del-pasado-geologico-a-un-polo-cientifico-y-patrimonial\/#primaryimage"},"thumbnailUrl":"https:\/\/www.noticiasradioreflejos.com.ar\/2021\/wp-content\/uploads\/2025\/11\/arqueologia.jpg","datePublished":"2025-11-19T21:23:49+00:00","dateModified":"2025-11-21T01:38:21+00:00","author":{"@id":"https:\/\/www.noticiasradioreflejos.com.ar\/2021\/#\/schema\/person\/ad82545263dcc5ec0996818884fd5fb1"},"breadcrumb":{"@id":"https:\/\/www.noticiasradioreflejos.com.ar\/2021\/sierra-de-la-ventana-del-pasado-geologico-a-un-polo-cientifico-y-patrimonial\/#breadcrumb"},"inLanguage":"es","potentialAction":[{"@type":"ReadAction","target":["https:\/\/www.noticiasradioreflejos.com.ar\/2021\/sierra-de-la-ventana-del-pasado-geologico-a-un-polo-cientifico-y-patrimonial\/"]}]},{"@type":"ImageObject","inLanguage":"es","@id":"https:\/\/www.noticiasradioreflejos.com.ar\/2021\/sierra-de-la-ventana-del-pasado-geologico-a-un-polo-cientifico-y-patrimonial\/#primaryimage","url":"https:\/\/www.noticiasradioreflejos.com.ar\/2021\/wp-content\/uploads\/2025\/11\/arqueologia.jpg","contentUrl":"https:\/\/www.noticiasradioreflejos.com.ar\/2021\/wp-content\/uploads\/2025\/11\/arqueologia.jpg","width":553,"height":342},{"@type":"BreadcrumbList","@id":"https:\/\/www.noticiasradioreflejos.com.ar\/2021\/sierra-de-la-ventana-del-pasado-geologico-a-un-polo-cientifico-y-patrimonial\/#breadcrumb","itemListElement":[{"@type":"ListItem","position":1,"name":"Portada","item":"https:\/\/www.noticiasradioreflejos.com.ar\/2021\/"},{"@type":"ListItem","position":2,"name":"Sierra de la Ventana: Del pasado geol\u00f3gico a un polo cient\u00edfico y patrimonial"}]},{"@type":"WebSite","@id":"https:\/\/www.noticiasradioreflejos.com.ar\/2021\/#website","url":"https:\/\/www.noticiasradioreflejos.com.ar\/2021\/","name":"Noticias Radio Reflejos","description":"Las noticias de mi comarca","potentialAction":[{"@type":"SearchAction","target":{"@type":"EntryPoint","urlTemplate":"https:\/\/www.noticiasradioreflejos.com.ar\/2021\/?s={search_term_string}"},"query-input":{"@type":"PropertyValueSpecification","valueRequired":true,"valueName":"search_term_string"}}],"inLanguage":"es"},{"@type":"Person","@id":"https:\/\/www.noticiasradioreflejos.com.ar\/2021\/#\/schema\/person\/ad82545263dcc5ec0996818884fd5fb1","name":"Arnaldo Botto","image":{"@type":"ImageObject","inLanguage":"es","@id":"https:\/\/www.noticiasradioreflejos.com.ar\/2021\/#\/schema\/person\/image\/","url":"https:\/\/secure.gravatar.com\/avatar\/55cb5e37c1efa326397366e6974cb338056df65cb50e7d64d1cf314e87504837?s=96&d=mm&r=g","contentUrl":"https:\/\/secure.gravatar.com\/avatar\/55cb5e37c1efa326397366e6974cb338056df65cb50e7d64d1cf314e87504837?s=96&d=mm&r=g","caption":"Arnaldo Botto"},"url":"https:\/\/www.noticiasradioreflejos.com.ar\/2021\/author\/arnaldo\/"}]}},"_links":{"self":[{"href":"https:\/\/www.noticiasradioreflejos.com.ar\/2021\/wp-json\/wp\/v2\/posts\/128593","targetHints":{"allow":["GET"]}}],"collection":[{"href":"https:\/\/www.noticiasradioreflejos.com.ar\/2021\/wp-json\/wp\/v2\/posts"}],"about":[{"href":"https:\/\/www.noticiasradioreflejos.com.ar\/2021\/wp-json\/wp\/v2\/types\/post"}],"author":[{"embeddable":true,"href":"https:\/\/www.noticiasradioreflejos.com.ar\/2021\/wp-json\/wp\/v2\/users\/3"}],"replies":[{"embeddable":true,"href":"https:\/\/www.noticiasradioreflejos.com.ar\/2021\/wp-json\/wp\/v2\/comments?post=128593"}],"version-history":[{"count":8,"href":"https:\/\/www.noticiasradioreflejos.com.ar\/2021\/wp-json\/wp\/v2\/posts\/128593\/revisions"}],"predecessor-version":[{"id":128715,"href":"https:\/\/www.noticiasradioreflejos.com.ar\/2021\/wp-json\/wp\/v2\/posts\/128593\/revisions\/128715"}],"wp:featuredmedia":[{"embeddable":true,"href":"https:\/\/www.noticiasradioreflejos.com.ar\/2021\/wp-json\/wp\/v2\/media\/128628"}],"wp:attachment":[{"href":"https:\/\/www.noticiasradioreflejos.com.ar\/2021\/wp-json\/wp\/v2\/media?parent=128593"}],"wp:term":[{"taxonomy":"category","embeddable":true,"href":"https:\/\/www.noticiasradioreflejos.com.ar\/2021\/wp-json\/wp\/v2\/categories?post=128593"},{"taxonomy":"post_tag","embeddable":true,"href":"https:\/\/www.noticiasradioreflejos.com.ar\/2021\/wp-json\/wp\/v2\/tags?post=128593"}],"curies":[{"name":"wp","href":"https:\/\/api.w.org\/{rel}","templated":true}]}}