{"id":128592,"date":"2025-11-19T12:13:05","date_gmt":"2025-11-19T15:13:05","guid":{"rendered":"https:\/\/www.noticiasradioreflejos.com.ar\/2021\/?p=128592"},"modified":"2025-11-19T12:13:05","modified_gmt":"2025-11-19T15:13:05","slug":"murio-un-hombre-que-fue-atropellado-por-un-auto-cuyo-conductor-escapo-en-bahia-blanca","status":"publish","type":"post","link":"https:\/\/www.noticiasradioreflejos.com.ar\/2021\/murio-un-hombre-que-fue-atropellado-por-un-auto-cuyo-conductor-escapo-en-bahia-blanca\/","title":{"rendered":"Muri\u00f3 un hombre que fue atropellado por un auto cuyo conductor escap\u00f3 en Bah\u00eda Blanca"},"content":{"rendered":"<p>El automovilista y la v\u00edctima fatal mantendr\u00edan un conflicto de vieja data.<!--more--><br \/>\nAnoche un hombre fue hallado gravemente herido en la v\u00eda p\u00fablica tras ser embestido por un auto. Cuando era trasladado al Hospital Municipal en una ambulancia falleci\u00f3 producto de las lesiones sufridas.<\/p>\n<p>Desde el Comando de Patrulla informaron que ocurri\u00f3 minutos despu\u00e9s de las 23 en la esquina de Goleta La Luisa y Enrique Julio.<\/p>\n<p>All\u00ed la v\u00edctima fatal,\u00a0<strong>Cristian Mat\u00edas Lucero (43)<\/strong>, fue atropellada por un veh\u00edculo cuyo\u00a0<strong>conductor se dio a la fuga<\/strong>, seg\u00fan relataron testigos.<\/p>\n<p>En ese momento efectivos policiales iniciaron una recorrida por el sector y en Adri\u00e1n V\u00e9res al 2000 interceptaron el Renault Logan en el que se movilizaba\u00a0<strong>Franco Andr\u00e9s Lembo (33)<\/strong>.<\/p>\n<p>El conductor fue arrestado, en principio por el delito de homicidio con dolo eventual.<\/p>\n<p>Seg\u00fan las primeras investigaciones, Lucero y Lembo\u00a0<strong>mantendr\u00edan un conflicto de vieja data<\/strong>.<\/p>\n","protected":false},"excerpt":{"rendered":"<p>El automovilista y la v\u00edctima fatal mantendr\u00edan un conflicto de vieja data.<\/p>\n","protected":false},"author":3,"featured_media":0,"comment_status":"closed","ping_status":"closed","sticky":false,"template":"","format":"standard","meta":{"footnotes":""},"categories":[29],"tags":[],"class_list":["post-128592","post","type-post","status-publish","format-standard","hentry","category-policiales"],"yoast_head":"<!-- This site is optimized with the Yoast SEO plugin v25.9 - https:\/\/yoast.com\/wordpress\/plugins\/seo\/ -->\n<title>Muri\u00f3 un hombre que fue atropellado por un auto cuyo conductor escap\u00f3 en Bah\u00eda Blanca - Noticias Radio Reflejos<\/title>\n<meta name=\"robots\" content=\"index, follow, max-snippet:-1, max-image-preview:large, max-video-preview:-1\" \/>\n<link rel=\"canonical\" href=\"https:\/\/www.noticiasradioreflejos.com.ar\/2021\/murio-un-hombre-que-fue-atropellado-por-un-auto-cuyo-conductor-escapo-en-bahia-blanca\/\" \/>\n<meta property=\"og:locale\" content=\"es_ES\" \/>\n<meta property=\"og:type\" content=\"article\" \/>\n<meta property=\"og:title\" content=\"Muri\u00f3 un hombre que fue atropellado por un auto cuyo conductor escap\u00f3 en Bah\u00eda Blanca - Noticias Radio Reflejos\" \/>\n<meta property=\"og:description\" content=\"El automovilista y la v\u00edctima fatal mantendr\u00edan un conflicto de vieja data.\" \/>\n<meta property=\"og:url\" content=\"https:\/\/www.noticiasradioreflejos.com.ar\/2021\/murio-un-hombre-que-fue-atropellado-por-un-auto-cuyo-conductor-escapo-en-bahia-blanca\/\" \/>\n<meta property=\"og:site_name\" content=\"Noticias Radio Reflejos\" \/>\n<meta property=\"article:published_time\" content=\"2025-11-19T15:13:05+00:00\" \/>\n<meta property=\"og:image\" content=\"https:\/\/www.noticiasradioreflejos.com.ar\/2021\/wp-content\/uploads\/2025\/11\/siniestro-vial.webp\" \/>\n\t<meta property=\"og:image:width\" content=\"1000\" \/>\n\t<meta property=\"og:image:height\" content=\"707\" \/>\n\t<meta property=\"og:image:type\" content=\"image\/webp\" \/>\n<meta name=\"author\" content=\"Arnaldo Botto\" \/>\n<meta name=\"twitter:card\" content=\"summary_large_image\" \/>\n<script type=\"application\/ld+json\" class=\"yoast-schema-graph\">{\"@context\":\"https:\/\/schema.org\",\"@graph\":[{\"@type\":\"WebPage\",\"@id\":\"https:\/\/www.noticiasradioreflejos.com.ar\/2021\/murio-un-hombre-que-fue-atropellado-por-un-auto-cuyo-conductor-escapo-en-bahia-blanca\/\",\"url\":\"https:\/\/www.noticiasradioreflejos.com.ar\/2021\/murio-un-hombre-que-fue-atropellado-por-un-auto-cuyo-conductor-escapo-en-bahia-blanca\/\",\"name\":\"Muri\u00f3 un hombre que fue atropellado por un auto cuyo conductor escap\u00f3 en Bah\u00eda Blanca - Noticias Radio Reflejos\",\"isPartOf\":{\"@id\":\"https:\/\/www.noticiasradioreflejos.com.ar\/2021\/#website\"},\"datePublished\":\"2025-11-19T15:13:05+00:00\",\"author\":{\"@id\":\"https:\/\/www.noticiasradioreflejos.com.ar\/2021\/#\/schema\/person\/ad82545263dcc5ec0996818884fd5fb1\"},\"breadcrumb\":{\"@id\":\"https:\/\/www.noticiasradioreflejos.com.ar\/2021\/murio-un-hombre-que-fue-atropellado-por-un-auto-cuyo-conductor-escapo-en-bahia-blanca\/#breadcrumb\"},\"inLanguage\":\"es\",\"potentialAction\":[{\"@type\":\"ReadAction\",\"target\":[\"https:\/\/www.noticiasradioreflejos.com.ar\/2021\/murio-un-hombre-que-fue-atropellado-por-un-auto-cuyo-conductor-escapo-en-bahia-blanca\/\"]}]},{\"@type\":\"BreadcrumbList\",\"@id\":\"https:\/\/www.noticiasradioreflejos.com.ar\/2021\/murio-un-hombre-que-fue-atropellado-por-un-auto-cuyo-conductor-escapo-en-bahia-blanca\/#breadcrumb\",\"itemListElement\":[{\"@type\":\"ListItem\",\"position\":1,\"name\":\"Portada\",\"item\":\"https:\/\/www.noticiasradioreflejos.com.ar\/2021\/\"},{\"@type\":\"ListItem\",\"position\":2,\"name\":\"Muri\u00f3 un hombre que fue atropellado por un auto cuyo conductor escap\u00f3 en Bah\u00eda Blanca\"}]},{\"@type\":\"WebSite\",\"@id\":\"https:\/\/www.noticiasradioreflejos.com.ar\/2021\/#website\",\"url\":\"https:\/\/www.noticiasradioreflejos.com.ar\/2021\/\",\"name\":\"Noticias Radio Reflejos\",\"description\":\"Las noticias de mi comarca\",\"potentialAction\":[{\"@type\":\"SearchAction\",\"target\":{\"@type\":\"EntryPoint\",\"urlTemplate\":\"https:\/\/www.noticiasradioreflejos.com.ar\/2021\/?s={search_term_string}\"},\"query-input\":{\"@type\":\"PropertyValueSpecification\",\"valueRequired\":true,\"valueName\":\"search_term_string\"}}],\"inLanguage\":\"es\"},{\"@type\":\"Person\",\"@id\":\"https:\/\/www.noticiasradioreflejos.com.ar\/2021\/#\/schema\/person\/ad82545263dcc5ec0996818884fd5fb1\",\"name\":\"Arnaldo Botto\",\"image\":{\"@type\":\"ImageObject\",\"inLanguage\":\"es\",\"@id\":\"https:\/\/www.noticiasradioreflejos.com.ar\/2021\/#\/schema\/person\/image\/\",\"url\":\"https:\/\/secure.gravatar.com\/avatar\/55cb5e37c1efa326397366e6974cb338056df65cb50e7d64d1cf314e87504837?s=96&d=mm&r=g\",\"contentUrl\":\"https:\/\/secure.gravatar.com\/avatar\/55cb5e37c1efa326397366e6974cb338056df65cb50e7d64d1cf314e87504837?s=96&d=mm&r=g\",\"caption\":\"Arnaldo Botto\"},\"url\":\"https:\/\/www.noticiasradioreflejos.com.ar\/2021\/author\/arnaldo\/\"}]}<\/script>\n<!-- \/ Yoast SEO plugin. -->","yoast_head_json":{"title":"Muri\u00f3 un hombre que fue atropellado por un auto cuyo conductor escap\u00f3 en Bah\u00eda Blanca - Noticias Radio Reflejos","robots":{"index":"index","follow":"follow","max-snippet":"max-snippet:-1","max-image-preview":"max-image-preview:large","max-video-preview":"max-video-preview:-1"},"canonical":"https:\/\/www.noticiasradioreflejos.com.ar\/2021\/murio-un-hombre-que-fue-atropellado-por-un-auto-cuyo-conductor-escapo-en-bahia-blanca\/","og_locale":"es_ES","og_type":"article","og_title":"Muri\u00f3 un hombre que fue atropellado por un auto cuyo conductor escap\u00f3 en Bah\u00eda Blanca - Noticias Radio Reflejos","og_description":"El automovilista y la v\u00edctima fatal mantendr\u00edan un conflicto de vieja data.","og_url":"https:\/\/www.noticiasradioreflejos.com.ar\/2021\/murio-un-hombre-que-fue-atropellado-por-un-auto-cuyo-conductor-escapo-en-bahia-blanca\/","og_site_name":"Noticias Radio Reflejos","article_published_time":"2025-11-19T15:13:05+00:00","og_image":[{"width":1000,"height":707,"url":"https:\/\/www.noticiasradioreflejos.com.ar\/2021\/wp-content\/uploads\/2025\/11\/siniestro-vial.webp","type":"image\/webp"}],"author":"Arnaldo Botto","twitter_card":"summary_large_image","schema":{"@context":"https:\/\/schema.org","@graph":[{"@type":"WebPage","@id":"https:\/\/www.noticiasradioreflejos.com.ar\/2021\/murio-un-hombre-que-fue-atropellado-por-un-auto-cuyo-conductor-escapo-en-bahia-blanca\/","url":"https:\/\/www.noticiasradioreflejos.com.ar\/2021\/murio-un-hombre-que-fue-atropellado-por-un-auto-cuyo-conductor-escapo-en-bahia-blanca\/","name":"Muri\u00f3 un hombre que fue atropellado por un auto cuyo conductor escap\u00f3 en Bah\u00eda Blanca - Noticias Radio Reflejos","isPartOf":{"@id":"https:\/\/www.noticiasradioreflejos.com.ar\/2021\/#website"},"datePublished":"2025-11-19T15:13:05+00:00","author":{"@id":"https:\/\/www.noticiasradioreflejos.com.ar\/2021\/#\/schema\/person\/ad82545263dcc5ec0996818884fd5fb1"},"breadcrumb":{"@id":"https:\/\/www.noticiasradioreflejos.com.ar\/2021\/murio-un-hombre-que-fue-atropellado-por-un-auto-cuyo-conductor-escapo-en-bahia-blanca\/#breadcrumb"},"inLanguage":"es","potentialAction":[{"@type":"ReadAction","target":["https:\/\/www.noticiasradioreflejos.com.ar\/2021\/murio-un-hombre-que-fue-atropellado-por-un-auto-cuyo-conductor-escapo-en-bahia-blanca\/"]}]},{"@type":"BreadcrumbList","@id":"https:\/\/www.noticiasradioreflejos.com.ar\/2021\/murio-un-hombre-que-fue-atropellado-por-un-auto-cuyo-conductor-escapo-en-bahia-blanca\/#breadcrumb","itemListElement":[{"@type":"ListItem","position":1,"name":"Portada","item":"https:\/\/www.noticiasradioreflejos.com.ar\/2021\/"},{"@type":"ListItem","position":2,"name":"Muri\u00f3 un hombre que fue atropellado por un auto cuyo conductor escap\u00f3 en Bah\u00eda Blanca"}]},{"@type":"WebSite","@id":"https:\/\/www.noticiasradioreflejos.com.ar\/2021\/#website","url":"https:\/\/www.noticiasradioreflejos.com.ar\/2021\/","name":"Noticias Radio Reflejos","description":"Las noticias de mi comarca","potentialAction":[{"@type":"SearchAction","target":{"@type":"EntryPoint","urlTemplate":"https:\/\/www.noticiasradioreflejos.com.ar\/2021\/?s={search_term_string}"},"query-input":{"@type":"PropertyValueSpecification","valueRequired":true,"valueName":"search_term_string"}}],"inLanguage":"es"},{"@type":"Person","@id":"https:\/\/www.noticiasradioreflejos.com.ar\/2021\/#\/schema\/person\/ad82545263dcc5ec0996818884fd5fb1","name":"Arnaldo Botto","image":{"@type":"ImageObject","inLanguage":"es","@id":"https:\/\/www.noticiasradioreflejos.com.ar\/2021\/#\/schema\/person\/image\/","url":"https:\/\/secure.gravatar.com\/avatar\/55cb5e37c1efa326397366e6974cb338056df65cb50e7d64d1cf314e87504837?s=96&d=mm&r=g","contentUrl":"https:\/\/secure.gravatar.com\/avatar\/55cb5e37c1efa326397366e6974cb338056df65cb50e7d64d1cf314e87504837?s=96&d=mm&r=g","caption":"Arnaldo Botto"},"url":"https:\/\/www.noticiasradioreflejos.com.ar\/2021\/author\/arnaldo\/"}]}},"_links":{"self":[{"href":"https:\/\/www.noticiasradioreflejos.com.ar\/2021\/wp-json\/wp\/v2\/posts\/128592","targetHints":{"allow":["GET"]}}],"collection":[{"href":"https:\/\/www.noticiasradioreflejos.com.ar\/2021\/wp-json\/wp\/v2\/posts"}],"about":[{"href":"https:\/\/www.noticiasradioreflejos.com.ar\/2021\/wp-json\/wp\/v2\/types\/post"}],"author":[{"embeddable":true,"href":"https:\/\/www.noticiasradioreflejos.com.ar\/2021\/wp-json\/wp\/v2\/users\/3"}],"replies":[{"embeddable":true,"href":"https:\/\/www.noticiasradioreflejos.com.ar\/2021\/wp-json\/wp\/v2\/comments?post=128592"}],"version-history":[{"count":1,"href":"https:\/\/www.noticiasradioreflejos.com.ar\/2021\/wp-json\/wp\/v2\/posts\/128592\/revisions"}],"predecessor-version":[{"id":128600,"href":"https:\/\/www.noticiasradioreflejos.com.ar\/2021\/wp-json\/wp\/v2\/posts\/128592\/revisions\/128600"}],"wp:attachment":[{"href":"https:\/\/www.noticiasradioreflejos.com.ar\/2021\/wp-json\/wp\/v2\/media?parent=128592"}],"wp:term":[{"taxonomy":"category","embeddable":true,"href":"https:\/\/www.noticiasradioreflejos.com.ar\/2021\/wp-json\/wp\/v2\/categories?post=128592"},{"taxonomy":"post_tag","embeddable":true,"href":"https:\/\/www.noticiasradioreflejos.com.ar\/2021\/wp-json\/wp\/v2\/tags?post=128592"}],"curies":[{"name":"wp","href":"https:\/\/api.w.org\/{rel}","templated":true}]}}