{"id":128587,"date":"2025-11-19T07:31:52","date_gmt":"2025-11-19T10:31:52","guid":{"rendered":"https:\/\/www.noticiasradioreflejos.com.ar\/2021\/?p=128587"},"modified":"2025-11-19T07:31:52","modified_gmt":"2025-11-19T10:31:52","slug":"tension-en-el-congreso-lla-amenaza-con-impugnar-a-taiana-si-el-peronismo-impide-la-asuncion-de-lorena-villaverde","status":"publish","type":"post","link":"https:\/\/www.noticiasradioreflejos.com.ar\/2021\/tension-en-el-congreso-lla-amenaza-con-impugnar-a-taiana-si-el-peronismo-impide-la-asuncion-de-lorena-villaverde\/","title":{"rendered":"Tensi\u00f3n en el Congreso: LLA amenaza con impugnar a Taiana\u00a0si el peronismo impide la asunci\u00f3n de Lorena Villaverde"},"content":{"rendered":"<p>El peronismo se encamina a bloquear la asunci\u00f3n en el Senado de la legisladora vinculada a Fred Machado y deja al oficialismo en un estado de par\u00e1lisis. Con una comisi\u00f3n al borde de la mayor\u00eda para rechazar el t\u00edtulo de la senadora electa, Mart\u00edn Menem amenaza con escalar el conflicto e impugnar a opositores en respuesta.<!--more--><\/p>\n<p>El Gobierno tiene un dolor de cabeza en el Senado que no desaparece: el peronismo est\u00e1 decidido a evitar que la rionegrina <strong>Lorena<\/strong>\u00a0<strong>Villaverde<\/strong>\u00a0asuma como senadora y en el bloque libertario se encuentran en una\u00a0<strong>situaci\u00f3n de par\u00e1lisis<\/strong>. No saben c\u00f3mo responder y son muy pocos los que se animan a defender a la senadora electa por lo bajo. A tal punto la situaci\u00f3n se les fue de las manos que\u00a0<strong>Mart\u00edn Menem<\/strong>\u00a0tuvo que salir a pedir un ojo por ojo desde el otro lado de Pasos Perdidos.<strong>\u00a0El riojano amenaza, ahora, con impugnar la asunci\u00f3n de Jorge Taiana y Caren Tepp si el peronismo avanza contra Villaverde.<\/strong><\/p>\n<div class=\"partner-wrapper article-page__body-row\">\n<div class=\"second-col\">\n<p class=\"article-text\">La primera prueba de fuego ser\u00e1 este mi\u00e9rcoles a las 11, cuando se re\u00fana la comisi\u00f3n de Asuntos Constitucionales en el Senado. El objetivo de la reuni\u00f3n es tratar un pedido de impugnaci\u00f3n del PJ de R\u00edo Negro contra Villaverde, quien es\u00a0<a class=\"link\" href=\"https:\/\/www.eldiarioar.com\/politica\/no-culpable-fred-machado-declaro-inocente-acordar-justicia-ee-uu_1_12759179.html\" data-mrf-recirculation=\"links-noticia\" data-mrf-link=\"https:\/\/www.eldiarioar.com\/politica\/no-culpable-fred-machado-declaro-inocente-acordar-justicia-ee-uu_1_12759179.html\">acusada de mantener un v\u00ednculo con \u201cFred\u201d Machado<\/a>, el empresario extraditado a Estados Unidos por lavado de dinero y narcotr\u00e1fico.<\/p>\n<p>&nbsp;<\/p>\n<figure><picture class=\"news-image\"><source srcset=\"https:\/\/static.eldiario.es\/clip\/3a776825-86b2-478f-8741-fe7e1bea000f_16-9-discover-aspect-ratio_50p_0.webp\" type=\"image\/webp\" media=\"(max-width: 576px)\" \/><source srcset=\"https:\/\/static.eldiario.es\/clip\/3a776825-86b2-478f-8741-fe7e1bea000f_16-9-discover-aspect-ratio_50p_0.jpg\" type=\"image\/jpg\" media=\"(max-width: 576px)\" \/><source srcset=\"https:\/\/static.eldiario.es\/clip\/3a776825-86b2-478f-8741-fe7e1bea000f_16-9-discover-aspect-ratio_75p_0.webp\" type=\"image\/webp\" media=\"(max-width: 767px)\" \/><source srcset=\"https:\/\/static.eldiario.es\/clip\/3a776825-86b2-478f-8741-fe7e1bea000f_16-9-discover-aspect-ratio_75p_0.jpg\" type=\"image\/jpg\" media=\"(max-width: 767px)\" \/><source srcset=\"https:\/\/static.eldiario.es\/clip\/3a776825-86b2-478f-8741-fe7e1bea000f_16-9-discover-aspect-ratio_default_0.webp\" type=\"image\/webp\" media=\"(min-width: 768px)\" \/><source srcset=\"https:\/\/static.eldiario.es\/clip\/3a776825-86b2-478f-8741-fe7e1bea000f_16-9-discover-aspect-ratio_default_0.jpg\" type=\"image\/jpg\" media=\"(min-width: 768px)\" \/><source srcset=\"https:\/\/static.eldiario.es\/clip\/3a776825-86b2-478f-8741-fe7e1bea000f_16-9-discover-aspect-ratio_default_0.webp\" type=\"image\/webp\" \/><img decoding=\"async\" class=\"lazy entered loaded\" src=\"https:\/\/static.eldiario.es\/clip\/3a776825-86b2-478f-8741-fe7e1bea000f_16-9-discover-aspect-ratio_default_0.jpg\" alt=\"Lorena Villaverde est\u00e1 sospechada de mantener un v\u00ednculo con el presunto narcotraficante &quot;Fred&quot; Machado.\" data-src=\"https:\/\/static.eldiario.es\/clip\/3a776825-86b2-478f-8741-fe7e1bea000f_16-9-discover-aspect-ratio_default_0.jpg\" data-ll-status=\"loaded\" \/><\/picture><\/figure>\n<\/div>\n<\/div>\n<p><em><span class=\"title\">Lorena Villaverde est\u00e1 sospechada de mantener un v\u00ednculo con el presunto narcotraficante \u00abFred\u00bb Machado.<\/span><\/em><\/p>\n<p>&nbsp;<\/p>\n<p class=\"article-text\"><strong>El peronismo est\u00e1 solo a un voto de rechazar el t\u00edtulo de la senadora rionegrina, y en LLA est\u00e1n nerviosos<\/strong>. La aritm\u00e9tica es sencilla: Uni\u00f3n por la Patria cuenta con 8 senadores propios en la comisi\u00f3n y necesita de dos votos m\u00e1s para hacerse con la mayor\u00eda. Ya tiene uno asegurado, el del radical Pablo Blanco, quien anticip\u00f3 que no acompa\u00f1ar\u00e1 el t\u00edtulo de Villaverde. El objetivo, por estas horas, es asegurarse una \u00faltima firma.<\/p>\n<p class=\"article-text\">Los ojos est\u00e1n puestos en el radicalismo, que el martes mantuvo una reuni\u00f3n de bloque para analizar qu\u00e9 hacer.\u00a0<strong>Eduardo Vischi<\/strong>, el jefe de bloque, viene de retomar el di\u00e1logo con\u00a0<strong>Patricia Bullrich<\/strong>, quien ya se mueve como jefa del oficialismo en el Senado y est\u00e1 en b\u00fasqueda de tejer\u00a0<strong>una nueva red de alianzas en favor del oficialismo<\/strong><\/p>\n<p class=\"article-text\">La mayor\u00eda no quiere enemistarse con el Gobierno, pero hay muchos senadores que no renuevan \u2013como Blanco\u2013 y hay otros que miran con desconfianza el prontuario de Villaverde (quien tambi\u00e9n fue detenida en Estados Unidos en 2002 por estar llevando medio kilo de coca\u00edna).<\/p>\n<p class=\"article-text\">\u201cInfluye mucho la opini\u00f3n p\u00fablica. Ac\u00e1 nadie quiere quedar bancando a un senador acusado por estas cosas. Mir\u00e1 lo que pas\u00f3 con Kueider: le cortaron la cabeza\u201d, explic\u00f3 una vocera del radicalismo.<\/p>\n<p class=\"article-text\">Con el antecedente cercano de\u00a0<a class=\"link\" href=\"https:\/\/www.eldiarioar.com\/politica\/kueider-personaje-sombrio-denunciado-enriquecimiento-ilicito-hecho-anterior_1_11877533.html\" data-mrf-recirculation=\"links-noticia\" data-mrf-link=\"https:\/\/www.eldiarioar.com\/politica\/kueider-personaje-sombrio-denunciado-enriquecimiento-ilicito-hecho-anterior_1_11877533.html\">Edgardo Kueider<\/a>, quien fue expulsado del Senado luego de haber sido descubierto in fraganti pasando 200 mil d\u00f3lares por la frontera con Paraguay, m\u00e1s de un senador opositor se arriesga a pronosticar que Villaverde podr\u00eda estar en problemas.\u00a0<strong>La batalla real, sin embargo, se dar\u00e1 en el recinto el 28 de noviembre, cuando sea la sesi\u00f3n por la jura de los senadores electos.<\/strong>\u00a0Ser\u00e1 all\u00ed que el peronismo tendr\u00e1 que conseguir una mayor\u00eda simple para impedir la jura de Villaverde, y deber\u00e1 hacerlo con la nueva composici\u00f3n (que es menos favorecedora para el peronismo).<\/p>\n<figure><picture class=\"news-image\"><source srcset=\"https:\/\/static.eldiario.es\/clip\/3d65fa93-d4d9-453e-b9d6-4b421a9b0997_16-9-discover-aspect-ratio_50p_0.webp\" type=\"image\/webp\" media=\"(max-width: 576px)\" \/><source srcset=\"https:\/\/static.eldiario.es\/clip\/3d65fa93-d4d9-453e-b9d6-4b421a9b0997_16-9-discover-aspect-ratio_50p_0.jpg\" type=\"image\/jpg\" media=\"(max-width: 576px)\" \/><source srcset=\"https:\/\/static.eldiario.es\/clip\/3d65fa93-d4d9-453e-b9d6-4b421a9b0997_16-9-discover-aspect-ratio_75p_0.webp\" type=\"image\/webp\" media=\"(max-width: 767px)\" \/><source srcset=\"https:\/\/static.eldiario.es\/clip\/3d65fa93-d4d9-453e-b9d6-4b421a9b0997_16-9-discover-aspect-ratio_75p_0.jpg\" type=\"image\/jpg\" media=\"(max-width: 767px)\" \/><source srcset=\"https:\/\/static.eldiario.es\/clip\/3d65fa93-d4d9-453e-b9d6-4b421a9b0997_16-9-discover-aspect-ratio_default_0.webp\" type=\"image\/webp\" media=\"(min-width: 768px)\" \/><source srcset=\"https:\/\/static.eldiario.es\/clip\/3d65fa93-d4d9-453e-b9d6-4b421a9b0997_16-9-discover-aspect-ratio_default_0.jpg\" type=\"image\/jpg\" media=\"(min-width: 768px)\" \/><source srcset=\"https:\/\/static.eldiario.es\/clip\/3d65fa93-d4d9-453e-b9d6-4b421a9b0997_16-9-discover-aspect-ratio_default_0.webp\" type=\"image\/webp\" \/><img decoding=\"async\" class=\"lazy entered loaded\" src=\"https:\/\/static.eldiario.es\/clip\/3d65fa93-d4d9-453e-b9d6-4b421a9b0997_16-9-discover-aspect-ratio_default_0.jpg\" alt=\"La Libertad Avanza acusa a Jorge Taiana de haber participado de un acto terrorista pero se comprob\u00f3 que para entonces ya era un preso pol\u00edtico.\" data-src=\"https:\/\/static.eldiario.es\/clip\/3d65fa93-d4d9-453e-b9d6-4b421a9b0997_16-9-discover-aspect-ratio_default_0.jpg\" data-ll-status=\"loaded\" \/><\/picture><figcaption class=\"image-footer\"><em><span class=\"title\">La Libertad Avanza acusa a Jorge Taiana de haber participado de un acto terrorista pero se comprob\u00f3 que para entonces ya era un preso pol\u00edtico.\u00a0<span class=\"author\">@JorgeTaiana<\/span><\/span><\/em><\/figcaption><\/figure>\n<p>&nbsp;<\/p>\n<p class=\"article-text\">La Libertad Avanza, mientras tanto, mira de reojo las maniobras del peronismo. Intentar\u00e1 impedir que\u00a0<strong>Jos\u00e9 Mayans<\/strong>, el jefe de bancada peronista, pueda hacerse con el n\u00famero en la pr\u00f3xima sesi\u00f3n y promete tomar venganza si la oposici\u00f3n contin\u00faa avanzando.<\/p>\n<p class=\"article-text\">El encargado de avanzar con esta venganza es Mart\u00edn Menem, quien anticip\u00f3 que pedir\u00e1 la impugnaci\u00f3n de la santafesina Caren Tepp y de Jorge Taiana. En el caso de Tepp es por una denuncia por malversaci\u00f3n de fondos que le hicieron sus contrincantes de Provincias Unidas en Santa Fe. En el caso de Taiana todav\u00eda no se ponen de acuerdo: en el entorno del riojano hablan de una vieja denuncia por el atentado del bar El Ib\u00e9rico en 1975, aunque se comprob\u00f3 que Taiana ya era un preso pol\u00edtico en esa \u00e9poca.<\/p>\n<p class=\"article-text\">La estrategia es similar a la que aplic\u00f3 Menem cuando el peronismo fue por la destituci\u00f3n de Jos\u00e9 Luis Espert en Diputados. Acusado por el v\u00ednculo con el mismo personaje (\u201cFred\u201d Machado), Espert fue corrido de la comisi\u00f3n de Presupuesto y luego se intent\u00f3 avanzar con su destituci\u00f3n de la C\u00e1mara, poco despu\u00e9s de que hubiera renunciado a su candidatura. Finalmente, Espert se pidi\u00f3 licencia, pero Menem, a modo de respuesta, avanz\u00f3 con un pedido de expulsi\u00f3n contra Emiliano Estrada.<\/p>\n<p class=\"article-text\">La din\u00e1mica se repite, ahora con Villaverde.<\/p>\n<p>&nbsp;<\/p>\n<p><strong><a href=\"https:\/\/www.eldiarioar.com\/autores\/maria-cafferata\/\" data-mrf-link=\"https:\/\/www.eldiarioar.com\/autores\/maria-cafferata\/\">Mar\u00eda Cafferata<\/a> elDiarioAR<\/strong><\/p>\n","protected":false},"excerpt":{"rendered":"<p>El peronismo se encamina a bloquear la asunci\u00f3n en el Senado de la legisladora vinculada a Fred Machado y deja al oficialismo en un estado de par\u00e1lisis. Con una comisi\u00f3n al borde de la mayor\u00eda para rechazar el t\u00edtulo de la senadora electa, Mart\u00edn Menem amenaza con escalar el conflicto e impugnar a opositores en [&hellip;]<\/p>\n","protected":false},"author":3,"featured_media":127335,"comment_status":"closed","ping_status":"closed","sticky":false,"template":"","format":"standard","meta":{"footnotes":""},"categories":[24],"tags":[],"class_list":["post-128587","post","type-post","status-publish","format-standard","has-post-thumbnail","hentry","category-politica"],"yoast_head":"<!-- This site is optimized with the Yoast SEO plugin v25.9 - https:\/\/yoast.com\/wordpress\/plugins\/seo\/ -->\n<title>Tensi\u00f3n en el Congreso: LLA amenaza con impugnar a Taiana\u00a0si el peronismo impide la asunci\u00f3n de Lorena Villaverde - Noticias Radio Reflejos<\/title>\n<meta name=\"robots\" content=\"index, follow, max-snippet:-1, max-image-preview:large, max-video-preview:-1\" \/>\n<link rel=\"canonical\" href=\"https:\/\/www.noticiasradioreflejos.com.ar\/2021\/tension-en-el-congreso-lla-amenaza-con-impugnar-a-taiana-si-el-peronismo-impide-la-asuncion-de-lorena-villaverde\/\" \/>\n<meta property=\"og:locale\" content=\"es_ES\" \/>\n<meta property=\"og:type\" content=\"article\" \/>\n<meta property=\"og:title\" content=\"Tensi\u00f3n en el Congreso: LLA amenaza con impugnar a Taiana\u00a0si el peronismo impide la asunci\u00f3n de Lorena Villaverde - Noticias Radio Reflejos\" \/>\n<meta property=\"og:description\" content=\"El peronismo se encamina a bloquear la asunci\u00f3n en el Senado de la legisladora vinculada a Fred Machado y deja al oficialismo en un estado de par\u00e1lisis. Con una comisi\u00f3n al borde de la mayor\u00eda para rechazar el t\u00edtulo de la senadora electa, Mart\u00edn Menem amenaza con escalar el conflicto e impugnar a opositores en [&hellip;]\" \/>\n<meta property=\"og:url\" content=\"https:\/\/www.noticiasradioreflejos.com.ar\/2021\/tension-en-el-congreso-lla-amenaza-con-impugnar-a-taiana-si-el-peronismo-impide-la-asuncion-de-lorena-villaverde\/\" \/>\n<meta property=\"og:site_name\" content=\"Noticias Radio Reflejos\" \/>\n<meta property=\"article:published_time\" content=\"2025-11-19T10:31:52+00:00\" \/>\n<meta property=\"og:image\" content=\"https:\/\/www.noticiasradioreflejos.com.ar\/2021\/wp-content\/uploads\/2025\/10\/Elecciones-legislativas-nacionales-congreso.webp\" \/>\n\t<meta property=\"og:image:width\" content=\"1200\" \/>\n\t<meta property=\"og:image:height\" content=\"675\" \/>\n\t<meta property=\"og:image:type\" content=\"image\/webp\" \/>\n<meta name=\"author\" content=\"Arnaldo Botto\" \/>\n<meta name=\"twitter:card\" content=\"summary_large_image\" \/>\n<script type=\"application\/ld+json\" class=\"yoast-schema-graph\">{\"@context\":\"https:\/\/schema.org\",\"@graph\":[{\"@type\":\"WebPage\",\"@id\":\"https:\/\/www.noticiasradioreflejos.com.ar\/2021\/tension-en-el-congreso-lla-amenaza-con-impugnar-a-taiana-si-el-peronismo-impide-la-asuncion-de-lorena-villaverde\/\",\"url\":\"https:\/\/www.noticiasradioreflejos.com.ar\/2021\/tension-en-el-congreso-lla-amenaza-con-impugnar-a-taiana-si-el-peronismo-impide-la-asuncion-de-lorena-villaverde\/\",\"name\":\"Tensi\u00f3n en el Congreso: LLA amenaza con impugnar a Taiana\u00a0si el peronismo impide la asunci\u00f3n de Lorena Villaverde - Noticias Radio Reflejos\",\"isPartOf\":{\"@id\":\"https:\/\/www.noticiasradioreflejos.com.ar\/2021\/#website\"},\"primaryImageOfPage\":{\"@id\":\"https:\/\/www.noticiasradioreflejos.com.ar\/2021\/tension-en-el-congreso-lla-amenaza-con-impugnar-a-taiana-si-el-peronismo-impide-la-asuncion-de-lorena-villaverde\/#primaryimage\"},\"image\":{\"@id\":\"https:\/\/www.noticiasradioreflejos.com.ar\/2021\/tension-en-el-congreso-lla-amenaza-con-impugnar-a-taiana-si-el-peronismo-impide-la-asuncion-de-lorena-villaverde\/#primaryimage\"},\"thumbnailUrl\":\"https:\/\/www.noticiasradioreflejos.com.ar\/2021\/wp-content\/uploads\/2025\/10\/Elecciones-legislativas-nacionales-congreso.webp\",\"datePublished\":\"2025-11-19T10:31:52+00:00\",\"author\":{\"@id\":\"https:\/\/www.noticiasradioreflejos.com.ar\/2021\/#\/schema\/person\/ad82545263dcc5ec0996818884fd5fb1\"},\"breadcrumb\":{\"@id\":\"https:\/\/www.noticiasradioreflejos.com.ar\/2021\/tension-en-el-congreso-lla-amenaza-con-impugnar-a-taiana-si-el-peronismo-impide-la-asuncion-de-lorena-villaverde\/#breadcrumb\"},\"inLanguage\":\"es\",\"potentialAction\":[{\"@type\":\"ReadAction\",\"target\":[\"https:\/\/www.noticiasradioreflejos.com.ar\/2021\/tension-en-el-congreso-lla-amenaza-con-impugnar-a-taiana-si-el-peronismo-impide-la-asuncion-de-lorena-villaverde\/\"]}]},{\"@type\":\"ImageObject\",\"inLanguage\":\"es\",\"@id\":\"https:\/\/www.noticiasradioreflejos.com.ar\/2021\/tension-en-el-congreso-lla-amenaza-con-impugnar-a-taiana-si-el-peronismo-impide-la-asuncion-de-lorena-villaverde\/#primaryimage\",\"url\":\"https:\/\/www.noticiasradioreflejos.com.ar\/2021\/wp-content\/uploads\/2025\/10\/Elecciones-legislativas-nacionales-congreso.webp\",\"contentUrl\":\"https:\/\/www.noticiasradioreflejos.com.ar\/2021\/wp-content\/uploads\/2025\/10\/Elecciones-legislativas-nacionales-congreso.webp\",\"width\":1200,\"height\":675},{\"@type\":\"BreadcrumbList\",\"@id\":\"https:\/\/www.noticiasradioreflejos.com.ar\/2021\/tension-en-el-congreso-lla-amenaza-con-impugnar-a-taiana-si-el-peronismo-impide-la-asuncion-de-lorena-villaverde\/#breadcrumb\",\"itemListElement\":[{\"@type\":\"ListItem\",\"position\":1,\"name\":\"Portada\",\"item\":\"https:\/\/www.noticiasradioreflejos.com.ar\/2021\/\"},{\"@type\":\"ListItem\",\"position\":2,\"name\":\"Tensi\u00f3n en el Congreso: LLA amenaza con impugnar a Taiana\u00a0si el peronismo impide la asunci\u00f3n de Lorena Villaverde\"}]},{\"@type\":\"WebSite\",\"@id\":\"https:\/\/www.noticiasradioreflejos.com.ar\/2021\/#website\",\"url\":\"https:\/\/www.noticiasradioreflejos.com.ar\/2021\/\",\"name\":\"Noticias Radio Reflejos\",\"description\":\"Las noticias de mi comarca\",\"potentialAction\":[{\"@type\":\"SearchAction\",\"target\":{\"@type\":\"EntryPoint\",\"urlTemplate\":\"https:\/\/www.noticiasradioreflejos.com.ar\/2021\/?s={search_term_string}\"},\"query-input\":{\"@type\":\"PropertyValueSpecification\",\"valueRequired\":true,\"valueName\":\"search_term_string\"}}],\"inLanguage\":\"es\"},{\"@type\":\"Person\",\"@id\":\"https:\/\/www.noticiasradioreflejos.com.ar\/2021\/#\/schema\/person\/ad82545263dcc5ec0996818884fd5fb1\",\"name\":\"Arnaldo Botto\",\"image\":{\"@type\":\"ImageObject\",\"inLanguage\":\"es\",\"@id\":\"https:\/\/www.noticiasradioreflejos.com.ar\/2021\/#\/schema\/person\/image\/\",\"url\":\"https:\/\/secure.gravatar.com\/avatar\/55cb5e37c1efa326397366e6974cb338056df65cb50e7d64d1cf314e87504837?s=96&d=mm&r=g\",\"contentUrl\":\"https:\/\/secure.gravatar.com\/avatar\/55cb5e37c1efa326397366e6974cb338056df65cb50e7d64d1cf314e87504837?s=96&d=mm&r=g\",\"caption\":\"Arnaldo Botto\"},\"url\":\"https:\/\/www.noticiasradioreflejos.com.ar\/2021\/author\/arnaldo\/\"}]}<\/script>\n<!-- \/ Yoast SEO plugin. -->","yoast_head_json":{"title":"Tensi\u00f3n en el Congreso: LLA amenaza con impugnar a Taiana\u00a0si el peronismo impide la asunci\u00f3n de Lorena Villaverde - Noticias Radio Reflejos","robots":{"index":"index","follow":"follow","max-snippet":"max-snippet:-1","max-image-preview":"max-image-preview:large","max-video-preview":"max-video-preview:-1"},"canonical":"https:\/\/www.noticiasradioreflejos.com.ar\/2021\/tension-en-el-congreso-lla-amenaza-con-impugnar-a-taiana-si-el-peronismo-impide-la-asuncion-de-lorena-villaverde\/","og_locale":"es_ES","og_type":"article","og_title":"Tensi\u00f3n en el Congreso: LLA amenaza con impugnar a Taiana\u00a0si el peronismo impide la asunci\u00f3n de Lorena Villaverde - Noticias Radio Reflejos","og_description":"El peronismo se encamina a bloquear la asunci\u00f3n en el Senado de la legisladora vinculada a Fred Machado y deja al oficialismo en un estado de par\u00e1lisis. Con una comisi\u00f3n al borde de la mayor\u00eda para rechazar el t\u00edtulo de la senadora electa, Mart\u00edn Menem amenaza con escalar el conflicto e impugnar a opositores en [&hellip;]","og_url":"https:\/\/www.noticiasradioreflejos.com.ar\/2021\/tension-en-el-congreso-lla-amenaza-con-impugnar-a-taiana-si-el-peronismo-impide-la-asuncion-de-lorena-villaverde\/","og_site_name":"Noticias Radio Reflejos","article_published_time":"2025-11-19T10:31:52+00:00","og_image":[{"width":1200,"height":675,"url":"https:\/\/www.noticiasradioreflejos.com.ar\/2021\/wp-content\/uploads\/2025\/10\/Elecciones-legislativas-nacionales-congreso.webp","type":"image\/webp"}],"author":"Arnaldo Botto","twitter_card":"summary_large_image","schema":{"@context":"https:\/\/schema.org","@graph":[{"@type":"WebPage","@id":"https:\/\/www.noticiasradioreflejos.com.ar\/2021\/tension-en-el-congreso-lla-amenaza-con-impugnar-a-taiana-si-el-peronismo-impide-la-asuncion-de-lorena-villaverde\/","url":"https:\/\/www.noticiasradioreflejos.com.ar\/2021\/tension-en-el-congreso-lla-amenaza-con-impugnar-a-taiana-si-el-peronismo-impide-la-asuncion-de-lorena-villaverde\/","name":"Tensi\u00f3n en el Congreso: LLA amenaza con impugnar a Taiana\u00a0si el peronismo impide la asunci\u00f3n de Lorena Villaverde - Noticias Radio Reflejos","isPartOf":{"@id":"https:\/\/www.noticiasradioreflejos.com.ar\/2021\/#website"},"primaryImageOfPage":{"@id":"https:\/\/www.noticiasradioreflejos.com.ar\/2021\/tension-en-el-congreso-lla-amenaza-con-impugnar-a-taiana-si-el-peronismo-impide-la-asuncion-de-lorena-villaverde\/#primaryimage"},"image":{"@id":"https:\/\/www.noticiasradioreflejos.com.ar\/2021\/tension-en-el-congreso-lla-amenaza-con-impugnar-a-taiana-si-el-peronismo-impide-la-asuncion-de-lorena-villaverde\/#primaryimage"},"thumbnailUrl":"https:\/\/www.noticiasradioreflejos.com.ar\/2021\/wp-content\/uploads\/2025\/10\/Elecciones-legislativas-nacionales-congreso.webp","datePublished":"2025-11-19T10:31:52+00:00","author":{"@id":"https:\/\/www.noticiasradioreflejos.com.ar\/2021\/#\/schema\/person\/ad82545263dcc5ec0996818884fd5fb1"},"breadcrumb":{"@id":"https:\/\/www.noticiasradioreflejos.com.ar\/2021\/tension-en-el-congreso-lla-amenaza-con-impugnar-a-taiana-si-el-peronismo-impide-la-asuncion-de-lorena-villaverde\/#breadcrumb"},"inLanguage":"es","potentialAction":[{"@type":"ReadAction","target":["https:\/\/www.noticiasradioreflejos.com.ar\/2021\/tension-en-el-congreso-lla-amenaza-con-impugnar-a-taiana-si-el-peronismo-impide-la-asuncion-de-lorena-villaverde\/"]}]},{"@type":"ImageObject","inLanguage":"es","@id":"https:\/\/www.noticiasradioreflejos.com.ar\/2021\/tension-en-el-congreso-lla-amenaza-con-impugnar-a-taiana-si-el-peronismo-impide-la-asuncion-de-lorena-villaverde\/#primaryimage","url":"https:\/\/www.noticiasradioreflejos.com.ar\/2021\/wp-content\/uploads\/2025\/10\/Elecciones-legislativas-nacionales-congreso.webp","contentUrl":"https:\/\/www.noticiasradioreflejos.com.ar\/2021\/wp-content\/uploads\/2025\/10\/Elecciones-legislativas-nacionales-congreso.webp","width":1200,"height":675},{"@type":"BreadcrumbList","@id":"https:\/\/www.noticiasradioreflejos.com.ar\/2021\/tension-en-el-congreso-lla-amenaza-con-impugnar-a-taiana-si-el-peronismo-impide-la-asuncion-de-lorena-villaverde\/#breadcrumb","itemListElement":[{"@type":"ListItem","position":1,"name":"Portada","item":"https:\/\/www.noticiasradioreflejos.com.ar\/2021\/"},{"@type":"ListItem","position":2,"name":"Tensi\u00f3n en el Congreso: LLA amenaza con impugnar a Taiana\u00a0si el peronismo impide la asunci\u00f3n de Lorena Villaverde"}]},{"@type":"WebSite","@id":"https:\/\/www.noticiasradioreflejos.com.ar\/2021\/#website","url":"https:\/\/www.noticiasradioreflejos.com.ar\/2021\/","name":"Noticias Radio Reflejos","description":"Las noticias de mi comarca","potentialAction":[{"@type":"SearchAction","target":{"@type":"EntryPoint","urlTemplate":"https:\/\/www.noticiasradioreflejos.com.ar\/2021\/?s={search_term_string}"},"query-input":{"@type":"PropertyValueSpecification","valueRequired":true,"valueName":"search_term_string"}}],"inLanguage":"es"},{"@type":"Person","@id":"https:\/\/www.noticiasradioreflejos.com.ar\/2021\/#\/schema\/person\/ad82545263dcc5ec0996818884fd5fb1","name":"Arnaldo Botto","image":{"@type":"ImageObject","inLanguage":"es","@id":"https:\/\/www.noticiasradioreflejos.com.ar\/2021\/#\/schema\/person\/image\/","url":"https:\/\/secure.gravatar.com\/avatar\/55cb5e37c1efa326397366e6974cb338056df65cb50e7d64d1cf314e87504837?s=96&d=mm&r=g","contentUrl":"https:\/\/secure.gravatar.com\/avatar\/55cb5e37c1efa326397366e6974cb338056df65cb50e7d64d1cf314e87504837?s=96&d=mm&r=g","caption":"Arnaldo Botto"},"url":"https:\/\/www.noticiasradioreflejos.com.ar\/2021\/author\/arnaldo\/"}]}},"_links":{"self":[{"href":"https:\/\/www.noticiasradioreflejos.com.ar\/2021\/wp-json\/wp\/v2\/posts\/128587","targetHints":{"allow":["GET"]}}],"collection":[{"href":"https:\/\/www.noticiasradioreflejos.com.ar\/2021\/wp-json\/wp\/v2\/posts"}],"about":[{"href":"https:\/\/www.noticiasradioreflejos.com.ar\/2021\/wp-json\/wp\/v2\/types\/post"}],"author":[{"embeddable":true,"href":"https:\/\/www.noticiasradioreflejos.com.ar\/2021\/wp-json\/wp\/v2\/users\/3"}],"replies":[{"embeddable":true,"href":"https:\/\/www.noticiasradioreflejos.com.ar\/2021\/wp-json\/wp\/v2\/comments?post=128587"}],"version-history":[{"count":1,"href":"https:\/\/www.noticiasradioreflejos.com.ar\/2021\/wp-json\/wp\/v2\/posts\/128587\/revisions"}],"predecessor-version":[{"id":128588,"href":"https:\/\/www.noticiasradioreflejos.com.ar\/2021\/wp-json\/wp\/v2\/posts\/128587\/revisions\/128588"}],"wp:featuredmedia":[{"embeddable":true,"href":"https:\/\/www.noticiasradioreflejos.com.ar\/2021\/wp-json\/wp\/v2\/media\/127335"}],"wp:attachment":[{"href":"https:\/\/www.noticiasradioreflejos.com.ar\/2021\/wp-json\/wp\/v2\/media?parent=128587"}],"wp:term":[{"taxonomy":"category","embeddable":true,"href":"https:\/\/www.noticiasradioreflejos.com.ar\/2021\/wp-json\/wp\/v2\/categories?post=128587"},{"taxonomy":"post_tag","embeddable":true,"href":"https:\/\/www.noticiasradioreflejos.com.ar\/2021\/wp-json\/wp\/v2\/tags?post=128587"}],"curies":[{"name":"wp","href":"https:\/\/api.w.org\/{rel}","templated":true}]}}