{"id":128585,"date":"2025-11-19T07:27:15","date_gmt":"2025-11-19T10:27:15","guid":{"rendered":"https:\/\/www.noticiasradioreflejos.com.ar\/2021\/?p=128585"},"modified":"2025-11-19T07:27:15","modified_gmt":"2025-11-19T10:27:15","slug":"la-corte-suprema-administrara-y-subastara-el-decomiso-de-los-bienes-de-cristina-kirchner","status":"publish","type":"post","link":"https:\/\/www.noticiasradioreflejos.com.ar\/2021\/la-corte-suprema-administrara-y-subastara-el-decomiso-de-los-bienes-de-cristina-kirchner\/","title":{"rendered":"La Corte Suprema administrar\u00e1 y subastar\u00e1 el decomiso de los bienes de Cristina Kirchner"},"content":{"rendered":"<p>Es despu\u00e9s de la decisi\u00f3n del Tribunal Oral Federal 2.<!--more--><\/p>\n<div class=\"columns\" data-tadevel-template=\"web\/article-columns\">\n<div class=\"column-main\">\n<div class=\"article-body\" data-tadevel-template=\"web\/article-body\">\n<div class=\"article-body-content\">\n<p><strong>\u00a0<\/strong>La Corte Suprema de Justicia ser\u00e1 la encargada de administrar y subastar el decomiso de los bienes de la ex presidenta<strong>\u00a0Cristina Kirchner<\/strong>.<\/p>\n<p>As\u00ed lo supo la\u00a0<a href=\"https:\/\/es.wikipedia.org\/wiki\/Noticias_Argentinas\" target=\"_blank\" rel=\"noopener nofollow\"><strong>Agencia Noticias Argentinas<\/strong><\/a>\u00a0de fuentes judiciales, luego de la decisi\u00f3n del Tribunal Oral Federal 2 (TOF2) de\u00a0<a href=\"https:\/\/noticiasargentinas.com\/politica\/vialidad--ordenan-decomisar-bienes-de-cristina-kirchner-y-otros-condenados_a691cf8a8959c67b43eb1c0b9\">decomisar bienes de la ex mandataria<\/a>.<\/p>\n<p>El TOF 2 solicit\u00f3 este martes decomisar los bienes de la ex presidenta, quien cumple una condena de prisi\u00f3n domiciliaria de seis a\u00f1os, junto a los de otros condenados por ese expediente.<\/p>\n<p>La medida, dispuesta luego de que la sentencia dictada en diciembre de 2022 fuera ratificada en junio pasado,<strong>\u00a0alcanza a 122 bienes inmuebles que fueron identificados por el Ministerio P\u00fablico Fiscal como instrumentos o productos del delito<\/strong>, o bien como activos incorporados durante el per\u00edodo en que se desarroll\u00f3 la maniobra fraudulenta, entre mayo de 2003 y diciembre de 2015.<\/p>\n<p>El monto original fijado en concepto de decomiso hab\u00eda sido de $84.835 millones, pero fue actualizado a $684.990 millones por peritos contadores, en funci\u00f3n de criterios t\u00e9cnicos ratificados por la Corte Suprema de Justicia.<\/p>\n<p>Ante el incumplimiento de los condenados, el tribunal orden\u00f3 su ejecuci\u00f3n mediante la realizaci\u00f3n y venta de los activos identificados.<\/p>\n<p title=\"vlxuaA\" data-ipspy=\"vlxuaA\">Entre los bienes decomisados se encuentran propiedades de\u00a0<strong>L\u00e1zaro B\u00e1ez<\/strong>\u00a0y de sociedades vinculadas a su grupo empresario, como Austral Construcciones, Kank y Costilla y Loscalzo y Del Curto, adem\u00e1s de terrenos, hoteles y departamentos en Santa Cruz, Buenos Aires y la Ciudad Aut\u00f3noma de Buenos Aires.<span data-nosnippet=\"\">vlxuaA<\/span><\/p>\n<p>Tambi\u00e9n se incluye un inmueble a nombre de Cristina Fern\u00e1ndez de Kirchner y un conjunto de bienes cedidos a sus hijos,\u00a0<strong>M\u00e1ximo<\/strong>\u00a0y\u00a0<strong>Florencia Kirchner<\/strong>.<\/p>\n<p><a href=\"https:\/\/noticiasargentinas.com\/-agenciana_t6916e70a4551e78eb9423f59\">#AgenciaNA<\/a><\/p>\n<\/div>\n<\/div>\n<\/div>\n<\/div>\n","protected":false},"excerpt":{"rendered":"<p>Es despu\u00e9s de la decisi\u00f3n del Tribunal Oral Federal 2.<\/p>\n","protected":false},"author":3,"featured_media":109626,"comment_status":"closed","ping_status":"closed","sticky":false,"template":"","format":"standard","meta":{"footnotes":""},"categories":[57],"tags":[],"class_list":["post-128585","post","type-post","status-publish","format-standard","has-post-thumbnail","hentry","category-judiciales"],"yoast_head":"<!-- This site is optimized with the Yoast SEO plugin v25.9 - https:\/\/yoast.com\/wordpress\/plugins\/seo\/ -->\n<title>La Corte Suprema administrar\u00e1 y subastar\u00e1 el decomiso de los bienes de Cristina Kirchner - Noticias Radio Reflejos<\/title>\n<meta name=\"robots\" content=\"index, follow, max-snippet:-1, max-image-preview:large, max-video-preview:-1\" \/>\n<link rel=\"canonical\" href=\"https:\/\/www.noticiasradioreflejos.com.ar\/2021\/la-corte-suprema-administrara-y-subastara-el-decomiso-de-los-bienes-de-cristina-kirchner\/\" \/>\n<meta property=\"og:locale\" content=\"es_ES\" \/>\n<meta property=\"og:type\" content=\"article\" \/>\n<meta property=\"og:title\" content=\"La Corte Suprema administrar\u00e1 y subastar\u00e1 el decomiso de los bienes de Cristina Kirchner - Noticias Radio Reflejos\" \/>\n<meta property=\"og:description\" content=\"Es despu\u00e9s de la decisi\u00f3n del Tribunal Oral Federal 2.\" \/>\n<meta property=\"og:url\" content=\"https:\/\/www.noticiasradioreflejos.com.ar\/2021\/la-corte-suprema-administrara-y-subastara-el-decomiso-de-los-bienes-de-cristina-kirchner\/\" \/>\n<meta property=\"og:site_name\" content=\"Noticias Radio Reflejos\" \/>\n<meta property=\"article:published_time\" content=\"2025-11-19T10:27:15+00:00\" \/>\n<meta property=\"og:image\" content=\"https:\/\/www.noticiasradioreflejos.com.ar\/2021\/wp-content\/uploads\/2024\/11\/Cristina-Fernandez-de-Kirchner.-.jpg\" \/>\n\t<meta property=\"og:image:width\" content=\"1200\" \/>\n\t<meta property=\"og:image:height\" content=\"675\" \/>\n\t<meta property=\"og:image:type\" content=\"image\/jpeg\" \/>\n<meta name=\"author\" content=\"Arnaldo Botto\" \/>\n<meta name=\"twitter:card\" content=\"summary_large_image\" \/>\n<script type=\"application\/ld+json\" class=\"yoast-schema-graph\">{\"@context\":\"https:\/\/schema.org\",\"@graph\":[{\"@type\":\"WebPage\",\"@id\":\"https:\/\/www.noticiasradioreflejos.com.ar\/2021\/la-corte-suprema-administrara-y-subastara-el-decomiso-de-los-bienes-de-cristina-kirchner\/\",\"url\":\"https:\/\/www.noticiasradioreflejos.com.ar\/2021\/la-corte-suprema-administrara-y-subastara-el-decomiso-de-los-bienes-de-cristina-kirchner\/\",\"name\":\"La Corte Suprema administrar\u00e1 y subastar\u00e1 el decomiso de los bienes de Cristina Kirchner - Noticias Radio Reflejos\",\"isPartOf\":{\"@id\":\"https:\/\/www.noticiasradioreflejos.com.ar\/2021\/#website\"},\"primaryImageOfPage\":{\"@id\":\"https:\/\/www.noticiasradioreflejos.com.ar\/2021\/la-corte-suprema-administrara-y-subastara-el-decomiso-de-los-bienes-de-cristina-kirchner\/#primaryimage\"},\"image\":{\"@id\":\"https:\/\/www.noticiasradioreflejos.com.ar\/2021\/la-corte-suprema-administrara-y-subastara-el-decomiso-de-los-bienes-de-cristina-kirchner\/#primaryimage\"},\"thumbnailUrl\":\"https:\/\/www.noticiasradioreflejos.com.ar\/2021\/wp-content\/uploads\/2024\/11\/Cristina-Fernandez-de-Kirchner.-.jpg\",\"datePublished\":\"2025-11-19T10:27:15+00:00\",\"author\":{\"@id\":\"https:\/\/www.noticiasradioreflejos.com.ar\/2021\/#\/schema\/person\/ad82545263dcc5ec0996818884fd5fb1\"},\"breadcrumb\":{\"@id\":\"https:\/\/www.noticiasradioreflejos.com.ar\/2021\/la-corte-suprema-administrara-y-subastara-el-decomiso-de-los-bienes-de-cristina-kirchner\/#breadcrumb\"},\"inLanguage\":\"es\",\"potentialAction\":[{\"@type\":\"ReadAction\",\"target\":[\"https:\/\/www.noticiasradioreflejos.com.ar\/2021\/la-corte-suprema-administrara-y-subastara-el-decomiso-de-los-bienes-de-cristina-kirchner\/\"]}]},{\"@type\":\"ImageObject\",\"inLanguage\":\"es\",\"@id\":\"https:\/\/www.noticiasradioreflejos.com.ar\/2021\/la-corte-suprema-administrara-y-subastara-el-decomiso-de-los-bienes-de-cristina-kirchner\/#primaryimage\",\"url\":\"https:\/\/www.noticiasradioreflejos.com.ar\/2021\/wp-content\/uploads\/2024\/11\/Cristina-Fernandez-de-Kirchner.-.jpg\",\"contentUrl\":\"https:\/\/www.noticiasradioreflejos.com.ar\/2021\/wp-content\/uploads\/2024\/11\/Cristina-Fernandez-de-Kirchner.-.jpg\",\"width\":1200,\"height\":675},{\"@type\":\"BreadcrumbList\",\"@id\":\"https:\/\/www.noticiasradioreflejos.com.ar\/2021\/la-corte-suprema-administrara-y-subastara-el-decomiso-de-los-bienes-de-cristina-kirchner\/#breadcrumb\",\"itemListElement\":[{\"@type\":\"ListItem\",\"position\":1,\"name\":\"Portada\",\"item\":\"https:\/\/www.noticiasradioreflejos.com.ar\/2021\/\"},{\"@type\":\"ListItem\",\"position\":2,\"name\":\"La Corte Suprema administrar\u00e1 y subastar\u00e1 el decomiso de los bienes de Cristina Kirchner\"}]},{\"@type\":\"WebSite\",\"@id\":\"https:\/\/www.noticiasradioreflejos.com.ar\/2021\/#website\",\"url\":\"https:\/\/www.noticiasradioreflejos.com.ar\/2021\/\",\"name\":\"Noticias Radio Reflejos\",\"description\":\"Las noticias de mi comarca\",\"potentialAction\":[{\"@type\":\"SearchAction\",\"target\":{\"@type\":\"EntryPoint\",\"urlTemplate\":\"https:\/\/www.noticiasradioreflejos.com.ar\/2021\/?s={search_term_string}\"},\"query-input\":{\"@type\":\"PropertyValueSpecification\",\"valueRequired\":true,\"valueName\":\"search_term_string\"}}],\"inLanguage\":\"es\"},{\"@type\":\"Person\",\"@id\":\"https:\/\/www.noticiasradioreflejos.com.ar\/2021\/#\/schema\/person\/ad82545263dcc5ec0996818884fd5fb1\",\"name\":\"Arnaldo Botto\",\"image\":{\"@type\":\"ImageObject\",\"inLanguage\":\"es\",\"@id\":\"https:\/\/www.noticiasradioreflejos.com.ar\/2021\/#\/schema\/person\/image\/\",\"url\":\"https:\/\/secure.gravatar.com\/avatar\/55cb5e37c1efa326397366e6974cb338056df65cb50e7d64d1cf314e87504837?s=96&d=mm&r=g\",\"contentUrl\":\"https:\/\/secure.gravatar.com\/avatar\/55cb5e37c1efa326397366e6974cb338056df65cb50e7d64d1cf314e87504837?s=96&d=mm&r=g\",\"caption\":\"Arnaldo Botto\"},\"url\":\"https:\/\/www.noticiasradioreflejos.com.ar\/2021\/author\/arnaldo\/\"}]}<\/script>\n<!-- \/ Yoast SEO plugin. -->","yoast_head_json":{"title":"La Corte Suprema administrar\u00e1 y subastar\u00e1 el decomiso de los bienes de Cristina Kirchner - Noticias Radio Reflejos","robots":{"index":"index","follow":"follow","max-snippet":"max-snippet:-1","max-image-preview":"max-image-preview:large","max-video-preview":"max-video-preview:-1"},"canonical":"https:\/\/www.noticiasradioreflejos.com.ar\/2021\/la-corte-suprema-administrara-y-subastara-el-decomiso-de-los-bienes-de-cristina-kirchner\/","og_locale":"es_ES","og_type":"article","og_title":"La Corte Suprema administrar\u00e1 y subastar\u00e1 el decomiso de los bienes de Cristina Kirchner - Noticias Radio Reflejos","og_description":"Es despu\u00e9s de la decisi\u00f3n del Tribunal Oral Federal 2.","og_url":"https:\/\/www.noticiasradioreflejos.com.ar\/2021\/la-corte-suprema-administrara-y-subastara-el-decomiso-de-los-bienes-de-cristina-kirchner\/","og_site_name":"Noticias Radio Reflejos","article_published_time":"2025-11-19T10:27:15+00:00","og_image":[{"width":1200,"height":675,"url":"https:\/\/www.noticiasradioreflejos.com.ar\/2021\/wp-content\/uploads\/2024\/11\/Cristina-Fernandez-de-Kirchner.-.jpg","type":"image\/jpeg"}],"author":"Arnaldo Botto","twitter_card":"summary_large_image","schema":{"@context":"https:\/\/schema.org","@graph":[{"@type":"WebPage","@id":"https:\/\/www.noticiasradioreflejos.com.ar\/2021\/la-corte-suprema-administrara-y-subastara-el-decomiso-de-los-bienes-de-cristina-kirchner\/","url":"https:\/\/www.noticiasradioreflejos.com.ar\/2021\/la-corte-suprema-administrara-y-subastara-el-decomiso-de-los-bienes-de-cristina-kirchner\/","name":"La Corte Suprema administrar\u00e1 y subastar\u00e1 el decomiso de los bienes de Cristina Kirchner - Noticias Radio Reflejos","isPartOf":{"@id":"https:\/\/www.noticiasradioreflejos.com.ar\/2021\/#website"},"primaryImageOfPage":{"@id":"https:\/\/www.noticiasradioreflejos.com.ar\/2021\/la-corte-suprema-administrara-y-subastara-el-decomiso-de-los-bienes-de-cristina-kirchner\/#primaryimage"},"image":{"@id":"https:\/\/www.noticiasradioreflejos.com.ar\/2021\/la-corte-suprema-administrara-y-subastara-el-decomiso-de-los-bienes-de-cristina-kirchner\/#primaryimage"},"thumbnailUrl":"https:\/\/www.noticiasradioreflejos.com.ar\/2021\/wp-content\/uploads\/2024\/11\/Cristina-Fernandez-de-Kirchner.-.jpg","datePublished":"2025-11-19T10:27:15+00:00","author":{"@id":"https:\/\/www.noticiasradioreflejos.com.ar\/2021\/#\/schema\/person\/ad82545263dcc5ec0996818884fd5fb1"},"breadcrumb":{"@id":"https:\/\/www.noticiasradioreflejos.com.ar\/2021\/la-corte-suprema-administrara-y-subastara-el-decomiso-de-los-bienes-de-cristina-kirchner\/#breadcrumb"},"inLanguage":"es","potentialAction":[{"@type":"ReadAction","target":["https:\/\/www.noticiasradioreflejos.com.ar\/2021\/la-corte-suprema-administrara-y-subastara-el-decomiso-de-los-bienes-de-cristina-kirchner\/"]}]},{"@type":"ImageObject","inLanguage":"es","@id":"https:\/\/www.noticiasradioreflejos.com.ar\/2021\/la-corte-suprema-administrara-y-subastara-el-decomiso-de-los-bienes-de-cristina-kirchner\/#primaryimage","url":"https:\/\/www.noticiasradioreflejos.com.ar\/2021\/wp-content\/uploads\/2024\/11\/Cristina-Fernandez-de-Kirchner.-.jpg","contentUrl":"https:\/\/www.noticiasradioreflejos.com.ar\/2021\/wp-content\/uploads\/2024\/11\/Cristina-Fernandez-de-Kirchner.-.jpg","width":1200,"height":675},{"@type":"BreadcrumbList","@id":"https:\/\/www.noticiasradioreflejos.com.ar\/2021\/la-corte-suprema-administrara-y-subastara-el-decomiso-de-los-bienes-de-cristina-kirchner\/#breadcrumb","itemListElement":[{"@type":"ListItem","position":1,"name":"Portada","item":"https:\/\/www.noticiasradioreflejos.com.ar\/2021\/"},{"@type":"ListItem","position":2,"name":"La Corte Suprema administrar\u00e1 y subastar\u00e1 el decomiso de los bienes de Cristina Kirchner"}]},{"@type":"WebSite","@id":"https:\/\/www.noticiasradioreflejos.com.ar\/2021\/#website","url":"https:\/\/www.noticiasradioreflejos.com.ar\/2021\/","name":"Noticias Radio Reflejos","description":"Las noticias de mi comarca","potentialAction":[{"@type":"SearchAction","target":{"@type":"EntryPoint","urlTemplate":"https:\/\/www.noticiasradioreflejos.com.ar\/2021\/?s={search_term_string}"},"query-input":{"@type":"PropertyValueSpecification","valueRequired":true,"valueName":"search_term_string"}}],"inLanguage":"es"},{"@type":"Person","@id":"https:\/\/www.noticiasradioreflejos.com.ar\/2021\/#\/schema\/person\/ad82545263dcc5ec0996818884fd5fb1","name":"Arnaldo Botto","image":{"@type":"ImageObject","inLanguage":"es","@id":"https:\/\/www.noticiasradioreflejos.com.ar\/2021\/#\/schema\/person\/image\/","url":"https:\/\/secure.gravatar.com\/avatar\/55cb5e37c1efa326397366e6974cb338056df65cb50e7d64d1cf314e87504837?s=96&d=mm&r=g","contentUrl":"https:\/\/secure.gravatar.com\/avatar\/55cb5e37c1efa326397366e6974cb338056df65cb50e7d64d1cf314e87504837?s=96&d=mm&r=g","caption":"Arnaldo Botto"},"url":"https:\/\/www.noticiasradioreflejos.com.ar\/2021\/author\/arnaldo\/"}]}},"_links":{"self":[{"href":"https:\/\/www.noticiasradioreflejos.com.ar\/2021\/wp-json\/wp\/v2\/posts\/128585","targetHints":{"allow":["GET"]}}],"collection":[{"href":"https:\/\/www.noticiasradioreflejos.com.ar\/2021\/wp-json\/wp\/v2\/posts"}],"about":[{"href":"https:\/\/www.noticiasradioreflejos.com.ar\/2021\/wp-json\/wp\/v2\/types\/post"}],"author":[{"embeddable":true,"href":"https:\/\/www.noticiasradioreflejos.com.ar\/2021\/wp-json\/wp\/v2\/users\/3"}],"replies":[{"embeddable":true,"href":"https:\/\/www.noticiasradioreflejos.com.ar\/2021\/wp-json\/wp\/v2\/comments?post=128585"}],"version-history":[{"count":1,"href":"https:\/\/www.noticiasradioreflejos.com.ar\/2021\/wp-json\/wp\/v2\/posts\/128585\/revisions"}],"predecessor-version":[{"id":128586,"href":"https:\/\/www.noticiasradioreflejos.com.ar\/2021\/wp-json\/wp\/v2\/posts\/128585\/revisions\/128586"}],"wp:featuredmedia":[{"embeddable":true,"href":"https:\/\/www.noticiasradioreflejos.com.ar\/2021\/wp-json\/wp\/v2\/media\/109626"}],"wp:attachment":[{"href":"https:\/\/www.noticiasradioreflejos.com.ar\/2021\/wp-json\/wp\/v2\/media?parent=128585"}],"wp:term":[{"taxonomy":"category","embeddable":true,"href":"https:\/\/www.noticiasradioreflejos.com.ar\/2021\/wp-json\/wp\/v2\/categories?post=128585"},{"taxonomy":"post_tag","embeddable":true,"href":"https:\/\/www.noticiasradioreflejos.com.ar\/2021\/wp-json\/wp\/v2\/tags?post=128585"}],"curies":[{"name":"wp","href":"https:\/\/api.w.org\/{rel}","templated":true}]}}