{"id":128582,"date":"2025-11-19T07:25:44","date_gmt":"2025-11-19T10:25:44","guid":{"rendered":"https:\/\/www.noticiasradioreflejos.com.ar\/2021\/?p=128582"},"modified":"2025-11-19T07:25:44","modified_gmt":"2025-11-19T10:25:44","slug":"racing-vs-river-se-jugara-con-publico-y-a-estadio-lleno","status":"publish","type":"post","link":"https:\/\/www.noticiasradioreflejos.com.ar\/2021\/racing-vs-river-se-jugara-con-publico-y-a-estadio-lleno\/","title":{"rendered":"Racing vs. River se jugar\u00e1 con p\u00fablico y a estadio lleno"},"content":{"rendered":"<p>Tras una reuni\u00f3n entre Aprevide, la AFA y los dirigentes de \u201cLa Academia\u201d, se acord\u00f3 que el duelo de octavos de final del Torneo Clausura contar\u00e1 con la presencia de los hinchas en el Cilindro.<!--more--><\/p>\n<p><strong>Buenos Aires, 19 noviembre (NA) \u2013 <\/strong>El encuentro entre Racing Club de Avellaneda y River Plate por los octavos de final de los Playoffs del Torneo Clausura se jugar\u00e1 con p\u00fablico y ser\u00e1 a estadio completo.<\/p>\n<div class=\"columns\" data-tadevel-template=\"web\/article-columns\">\n<div class=\"column-main\">\n<div class=\"article-body\" data-tadevel-template=\"web\/article-body\">\n<div class=\"article-body-content\">\n<p><strong>Seg\u00fan pudo saber la<\/strong><a href=\"https:\/\/es.wikipedia.org\/wiki\/Noticias_Argentinas\" target=\"_blank\" rel=\"noopener nofollow\"><strong>\u00a0Agencia Noticias Argentinas<\/strong><\/a>, la decisi\u00f3n se tom\u00f3 tras una reuni\u00f3n clave entre las autoridades de la Aprevide, representantes de la Asociaci\u00f3n del F\u00fatbol Argentino y los dirigentes de Racing, entre ellos Diego Milito y Kevin Feldman, quienes acudieron en representaci\u00f3n de \u201cLa Academia\u201d.<\/p>\n<p>En dicho encuentro, las tres partes lograron un acuerdo formal que habilita la presencia de los hinchas para uno de los partidos m\u00e1s convocantes de los Playoffs. La reuni\u00f3n permiti\u00f3 destrabar la situaci\u00f3n disciplinaria y encaminar una soluci\u00f3n que el club ven\u00eda gestionando desde hace semanas.<\/p>\n<p>De esta manera, el organismo de seguridad bonaerense dej\u00f3 sin efecto la pena de tres partidos a puertas cerradas que hab\u00eda impuesto a Racing por el uso de pirotecnia en el hist\u00f3rico recibimiento frente a Flamengo, en la revancha de la semifinal de la Copa Libertadores. Esa sanci\u00f3n ya hab\u00eda comenzado a cumplirse: el encuentro del pasado 8 de noviembre, en el que Racing venci\u00f3 1-0 a Defensa y Justicia en el Cilindro, fue el primero de los tres partidos estipulados.<\/p>\n<p>La determinaci\u00f3n de la Aprevide llega en un momento crucial del campeonato, donde tanto Racing como River buscan avanzar a los cuartos de final en un duelo con historia, tensi\u00f3n y expectativas elevadas. La posibilidad de contar con p\u00fablico no solo beneficia al equipo local desde lo emocional, sino que tambi\u00e9n impacta en el clima general del partido, que se potenciar\u00e1 con un Cilindro colmado.<\/p>\n<p>En el plano institucional, la decisi\u00f3n tambi\u00e9n representa una se\u00f1al positiva para Racing, que hab\u00eda manifestado su intenci\u00f3n de regularizar la situaci\u00f3n lo antes posible. Milito y Feldman encabezaron las gestiones con un mensaje claro: garantizar las condiciones de seguridad necesarias y evitar futuros inconvenientes vinculados al uso de pirotecnia.<\/p>\n<p title=\"vlxuaw\" data-ipspy=\"vlxuaw\">Con el levantamiento de la sanci\u00f3n, la Aprevide dio por cerrado el episodio disciplinario y permitir\u00e1 que el partido ante River se dispute con normalidad. El Cilindro, una de las canchas m\u00e1s imponentes del pa\u00eds, volver\u00e1 a vivir una noche decisiva con el acompa\u00f1amiento de su gente, en un choque que promete alta intensidad y un marco acorde a la importancia del duelo.<span data-nosnippet=\"\">vlxuaw<\/span><\/p>\n<h3>El comunicado de Racing al respecto<\/h3>\n<p>Racing inform\u00f3 que en una reuni\u00f3n con la Asociaci\u00f3n del F\u00fatbol Argentino (AFA) y autoridades de seguridad\u00a0<strong>\u201creconoci\u00f3 el uso indebido de pirotecnia\u201d durante el partido ante Flamengo por la Copa Libertadores<\/strong>.<\/p>\n<p>El club admiti\u00f3 el hecho, anunci\u00f3 que \u201cinvestigar\u00e1 a los responsables\u201d y\u00a0<strong>\u201cse comprometi\u00f3\u201d a trabajar con AFA, APreViDe y el Ministerio de Seguridad bonaerense para reforzar medidas de cara al partido ante River<\/strong>\u00a0por el Torneo Clausura y futuros eventos, priorizando seguridad, salud y organizaci\u00f3n.<\/p>\n<p>&nbsp;<\/p>\n<p><a href=\"https:\/\/noticiasargentinas.com\/-agenciana_t6916e70a4551e78eb9423f59\">#AgenciaNA<\/a><\/p>\n<\/div>\n<\/div>\n<\/div>\n<\/div>\n","protected":false},"excerpt":{"rendered":"<p>Tras una reuni\u00f3n entre Aprevide, la AFA y los dirigentes de \u201cLa Academia\u201d, se acord\u00f3 que el duelo de octavos de final del Torneo Clausura contar\u00e1 con la presencia de los hinchas en el Cilindro.<\/p>\n","protected":false},"author":3,"featured_media":128583,"comment_status":"closed","ping_status":"closed","sticky":false,"template":"","format":"standard","meta":{"footnotes":""},"categories":[27],"tags":[],"class_list":["post-128582","post","type-post","status-publish","format-standard","has-post-thumbnail","hentry","category-deportes"],"yoast_head":"<!-- This site is optimized with the Yoast SEO plugin v25.9 - https:\/\/yoast.com\/wordpress\/plugins\/seo\/ -->\n<title>Racing vs. River se jugar\u00e1 con p\u00fablico y a estadio lleno - Noticias Radio Reflejos<\/title>\n<meta name=\"robots\" content=\"index, follow, max-snippet:-1, max-image-preview:large, max-video-preview:-1\" \/>\n<link rel=\"canonical\" href=\"https:\/\/www.noticiasradioreflejos.com.ar\/2021\/racing-vs-river-se-jugara-con-publico-y-a-estadio-lleno\/\" \/>\n<meta property=\"og:locale\" content=\"es_ES\" \/>\n<meta property=\"og:type\" content=\"article\" \/>\n<meta property=\"og:title\" content=\"Racing vs. River se jugar\u00e1 con p\u00fablico y a estadio lleno - Noticias Radio Reflejos\" \/>\n<meta property=\"og:description\" content=\"Tras una reuni\u00f3n entre Aprevide, la AFA y los dirigentes de \u201cLa Academia\u201d, se acord\u00f3 que el duelo de octavos de final del Torneo Clausura contar\u00e1 con la presencia de los hinchas en el Cilindro.\" \/>\n<meta property=\"og:url\" content=\"https:\/\/www.noticiasradioreflejos.com.ar\/2021\/racing-vs-river-se-jugara-con-publico-y-a-estadio-lleno\/\" \/>\n<meta property=\"og:site_name\" content=\"Noticias Radio Reflejos\" \/>\n<meta property=\"article:published_time\" content=\"2025-11-19T10:25:44+00:00\" \/>\n<meta property=\"og:image\" content=\"https:\/\/www.noticiasradioreflejos.com.ar\/2021\/wp-content\/uploads\/2025\/11\/racing-river.webp\" \/>\n\t<meta property=\"og:image:width\" content=\"1280\" \/>\n\t<meta property=\"og:image:height\" content=\"720\" \/>\n\t<meta property=\"og:image:type\" content=\"image\/webp\" \/>\n<meta name=\"author\" content=\"Arnaldo Botto\" \/>\n<meta name=\"twitter:card\" content=\"summary_large_image\" \/>\n<script type=\"application\/ld+json\" class=\"yoast-schema-graph\">{\"@context\":\"https:\/\/schema.org\",\"@graph\":[{\"@type\":\"WebPage\",\"@id\":\"https:\/\/www.noticiasradioreflejos.com.ar\/2021\/racing-vs-river-se-jugara-con-publico-y-a-estadio-lleno\/\",\"url\":\"https:\/\/www.noticiasradioreflejos.com.ar\/2021\/racing-vs-river-se-jugara-con-publico-y-a-estadio-lleno\/\",\"name\":\"Racing vs. River se jugar\u00e1 con p\u00fablico y a estadio lleno - Noticias Radio Reflejos\",\"isPartOf\":{\"@id\":\"https:\/\/www.noticiasradioreflejos.com.ar\/2021\/#website\"},\"primaryImageOfPage\":{\"@id\":\"https:\/\/www.noticiasradioreflejos.com.ar\/2021\/racing-vs-river-se-jugara-con-publico-y-a-estadio-lleno\/#primaryimage\"},\"image\":{\"@id\":\"https:\/\/www.noticiasradioreflejos.com.ar\/2021\/racing-vs-river-se-jugara-con-publico-y-a-estadio-lleno\/#primaryimage\"},\"thumbnailUrl\":\"https:\/\/www.noticiasradioreflejos.com.ar\/2021\/wp-content\/uploads\/2025\/11\/racing-river.webp\",\"datePublished\":\"2025-11-19T10:25:44+00:00\",\"author\":{\"@id\":\"https:\/\/www.noticiasradioreflejos.com.ar\/2021\/#\/schema\/person\/ad82545263dcc5ec0996818884fd5fb1\"},\"breadcrumb\":{\"@id\":\"https:\/\/www.noticiasradioreflejos.com.ar\/2021\/racing-vs-river-se-jugara-con-publico-y-a-estadio-lleno\/#breadcrumb\"},\"inLanguage\":\"es\",\"potentialAction\":[{\"@type\":\"ReadAction\",\"target\":[\"https:\/\/www.noticiasradioreflejos.com.ar\/2021\/racing-vs-river-se-jugara-con-publico-y-a-estadio-lleno\/\"]}]},{\"@type\":\"ImageObject\",\"inLanguage\":\"es\",\"@id\":\"https:\/\/www.noticiasradioreflejos.com.ar\/2021\/racing-vs-river-se-jugara-con-publico-y-a-estadio-lleno\/#primaryimage\",\"url\":\"https:\/\/www.noticiasradioreflejos.com.ar\/2021\/wp-content\/uploads\/2025\/11\/racing-river.webp\",\"contentUrl\":\"https:\/\/www.noticiasradioreflejos.com.ar\/2021\/wp-content\/uploads\/2025\/11\/racing-river.webp\",\"width\":1280,\"height\":720},{\"@type\":\"BreadcrumbList\",\"@id\":\"https:\/\/www.noticiasradioreflejos.com.ar\/2021\/racing-vs-river-se-jugara-con-publico-y-a-estadio-lleno\/#breadcrumb\",\"itemListElement\":[{\"@type\":\"ListItem\",\"position\":1,\"name\":\"Portada\",\"item\":\"https:\/\/www.noticiasradioreflejos.com.ar\/2021\/\"},{\"@type\":\"ListItem\",\"position\":2,\"name\":\"Racing vs. River se jugar\u00e1 con p\u00fablico y a estadio lleno\"}]},{\"@type\":\"WebSite\",\"@id\":\"https:\/\/www.noticiasradioreflejos.com.ar\/2021\/#website\",\"url\":\"https:\/\/www.noticiasradioreflejos.com.ar\/2021\/\",\"name\":\"Noticias Radio Reflejos\",\"description\":\"Las noticias de mi comarca\",\"potentialAction\":[{\"@type\":\"SearchAction\",\"target\":{\"@type\":\"EntryPoint\",\"urlTemplate\":\"https:\/\/www.noticiasradioreflejos.com.ar\/2021\/?s={search_term_string}\"},\"query-input\":{\"@type\":\"PropertyValueSpecification\",\"valueRequired\":true,\"valueName\":\"search_term_string\"}}],\"inLanguage\":\"es\"},{\"@type\":\"Person\",\"@id\":\"https:\/\/www.noticiasradioreflejos.com.ar\/2021\/#\/schema\/person\/ad82545263dcc5ec0996818884fd5fb1\",\"name\":\"Arnaldo Botto\",\"image\":{\"@type\":\"ImageObject\",\"inLanguage\":\"es\",\"@id\":\"https:\/\/www.noticiasradioreflejos.com.ar\/2021\/#\/schema\/person\/image\/\",\"url\":\"https:\/\/secure.gravatar.com\/avatar\/55cb5e37c1efa326397366e6974cb338056df65cb50e7d64d1cf314e87504837?s=96&d=mm&r=g\",\"contentUrl\":\"https:\/\/secure.gravatar.com\/avatar\/55cb5e37c1efa326397366e6974cb338056df65cb50e7d64d1cf314e87504837?s=96&d=mm&r=g\",\"caption\":\"Arnaldo Botto\"},\"url\":\"https:\/\/www.noticiasradioreflejos.com.ar\/2021\/author\/arnaldo\/\"}]}<\/script>\n<!-- \/ Yoast SEO plugin. -->","yoast_head_json":{"title":"Racing vs. River se jugar\u00e1 con p\u00fablico y a estadio lleno - Noticias Radio Reflejos","robots":{"index":"index","follow":"follow","max-snippet":"max-snippet:-1","max-image-preview":"max-image-preview:large","max-video-preview":"max-video-preview:-1"},"canonical":"https:\/\/www.noticiasradioreflejos.com.ar\/2021\/racing-vs-river-se-jugara-con-publico-y-a-estadio-lleno\/","og_locale":"es_ES","og_type":"article","og_title":"Racing vs. River se jugar\u00e1 con p\u00fablico y a estadio lleno - Noticias Radio Reflejos","og_description":"Tras una reuni\u00f3n entre Aprevide, la AFA y los dirigentes de \u201cLa Academia\u201d, se acord\u00f3 que el duelo de octavos de final del Torneo Clausura contar\u00e1 con la presencia de los hinchas en el Cilindro.","og_url":"https:\/\/www.noticiasradioreflejos.com.ar\/2021\/racing-vs-river-se-jugara-con-publico-y-a-estadio-lleno\/","og_site_name":"Noticias Radio Reflejos","article_published_time":"2025-11-19T10:25:44+00:00","og_image":[{"width":1280,"height":720,"url":"https:\/\/www.noticiasradioreflejos.com.ar\/2021\/wp-content\/uploads\/2025\/11\/racing-river.webp","type":"image\/webp"}],"author":"Arnaldo Botto","twitter_card":"summary_large_image","schema":{"@context":"https:\/\/schema.org","@graph":[{"@type":"WebPage","@id":"https:\/\/www.noticiasradioreflejos.com.ar\/2021\/racing-vs-river-se-jugara-con-publico-y-a-estadio-lleno\/","url":"https:\/\/www.noticiasradioreflejos.com.ar\/2021\/racing-vs-river-se-jugara-con-publico-y-a-estadio-lleno\/","name":"Racing vs. River se jugar\u00e1 con p\u00fablico y a estadio lleno - Noticias Radio Reflejos","isPartOf":{"@id":"https:\/\/www.noticiasradioreflejos.com.ar\/2021\/#website"},"primaryImageOfPage":{"@id":"https:\/\/www.noticiasradioreflejos.com.ar\/2021\/racing-vs-river-se-jugara-con-publico-y-a-estadio-lleno\/#primaryimage"},"image":{"@id":"https:\/\/www.noticiasradioreflejos.com.ar\/2021\/racing-vs-river-se-jugara-con-publico-y-a-estadio-lleno\/#primaryimage"},"thumbnailUrl":"https:\/\/www.noticiasradioreflejos.com.ar\/2021\/wp-content\/uploads\/2025\/11\/racing-river.webp","datePublished":"2025-11-19T10:25:44+00:00","author":{"@id":"https:\/\/www.noticiasradioreflejos.com.ar\/2021\/#\/schema\/person\/ad82545263dcc5ec0996818884fd5fb1"},"breadcrumb":{"@id":"https:\/\/www.noticiasradioreflejos.com.ar\/2021\/racing-vs-river-se-jugara-con-publico-y-a-estadio-lleno\/#breadcrumb"},"inLanguage":"es","potentialAction":[{"@type":"ReadAction","target":["https:\/\/www.noticiasradioreflejos.com.ar\/2021\/racing-vs-river-se-jugara-con-publico-y-a-estadio-lleno\/"]}]},{"@type":"ImageObject","inLanguage":"es","@id":"https:\/\/www.noticiasradioreflejos.com.ar\/2021\/racing-vs-river-se-jugara-con-publico-y-a-estadio-lleno\/#primaryimage","url":"https:\/\/www.noticiasradioreflejos.com.ar\/2021\/wp-content\/uploads\/2025\/11\/racing-river.webp","contentUrl":"https:\/\/www.noticiasradioreflejos.com.ar\/2021\/wp-content\/uploads\/2025\/11\/racing-river.webp","width":1280,"height":720},{"@type":"BreadcrumbList","@id":"https:\/\/www.noticiasradioreflejos.com.ar\/2021\/racing-vs-river-se-jugara-con-publico-y-a-estadio-lleno\/#breadcrumb","itemListElement":[{"@type":"ListItem","position":1,"name":"Portada","item":"https:\/\/www.noticiasradioreflejos.com.ar\/2021\/"},{"@type":"ListItem","position":2,"name":"Racing vs. River se jugar\u00e1 con p\u00fablico y a estadio lleno"}]},{"@type":"WebSite","@id":"https:\/\/www.noticiasradioreflejos.com.ar\/2021\/#website","url":"https:\/\/www.noticiasradioreflejos.com.ar\/2021\/","name":"Noticias Radio Reflejos","description":"Las noticias de mi comarca","potentialAction":[{"@type":"SearchAction","target":{"@type":"EntryPoint","urlTemplate":"https:\/\/www.noticiasradioreflejos.com.ar\/2021\/?s={search_term_string}"},"query-input":{"@type":"PropertyValueSpecification","valueRequired":true,"valueName":"search_term_string"}}],"inLanguage":"es"},{"@type":"Person","@id":"https:\/\/www.noticiasradioreflejos.com.ar\/2021\/#\/schema\/person\/ad82545263dcc5ec0996818884fd5fb1","name":"Arnaldo Botto","image":{"@type":"ImageObject","inLanguage":"es","@id":"https:\/\/www.noticiasradioreflejos.com.ar\/2021\/#\/schema\/person\/image\/","url":"https:\/\/secure.gravatar.com\/avatar\/55cb5e37c1efa326397366e6974cb338056df65cb50e7d64d1cf314e87504837?s=96&d=mm&r=g","contentUrl":"https:\/\/secure.gravatar.com\/avatar\/55cb5e37c1efa326397366e6974cb338056df65cb50e7d64d1cf314e87504837?s=96&d=mm&r=g","caption":"Arnaldo Botto"},"url":"https:\/\/www.noticiasradioreflejos.com.ar\/2021\/author\/arnaldo\/"}]}},"_links":{"self":[{"href":"https:\/\/www.noticiasradioreflejos.com.ar\/2021\/wp-json\/wp\/v2\/posts\/128582","targetHints":{"allow":["GET"]}}],"collection":[{"href":"https:\/\/www.noticiasradioreflejos.com.ar\/2021\/wp-json\/wp\/v2\/posts"}],"about":[{"href":"https:\/\/www.noticiasradioreflejos.com.ar\/2021\/wp-json\/wp\/v2\/types\/post"}],"author":[{"embeddable":true,"href":"https:\/\/www.noticiasradioreflejos.com.ar\/2021\/wp-json\/wp\/v2\/users\/3"}],"replies":[{"embeddable":true,"href":"https:\/\/www.noticiasradioreflejos.com.ar\/2021\/wp-json\/wp\/v2\/comments?post=128582"}],"version-history":[{"count":1,"href":"https:\/\/www.noticiasradioreflejos.com.ar\/2021\/wp-json\/wp\/v2\/posts\/128582\/revisions"}],"predecessor-version":[{"id":128584,"href":"https:\/\/www.noticiasradioreflejos.com.ar\/2021\/wp-json\/wp\/v2\/posts\/128582\/revisions\/128584"}],"wp:featuredmedia":[{"embeddable":true,"href":"https:\/\/www.noticiasradioreflejos.com.ar\/2021\/wp-json\/wp\/v2\/media\/128583"}],"wp:attachment":[{"href":"https:\/\/www.noticiasradioreflejos.com.ar\/2021\/wp-json\/wp\/v2\/media?parent=128582"}],"wp:term":[{"taxonomy":"category","embeddable":true,"href":"https:\/\/www.noticiasradioreflejos.com.ar\/2021\/wp-json\/wp\/v2\/categories?post=128582"},{"taxonomy":"post_tag","embeddable":true,"href":"https:\/\/www.noticiasradioreflejos.com.ar\/2021\/wp-json\/wp\/v2\/tags?post=128582"}],"curies":[{"name":"wp","href":"https:\/\/api.w.org\/{rel}","templated":true}]}}