{"id":128579,"date":"2025-11-19T07:21:59","date_gmt":"2025-11-19T10:21:59","guid":{"rendered":"https:\/\/www.noticiasradioreflejos.com.ar\/2021\/?p=128579"},"modified":"2025-11-19T07:21:59","modified_gmt":"2025-11-19T10:21:59","slug":"organizaciones-de-prensa-expondran-ante-la-cidh-por-los-ataques-del-gobierno-a-periodistas","status":"publish","type":"post","link":"https:\/\/www.noticiasradioreflejos.com.ar\/2021\/organizaciones-de-prensa-expondran-ante-la-cidh-por-los-ataques-del-gobierno-a-periodistas\/","title":{"rendered":"Organizaciones de prensa expondr\u00e1n ante la CIDH por los ataques del Gobierno a periodistas"},"content":{"rendered":"<p>SiPreBA, FATPREN y organizaciones de derechos humanos expondr\u00e1n ante la CIDH un informe sobre agresiones, persecuciones y medidas oficiales que -advierten- conforman un ataque sistem\u00e1tico a la libertad de expresi\u00f3n y al trabajo period\u00edstico en Argentina.<!--more--><br \/>\nEl <strong>Sindicato de Trabajadores de Prensa de Buenos Aires (SiPreBA)<\/strong>\u00a0y la\u00a0<strong>Federaci\u00f3n Argentina de Trabajadores de Prensa (FATPREN)<\/strong>\u00a0expondr\u00e1n este\u00a0<strong>mi\u00e9rcoles 19 de noviembre<\/strong>\u00a0ante la\u00a0<strong>Comisi\u00f3n Interamericana de Derechos Humanos (CIDH)\u00a0<\/strong>para ratificar la denuncia contra el gobierno de Javier Milei por lo que describen como una<strong>\u00a0pol\u00edtica \u201csistem\u00e1tica y planificada\u201d de hostigamiento hacia periodistas y trabajadores de prensa<\/strong>. La audiencia se realizar\u00e1 a las 18.15 (hora argentina) en la Universidad de Miami, en el marco del 194\u00b0 Per\u00edodo de Sesiones del organismo internacional.<\/p>\n<div class=\"partner-wrapper article-page__body-row\">\n<div class=\"second-col\">\n<p class=\"article-text\"><strong>La presentaci\u00f3n forma parte de una acci\u00f3n conjunta que nuclea a organismos de derechos humanos, sindicatos y entidades profesionales.<\/strong>\u00a0Amnist\u00eda Internacional Argentina, el CELS, SiPreBA, ARGRA y FOPEA, entre otras organizaciones, unificaron sus reclamos ante la CIDH para denunciar un escenario creciente de restricciones, violencias y persecuciones sobre quienes desarrollan tareas period\u00edsticas. Por parte del gremio de prensa, participar\u00e1\u00a0<strong>Francisco \u201cPaco\u201d Rabini<\/strong>, secretario adjunto electo de SiPreBA y tesorero de FATPREN, quien tomar\u00e1 la palabra ante la comisi\u00f3n junto a representantes de los dem\u00e1s colectivos.<\/p>\n<figure><picture class=\"news-image\"><source srcset=\"https:\/\/static.eldiario.es\/clip\/0eb858f2-5642-46e9-8364-257b654aa264_16-9-discover-aspect-ratio_50p_0.webp\" type=\"image\/webp\" media=\"(max-width: 576px)\" \/><source srcset=\"https:\/\/static.eldiario.es\/clip\/0eb858f2-5642-46e9-8364-257b654aa264_16-9-discover-aspect-ratio_50p_0.jpg\" type=\"image\/jpg\" media=\"(max-width: 576px)\" \/><source srcset=\"https:\/\/static.eldiario.es\/clip\/0eb858f2-5642-46e9-8364-257b654aa264_16-9-discover-aspect-ratio_75p_0.webp\" type=\"image\/webp\" media=\"(max-width: 767px)\" \/><source srcset=\"https:\/\/static.eldiario.es\/clip\/0eb858f2-5642-46e9-8364-257b654aa264_16-9-discover-aspect-ratio_75p_0.jpg\" type=\"image\/jpg\" media=\"(max-width: 767px)\" \/><source srcset=\"https:\/\/static.eldiario.es\/clip\/0eb858f2-5642-46e9-8364-257b654aa264_16-9-discover-aspect-ratio_default_0.webp\" type=\"image\/webp\" media=\"(min-width: 768px)\" \/><source srcset=\"https:\/\/static.eldiario.es\/clip\/0eb858f2-5642-46e9-8364-257b654aa264_16-9-discover-aspect-ratio_default_0.jpg\" type=\"image\/jpg\" media=\"(min-width: 768px)\" \/><source srcset=\"https:\/\/static.eldiario.es\/clip\/0eb858f2-5642-46e9-8364-257b654aa264_16-9-discover-aspect-ratio_default_0.webp\" type=\"image\/webp\" \/><img decoding=\"async\" class=\"lazy entered loaded\" src=\"https:\/\/static.eldiario.es\/clip\/0eb858f2-5642-46e9-8364-257b654aa264_16-9-discover-aspect-ratio_default_0.jpg\" alt=\"Homenaje al fot\u00f3grafo Pablo Grillo, herido en la represi\u00f3n del 12 de marzo\" data-src=\"https:\/\/static.eldiario.es\/clip\/0eb858f2-5642-46e9-8364-257b654aa264_16-9-discover-aspect-ratio_default_0.jpg\" data-ll-status=\"loaded\" \/><\/picture><figcaption class=\"image-footer\"><span class=\"title\">Homenaje al fot\u00f3grafo Pablo Grillo, herido en la represi\u00f3n del 12 de marzo\u00a0<span class=\"author\">Camila Godoy<\/span><\/span><\/figcaption><\/figure>\n<p>&nbsp;<\/p>\n<p class=\"article-text\">\u201cUno de los ejes de las pol\u00edticas del gobierno de Milei es impedir que periodistas y trabajadores de prensa hagan su trabajo, que es cubrir hechos noticiosos, informar, preguntar. Eso es un ataque directo a la libertad de expresi\u00f3n y de prensa\u201d, sostuvo Rabini. El dirigente advirti\u00f3 adem\u00e1s sobre las consecuencias concretas de ese escenario: desde la violencia digital y la represi\u00f3n en manifestaciones hasta casos extremos como el del fot\u00f3grafo<a class=\"link\" href=\"https:\/\/www.eldiarioar.com\/sociedad\/procesaron-gendarme-hector-guerrero-herir-gravedad-fotografo-pablo-grillo-abuso-armas_1_12667166.html\" data-mrf-recirculation=\"links-noticia\" data-mrf-link=\"https:\/\/www.eldiarioar.com\/sociedad\/procesaron-gendarme-hector-guerrero-herir-gravedad-fotografo-pablo-grillo-abuso-armas_1_12667166.html\">\u00a0Pablo Grillo<\/a>, que qued\u00f3 al borde de la muerte tras recibir un impacto de gas lacrim\u00f3geno en la cabeza mientras cubr\u00eda una protesta.<\/p>\n<p>&nbsp;<\/p>\n<figure><picture class=\"news-image\"><source srcset=\"https:\/\/static.eldiario.es\/clip\/29792da2-a730-41e3-b586-a68d64ebdfcb_source-aspect-ratio_50p_0.webp\" type=\"image\/webp\" media=\"(max-width: 576px)\" \/><source srcset=\"https:\/\/static.eldiario.es\/clip\/29792da2-a730-41e3-b586-a68d64ebdfcb_source-aspect-ratio_50p_0.jpg\" type=\"image\/jpg\" media=\"(max-width: 576px)\" \/><source srcset=\"https:\/\/static.eldiario.es\/clip\/29792da2-a730-41e3-b586-a68d64ebdfcb_source-aspect-ratio_75p_0.webp\" type=\"image\/webp\" media=\"(max-width: 767px)\" \/><source srcset=\"https:\/\/static.eldiario.es\/clip\/29792da2-a730-41e3-b586-a68d64ebdfcb_source-aspect-ratio_75p_0.jpg\" type=\"image\/jpg\" media=\"(max-width: 767px)\" \/><source srcset=\"https:\/\/static.eldiario.es\/clip\/29792da2-a730-41e3-b586-a68d64ebdfcb_source-aspect-ratio_default_0.webp\" type=\"image\/webp\" media=\"(min-width: 768px)\" \/><source srcset=\"https:\/\/static.eldiario.es\/clip\/29792da2-a730-41e3-b586-a68d64ebdfcb_source-aspect-ratio_default_0.jpg\" type=\"image\/jpg\" media=\"(min-width: 768px)\" \/><source srcset=\"https:\/\/static.eldiario.es\/clip\/29792da2-a730-41e3-b586-a68d64ebdfcb_source-aspect-ratio_default_0.webp\" type=\"image\/webp\" \/><img decoding=\"async\" class=\"lazy entered loaded\" src=\"https:\/\/static.eldiario.es\/clip\/29792da2-a730-41e3-b586-a68d64ebdfcb_source-aspect-ratio_default_0.jpg\" alt=\"Represi\u00f3n a la prensa delante del Congreso\" data-src=\"https:\/\/static.eldiario.es\/clip\/29792da2-a730-41e3-b586-a68d64ebdfcb_source-aspect-ratio_default_0.jpg\" data-ll-status=\"loaded\" \/><\/picture><figcaption class=\"image-footer\"><em><span class=\"title\">Represi\u00f3n a la prensa delante del Congreso\u00a0<span class=\"author\">SiPreBA<\/span><\/span><\/em><\/figcaption><\/figure>\n<p>&nbsp;<\/p>\n<p class=\"article-text\">Las organizaciones tambi\u00e9n denunciar\u00e1n ante la CIDH una serie de medidas estructurales que, seg\u00fan afirman, profundizan la afectaci\u00f3n del derecho a la informaci\u00f3n y la pluralidad de voces. Entre ellas mencionan el vaciamiento de los medios p\u00fablicos, el intento de cierre de la agencia T\u00e9lam, la intervenci\u00f3n prolongada del ENACOM, la paralizaci\u00f3n de los fondos FOMECA y la inacci\u00f3n de la Defensor\u00eda del P\u00fablico. Estas acciones, se\u00f1alan, forman parte de un mismo patr\u00f3n de debilitamiento del sistema de medios y del trabajo period\u00edstico.<\/p>\n<div id=\"container-after-news-outlook\"><\/div>\n<figure><picture class=\"news-image\"><source srcset=\"https:\/\/static.eldiario.es\/clip\/58b20982-379a-4b7f-a987-1394476a3821_source-aspect-ratio_50p_0.webp\" type=\"image\/webp\" media=\"(max-width: 576px)\" \/><source srcset=\"https:\/\/static.eldiario.es\/clip\/58b20982-379a-4b7f-a987-1394476a3821_source-aspect-ratio_50p_0.jpg\" type=\"image\/jpg\" media=\"(max-width: 576px)\" \/><source srcset=\"https:\/\/static.eldiario.es\/clip\/58b20982-379a-4b7f-a987-1394476a3821_source-aspect-ratio_75p_0.webp\" type=\"image\/webp\" media=\"(max-width: 767px)\" \/><source srcset=\"https:\/\/static.eldiario.es\/clip\/58b20982-379a-4b7f-a987-1394476a3821_source-aspect-ratio_75p_0.jpg\" type=\"image\/jpg\" media=\"(max-width: 767px)\" \/><source srcset=\"https:\/\/static.eldiario.es\/clip\/58b20982-379a-4b7f-a987-1394476a3821_source-aspect-ratio_default_0.webp\" type=\"image\/webp\" media=\"(min-width: 768px)\" \/><source srcset=\"https:\/\/static.eldiario.es\/clip\/58b20982-379a-4b7f-a987-1394476a3821_source-aspect-ratio_default_0.jpg\" type=\"image\/jpg\" media=\"(min-width: 768px)\" \/><source srcset=\"https:\/\/static.eldiario.es\/clip\/58b20982-379a-4b7f-a987-1394476a3821_source-aspect-ratio_default_0.webp\" type=\"image\/webp\" \/><img decoding=\"async\" class=\"lazy entered loaded\" src=\"https:\/\/static.eldiario.es\/clip\/58b20982-379a-4b7f-a987-1394476a3821_source-aspect-ratio_default_0.jpg\" alt=\"Represi\u00f3n a la prensa por parte de las fuerzas de seguridad\" data-src=\"https:\/\/static.eldiario.es\/clip\/58b20982-379a-4b7f-a987-1394476a3821_source-aspect-ratio_default_0.jpg\" data-ll-status=\"loaded\" \/><\/picture><figcaption class=\"image-footer\"><em><span class=\"title\">Represi\u00f3n a la prensa por parte de las fuerzas de seguridad\u00a0<span class=\"author\">SiPreBA<\/span><\/span><\/em><\/figcaption><\/figure>\n<p>&nbsp;<\/p>\n<p class=\"article-text\">A este contexto se suma la ofensiva judicial: en el \u00faltimo a\u00f1o, el presidente Milei denunci\u00f3 al menos a ocho periodistas por\u00a0<a class=\"link\" href=\"https:\/\/www.eldiarioar.com\/politica\/600-periodistas-firman-nota-motivo-denuncia-milei-calumnias-e-injurias_1_12302260.html\" data-mrf-recirculation=\"links-noticia\" data-mrf-link=\"https:\/\/www.eldiarioar.com\/politica\/600-periodistas-firman-nota-motivo-denuncia-milei-calumnias-e-injurias_1_12302260.html\">calumnias e injurias<\/a>\u00a0&#8211;<strong>Carlos Pagni, Viviana Canosa, Jorge Rial, Fabi\u00e1n Doman, Mauro Federico, Nicol\u00e1s Lantos, Ari Lijalad y Julia Mengolin<\/strong>i- mientras que su ministro de Justicia, Mariano C\u00faneo Libarona, inici\u00f3 demandas contra\u00a0<strong>Nancy Pazos y Dar\u00edo Villarruel<\/strong>. \u201cEn las movilizaciones y protestas hubo m\u00e1s de cien periodistas y trabajadores de prensa heridos o detenidos\u201d, agreg\u00f3 el secretario general de SiPreBA,\u00a0<strong>Agust\u00edn Lecch<\/strong>i, quien record\u00f3 los casos de los reporteros gr\u00e1ficos Leandro Cruzado, Tom\u00e1s Cuesta y Javier Iglesias. La audiencia ante la CIDH buscar\u00e1 dejar asentada esta situaci\u00f3n y exigir la intervenci\u00f3n del organismo para frenar lo que las entidades describen como un deterioro acelerado de la libertad de prensa en el pa\u00eds.<\/p>\n<p>&nbsp;<\/p>\n<\/div>\n<\/div>\n<p>elDiarioAR<\/p>\n","protected":false},"excerpt":{"rendered":"<p>SiPreBA, FATPREN y organizaciones de derechos humanos expondr\u00e1n ante la CIDH un informe sobre agresiones, persecuciones y medidas oficiales que -advierten- conforman un ataque sistem\u00e1tico a la libertad de expresi\u00f3n y al trabajo period\u00edstico en Argentina.<\/p>\n","protected":false},"author":3,"featured_media":128580,"comment_status":"closed","ping_status":"closed","sticky":false,"template":"","format":"standard","meta":{"footnotes":""},"categories":[57,24],"tags":[],"class_list":["post-128579","post","type-post","status-publish","format-standard","has-post-thumbnail","hentry","category-judiciales","category-politica"],"yoast_head":"<!-- This site is optimized with the Yoast SEO plugin v25.9 - https:\/\/yoast.com\/wordpress\/plugins\/seo\/ -->\n<title>Organizaciones de prensa expondr\u00e1n ante la CIDH por los ataques del Gobierno a periodistas - Noticias Radio Reflejos<\/title>\n<meta name=\"robots\" content=\"index, follow, max-snippet:-1, max-image-preview:large, max-video-preview:-1\" \/>\n<link rel=\"canonical\" href=\"https:\/\/www.noticiasradioreflejos.com.ar\/2021\/organizaciones-de-prensa-expondran-ante-la-cidh-por-los-ataques-del-gobierno-a-periodistas\/\" \/>\n<meta property=\"og:locale\" content=\"es_ES\" \/>\n<meta property=\"og:type\" content=\"article\" \/>\n<meta property=\"og:title\" content=\"Organizaciones de prensa expondr\u00e1n ante la CIDH por los ataques del Gobierno a periodistas - Noticias Radio Reflejos\" \/>\n<meta property=\"og:description\" content=\"SiPreBA, FATPREN y organizaciones de derechos humanos expondr\u00e1n ante la CIDH un informe sobre agresiones, persecuciones y medidas oficiales que -advierten- conforman un ataque sistem\u00e1tico a la libertad de expresi\u00f3n y al trabajo period\u00edstico en Argentina.\" \/>\n<meta property=\"og:url\" content=\"https:\/\/www.noticiasradioreflejos.com.ar\/2021\/organizaciones-de-prensa-expondran-ante-la-cidh-por-los-ataques-del-gobierno-a-periodistas\/\" \/>\n<meta property=\"og:site_name\" content=\"Noticias Radio Reflejos\" \/>\n<meta property=\"article:published_time\" content=\"2025-11-19T10:21:59+00:00\" \/>\n<meta property=\"og:image\" content=\"https:\/\/www.noticiasradioreflejos.com.ar\/2021\/wp-content\/uploads\/2025\/11\/periodismo-reclama.webp\" \/>\n\t<meta property=\"og:image:width\" content=\"1200\" \/>\n\t<meta property=\"og:image:height\" content=\"675\" \/>\n\t<meta property=\"og:image:type\" content=\"image\/webp\" \/>\n<meta name=\"author\" content=\"Arnaldo Botto\" \/>\n<meta name=\"twitter:card\" content=\"summary_large_image\" \/>\n<script type=\"application\/ld+json\" class=\"yoast-schema-graph\">{\"@context\":\"https:\/\/schema.org\",\"@graph\":[{\"@type\":\"WebPage\",\"@id\":\"https:\/\/www.noticiasradioreflejos.com.ar\/2021\/organizaciones-de-prensa-expondran-ante-la-cidh-por-los-ataques-del-gobierno-a-periodistas\/\",\"url\":\"https:\/\/www.noticiasradioreflejos.com.ar\/2021\/organizaciones-de-prensa-expondran-ante-la-cidh-por-los-ataques-del-gobierno-a-periodistas\/\",\"name\":\"Organizaciones de prensa expondr\u00e1n ante la CIDH por los ataques del Gobierno a periodistas - Noticias Radio Reflejos\",\"isPartOf\":{\"@id\":\"https:\/\/www.noticiasradioreflejos.com.ar\/2021\/#website\"},\"primaryImageOfPage\":{\"@id\":\"https:\/\/www.noticiasradioreflejos.com.ar\/2021\/organizaciones-de-prensa-expondran-ante-la-cidh-por-los-ataques-del-gobierno-a-periodistas\/#primaryimage\"},\"image\":{\"@id\":\"https:\/\/www.noticiasradioreflejos.com.ar\/2021\/organizaciones-de-prensa-expondran-ante-la-cidh-por-los-ataques-del-gobierno-a-periodistas\/#primaryimage\"},\"thumbnailUrl\":\"https:\/\/www.noticiasradioreflejos.com.ar\/2021\/wp-content\/uploads\/2025\/11\/periodismo-reclama.webp\",\"datePublished\":\"2025-11-19T10:21:59+00:00\",\"author\":{\"@id\":\"https:\/\/www.noticiasradioreflejos.com.ar\/2021\/#\/schema\/person\/ad82545263dcc5ec0996818884fd5fb1\"},\"breadcrumb\":{\"@id\":\"https:\/\/www.noticiasradioreflejos.com.ar\/2021\/organizaciones-de-prensa-expondran-ante-la-cidh-por-los-ataques-del-gobierno-a-periodistas\/#breadcrumb\"},\"inLanguage\":\"es\",\"potentialAction\":[{\"@type\":\"ReadAction\",\"target\":[\"https:\/\/www.noticiasradioreflejos.com.ar\/2021\/organizaciones-de-prensa-expondran-ante-la-cidh-por-los-ataques-del-gobierno-a-periodistas\/\"]}]},{\"@type\":\"ImageObject\",\"inLanguage\":\"es\",\"@id\":\"https:\/\/www.noticiasradioreflejos.com.ar\/2021\/organizaciones-de-prensa-expondran-ante-la-cidh-por-los-ataques-del-gobierno-a-periodistas\/#primaryimage\",\"url\":\"https:\/\/www.noticiasradioreflejos.com.ar\/2021\/wp-content\/uploads\/2025\/11\/periodismo-reclama.webp\",\"contentUrl\":\"https:\/\/www.noticiasradioreflejos.com.ar\/2021\/wp-content\/uploads\/2025\/11\/periodismo-reclama.webp\",\"width\":1200,\"height\":675},{\"@type\":\"BreadcrumbList\",\"@id\":\"https:\/\/www.noticiasradioreflejos.com.ar\/2021\/organizaciones-de-prensa-expondran-ante-la-cidh-por-los-ataques-del-gobierno-a-periodistas\/#breadcrumb\",\"itemListElement\":[{\"@type\":\"ListItem\",\"position\":1,\"name\":\"Portada\",\"item\":\"https:\/\/www.noticiasradioreflejos.com.ar\/2021\/\"},{\"@type\":\"ListItem\",\"position\":2,\"name\":\"Organizaciones de prensa expondr\u00e1n ante la CIDH por los ataques del Gobierno a periodistas\"}]},{\"@type\":\"WebSite\",\"@id\":\"https:\/\/www.noticiasradioreflejos.com.ar\/2021\/#website\",\"url\":\"https:\/\/www.noticiasradioreflejos.com.ar\/2021\/\",\"name\":\"Noticias Radio Reflejos\",\"description\":\"Las noticias de mi comarca\",\"potentialAction\":[{\"@type\":\"SearchAction\",\"target\":{\"@type\":\"EntryPoint\",\"urlTemplate\":\"https:\/\/www.noticiasradioreflejos.com.ar\/2021\/?s={search_term_string}\"},\"query-input\":{\"@type\":\"PropertyValueSpecification\",\"valueRequired\":true,\"valueName\":\"search_term_string\"}}],\"inLanguage\":\"es\"},{\"@type\":\"Person\",\"@id\":\"https:\/\/www.noticiasradioreflejos.com.ar\/2021\/#\/schema\/person\/ad82545263dcc5ec0996818884fd5fb1\",\"name\":\"Arnaldo Botto\",\"image\":{\"@type\":\"ImageObject\",\"inLanguage\":\"es\",\"@id\":\"https:\/\/www.noticiasradioreflejos.com.ar\/2021\/#\/schema\/person\/image\/\",\"url\":\"https:\/\/secure.gravatar.com\/avatar\/55cb5e37c1efa326397366e6974cb338056df65cb50e7d64d1cf314e87504837?s=96&d=mm&r=g\",\"contentUrl\":\"https:\/\/secure.gravatar.com\/avatar\/55cb5e37c1efa326397366e6974cb338056df65cb50e7d64d1cf314e87504837?s=96&d=mm&r=g\",\"caption\":\"Arnaldo Botto\"},\"url\":\"https:\/\/www.noticiasradioreflejos.com.ar\/2021\/author\/arnaldo\/\"}]}<\/script>\n<!-- \/ Yoast SEO plugin. -->","yoast_head_json":{"title":"Organizaciones de prensa expondr\u00e1n ante la CIDH por los ataques del Gobierno a periodistas - Noticias Radio Reflejos","robots":{"index":"index","follow":"follow","max-snippet":"max-snippet:-1","max-image-preview":"max-image-preview:large","max-video-preview":"max-video-preview:-1"},"canonical":"https:\/\/www.noticiasradioreflejos.com.ar\/2021\/organizaciones-de-prensa-expondran-ante-la-cidh-por-los-ataques-del-gobierno-a-periodistas\/","og_locale":"es_ES","og_type":"article","og_title":"Organizaciones de prensa expondr\u00e1n ante la CIDH por los ataques del Gobierno a periodistas - Noticias Radio Reflejos","og_description":"SiPreBA, FATPREN y organizaciones de derechos humanos expondr\u00e1n ante la CIDH un informe sobre agresiones, persecuciones y medidas oficiales que -advierten- conforman un ataque sistem\u00e1tico a la libertad de expresi\u00f3n y al trabajo period\u00edstico en Argentina.","og_url":"https:\/\/www.noticiasradioreflejos.com.ar\/2021\/organizaciones-de-prensa-expondran-ante-la-cidh-por-los-ataques-del-gobierno-a-periodistas\/","og_site_name":"Noticias Radio Reflejos","article_published_time":"2025-11-19T10:21:59+00:00","og_image":[{"width":1200,"height":675,"url":"https:\/\/www.noticiasradioreflejos.com.ar\/2021\/wp-content\/uploads\/2025\/11\/periodismo-reclama.webp","type":"image\/webp"}],"author":"Arnaldo Botto","twitter_card":"summary_large_image","schema":{"@context":"https:\/\/schema.org","@graph":[{"@type":"WebPage","@id":"https:\/\/www.noticiasradioreflejos.com.ar\/2021\/organizaciones-de-prensa-expondran-ante-la-cidh-por-los-ataques-del-gobierno-a-periodistas\/","url":"https:\/\/www.noticiasradioreflejos.com.ar\/2021\/organizaciones-de-prensa-expondran-ante-la-cidh-por-los-ataques-del-gobierno-a-periodistas\/","name":"Organizaciones de prensa expondr\u00e1n ante la CIDH por los ataques del Gobierno a periodistas - Noticias Radio Reflejos","isPartOf":{"@id":"https:\/\/www.noticiasradioreflejos.com.ar\/2021\/#website"},"primaryImageOfPage":{"@id":"https:\/\/www.noticiasradioreflejos.com.ar\/2021\/organizaciones-de-prensa-expondran-ante-la-cidh-por-los-ataques-del-gobierno-a-periodistas\/#primaryimage"},"image":{"@id":"https:\/\/www.noticiasradioreflejos.com.ar\/2021\/organizaciones-de-prensa-expondran-ante-la-cidh-por-los-ataques-del-gobierno-a-periodistas\/#primaryimage"},"thumbnailUrl":"https:\/\/www.noticiasradioreflejos.com.ar\/2021\/wp-content\/uploads\/2025\/11\/periodismo-reclama.webp","datePublished":"2025-11-19T10:21:59+00:00","author":{"@id":"https:\/\/www.noticiasradioreflejos.com.ar\/2021\/#\/schema\/person\/ad82545263dcc5ec0996818884fd5fb1"},"breadcrumb":{"@id":"https:\/\/www.noticiasradioreflejos.com.ar\/2021\/organizaciones-de-prensa-expondran-ante-la-cidh-por-los-ataques-del-gobierno-a-periodistas\/#breadcrumb"},"inLanguage":"es","potentialAction":[{"@type":"ReadAction","target":["https:\/\/www.noticiasradioreflejos.com.ar\/2021\/organizaciones-de-prensa-expondran-ante-la-cidh-por-los-ataques-del-gobierno-a-periodistas\/"]}]},{"@type":"ImageObject","inLanguage":"es","@id":"https:\/\/www.noticiasradioreflejos.com.ar\/2021\/organizaciones-de-prensa-expondran-ante-la-cidh-por-los-ataques-del-gobierno-a-periodistas\/#primaryimage","url":"https:\/\/www.noticiasradioreflejos.com.ar\/2021\/wp-content\/uploads\/2025\/11\/periodismo-reclama.webp","contentUrl":"https:\/\/www.noticiasradioreflejos.com.ar\/2021\/wp-content\/uploads\/2025\/11\/periodismo-reclama.webp","width":1200,"height":675},{"@type":"BreadcrumbList","@id":"https:\/\/www.noticiasradioreflejos.com.ar\/2021\/organizaciones-de-prensa-expondran-ante-la-cidh-por-los-ataques-del-gobierno-a-periodistas\/#breadcrumb","itemListElement":[{"@type":"ListItem","position":1,"name":"Portada","item":"https:\/\/www.noticiasradioreflejos.com.ar\/2021\/"},{"@type":"ListItem","position":2,"name":"Organizaciones de prensa expondr\u00e1n ante la CIDH por los ataques del Gobierno a periodistas"}]},{"@type":"WebSite","@id":"https:\/\/www.noticiasradioreflejos.com.ar\/2021\/#website","url":"https:\/\/www.noticiasradioreflejos.com.ar\/2021\/","name":"Noticias Radio Reflejos","description":"Las noticias de mi comarca","potentialAction":[{"@type":"SearchAction","target":{"@type":"EntryPoint","urlTemplate":"https:\/\/www.noticiasradioreflejos.com.ar\/2021\/?s={search_term_string}"},"query-input":{"@type":"PropertyValueSpecification","valueRequired":true,"valueName":"search_term_string"}}],"inLanguage":"es"},{"@type":"Person","@id":"https:\/\/www.noticiasradioreflejos.com.ar\/2021\/#\/schema\/person\/ad82545263dcc5ec0996818884fd5fb1","name":"Arnaldo Botto","image":{"@type":"ImageObject","inLanguage":"es","@id":"https:\/\/www.noticiasradioreflejos.com.ar\/2021\/#\/schema\/person\/image\/","url":"https:\/\/secure.gravatar.com\/avatar\/55cb5e37c1efa326397366e6974cb338056df65cb50e7d64d1cf314e87504837?s=96&d=mm&r=g","contentUrl":"https:\/\/secure.gravatar.com\/avatar\/55cb5e37c1efa326397366e6974cb338056df65cb50e7d64d1cf314e87504837?s=96&d=mm&r=g","caption":"Arnaldo Botto"},"url":"https:\/\/www.noticiasradioreflejos.com.ar\/2021\/author\/arnaldo\/"}]}},"_links":{"self":[{"href":"https:\/\/www.noticiasradioreflejos.com.ar\/2021\/wp-json\/wp\/v2\/posts\/128579","targetHints":{"allow":["GET"]}}],"collection":[{"href":"https:\/\/www.noticiasradioreflejos.com.ar\/2021\/wp-json\/wp\/v2\/posts"}],"about":[{"href":"https:\/\/www.noticiasradioreflejos.com.ar\/2021\/wp-json\/wp\/v2\/types\/post"}],"author":[{"embeddable":true,"href":"https:\/\/www.noticiasradioreflejos.com.ar\/2021\/wp-json\/wp\/v2\/users\/3"}],"replies":[{"embeddable":true,"href":"https:\/\/www.noticiasradioreflejos.com.ar\/2021\/wp-json\/wp\/v2\/comments?post=128579"}],"version-history":[{"count":1,"href":"https:\/\/www.noticiasradioreflejos.com.ar\/2021\/wp-json\/wp\/v2\/posts\/128579\/revisions"}],"predecessor-version":[{"id":128581,"href":"https:\/\/www.noticiasradioreflejos.com.ar\/2021\/wp-json\/wp\/v2\/posts\/128579\/revisions\/128581"}],"wp:featuredmedia":[{"embeddable":true,"href":"https:\/\/www.noticiasradioreflejos.com.ar\/2021\/wp-json\/wp\/v2\/media\/128580"}],"wp:attachment":[{"href":"https:\/\/www.noticiasradioreflejos.com.ar\/2021\/wp-json\/wp\/v2\/media?parent=128579"}],"wp:term":[{"taxonomy":"category","embeddable":true,"href":"https:\/\/www.noticiasradioreflejos.com.ar\/2021\/wp-json\/wp\/v2\/categories?post=128579"},{"taxonomy":"post_tag","embeddable":true,"href":"https:\/\/www.noticiasradioreflejos.com.ar\/2021\/wp-json\/wp\/v2\/tags?post=128579"}],"curies":[{"name":"wp","href":"https:\/\/api.w.org\/{rel}","templated":true}]}}