{"id":128576,"date":"2025-11-19T07:19:02","date_gmt":"2025-11-19T10:19:02","guid":{"rendered":"https:\/\/www.noticiasradioreflejos.com.ar\/2021\/?p=128576"},"modified":"2025-11-19T07:19:02","modified_gmt":"2025-11-19T10:19:02","slug":"renuncio-la-funcionaria-involucrada-en-el-escandalo-de-la-andis-a-la-que-le-encontraron-us-700-000","status":"publish","type":"post","link":"https:\/\/www.noticiasradioreflejos.com.ar\/2021\/renuncio-la-funcionaria-involucrada-en-el-escandalo-de-la-andis-a-la-que-le-encontraron-us-700-000\/","title":{"rendered":"Renunci\u00f3 la funcionaria involucrada en el esc\u00e1ndalo de la ANDIS a la que le encontraron US$ 700.000"},"content":{"rendered":"<p>Ornella Calvete se desempe\u00f1aba en un \u00e1rea de segundo rango en el Ministerio de Econom\u00eda. Los registros de su padre revelan la trama sobre las supuestas coimas en la agencia que dirig\u00eda Spagnuolo.<br \/>\n<!--more--><\/p>\n<p>&nbsp;<\/p>\n<p>Ornella Calvete, hija de\u00a0<strong>Miguel \u00c1ngel Calvete<\/strong>, el operador en las sombras en la trama de los supuestos sobornos en la Agencia de Discapacidad (ANDIS), renunci\u00f3 este martes en su cargo como funcionaria p\u00fablica. La joven era parte de la Secretar\u00eda de Industria y Comercio en el ministerio de Econom\u00eda de\u00a0<strong>Luis Caputo<\/strong>.<\/p>\n<p class=\"article-text\">Su decisi\u00f3n fue confirmada a\u00a0<strong>elDiarioAR<\/strong>\u00a0por voceros del \u00e1rea, que apuntaron que Calvete present\u00f3 la renuncia \u201capenas se arm\u00f3 el quilombo\u201d. Desde el 1\u00b0 de septiembre de 2024 ten\u00eda el cargo de Directora Nacional de Desarrollo Regional y Sectorial.<\/p>\n<p class=\"article-text\">La renuncia de Calvete se conoci\u00f3\u00a0<a class=\"link\" href=\"https:\/\/www.eldiarioar.com\/politica\/miguel-angel-calvete-comienzan-indagatorias-supuestas-coimas-andis_1_12776651.html\" data-mrf-recirculation=\"links-noticia\" data-mrf-link=\"https:\/\/www.eldiarioar.com\/politica\/miguel-angel-calvete-comienzan-indagatorias-supuestas-coimas-andis_1_12776651.html\">en paralelo a que su padre sea indagado en Comodoro Py\u00a0<\/a>en la causa que tiene como protagonista a\u00a0<strong>Diego Spagnuolo<\/strong>\u00a0y que llegar\u00eda a\u00a0<strong>Karina Milei<\/strong>, supuesta beneficiaria de las coimas del 3% para la negociaci\u00f3n de contratos en la ANDIS.<\/p>\n<p class=\"article-text\">Durante la investigaci\u00f3n, la Justicia hab\u00eda allanado el domicilio de la hija de Calvete y le encontraron 700.000 d\u00f3lares. Seg\u00fan el expediente del fiscal Fraco Picardi, padre e hija tuvieron muchos intercambios que aportan c\u00f3mo funcionaba la trama de corrupci\u00f3n.<\/p>\n<p class=\"article-text\">El 10 de septiembre de 2025 Ornella habla con su padre -a quien ten\u00eda agendado como<em>\u201cCarmela Vivaldi\u201d-<\/em>\u00a0para que intermedie una empresa y \u00e9l le dice que ya concret\u00f3 una reuni\u00f3n, a lo cual ella le desea \u00e9xitos y le dice que si todo sale bien le compra algo lindo,\u00a0<em>\u201cuna lambo, una granja, lo que quieras\u201d<\/em>. Por su parte,\u00a0<strong>Miguel \u00c1ngel Calvete le responde:\u00a0\u201cNo hace falta\u2026con el 3% a KM est\u00e1 perfecto\u201d.<\/strong><\/p>\n<figure><picture class=\"news-image\"><source srcset=\"https:\/\/static.eldiario.es\/clip\/f9ee3816-1846-4369-9678-b77b0ca65921_source-aspect-ratio_50p_0.webp\" type=\"image\/webp\" media=\"(max-width: 576px)\" \/><source srcset=\"https:\/\/static.eldiario.es\/clip\/f9ee3816-1846-4369-9678-b77b0ca65921_source-aspect-ratio_50p_0.jpg\" type=\"image\/jpg\" media=\"(max-width: 576px)\" \/><source srcset=\"https:\/\/static.eldiario.es\/clip\/f9ee3816-1846-4369-9678-b77b0ca65921_source-aspect-ratio_75p_0.webp\" type=\"image\/webp\" media=\"(max-width: 767px)\" \/><source srcset=\"https:\/\/static.eldiario.es\/clip\/f9ee3816-1846-4369-9678-b77b0ca65921_source-aspect-ratio_75p_0.jpg\" type=\"image\/jpg\" media=\"(max-width: 767px)\" \/><source srcset=\"https:\/\/static.eldiario.es\/clip\/f9ee3816-1846-4369-9678-b77b0ca65921_source-aspect-ratio_default_0.webp\" type=\"image\/webp\" media=\"(min-width: 768px)\" \/><source srcset=\"https:\/\/static.eldiario.es\/clip\/f9ee3816-1846-4369-9678-b77b0ca65921_source-aspect-ratio_default_0.jpg\" type=\"image\/jpg\" media=\"(min-width: 768px)\" \/><source srcset=\"https:\/\/static.eldiario.es\/clip\/f9ee3816-1846-4369-9678-b77b0ca65921_source-aspect-ratio_default_0.webp\" type=\"image\/webp\" \/><img decoding=\"async\" class=\"lazy entered loaded\" src=\"https:\/\/static.eldiario.es\/clip\/f9ee3816-1846-4369-9678-b77b0ca65921_source-aspect-ratio_default_0.jpg\" alt=\"Los chats entre Ornella y Miguel \u00c1ngel Calvete\" data-src=\"https:\/\/static.eldiario.es\/clip\/f9ee3816-1846-4369-9678-b77b0ca65921_source-aspect-ratio_default_0.jpg\" data-ll-status=\"loaded\" \/><\/picture><figcaption class=\"image-footer\"><em><span class=\"title\">Los chats entre Ornella y Miguel \u00c1ngel Calvete<\/span><\/em><\/figcaption><\/figure>\n<p>&nbsp;<\/p>\n<p class=\"article-text\">El 12 de septiembre de 2025, Ornella Calvete le escribe a su padre para contarle que en la planta baja -parecer\u00eda ser de su vivienda- hab\u00eda quince polic\u00edas y a continuaci\u00f3n le dice:\u00a0<strong>\u201cNo se si es por el cabeza de rodilla o que\u201d.<\/strong>\u00a0Su padre inmediatamente la saluda con un \u201chola\u201d y Ornella le informa que ya se hab\u00edan ido, que era una falsa alarma.<\/p>\n<p class=\"article-text\">Luego de intercambiar stickers, Miguel \u00c1ngel Calvete le aconseja a su hija \u201cque se haga la gila\u201d. Ante lo cual, ella le pregunta a su padre por la situaci\u00f3n de INDECOMM -una de las firmas vinculadas a Calvete- y si la firma \u201ctiene cash blanco\u201d. Seguido le indica que:\u00a0<strong>\u201cPor si entran ac\u00e1 y me ven con mosssca\u201d \u201co digo que me lo prest\u00f3 alguien, olvidate\u201d.<\/strong><\/p>\n<figure><picture class=\"news-image\"><source srcset=\"https:\/\/static.eldiario.es\/clip\/aab3f589-d63e-4df0-bc67-76db635ed952_16-9-discover-aspect-ratio_50p_0.webp\" type=\"image\/webp\" media=\"(max-width: 576px)\" \/><source srcset=\"https:\/\/static.eldiario.es\/clip\/aab3f589-d63e-4df0-bc67-76db635ed952_16-9-discover-aspect-ratio_50p_0.jpg\" type=\"image\/jpg\" media=\"(max-width: 576px)\" \/><source srcset=\"https:\/\/static.eldiario.es\/clip\/aab3f589-d63e-4df0-bc67-76db635ed952_16-9-discover-aspect-ratio_75p_0.webp\" type=\"image\/webp\" media=\"(max-width: 767px)\" \/><source srcset=\"https:\/\/static.eldiario.es\/clip\/aab3f589-d63e-4df0-bc67-76db635ed952_16-9-discover-aspect-ratio_75p_0.jpg\" type=\"image\/jpg\" media=\"(max-width: 767px)\" \/><source srcset=\"https:\/\/static.eldiario.es\/clip\/aab3f589-d63e-4df0-bc67-76db635ed952_16-9-discover-aspect-ratio_default_0.webp\" type=\"image\/webp\" media=\"(min-width: 768px)\" \/><source srcset=\"https:\/\/static.eldiario.es\/clip\/aab3f589-d63e-4df0-bc67-76db635ed952_16-9-discover-aspect-ratio_default_0.jpg\" type=\"image\/jpg\" media=\"(min-width: 768px)\" \/><source srcset=\"https:\/\/static.eldiario.es\/clip\/aab3f589-d63e-4df0-bc67-76db635ed952_16-9-discover-aspect-ratio_default_0.webp\" type=\"image\/webp\" \/><img decoding=\"async\" class=\"lazy entered loaded\" src=\"https:\/\/static.eldiario.es\/clip\/aab3f589-d63e-4df0-bc67-76db635ed952_16-9-discover-aspect-ratio_default_0.jpg\" alt=\"Miguel \u00c1ngel Calvete, complicado en la causa ANDIS.\" data-src=\"https:\/\/static.eldiario.es\/clip\/aab3f589-d63e-4df0-bc67-76db635ed952_16-9-discover-aspect-ratio_default_0.jpg\" data-ll-status=\"loaded\" \/><\/picture><figcaption class=\"image-footer\"><em><span class=\"title\">Miguel \u00c1ngel Calvete, complicado en la causa ANDIS.<\/span><\/em><\/figcaption><\/figure>\n<p>&nbsp;<\/p>\n<p class=\"article-text\">El 9 de octubre de 2025, cuando se llevaron a cabo los allanamientos en m\u00faltiples domicilios que incluyeron el de Calvete, \u00e9l llam\u00f3 a Lorena Di Giorno -su socia en diversos emprendimientos comerciales, realizaba pagos y diversos movimientos de dinero- a las 18.31 con el siguiente intercambio donde se hace referencia a Ornella, seg\u00fan el expediente judicial:<\/p>\n<p class=\"article-text\"><em>MAC: \u201cChe Lore escucha por las dudas tenete otro tel\u00e9fono\u201d.<\/em><\/p>\n<p class=\"article-text\"><em>LDG: \u201cya estoy borrando todo\u201d.<\/em><\/p>\n<p class=\"article-text\"><em>MAC: \u201cme llama la atenci\u00f3n lo de Roger\u201d.<\/em><\/p>\n<p class=\"article-text\"><em>LDG: \u201cdebe ser por alguien que habl\u00f3, a Roger el celular y a la colombiana no.\u201d<\/em><\/p>\n<p class=\"article-text\"><em>MAC: \u201c\u00bfa ella no?\u201d LDG: \u201cNo, todo es por INDECOMM\u201d MAC: \u201cPero fueron a G\u00e9nesis tambi\u00e9n, a Roche\u201d.<\/em><\/p>\n<p class=\"article-text\"><em>LDG: \u201cFueron a Profarma, a Profusi\u00f3n, justo el gordo [Santich] estaba en Profarma, todav\u00eda no terminaron lo de Profarma, pero solo se llevan, est\u00e1n viendo tema facturaci\u00f3n. Por eso te digo, que si est\u00e1n viendo lo del tema INDECOMM, yo digo m\u00e1s prolijo que INDECOMM le compra a Ortopedics o al otro, a Recuperar, y esta la factura y esta el pago, entend\u00e9s\u201d.<\/em><\/p>\n<p class=\"article-text\"><em>MAC: \u201cEst\u00e1 bien las facturas, el pago lo vemos. Fijate si pod\u00e9s llamar a Paula, sabes cual es el tema que necesito el tel\u00e9fono de Javier, del novio de Ornella [hija de Miguel \u00c1ngel Calvete].\u201d<\/em><\/p>\n<p class=\"article-text\"><em>LDG: \u201cBueno, entonces yo le digo a coso que me de el tel\u00e9fono de coso.\u201d<\/em><\/p>\n<p class=\"article-text\"><em>MAC: \u201c<\/em><em><strong>O que vaya Guada ah\u00ed a Quartier a ver a Ornella.\u201d<\/strong><\/em><\/p>\n<p class=\"article-text\"><em>LDG: \u201c\u00bfQu\u00e9 hago de las dos cosas? Decime. Vos quer\u00e9s el tel\u00e9fono de Javier. Listo\u201d MAC: \u201cLas dos, yo para hablar con Ornella para ver c\u00f3mo est\u00e1 ese tema.\u201d LDG: \u201c\u00bfY si se lo pido a Yami?\u201d<\/em><\/p>\n<p class=\"article-text\"><em>MAC: \u201cA ver si Yami lo tiene, ya le dije a Guada que haga eso. Hac\u00e9 primero eso. Esc\u00fachame, a coki \u00bfqu\u00e9 fueron a la casa de coki, y nada m\u00e1s, se llevaron el tel\u00e9fono?\u201d LDG: \u201cSi, todo. Solo de ella.\u201d<\/em><\/p>\n<p class=\"article-text\"><em>MAC: \u201cPero de documentaci\u00f3n no tiene un carajo\u201d<\/em><\/p>\n<p class=\"article-text\"><em>LDG: \u201cNada. Es m\u00e1s, los dem\u00e1s tel\u00e9fonos los dejaron.\u201d<\/em><\/p>\n<p class=\"article-text\"><em>MAC: \u201cPasame con Guada\u201d MAC: Si, amor. Ah\u00ed estamos viendo qu\u00e9 allanamientos hubo y que no. Pero ah\u00ed figura Roche, todas las empresas grandes\u201c GM: \u201dSi, todas las empresas. Lo que pasa que nadie qued\u00f3, nadie pas\u00f3 nada, lo \u00fanico que vos\u2026\u201c<\/em><\/p>\n<p class=\"article-text\"><em>MAC: \u201cSi, por ese tema. Ya est\u00e1. Vamos para adelante.\u201d<\/em><\/p>\n<p class=\"article-text\"><em>GM: \u201cAhora te veo en un ratito. Te amo\u201d<\/em><\/p>\n<div id=\"container-after-news-outlook\"><\/div>\n<p class=\"article-text\">Quien llev\u00f3 a Ornella Calvete al Estado fue Javier Ignacio Cardini, actual subsecretario de Gesti\u00f3n Productiva. El funcionario fue vicepresidente de operaciones en GreenTech Science; director ejecutivo en Grupo-Tek S.A., en QEV Argentina y director general en Calandra. Tambi\u00e9n se desempe\u00f1\u00f3 como jefe de producci\u00f3n en Cervecer\u00eda y Malter\u00eda Quilmes y como director en una consultora enfocada en procesos productivos de industria y movilidad para PyMes.<\/p>\n<p>&nbsp;<\/p>\n<p class=\"article-text\">Miguel \u00c1ngle Calvete\u00a0<strong>fue concejal de La Matanza por Cambiemos entre 2015 y 2019 y presidente de la Federaci\u00f3n de Supermercados y Autoservicios Chinos de la Rep\u00fablica Argentina (FESACH)<\/strong>, y est\u00e1 apuntado por la fiscal\u00eda por sus v\u00ednculos con Spagnuolo y su segundo,\u00a0<strong>Daniel Garbellini<\/strong>, y de ser un nexo entre el organismo y proveedores, una pieza clave para \u201cgarantizar un esquema de corrupci\u00f3n\u201d para beneficiar a diferentes laboratorios.<\/p>\n<p>&nbsp;<\/p>\n<p><a class=\"twitter-account\" href=\"https:\/\/twitter.com\/@MauriCaminos\" target=\"_blank\" rel=\"noopener\" data-mrf-link=\"https:\/\/twitter.com\/@MauriCaminos\">@MauriCaminos<\/a> elDiarioAR<\/p>\n","protected":false},"excerpt":{"rendered":"<p>Ornella Calvete se desempe\u00f1aba en un \u00e1rea de segundo rango en el Ministerio de Econom\u00eda. Los registros de su padre revelan la trama sobre las supuestas coimas en la agencia que dirig\u00eda Spagnuolo.<\/p>\n","protected":false},"author":3,"featured_media":128577,"comment_status":"closed","ping_status":"closed","sticky":false,"template":"","format":"standard","meta":{"footnotes":""},"categories":[57,24],"tags":[],"class_list":["post-128576","post","type-post","status-publish","format-standard","has-post-thumbnail","hentry","category-judiciales","category-politica"],"yoast_head":"<!-- This site is optimized with the Yoast SEO plugin v25.9 - https:\/\/yoast.com\/wordpress\/plugins\/seo\/ -->\n<title>Renunci\u00f3 la funcionaria involucrada en el esc\u00e1ndalo de la ANDIS a la que le encontraron US$ 700.000 - Noticias Radio Reflejos<\/title>\n<meta name=\"robots\" content=\"index, follow, max-snippet:-1, max-image-preview:large, max-video-preview:-1\" \/>\n<link rel=\"canonical\" href=\"https:\/\/www.noticiasradioreflejos.com.ar\/2021\/renuncio-la-funcionaria-involucrada-en-el-escandalo-de-la-andis-a-la-que-le-encontraron-us-700-000\/\" \/>\n<meta property=\"og:locale\" content=\"es_ES\" \/>\n<meta property=\"og:type\" content=\"article\" \/>\n<meta property=\"og:title\" content=\"Renunci\u00f3 la funcionaria involucrada en el esc\u00e1ndalo de la ANDIS a la que le encontraron US$ 700.000 - Noticias Radio Reflejos\" \/>\n<meta property=\"og:description\" content=\"Ornella Calvete se desempe\u00f1aba en un \u00e1rea de segundo rango en el Ministerio de Econom\u00eda. Los registros de su padre revelan la trama sobre las supuestas coimas en la agencia que dirig\u00eda Spagnuolo.\" \/>\n<meta property=\"og:url\" content=\"https:\/\/www.noticiasradioreflejos.com.ar\/2021\/renuncio-la-funcionaria-involucrada-en-el-escandalo-de-la-andis-a-la-que-le-encontraron-us-700-000\/\" \/>\n<meta property=\"og:site_name\" content=\"Noticias Radio Reflejos\" \/>\n<meta property=\"article:published_time\" content=\"2025-11-19T10:19:02+00:00\" \/>\n<meta property=\"og:image\" content=\"https:\/\/www.noticiasradioreflejos.com.ar\/2021\/wp-content\/uploads\/2025\/11\/ornella.webp\" \/>\n\t<meta property=\"og:image:width\" content=\"1200\" \/>\n\t<meta property=\"og:image:height\" content=\"675\" \/>\n\t<meta property=\"og:image:type\" content=\"image\/webp\" \/>\n<meta name=\"author\" content=\"Arnaldo Botto\" \/>\n<meta name=\"twitter:card\" content=\"summary_large_image\" \/>\n<script type=\"application\/ld+json\" class=\"yoast-schema-graph\">{\"@context\":\"https:\/\/schema.org\",\"@graph\":[{\"@type\":\"WebPage\",\"@id\":\"https:\/\/www.noticiasradioreflejos.com.ar\/2021\/renuncio-la-funcionaria-involucrada-en-el-escandalo-de-la-andis-a-la-que-le-encontraron-us-700-000\/\",\"url\":\"https:\/\/www.noticiasradioreflejos.com.ar\/2021\/renuncio-la-funcionaria-involucrada-en-el-escandalo-de-la-andis-a-la-que-le-encontraron-us-700-000\/\",\"name\":\"Renunci\u00f3 la funcionaria involucrada en el esc\u00e1ndalo de la ANDIS a la que le encontraron US$ 700.000 - Noticias Radio Reflejos\",\"isPartOf\":{\"@id\":\"https:\/\/www.noticiasradioreflejos.com.ar\/2021\/#website\"},\"primaryImageOfPage\":{\"@id\":\"https:\/\/www.noticiasradioreflejos.com.ar\/2021\/renuncio-la-funcionaria-involucrada-en-el-escandalo-de-la-andis-a-la-que-le-encontraron-us-700-000\/#primaryimage\"},\"image\":{\"@id\":\"https:\/\/www.noticiasradioreflejos.com.ar\/2021\/renuncio-la-funcionaria-involucrada-en-el-escandalo-de-la-andis-a-la-que-le-encontraron-us-700-000\/#primaryimage\"},\"thumbnailUrl\":\"https:\/\/www.noticiasradioreflejos.com.ar\/2021\/wp-content\/uploads\/2025\/11\/ornella.webp\",\"datePublished\":\"2025-11-19T10:19:02+00:00\",\"author\":{\"@id\":\"https:\/\/www.noticiasradioreflejos.com.ar\/2021\/#\/schema\/person\/ad82545263dcc5ec0996818884fd5fb1\"},\"breadcrumb\":{\"@id\":\"https:\/\/www.noticiasradioreflejos.com.ar\/2021\/renuncio-la-funcionaria-involucrada-en-el-escandalo-de-la-andis-a-la-que-le-encontraron-us-700-000\/#breadcrumb\"},\"inLanguage\":\"es\",\"potentialAction\":[{\"@type\":\"ReadAction\",\"target\":[\"https:\/\/www.noticiasradioreflejos.com.ar\/2021\/renuncio-la-funcionaria-involucrada-en-el-escandalo-de-la-andis-a-la-que-le-encontraron-us-700-000\/\"]}]},{\"@type\":\"ImageObject\",\"inLanguage\":\"es\",\"@id\":\"https:\/\/www.noticiasradioreflejos.com.ar\/2021\/renuncio-la-funcionaria-involucrada-en-el-escandalo-de-la-andis-a-la-que-le-encontraron-us-700-000\/#primaryimage\",\"url\":\"https:\/\/www.noticiasradioreflejos.com.ar\/2021\/wp-content\/uploads\/2025\/11\/ornella.webp\",\"contentUrl\":\"https:\/\/www.noticiasradioreflejos.com.ar\/2021\/wp-content\/uploads\/2025\/11\/ornella.webp\",\"width\":1200,\"height\":675},{\"@type\":\"BreadcrumbList\",\"@id\":\"https:\/\/www.noticiasradioreflejos.com.ar\/2021\/renuncio-la-funcionaria-involucrada-en-el-escandalo-de-la-andis-a-la-que-le-encontraron-us-700-000\/#breadcrumb\",\"itemListElement\":[{\"@type\":\"ListItem\",\"position\":1,\"name\":\"Portada\",\"item\":\"https:\/\/www.noticiasradioreflejos.com.ar\/2021\/\"},{\"@type\":\"ListItem\",\"position\":2,\"name\":\"Renunci\u00f3 la funcionaria involucrada en el esc\u00e1ndalo de la ANDIS a la que le encontraron US$ 700.000\"}]},{\"@type\":\"WebSite\",\"@id\":\"https:\/\/www.noticiasradioreflejos.com.ar\/2021\/#website\",\"url\":\"https:\/\/www.noticiasradioreflejos.com.ar\/2021\/\",\"name\":\"Noticias Radio Reflejos\",\"description\":\"Las noticias de mi comarca\",\"potentialAction\":[{\"@type\":\"SearchAction\",\"target\":{\"@type\":\"EntryPoint\",\"urlTemplate\":\"https:\/\/www.noticiasradioreflejos.com.ar\/2021\/?s={search_term_string}\"},\"query-input\":{\"@type\":\"PropertyValueSpecification\",\"valueRequired\":true,\"valueName\":\"search_term_string\"}}],\"inLanguage\":\"es\"},{\"@type\":\"Person\",\"@id\":\"https:\/\/www.noticiasradioreflejos.com.ar\/2021\/#\/schema\/person\/ad82545263dcc5ec0996818884fd5fb1\",\"name\":\"Arnaldo Botto\",\"image\":{\"@type\":\"ImageObject\",\"inLanguage\":\"es\",\"@id\":\"https:\/\/www.noticiasradioreflejos.com.ar\/2021\/#\/schema\/person\/image\/\",\"url\":\"https:\/\/secure.gravatar.com\/avatar\/55cb5e37c1efa326397366e6974cb338056df65cb50e7d64d1cf314e87504837?s=96&d=mm&r=g\",\"contentUrl\":\"https:\/\/secure.gravatar.com\/avatar\/55cb5e37c1efa326397366e6974cb338056df65cb50e7d64d1cf314e87504837?s=96&d=mm&r=g\",\"caption\":\"Arnaldo Botto\"},\"url\":\"https:\/\/www.noticiasradioreflejos.com.ar\/2021\/author\/arnaldo\/\"}]}<\/script>\n<!-- \/ Yoast SEO plugin. -->","yoast_head_json":{"title":"Renunci\u00f3 la funcionaria involucrada en el esc\u00e1ndalo de la ANDIS a la que le encontraron US$ 700.000 - Noticias Radio Reflejos","robots":{"index":"index","follow":"follow","max-snippet":"max-snippet:-1","max-image-preview":"max-image-preview:large","max-video-preview":"max-video-preview:-1"},"canonical":"https:\/\/www.noticiasradioreflejos.com.ar\/2021\/renuncio-la-funcionaria-involucrada-en-el-escandalo-de-la-andis-a-la-que-le-encontraron-us-700-000\/","og_locale":"es_ES","og_type":"article","og_title":"Renunci\u00f3 la funcionaria involucrada en el esc\u00e1ndalo de la ANDIS a la que le encontraron US$ 700.000 - Noticias Radio Reflejos","og_description":"Ornella Calvete se desempe\u00f1aba en un \u00e1rea de segundo rango en el Ministerio de Econom\u00eda. Los registros de su padre revelan la trama sobre las supuestas coimas en la agencia que dirig\u00eda Spagnuolo.","og_url":"https:\/\/www.noticiasradioreflejos.com.ar\/2021\/renuncio-la-funcionaria-involucrada-en-el-escandalo-de-la-andis-a-la-que-le-encontraron-us-700-000\/","og_site_name":"Noticias Radio Reflejos","article_published_time":"2025-11-19T10:19:02+00:00","og_image":[{"width":1200,"height":675,"url":"https:\/\/www.noticiasradioreflejos.com.ar\/2021\/wp-content\/uploads\/2025\/11\/ornella.webp","type":"image\/webp"}],"author":"Arnaldo Botto","twitter_card":"summary_large_image","schema":{"@context":"https:\/\/schema.org","@graph":[{"@type":"WebPage","@id":"https:\/\/www.noticiasradioreflejos.com.ar\/2021\/renuncio-la-funcionaria-involucrada-en-el-escandalo-de-la-andis-a-la-que-le-encontraron-us-700-000\/","url":"https:\/\/www.noticiasradioreflejos.com.ar\/2021\/renuncio-la-funcionaria-involucrada-en-el-escandalo-de-la-andis-a-la-que-le-encontraron-us-700-000\/","name":"Renunci\u00f3 la funcionaria involucrada en el esc\u00e1ndalo de la ANDIS a la que le encontraron US$ 700.000 - Noticias Radio Reflejos","isPartOf":{"@id":"https:\/\/www.noticiasradioreflejos.com.ar\/2021\/#website"},"primaryImageOfPage":{"@id":"https:\/\/www.noticiasradioreflejos.com.ar\/2021\/renuncio-la-funcionaria-involucrada-en-el-escandalo-de-la-andis-a-la-que-le-encontraron-us-700-000\/#primaryimage"},"image":{"@id":"https:\/\/www.noticiasradioreflejos.com.ar\/2021\/renuncio-la-funcionaria-involucrada-en-el-escandalo-de-la-andis-a-la-que-le-encontraron-us-700-000\/#primaryimage"},"thumbnailUrl":"https:\/\/www.noticiasradioreflejos.com.ar\/2021\/wp-content\/uploads\/2025\/11\/ornella.webp","datePublished":"2025-11-19T10:19:02+00:00","author":{"@id":"https:\/\/www.noticiasradioreflejos.com.ar\/2021\/#\/schema\/person\/ad82545263dcc5ec0996818884fd5fb1"},"breadcrumb":{"@id":"https:\/\/www.noticiasradioreflejos.com.ar\/2021\/renuncio-la-funcionaria-involucrada-en-el-escandalo-de-la-andis-a-la-que-le-encontraron-us-700-000\/#breadcrumb"},"inLanguage":"es","potentialAction":[{"@type":"ReadAction","target":["https:\/\/www.noticiasradioreflejos.com.ar\/2021\/renuncio-la-funcionaria-involucrada-en-el-escandalo-de-la-andis-a-la-que-le-encontraron-us-700-000\/"]}]},{"@type":"ImageObject","inLanguage":"es","@id":"https:\/\/www.noticiasradioreflejos.com.ar\/2021\/renuncio-la-funcionaria-involucrada-en-el-escandalo-de-la-andis-a-la-que-le-encontraron-us-700-000\/#primaryimage","url":"https:\/\/www.noticiasradioreflejos.com.ar\/2021\/wp-content\/uploads\/2025\/11\/ornella.webp","contentUrl":"https:\/\/www.noticiasradioreflejos.com.ar\/2021\/wp-content\/uploads\/2025\/11\/ornella.webp","width":1200,"height":675},{"@type":"BreadcrumbList","@id":"https:\/\/www.noticiasradioreflejos.com.ar\/2021\/renuncio-la-funcionaria-involucrada-en-el-escandalo-de-la-andis-a-la-que-le-encontraron-us-700-000\/#breadcrumb","itemListElement":[{"@type":"ListItem","position":1,"name":"Portada","item":"https:\/\/www.noticiasradioreflejos.com.ar\/2021\/"},{"@type":"ListItem","position":2,"name":"Renunci\u00f3 la funcionaria involucrada en el esc\u00e1ndalo de la ANDIS a la que le encontraron US$ 700.000"}]},{"@type":"WebSite","@id":"https:\/\/www.noticiasradioreflejos.com.ar\/2021\/#website","url":"https:\/\/www.noticiasradioreflejos.com.ar\/2021\/","name":"Noticias Radio Reflejos","description":"Las noticias de mi comarca","potentialAction":[{"@type":"SearchAction","target":{"@type":"EntryPoint","urlTemplate":"https:\/\/www.noticiasradioreflejos.com.ar\/2021\/?s={search_term_string}"},"query-input":{"@type":"PropertyValueSpecification","valueRequired":true,"valueName":"search_term_string"}}],"inLanguage":"es"},{"@type":"Person","@id":"https:\/\/www.noticiasradioreflejos.com.ar\/2021\/#\/schema\/person\/ad82545263dcc5ec0996818884fd5fb1","name":"Arnaldo Botto","image":{"@type":"ImageObject","inLanguage":"es","@id":"https:\/\/www.noticiasradioreflejos.com.ar\/2021\/#\/schema\/person\/image\/","url":"https:\/\/secure.gravatar.com\/avatar\/55cb5e37c1efa326397366e6974cb338056df65cb50e7d64d1cf314e87504837?s=96&d=mm&r=g","contentUrl":"https:\/\/secure.gravatar.com\/avatar\/55cb5e37c1efa326397366e6974cb338056df65cb50e7d64d1cf314e87504837?s=96&d=mm&r=g","caption":"Arnaldo Botto"},"url":"https:\/\/www.noticiasradioreflejos.com.ar\/2021\/author\/arnaldo\/"}]}},"_links":{"self":[{"href":"https:\/\/www.noticiasradioreflejos.com.ar\/2021\/wp-json\/wp\/v2\/posts\/128576","targetHints":{"allow":["GET"]}}],"collection":[{"href":"https:\/\/www.noticiasradioreflejos.com.ar\/2021\/wp-json\/wp\/v2\/posts"}],"about":[{"href":"https:\/\/www.noticiasradioreflejos.com.ar\/2021\/wp-json\/wp\/v2\/types\/post"}],"author":[{"embeddable":true,"href":"https:\/\/www.noticiasradioreflejos.com.ar\/2021\/wp-json\/wp\/v2\/users\/3"}],"replies":[{"embeddable":true,"href":"https:\/\/www.noticiasradioreflejos.com.ar\/2021\/wp-json\/wp\/v2\/comments?post=128576"}],"version-history":[{"count":1,"href":"https:\/\/www.noticiasradioreflejos.com.ar\/2021\/wp-json\/wp\/v2\/posts\/128576\/revisions"}],"predecessor-version":[{"id":128578,"href":"https:\/\/www.noticiasradioreflejos.com.ar\/2021\/wp-json\/wp\/v2\/posts\/128576\/revisions\/128578"}],"wp:featuredmedia":[{"embeddable":true,"href":"https:\/\/www.noticiasradioreflejos.com.ar\/2021\/wp-json\/wp\/v2\/media\/128577"}],"wp:attachment":[{"href":"https:\/\/www.noticiasradioreflejos.com.ar\/2021\/wp-json\/wp\/v2\/media?parent=128576"}],"wp:term":[{"taxonomy":"category","embeddable":true,"href":"https:\/\/www.noticiasradioreflejos.com.ar\/2021\/wp-json\/wp\/v2\/categories?post=128576"},{"taxonomy":"post_tag","embeddable":true,"href":"https:\/\/www.noticiasradioreflejos.com.ar\/2021\/wp-json\/wp\/v2\/tags?post=128576"}],"curies":[{"name":"wp","href":"https:\/\/api.w.org\/{rel}","templated":true}]}}