{"id":1285,"date":"2016-09-23T03:52:33","date_gmt":"2016-09-23T03:52:33","guid":{"rendered":"http:\/\/noticiasradioreflejos.com.ar\/noticias\/?p=1285"},"modified":"2016-09-23T03:52:33","modified_gmt":"2016-09-23T03:52:33","slug":"el-hcd-avanza-sobre-el-deshecho-de-los-medicamentos-vencidos","status":"publish","type":"post","link":"https:\/\/www.noticiasradioreflejos.com.ar\/2021\/el-hcd-avanza-sobre-el-deshecho-de-los-medicamentos-vencidos\/","title":{"rendered":"El HCD avanza sobre el deshecho de los medicamentos vencidos"},"content":{"rendered":"<p>Aunque con algunas diferencias entre oficialismo y oposici\u00f3n, los ediles acordaron realizar una reuni\u00f3n con farmac\u00e9uticos y \u00e1reas municipales involucradas. Profundizar\u00e1n sobre la difusi\u00f3n del tema. Se expresaron V\u00edctor Anton y Noelia Baier.<!--more--><br \/>\nDurante la sesi\u00f3n ordinaria de este mi\u00e9rcoles en el Concejo Deliberante se avanz\u00f3 sobre el deshecho de medicamentos vencidos en el distrito. El sistema existe y el vecino puede llevar sus remedios que ya pasaron su plazo de consumo a las farmacias para deshacerse de ellos sin contaminar, pero la mayor\u00eda de la comunidad desconoce esa posibilidad.<br \/>\nEn ese marco, los ediles acordaron realizar una reuni\u00f3n con farmac\u00e9uticos y representantes de las \u00e1reas de Salud y Medio Ambiente del municipio para intensificar el trabajo sobre el tema, haciendo hincapi\u00e9 en la difusi\u00f3n.<br \/>\nVictor Ant\u00f3n (Frente para la Victoria) record\u00f3 que desde su bloque hab\u00edan presentado un proyecto de ordenanza al respecto y sostuvo: \u201cEvidentemente los concejales del oficialismo han reflexionado y se ha mocionado hacer una reuni\u00f3n\u201d con gente que conoce el tema.<br \/>\n\u201cPor una moci\u00f3n de la compa\u00f1era Mar\u00eda Graciela Musso (Unibloque PJ) \u2013continu\u00f3- queremos poner a consideraci\u00f3n de los presentes en la reuni\u00f3n el proyecto de ordenanza para que la comunidad tenga un lugar donde disponer los medicamentos vencidos y que pueden ser las farmacias y los medios de salud del distrito\u201d.<br \/>\nEn ese sentido, Ant\u00f3n coment\u00f3 que \u201cantes de presentar la propuesta, se la enviamos a un abogado y farmac\u00e9utico que trabaja para el Colegio de Farmac\u00e9uticos de la Provincia de Buenos Aires y que integr\u00f3 el Ministerio de Salud durante el gobierno de Daniel Scioli, y nos dijo que le meti\u00e9ramos para adelante, que estaba bueno y que en la provincia solo La Plata estaba haciendo algo similar\u201d.<br \/>\n\u201cSe van a dar cuenta que es un proyecto viable, que no es caro y que se tratar\u00eda de una inversi\u00f3n porque dejar\u00edamos de contaminar la tierra y el agua\u201d, sostuvo.<br \/>\nA pesar de que las farmacias ya cuentan con una caja para tirar medicamentos vencidos tanto de ellos como de vecinos que los lleven, \u201ctenemos que tener en cuenta que tienen una caja con una determinada capacidad y que en caso de que se viera superada esa capacidad, el municipio se tendr\u00eda que hacer cargo de esa peque\u00f1a cantidad para entregarlos en la empresa H\u00e1bitat Ecol\u00f3gico, que es la que los junta\u201d.<br \/>\n\u201cYo estimo que en los primeros meses se puede llegar a desbordar, pero una vez que la gente conozca el sistema y empiece peri\u00f3dicamente a llevar los medicamentos que se le vencen, se va a empezar a regularizar\u201d, consider\u00f3.<br \/>\nPor su parte, Noelia Baier (Frente Progresista, C\u00edvico y Social), a diferencia de Ant\u00f3n, dijo: \u201csabemos que los farmac\u00e9uticos cuentan con una caja en la cual desechan los medicamentos vencidos por el cual pagan un canon mensual y se retiran por mes. Hablando con algunos de ellos, les preguntamos si ten\u00edan capacidad ociosa como para tirar medicamentos vencidos de la gente y nos dijeron que si\u201d.<br \/>\n\u201cQue el municipio realice una erogaci\u00f3n poniendo cajas en distintos puntos cuando la farmacia paga y tienen capacidad es un gasto que no tiene sentido. Primero debemos explotar a full el servicio de las farmacias y despu\u00e9s, si se desborda, ver que se puede hacer\u201d, a\u00f1adi\u00f3.<br \/>\n\u201cEn realidad \u2013aclar\u00f3- lo tienen para funcionamiento propio, pero antes que se les venzan algunos de sus medicamentos pueden devolverlos a las droguer\u00edas, entonces tampoco es que usan mucho ese servicio\u201d.<br \/>\nAsimismo, afirm\u00f3 que \u201cmucha gente desconoce esto, \u00a0por lo que se necesita m\u00e1s difusi\u00f3n de esto y se haga una campa\u00f1a informativa\u201d. \u201cLa idea es pensar en el vecino que no cuenta con la informaci\u00f3n y que nunca nadie le coment\u00f3 de esa posibilidad. En todos esos a\u00f1os de tanta movida de Medio Ambiente, nadie le inform\u00f3 a la comunidad que exist\u00eda este servicio\u201d, dispar\u00f3 tambi\u00e9n.<br \/>\nEn cuanto a la reuni\u00f3n mencionada en el recinto este mi\u00e9rcoles, dijo que \u201cla idea es juntar a las partes, que la gente que realmente sabe d\u00e9 su opini\u00f3n y la colaboraci\u00f3n en la medida que pueda y que la soluci\u00f3n llegue a la gente\u201d.<br \/>\n&nbsp;<\/p>\n","protected":false},"excerpt":{"rendered":"<p>Aunque con algunas diferencias entre oficialismo y oposici\u00f3n, los ediles acordaron realizar una reuni\u00f3n con farmac\u00e9uticos y \u00e1reas municipales involucradas. Profundizar\u00e1n sobre la difusi\u00f3n del tema. Se expresaron V\u00edctor Anton y Noelia Baier.<\/p>\n","protected":false},"author":3,"featured_media":0,"comment_status":"closed","ping_status":"open","sticky":false,"template":"","format":"standard","meta":{"footnotes":""},"categories":[28],"tags":[],"class_list":["post-1285","post","type-post","status-publish","format-standard","hentry","category-municipales"],"yoast_head":"<!-- This site is optimized with the Yoast SEO plugin v25.9 - https:\/\/yoast.com\/wordpress\/plugins\/seo\/ -->\n<title>El HCD avanza sobre el deshecho de los medicamentos vencidos - Noticias Radio Reflejos<\/title>\n<meta name=\"robots\" content=\"index, follow, max-snippet:-1, max-image-preview:large, max-video-preview:-1\" \/>\n<link rel=\"canonical\" href=\"https:\/\/www.noticiasradioreflejos.com.ar\/2021\/el-hcd-avanza-sobre-el-deshecho-de-los-medicamentos-vencidos\/\" \/>\n<meta property=\"og:locale\" content=\"es_ES\" \/>\n<meta property=\"og:type\" content=\"article\" \/>\n<meta property=\"og:title\" content=\"El HCD avanza sobre el deshecho de los medicamentos vencidos - Noticias Radio Reflejos\" \/>\n<meta property=\"og:description\" content=\"Aunque con algunas diferencias entre oficialismo y oposici\u00f3n, los ediles acordaron realizar una reuni\u00f3n con farmac\u00e9uticos y \u00e1reas municipales involucradas. Profundizar\u00e1n sobre la difusi\u00f3n del tema. Se expresaron V\u00edctor Anton y Noelia Baier.\" \/>\n<meta property=\"og:url\" content=\"https:\/\/www.noticiasradioreflejos.com.ar\/2021\/el-hcd-avanza-sobre-el-deshecho-de-los-medicamentos-vencidos\/\" \/>\n<meta property=\"og:site_name\" content=\"Noticias Radio Reflejos\" \/>\n<meta property=\"article:published_time\" content=\"2016-09-23T03:52:33+00:00\" \/>\n<meta property=\"og:image\" content=\"https:\/\/www.noticiasradioreflejos.com.ar\/2021\/wp-content\/uploads\/2021\/07\/logosol300x200.png\" \/>\n\t<meta property=\"og:image:width\" content=\"300\" \/>\n\t<meta property=\"og:image:height\" content=\"200\" \/>\n\t<meta property=\"og:image:type\" content=\"image\/png\" \/>\n<meta name=\"author\" content=\"Arnaldo Botto\" \/>\n<meta name=\"twitter:card\" content=\"summary_large_image\" \/>\n<script type=\"application\/ld+json\" class=\"yoast-schema-graph\">{\"@context\":\"https:\/\/schema.org\",\"@graph\":[{\"@type\":\"WebPage\",\"@id\":\"https:\/\/www.noticiasradioreflejos.com.ar\/2021\/el-hcd-avanza-sobre-el-deshecho-de-los-medicamentos-vencidos\/\",\"url\":\"https:\/\/www.noticiasradioreflejos.com.ar\/2021\/el-hcd-avanza-sobre-el-deshecho-de-los-medicamentos-vencidos\/\",\"name\":\"El HCD avanza sobre el deshecho de los medicamentos vencidos - Noticias Radio Reflejos\",\"isPartOf\":{\"@id\":\"https:\/\/www.noticiasradioreflejos.com.ar\/2021\/#website\"},\"datePublished\":\"2016-09-23T03:52:33+00:00\",\"author\":{\"@id\":\"https:\/\/www.noticiasradioreflejos.com.ar\/2021\/#\/schema\/person\/ad82545263dcc5ec0996818884fd5fb1\"},\"breadcrumb\":{\"@id\":\"https:\/\/www.noticiasradioreflejos.com.ar\/2021\/el-hcd-avanza-sobre-el-deshecho-de-los-medicamentos-vencidos\/#breadcrumb\"},\"inLanguage\":\"es\",\"potentialAction\":[{\"@type\":\"ReadAction\",\"target\":[\"https:\/\/www.noticiasradioreflejos.com.ar\/2021\/el-hcd-avanza-sobre-el-deshecho-de-los-medicamentos-vencidos\/\"]}]},{\"@type\":\"BreadcrumbList\",\"@id\":\"https:\/\/www.noticiasradioreflejos.com.ar\/2021\/el-hcd-avanza-sobre-el-deshecho-de-los-medicamentos-vencidos\/#breadcrumb\",\"itemListElement\":[{\"@type\":\"ListItem\",\"position\":1,\"name\":\"Portada\",\"item\":\"https:\/\/www.noticiasradioreflejos.com.ar\/2021\/\"},{\"@type\":\"ListItem\",\"position\":2,\"name\":\"El HCD avanza sobre el deshecho de los medicamentos vencidos\"}]},{\"@type\":\"WebSite\",\"@id\":\"https:\/\/www.noticiasradioreflejos.com.ar\/2021\/#website\",\"url\":\"https:\/\/www.noticiasradioreflejos.com.ar\/2021\/\",\"name\":\"Noticias Radio Reflejos\",\"description\":\"Las noticias de mi comarca\",\"potentialAction\":[{\"@type\":\"SearchAction\",\"target\":{\"@type\":\"EntryPoint\",\"urlTemplate\":\"https:\/\/www.noticiasradioreflejos.com.ar\/2021\/?s={search_term_string}\"},\"query-input\":{\"@type\":\"PropertyValueSpecification\",\"valueRequired\":true,\"valueName\":\"search_term_string\"}}],\"inLanguage\":\"es\"},{\"@type\":\"Person\",\"@id\":\"https:\/\/www.noticiasradioreflejos.com.ar\/2021\/#\/schema\/person\/ad82545263dcc5ec0996818884fd5fb1\",\"name\":\"Arnaldo Botto\",\"image\":{\"@type\":\"ImageObject\",\"inLanguage\":\"es\",\"@id\":\"https:\/\/www.noticiasradioreflejos.com.ar\/2021\/#\/schema\/person\/image\/\",\"url\":\"https:\/\/secure.gravatar.com\/avatar\/55cb5e37c1efa326397366e6974cb338056df65cb50e7d64d1cf314e87504837?s=96&d=mm&r=g\",\"contentUrl\":\"https:\/\/secure.gravatar.com\/avatar\/55cb5e37c1efa326397366e6974cb338056df65cb50e7d64d1cf314e87504837?s=96&d=mm&r=g\",\"caption\":\"Arnaldo Botto\"},\"url\":\"https:\/\/www.noticiasradioreflejos.com.ar\/2021\/author\/arnaldo\/\"}]}<\/script>\n<!-- \/ Yoast SEO plugin. -->","yoast_head_json":{"title":"El HCD avanza sobre el deshecho de los medicamentos vencidos - Noticias Radio Reflejos","robots":{"index":"index","follow":"follow","max-snippet":"max-snippet:-1","max-image-preview":"max-image-preview:large","max-video-preview":"max-video-preview:-1"},"canonical":"https:\/\/www.noticiasradioreflejos.com.ar\/2021\/el-hcd-avanza-sobre-el-deshecho-de-los-medicamentos-vencidos\/","og_locale":"es_ES","og_type":"article","og_title":"El HCD avanza sobre el deshecho de los medicamentos vencidos - Noticias Radio Reflejos","og_description":"Aunque con algunas diferencias entre oficialismo y oposici\u00f3n, los ediles acordaron realizar una reuni\u00f3n con farmac\u00e9uticos y \u00e1reas municipales involucradas. Profundizar\u00e1n sobre la difusi\u00f3n del tema. Se expresaron V\u00edctor Anton y Noelia Baier.","og_url":"https:\/\/www.noticiasradioreflejos.com.ar\/2021\/el-hcd-avanza-sobre-el-deshecho-de-los-medicamentos-vencidos\/","og_site_name":"Noticias Radio Reflejos","article_published_time":"2016-09-23T03:52:33+00:00","og_image":[{"width":300,"height":200,"url":"https:\/\/www.noticiasradioreflejos.com.ar\/2021\/wp-content\/uploads\/2021\/07\/logosol300x200.png","type":"image\/png"}],"author":"Arnaldo Botto","twitter_card":"summary_large_image","schema":{"@context":"https:\/\/schema.org","@graph":[{"@type":"WebPage","@id":"https:\/\/www.noticiasradioreflejos.com.ar\/2021\/el-hcd-avanza-sobre-el-deshecho-de-los-medicamentos-vencidos\/","url":"https:\/\/www.noticiasradioreflejos.com.ar\/2021\/el-hcd-avanza-sobre-el-deshecho-de-los-medicamentos-vencidos\/","name":"El HCD avanza sobre el deshecho de los medicamentos vencidos - Noticias Radio Reflejos","isPartOf":{"@id":"https:\/\/www.noticiasradioreflejos.com.ar\/2021\/#website"},"datePublished":"2016-09-23T03:52:33+00:00","author":{"@id":"https:\/\/www.noticiasradioreflejos.com.ar\/2021\/#\/schema\/person\/ad82545263dcc5ec0996818884fd5fb1"},"breadcrumb":{"@id":"https:\/\/www.noticiasradioreflejos.com.ar\/2021\/el-hcd-avanza-sobre-el-deshecho-de-los-medicamentos-vencidos\/#breadcrumb"},"inLanguage":"es","potentialAction":[{"@type":"ReadAction","target":["https:\/\/www.noticiasradioreflejos.com.ar\/2021\/el-hcd-avanza-sobre-el-deshecho-de-los-medicamentos-vencidos\/"]}]},{"@type":"BreadcrumbList","@id":"https:\/\/www.noticiasradioreflejos.com.ar\/2021\/el-hcd-avanza-sobre-el-deshecho-de-los-medicamentos-vencidos\/#breadcrumb","itemListElement":[{"@type":"ListItem","position":1,"name":"Portada","item":"https:\/\/www.noticiasradioreflejos.com.ar\/2021\/"},{"@type":"ListItem","position":2,"name":"El HCD avanza sobre el deshecho de los medicamentos vencidos"}]},{"@type":"WebSite","@id":"https:\/\/www.noticiasradioreflejos.com.ar\/2021\/#website","url":"https:\/\/www.noticiasradioreflejos.com.ar\/2021\/","name":"Noticias Radio Reflejos","description":"Las noticias de mi comarca","potentialAction":[{"@type":"SearchAction","target":{"@type":"EntryPoint","urlTemplate":"https:\/\/www.noticiasradioreflejos.com.ar\/2021\/?s={search_term_string}"},"query-input":{"@type":"PropertyValueSpecification","valueRequired":true,"valueName":"search_term_string"}}],"inLanguage":"es"},{"@type":"Person","@id":"https:\/\/www.noticiasradioreflejos.com.ar\/2021\/#\/schema\/person\/ad82545263dcc5ec0996818884fd5fb1","name":"Arnaldo Botto","image":{"@type":"ImageObject","inLanguage":"es","@id":"https:\/\/www.noticiasradioreflejos.com.ar\/2021\/#\/schema\/person\/image\/","url":"https:\/\/secure.gravatar.com\/avatar\/55cb5e37c1efa326397366e6974cb338056df65cb50e7d64d1cf314e87504837?s=96&d=mm&r=g","contentUrl":"https:\/\/secure.gravatar.com\/avatar\/55cb5e37c1efa326397366e6974cb338056df65cb50e7d64d1cf314e87504837?s=96&d=mm&r=g","caption":"Arnaldo Botto"},"url":"https:\/\/www.noticiasradioreflejos.com.ar\/2021\/author\/arnaldo\/"}]}},"_links":{"self":[{"href":"https:\/\/www.noticiasradioreflejos.com.ar\/2021\/wp-json\/wp\/v2\/posts\/1285","targetHints":{"allow":["GET"]}}],"collection":[{"href":"https:\/\/www.noticiasradioreflejos.com.ar\/2021\/wp-json\/wp\/v2\/posts"}],"about":[{"href":"https:\/\/www.noticiasradioreflejos.com.ar\/2021\/wp-json\/wp\/v2\/types\/post"}],"author":[{"embeddable":true,"href":"https:\/\/www.noticiasradioreflejos.com.ar\/2021\/wp-json\/wp\/v2\/users\/3"}],"replies":[{"embeddable":true,"href":"https:\/\/www.noticiasradioreflejos.com.ar\/2021\/wp-json\/wp\/v2\/comments?post=1285"}],"version-history":[{"count":0,"href":"https:\/\/www.noticiasradioreflejos.com.ar\/2021\/wp-json\/wp\/v2\/posts\/1285\/revisions"}],"wp:attachment":[{"href":"https:\/\/www.noticiasradioreflejos.com.ar\/2021\/wp-json\/wp\/v2\/media?parent=1285"}],"wp:term":[{"taxonomy":"category","embeddable":true,"href":"https:\/\/www.noticiasradioreflejos.com.ar\/2021\/wp-json\/wp\/v2\/categories?post=1285"},{"taxonomy":"post_tag","embeddable":true,"href":"https:\/\/www.noticiasradioreflejos.com.ar\/2021\/wp-json\/wp\/v2\/tags?post=1285"}],"curies":[{"name":"wp","href":"https:\/\/api.w.org\/{rel}","templated":true}]}}