{"id":12847,"date":"2017-07-27T15:40:10","date_gmt":"2017-07-27T18:40:10","guid":{"rendered":"http:\/\/www.noticiasradioreflejos.com.ar\/noticias\/?p=12847"},"modified":"2017-07-27T15:40:10","modified_gmt":"2017-07-27T18:40:10","slug":"visito-la-comarca-el-ministro-de-turismo-de-la-nacion-gustavo-santos-ventania-es-una-marca-fuertisima","status":"publish","type":"post","link":"https:\/\/www.noticiasradioreflejos.com.ar\/2021\/visito-la-comarca-el-ministro-de-turismo-de-la-nacion-gustavo-santos-ventania-es-una-marca-fuertisima\/","title":{"rendered":"Visit\u00f3 la Comarca el Ministro de Turismo de la Naci\u00f3n Gustavo Santos: &quot;Ventania es una marca fuert\u00edsima&quot;"},"content":{"rendered":"<p>El Ministro de Turismo de la Naci\u00f3n, Lic. Gustavo Santos, acompa\u00f1ado por el\u00a0Coordinador de Asuntos Parlamentarios, Lic. Diego Barberis y por el presidente de\u00a0la C\u00e1mara Argentina de Turismo, Oscar Guezzi visit\u00f3 nuestra Comarca el 26 de\u00a0Julio.<br \/>\nEn el recorrido por los\u00a0diferentes lugares tur\u00edsticos de nuestro destino, fue\u00a0acompa\u00f1ado por el Intendente Municipal Sergio Bordoni, la\u00a0Secretaria de\u00a0Turismo\u00a0Susana Dos Santos, el\u00a0Secretario de Desarrollo Gonzalo Iparraguirre, el\u00a0Director de Turismo Mart\u00edn Olhaberry y los legisladores Santiago Nardelli, Nidia\u00a0Moirano, Rosio Antinori y Laura Aprile.<br \/>\nLos funcionarios iniciaron su recorrida en el Dique Paso de las Piedras donde\u00a0recorrieron las instalaciones que cuenta el Municipio para reabrir el lugar. En\u00a0Saldungaray visitaron el Fort\u00edn Pav\u00f3n, la obra del Mercado de elaboraci\u00f3n de\u00a0productos regionales, y el vi\u00f1edo\u00a0y Bodega Saldungaray. En Sierra de la Ventana\u00a0se visit\u00f3 el Centro Cultural, el Club de Golf y el Hotel Provincial; en Villa Ventana la\u00a0localidad y el Monumento Hist\u00f3rico \u00abClub Hotel\u00bb Luego se trasladaron al Parque<br \/>\nprovincial \u201cErnesto Tornquist\u201d donde se sumaron los guardaparques\u00a0Rub\u00e9n\u00a0Gonzalez y Facundo Casalle Pintos,\u00a0para\u00a0examinar futuras inversiones de un\u00a0Ecocentro y Confiter\u00eda en el antiguo Hotel del Abra. Luego, el titular de la cartera\u00a0nacional tambi\u00e9n mantuvo un encuentro\u00a0en el Hotel El Mirador al pie del Cerro\u00a0Ventana\u00a0con\u00a0intendentes de la regi\u00f3n (Jos\u00e9 Zara, Mariano Uset, Roberto Palacio,\u00a0Ezequiel Galli, Carlos Berterret, Facundo Castelli), equipos t\u00e9cnicos de las\u00a0secretar\u00edas de Turismo,\u00a0el Vicepresidente de\u00a0FEHGRA\u00a0Horacio Levantesi,\u00a0el\u00a0Director Ejecutivo de AHG-BB\u00a0Silvio Rauschenberger, Flavio Rouan del Banco<br \/>\nProvincia\u00a0y empresarios del sector. Finalmente, se visit\u00f3 la localidad cabecera del\u00a0distrito, Tornquist, dando finalizaci\u00f3n al itinerario en su principal atractivo\u00a0patrimonial, la Plaza de cuatro manzanas que alberga a la Iglesia y un lago<br \/>\nartificial en su interior.<br \/>\nEl funcionario nacional transmiti\u00f3 su decisi\u00f3n de apoyar la puesta en valor de\u00a0diferentes inmuebles tur\u00edsticos que posee el Estado en nuestra Comarca, as\u00ed\u00a0como tambi\u00e9n a la marca tur\u00edstica &amp;quot;Ventania&amp;quot; para identificar uno de los corredores<br \/>\nde la Provincia de Buenos Aires. Asimismo, asegur\u00f3 el aporte del MinTur para la\u00a0restauraci\u00f3n del galp\u00f3n del Centro Cultural, en el trascurso de los pr\u00f3ximos\u00a0meses.<br \/>\nEl Ministro expres\u00f3: \u00abEstoy convencido que estamos ante un producto de una\u00a0fortaleza enorme. Ventania es una marca fuert\u00edsima. Esta Comarca Tur\u00edstica\u00a0tiene una potencialidad realmente muy grande y hemos estado viendo con el\u00a0intendente y las autoridades de turismo, una serie de acciones que podemosencarar juntos y que seguramente van a servir para impulsar esta<br \/>\nregi\u00f3n\u00bb \u00a0\u00abLa conectividad es clave. A partir del incremento de los vuelos en el\u00a0aeropuerto de Bah\u00eda\u00a0Blanca, la demanda en la regi\u00f3n va a ser mucho m\u00e1s fuerte y\u00a0por lo tanto hay que preparar la oferta para responder a esa demanda que se\u00a0viene\u201d. \u201cTenemos que hacer que se visibilice mucho m\u00e1s a esta regi\u00f3n, que entre\u00a0m\u00e1s en el gran mercado.\u00a0El compromiso que me llevo es hacer de\u00a0esta zona de\u00a0Ventania un producto no solamente de la regi\u00f3n, sino que se convierta en un\u00a0producto nacional\u00bb. \u00abMe llevo en particular una visi\u00f3n magnifica de Sierra de la\u00a0Ventana, de todo Ventania y de la regi\u00f3n en general\u201d.<br \/>\nPor su parte, el Intendente Bordoni manifest\u00f3: \u00abEs una visita altamente agradable,\u00a0es la primera visita de un Ministro de Turismo y esto nos llena de orgullo.\u00a0Junto al\u00a0apoyo de la Naci\u00f3n, tenemos la oportunidad hist\u00f3rica para despegar con<br \/>\ntodos los atractivos que tenemos en conjunto con toda la regi\u00f3n.\u00a0Tenemos\u00a0que trabajar en la infraestructura y trabajar en la comunicaci\u00f3n. Nos interesa\u00a0recuperar lugares abandonados como la confiter\u00eda del Dique Paso Piedras o<br \/>\nrestaurar las ruinas del Hotel en el Parque Provincial\u00bb<a title=\"Ministrovisita9\" href=\"http:\/\/farm5.staticflickr.com\/4294\/36163853156_8a4a06e14e_s.jpg\" rel=\"\"><img loading=\"lazy\" decoding=\"async\" class=\"aligncenter\" title=\"Ministrovisita9\" src=\"http:\/\/farm5.staticflickr.com\/4294\/36163853156_8a4a06e14e_z.jpg\" alt=\"Ministrovisita9\" width=\"640\" height=\"360\" \/><\/a><br \/>\n<a title=\"Ministrovisita8\" href=\"http:\/\/farm5.staticflickr.com\/4327\/36163853776_b89c8bfd46_s.jpg\" rel=\"\"><img loading=\"lazy\" decoding=\"async\" class=\"aligncenter\" title=\"Ministrovisita8\" src=\"http:\/\/farm5.staticflickr.com\/4327\/36163853776_b89c8bfd46_z.jpg\" alt=\"Ministrovisita8\" width=\"640\" height=\"360\" \/><\/a><br \/>\n<a title=\"Ministrovisita7\" href=\"http:\/\/farm5.staticflickr.com\/4304\/35368851074_c7ef1ae288_s.jpg\" rel=\"\"><img loading=\"lazy\" decoding=\"async\" class=\"aligncenter\" title=\"Ministrovisita7\" src=\"http:\/\/farm5.staticflickr.com\/4304\/35368851074_c7ef1ae288_z.jpg\" alt=\"Ministrovisita7\" width=\"640\" height=\"360\" \/>\u00a0<\/a><br \/>\n&nbsp;<br \/>\n<a title=\"Ministrovisita6\" href=\"http:\/\/farm5.staticflickr.com\/4311\/35368851944_c0faf4b98e_s.jpg\" rel=\"\"><img loading=\"lazy\" decoding=\"async\" class=\"aligncenter\" title=\"Ministrovisita6\" src=\"http:\/\/farm5.staticflickr.com\/4311\/35368851944_c0faf4b98e_z.jpg\" alt=\"Ministrovisita6\" width=\"640\" height=\"360\" \/><\/a><br \/>\n<a title=\"Ministrovisita5\" href=\"http:\/\/farm5.staticflickr.com\/4313\/35368852724_ffc5d5d562_s.jpg\" rel=\"\"><img loading=\"lazy\" decoding=\"async\" class=\"aligncenter\" title=\"Ministrovisita5\" src=\"http:\/\/farm5.staticflickr.com\/4313\/35368852724_ffc5d5d562_z.jpg\" alt=\"Ministrovisita5\" width=\"640\" height=\"360\" \/><\/a><br \/>\n<a title=\"Ministrovisita4\" href=\"http:\/\/farm5.staticflickr.com\/4307\/35368853684_e77111ec88_s.jpg\" rel=\"\"><img loading=\"lazy\" decoding=\"async\" class=\"aligncenter\" title=\"Ministrovisita4\" src=\"http:\/\/farm5.staticflickr.com\/4307\/35368853684_e77111ec88_z.jpg\" alt=\"Ministrovisita4\" width=\"640\" height=\"360\" \/><\/a><br \/>\n<a title=\"MinistroVisita2\" href=\"http:\/\/farm5.staticflickr.com\/4326\/36070284341_3dbbcf647b_s.jpg\" rel=\"\"><img loading=\"lazy\" decoding=\"async\" class=\"aligncenter\" title=\"MinistroVisita2\" src=\"http:\/\/farm5.staticflickr.com\/4326\/36070284341_3dbbcf647b_z.jpg\" alt=\"MinistroVisita2\" width=\"640\" height=\"360\" \/><\/a><br \/>\n<a title=\"MinistroVisita1\" href=\"http:\/\/farm5.staticflickr.com\/4292\/36070286421_2e56bafab7_s.jpg\" rel=\"\"><img loading=\"lazy\" decoding=\"async\" class=\"aligncenter\" title=\"MinistroVisita1\" src=\"http:\/\/farm5.staticflickr.com\/4292\/36070286421_2e56bafab7_z.jpg\" alt=\"MinistroVisita1\" width=\"640\" height=\"360\" \/><\/a><br \/>\n<a title=\"Mnistrovisita3\" href=\"http:\/\/farm5.staticflickr.com\/4316\/36205260765_82f94a2f41_s.jpg\" rel=\"\"><img loading=\"lazy\" decoding=\"async\" class=\"aligncenter\" title=\"Mnistrovisita3\" src=\"http:\/\/farm5.staticflickr.com\/4316\/36205260765_82f94a2f41_z.jpg\" alt=\"Mnistrovisita3\" width=\"640\" height=\"360\" \/><\/a><\/p>\n","protected":false},"excerpt":{"rendered":"<p>El Ministro de Turismo de la Naci\u00f3n, Lic. Gustavo Santos, acompa\u00f1ado por el Coordinador de Asuntos Parlamentarios, Lic. Diego Barberis y por el presidente de la C\u00e1mara Argentina de Turismo, Oscar Guezzi visit\u00f3 nuestra Comarca el 26 de Julio.<\/p>\n","protected":false},"author":1,"featured_media":0,"comment_status":"closed","ping_status":"open","sticky":false,"template":"","format":"standard","meta":{"footnotes":""},"categories":[33],"tags":[],"class_list":["post-12847","post","type-post","status-publish","format-standard","hentry","category-turismo"],"yoast_head":"<!-- This site is optimized with the Yoast SEO plugin v25.9 - https:\/\/yoast.com\/wordpress\/plugins\/seo\/ -->\n<title>Visit\u00f3 la Comarca el Ministro de Turismo de la Naci\u00f3n Gustavo Santos: &quot;Ventania es una marca fuert\u00edsima&quot; - Noticias Radio Reflejos<\/title>\n<meta name=\"robots\" content=\"index, follow, max-snippet:-1, max-image-preview:large, max-video-preview:-1\" \/>\n<link rel=\"canonical\" href=\"https:\/\/www.noticiasradioreflejos.com.ar\/2021\/visito-la-comarca-el-ministro-de-turismo-de-la-nacion-gustavo-santos-ventania-es-una-marca-fuertisima\/\" \/>\n<meta property=\"og:locale\" content=\"es_ES\" \/>\n<meta property=\"og:type\" content=\"article\" \/>\n<meta property=\"og:title\" content=\"Visit\u00f3 la Comarca el Ministro de Turismo de la Naci\u00f3n Gustavo Santos: &quot;Ventania es una marca fuert\u00edsima&quot; - Noticias Radio Reflejos\" \/>\n<meta property=\"og:description\" content=\"El Ministro de Turismo de la Naci\u00f3n, Lic. Gustavo Santos, acompa\u00f1ado por el Coordinador de Asuntos Parlamentarios, Lic. Diego Barberis y por el presidente de la C\u00e1mara Argentina de Turismo, Oscar Guezzi visit\u00f3 nuestra Comarca el 26 de Julio.\" \/>\n<meta property=\"og:url\" content=\"https:\/\/www.noticiasradioreflejos.com.ar\/2021\/visito-la-comarca-el-ministro-de-turismo-de-la-nacion-gustavo-santos-ventania-es-una-marca-fuertisima\/\" \/>\n<meta property=\"og:site_name\" content=\"Noticias Radio Reflejos\" \/>\n<meta property=\"article:published_time\" content=\"2017-07-27T18:40:10+00:00\" \/>\n<meta property=\"og:image\" content=\"http:\/\/farm5.staticflickr.com\/4294\/36163853156_8a4a06e14e_z.jpg\" \/>\n<meta name=\"author\" content=\"Ulises Nicolini\" \/>\n<meta name=\"twitter:card\" content=\"summary_large_image\" \/>\n<script type=\"application\/ld+json\" class=\"yoast-schema-graph\">{\"@context\":\"https:\/\/schema.org\",\"@graph\":[{\"@type\":\"WebPage\",\"@id\":\"https:\/\/www.noticiasradioreflejos.com.ar\/2021\/visito-la-comarca-el-ministro-de-turismo-de-la-nacion-gustavo-santos-ventania-es-una-marca-fuertisima\/\",\"url\":\"https:\/\/www.noticiasradioreflejos.com.ar\/2021\/visito-la-comarca-el-ministro-de-turismo-de-la-nacion-gustavo-santos-ventania-es-una-marca-fuertisima\/\",\"name\":\"Visit\u00f3 la Comarca el Ministro de Turismo de la Naci\u00f3n Gustavo Santos: &quot;Ventania es una marca fuert\u00edsima&quot; - Noticias Radio Reflejos\",\"isPartOf\":{\"@id\":\"https:\/\/www.noticiasradioreflejos.com.ar\/2021\/#website\"},\"primaryImageOfPage\":{\"@id\":\"https:\/\/www.noticiasradioreflejos.com.ar\/2021\/visito-la-comarca-el-ministro-de-turismo-de-la-nacion-gustavo-santos-ventania-es-una-marca-fuertisima\/#primaryimage\"},\"image\":{\"@id\":\"https:\/\/www.noticiasradioreflejos.com.ar\/2021\/visito-la-comarca-el-ministro-de-turismo-de-la-nacion-gustavo-santos-ventania-es-una-marca-fuertisima\/#primaryimage\"},\"thumbnailUrl\":\"http:\/\/farm5.staticflickr.com\/4294\/36163853156_8a4a06e14e_z.jpg\",\"datePublished\":\"2017-07-27T18:40:10+00:00\",\"author\":{\"@id\":\"https:\/\/www.noticiasradioreflejos.com.ar\/2021\/#\/schema\/person\/63bcc26111c5fc0e3cd7ca4e2bf77a60\"},\"breadcrumb\":{\"@id\":\"https:\/\/www.noticiasradioreflejos.com.ar\/2021\/visito-la-comarca-el-ministro-de-turismo-de-la-nacion-gustavo-santos-ventania-es-una-marca-fuertisima\/#breadcrumb\"},\"inLanguage\":\"es\",\"potentialAction\":[{\"@type\":\"ReadAction\",\"target\":[\"https:\/\/www.noticiasradioreflejos.com.ar\/2021\/visito-la-comarca-el-ministro-de-turismo-de-la-nacion-gustavo-santos-ventania-es-una-marca-fuertisima\/\"]}]},{\"@type\":\"ImageObject\",\"inLanguage\":\"es\",\"@id\":\"https:\/\/www.noticiasradioreflejos.com.ar\/2021\/visito-la-comarca-el-ministro-de-turismo-de-la-nacion-gustavo-santos-ventania-es-una-marca-fuertisima\/#primaryimage\",\"url\":\"http:\/\/farm5.staticflickr.com\/4294\/36163853156_8a4a06e14e_z.jpg\",\"contentUrl\":\"http:\/\/farm5.staticflickr.com\/4294\/36163853156_8a4a06e14e_z.jpg\"},{\"@type\":\"BreadcrumbList\",\"@id\":\"https:\/\/www.noticiasradioreflejos.com.ar\/2021\/visito-la-comarca-el-ministro-de-turismo-de-la-nacion-gustavo-santos-ventania-es-una-marca-fuertisima\/#breadcrumb\",\"itemListElement\":[{\"@type\":\"ListItem\",\"position\":1,\"name\":\"Portada\",\"item\":\"https:\/\/www.noticiasradioreflejos.com.ar\/2021\/\"},{\"@type\":\"ListItem\",\"position\":2,\"name\":\"Visit\u00f3 la Comarca el Ministro de Turismo de la Naci\u00f3n Gustavo Santos: &quot;Ventania es una marca fuert\u00edsima&quot;\"}]},{\"@type\":\"WebSite\",\"@id\":\"https:\/\/www.noticiasradioreflejos.com.ar\/2021\/#website\",\"url\":\"https:\/\/www.noticiasradioreflejos.com.ar\/2021\/\",\"name\":\"Noticias Radio Reflejos\",\"description\":\"Las noticias de mi comarca\",\"potentialAction\":[{\"@type\":\"SearchAction\",\"target\":{\"@type\":\"EntryPoint\",\"urlTemplate\":\"https:\/\/www.noticiasradioreflejos.com.ar\/2021\/?s={search_term_string}\"},\"query-input\":{\"@type\":\"PropertyValueSpecification\",\"valueRequired\":true,\"valueName\":\"search_term_string\"}}],\"inLanguage\":\"es\"},{\"@type\":\"Person\",\"@id\":\"https:\/\/www.noticiasradioreflejos.com.ar\/2021\/#\/schema\/person\/63bcc26111c5fc0e3cd7ca4e2bf77a60\",\"name\":\"Ulises Nicolini\",\"image\":{\"@type\":\"ImageObject\",\"inLanguage\":\"es\",\"@id\":\"https:\/\/www.noticiasradioreflejos.com.ar\/2021\/#\/schema\/person\/image\/\",\"url\":\"https:\/\/secure.gravatar.com\/avatar\/7f2c48bdc33b30088f941fb6082e555f2874c98e20cb159d7b92b50eadfce793?s=96&d=mm&r=g\",\"contentUrl\":\"https:\/\/secure.gravatar.com\/avatar\/7f2c48bdc33b30088f941fb6082e555f2874c98e20cb159d7b92b50eadfce793?s=96&d=mm&r=g\",\"caption\":\"Ulises Nicolini\"},\"sameAs\":[\"http:\/\/www.noticiasradioreflejos.com.ar\/2021\"],\"url\":\"https:\/\/www.noticiasradioreflejos.com.ar\/2021\/author\/admin\/\"}]}<\/script>\n<!-- \/ Yoast SEO plugin. -->","yoast_head_json":{"title":"Visit\u00f3 la Comarca el Ministro de Turismo de la Naci\u00f3n Gustavo Santos: &quot;Ventania es una marca fuert\u00edsima&quot; - Noticias Radio Reflejos","robots":{"index":"index","follow":"follow","max-snippet":"max-snippet:-1","max-image-preview":"max-image-preview:large","max-video-preview":"max-video-preview:-1"},"canonical":"https:\/\/www.noticiasradioreflejos.com.ar\/2021\/visito-la-comarca-el-ministro-de-turismo-de-la-nacion-gustavo-santos-ventania-es-una-marca-fuertisima\/","og_locale":"es_ES","og_type":"article","og_title":"Visit\u00f3 la Comarca el Ministro de Turismo de la Naci\u00f3n Gustavo Santos: &quot;Ventania es una marca fuert\u00edsima&quot; - Noticias Radio Reflejos","og_description":"El Ministro de Turismo de la Naci\u00f3n, Lic. Gustavo Santos, acompa\u00f1ado por el Coordinador de Asuntos Parlamentarios, Lic. Diego Barberis y por el presidente de la C\u00e1mara Argentina de Turismo, Oscar Guezzi visit\u00f3 nuestra Comarca el 26 de Julio.","og_url":"https:\/\/www.noticiasradioreflejos.com.ar\/2021\/visito-la-comarca-el-ministro-de-turismo-de-la-nacion-gustavo-santos-ventania-es-una-marca-fuertisima\/","og_site_name":"Noticias Radio Reflejos","article_published_time":"2017-07-27T18:40:10+00:00","og_image":[{"url":"http:\/\/farm5.staticflickr.com\/4294\/36163853156_8a4a06e14e_z.jpg","type":"","width":"","height":""}],"author":"Ulises Nicolini","twitter_card":"summary_large_image","schema":{"@context":"https:\/\/schema.org","@graph":[{"@type":"WebPage","@id":"https:\/\/www.noticiasradioreflejos.com.ar\/2021\/visito-la-comarca-el-ministro-de-turismo-de-la-nacion-gustavo-santos-ventania-es-una-marca-fuertisima\/","url":"https:\/\/www.noticiasradioreflejos.com.ar\/2021\/visito-la-comarca-el-ministro-de-turismo-de-la-nacion-gustavo-santos-ventania-es-una-marca-fuertisima\/","name":"Visit\u00f3 la Comarca el Ministro de Turismo de la Naci\u00f3n Gustavo Santos: &quot;Ventania es una marca fuert\u00edsima&quot; - Noticias Radio Reflejos","isPartOf":{"@id":"https:\/\/www.noticiasradioreflejos.com.ar\/2021\/#website"},"primaryImageOfPage":{"@id":"https:\/\/www.noticiasradioreflejos.com.ar\/2021\/visito-la-comarca-el-ministro-de-turismo-de-la-nacion-gustavo-santos-ventania-es-una-marca-fuertisima\/#primaryimage"},"image":{"@id":"https:\/\/www.noticiasradioreflejos.com.ar\/2021\/visito-la-comarca-el-ministro-de-turismo-de-la-nacion-gustavo-santos-ventania-es-una-marca-fuertisima\/#primaryimage"},"thumbnailUrl":"http:\/\/farm5.staticflickr.com\/4294\/36163853156_8a4a06e14e_z.jpg","datePublished":"2017-07-27T18:40:10+00:00","author":{"@id":"https:\/\/www.noticiasradioreflejos.com.ar\/2021\/#\/schema\/person\/63bcc26111c5fc0e3cd7ca4e2bf77a60"},"breadcrumb":{"@id":"https:\/\/www.noticiasradioreflejos.com.ar\/2021\/visito-la-comarca-el-ministro-de-turismo-de-la-nacion-gustavo-santos-ventania-es-una-marca-fuertisima\/#breadcrumb"},"inLanguage":"es","potentialAction":[{"@type":"ReadAction","target":["https:\/\/www.noticiasradioreflejos.com.ar\/2021\/visito-la-comarca-el-ministro-de-turismo-de-la-nacion-gustavo-santos-ventania-es-una-marca-fuertisima\/"]}]},{"@type":"ImageObject","inLanguage":"es","@id":"https:\/\/www.noticiasradioreflejos.com.ar\/2021\/visito-la-comarca-el-ministro-de-turismo-de-la-nacion-gustavo-santos-ventania-es-una-marca-fuertisima\/#primaryimage","url":"http:\/\/farm5.staticflickr.com\/4294\/36163853156_8a4a06e14e_z.jpg","contentUrl":"http:\/\/farm5.staticflickr.com\/4294\/36163853156_8a4a06e14e_z.jpg"},{"@type":"BreadcrumbList","@id":"https:\/\/www.noticiasradioreflejos.com.ar\/2021\/visito-la-comarca-el-ministro-de-turismo-de-la-nacion-gustavo-santos-ventania-es-una-marca-fuertisima\/#breadcrumb","itemListElement":[{"@type":"ListItem","position":1,"name":"Portada","item":"https:\/\/www.noticiasradioreflejos.com.ar\/2021\/"},{"@type":"ListItem","position":2,"name":"Visit\u00f3 la Comarca el Ministro de Turismo de la Naci\u00f3n Gustavo Santos: &quot;Ventania es una marca fuert\u00edsima&quot;"}]},{"@type":"WebSite","@id":"https:\/\/www.noticiasradioreflejos.com.ar\/2021\/#website","url":"https:\/\/www.noticiasradioreflejos.com.ar\/2021\/","name":"Noticias Radio Reflejos","description":"Las noticias de mi comarca","potentialAction":[{"@type":"SearchAction","target":{"@type":"EntryPoint","urlTemplate":"https:\/\/www.noticiasradioreflejos.com.ar\/2021\/?s={search_term_string}"},"query-input":{"@type":"PropertyValueSpecification","valueRequired":true,"valueName":"search_term_string"}}],"inLanguage":"es"},{"@type":"Person","@id":"https:\/\/www.noticiasradioreflejos.com.ar\/2021\/#\/schema\/person\/63bcc26111c5fc0e3cd7ca4e2bf77a60","name":"Ulises Nicolini","image":{"@type":"ImageObject","inLanguage":"es","@id":"https:\/\/www.noticiasradioreflejos.com.ar\/2021\/#\/schema\/person\/image\/","url":"https:\/\/secure.gravatar.com\/avatar\/7f2c48bdc33b30088f941fb6082e555f2874c98e20cb159d7b92b50eadfce793?s=96&d=mm&r=g","contentUrl":"https:\/\/secure.gravatar.com\/avatar\/7f2c48bdc33b30088f941fb6082e555f2874c98e20cb159d7b92b50eadfce793?s=96&d=mm&r=g","caption":"Ulises Nicolini"},"sameAs":["http:\/\/www.noticiasradioreflejos.com.ar\/2021"],"url":"https:\/\/www.noticiasradioreflejos.com.ar\/2021\/author\/admin\/"}]}},"_links":{"self":[{"href":"https:\/\/www.noticiasradioreflejos.com.ar\/2021\/wp-json\/wp\/v2\/posts\/12847","targetHints":{"allow":["GET"]}}],"collection":[{"href":"https:\/\/www.noticiasradioreflejos.com.ar\/2021\/wp-json\/wp\/v2\/posts"}],"about":[{"href":"https:\/\/www.noticiasradioreflejos.com.ar\/2021\/wp-json\/wp\/v2\/types\/post"}],"author":[{"embeddable":true,"href":"https:\/\/www.noticiasradioreflejos.com.ar\/2021\/wp-json\/wp\/v2\/users\/1"}],"replies":[{"embeddable":true,"href":"https:\/\/www.noticiasradioreflejos.com.ar\/2021\/wp-json\/wp\/v2\/comments?post=12847"}],"version-history":[{"count":0,"href":"https:\/\/www.noticiasradioreflejos.com.ar\/2021\/wp-json\/wp\/v2\/posts\/12847\/revisions"}],"wp:attachment":[{"href":"https:\/\/www.noticiasradioreflejos.com.ar\/2021\/wp-json\/wp\/v2\/media?parent=12847"}],"wp:term":[{"taxonomy":"category","embeddable":true,"href":"https:\/\/www.noticiasradioreflejos.com.ar\/2021\/wp-json\/wp\/v2\/categories?post=12847"},{"taxonomy":"post_tag","embeddable":true,"href":"https:\/\/www.noticiasradioreflejos.com.ar\/2021\/wp-json\/wp\/v2\/tags?post=12847"}],"curies":[{"name":"wp","href":"https:\/\/api.w.org\/{rel}","templated":true}]}}