{"id":12842,"date":"2017-07-27T15:23:03","date_gmt":"2017-07-27T18:23:03","guid":{"rendered":"http:\/\/www.noticiasradioreflejos.com.ar\/noticias\/?p=12842"},"modified":"2017-07-27T15:23:03","modified_gmt":"2017-07-27T18:23:03","slug":"convocatoria-para-artistas-a-participar-del-salon-de-artes-visuales-florencio-molina-campos-en-la-especialidad-escultura-y-experiencias-espaciales","status":"publish","type":"post","link":"https:\/\/www.noticiasradioreflejos.com.ar\/2021\/convocatoria-para-artistas-a-participar-del-salon-de-artes-visuales-florencio-molina-campos-en-la-especialidad-escultura-y-experiencias-espaciales\/","title":{"rendered":"Convocatoria para artistas a participar del Sal\u00f3n de Artes Visuales Florencio Molina Campos, en la especialidad Escultura y experiencias espaciales"},"content":{"rendered":"<p>Sal\u00f3n de Artes Visuales Florencio Molina Campos 2017 &#8211; Escultura y experiencias espaciales<br \/>\nCon el objetivo de estimular, promover y difundir la exploraci\u00f3n art\u00edstica y experimentaci\u00f3n dentro de las artes visuales, el Gobierno de la Provincia de Buenos Aires, a trav\u00e9s del Museo Provincial de Bellas Artes Emilio Pettoruti dependiente del Ministerio de Gesti\u00f3n Cultural, convoca a todos los artistas a participar del Sal\u00f3n de Artes Visuales Florencio Molina Campos, en la especialidad Escultura y experiencias espaciales, que se realizar\u00e1 en noviembre de 2017 en la localidad de Quilmes.<br \/>\n&nbsp;<br \/>\nLos interesados en participar en el Sal\u00f3n pueden inscribirse del 28 de agosto al 8 de septiembre: virtualmente a trav\u00e9s de: http:\/\/aplic.ic.gba.gob.ar\/sal onfmc\/, o personalmente o por correo postal enviando una carpeta al Museo Provincial de Bellas Artes Emilio Pettoruti, Avda. 51 n\u00ba 525, La Plata en el horario de 10 a 16, que deber\u00e1 contener:<br \/>\n&#8211; Breve Curriculum Vital<br \/>\n&#8211; Copia de anverso y reverso del Documento Nacional de Identidad. En el caso de extranjeros la documentaci\u00f3n que acredite el periodo de residencia establecido.<br \/>\n&#8211;\u00a0 Foto color que d\u00e9 cuenta de la obra en su totalidad y 2 fotos detalle de la obra\u00a0 (las fotos deber\u00e1n ser tama\u00f1o postal: 13 x 18 cm a 20 x 30 cm). Al dorso de la foto deber\u00e1n figurar\u00a0 nombre y apellido del artista, t\u00edtulo, t\u00e9cnica y medidas de la obra; domicilio, tel\u00e9fono, correo electr\u00f3nico y fecha de nacimiento.<br \/>\n&nbsp;<br \/>\nPodr\u00e1n participar artistas mayores de 18 a\u00f1os, argentinos y extranjeros. Para el caso de artistas argentinos, los mismos deber\u00e1n contar con un m\u00ednimo de dos a\u00f1os de residencia en la Provincia de Buenos Aires, mientras que a los artistas extranjeros se les exigir\u00e1 un m\u00ednimo de tres a\u00f1os de residencia en el pa\u00eds y dos en la Provinciade Buenos Aires. Para la acreditaci\u00f3n del per\u00edodo de residencia, los artistas podr\u00e1n presentar la totalidad de la documentaci\u00f3n con la que cuenten, la cual ser\u00e1 evaluada y valorada por la autoridad de aplicaci\u00f3n.<br \/>\n&nbsp;<br \/>\nSe admitir\u00e1 una obra original por autor. El tema y la t\u00e9cnica son libres, siempre que se encuadren en la especialidad Escultura y experiencias espaciales.<br \/>\n&nbsp;<br \/>\nLas obras deber\u00e1n estar realizadas en materiales imperecederos y definitivos y podr\u00e1n estar integradas por varias partes, siempre que no superen las dimensiones\u00a0 establecidas en el presente Reglamento. En este \u00faltimo caso, las partes deben mantener una relaci\u00f3n estrecha, ya sea tem\u00e1tica o de procedimiento, que den cuenta de ser partes de una obra final.<br \/>\n&nbsp;<br \/>\nDimensiones y peso:<br \/>\n&nbsp;<br \/>\nLa medida m\u00ednima deber\u00e1 ser de 40 cent\u00edmetros en al menos uno de sus lados (alto, ancho o profundidad), sin incluir base, soporte o pedestal. Medidas m\u00e1ximas: Las obras presentadas podr\u00e1n medir hasta 200 cent\u00edmetros de alto x 200 cent\u00edmetros de ancho x 200 cent\u00edmetros de profundidad, a\u00fan si fuesen compuestas por varias partes e incluyendo base, soporte o pedestal.<br \/>\n&nbsp;<br \/>\nLas obras compuestas por una sola pieza no podr\u00e1n superar los 70 kilogramos. Las obras compuestas por m\u00e1s de una pieza no deber\u00e1n superar en su composici\u00f3n total los setenta 70 kilogramos. Las obras que cuelguen del muro no podr\u00e1n superar los 20 kilogramos.<br \/>\n&nbsp;<br \/>\nSe instituyen los siguientes premios:<br \/>\nPremio \u201cMinisterio de Gesti\u00f3n Cultural de la\u00a0 Provincia de\u00a0 Buenos\u00a0 Aires\u201d, Adquisici\u00f3n, $ 45.000.<br \/>\nPremio \u201cHonorable C\u00e1mara de Senadores de la\u00a0 Provincia de Buenos Aires\u201d, Adquisici\u00f3n, $ 40.000.<br \/>\nPremio \u201cHonorable C\u00e1mara de Diputados de la\u00a0 Provincia de Buenos Aires\u201d, Adquisici\u00f3n, $ 40.000.<br \/>\nMenci\u00f3n \u00a0de Honor \u201cMuseo Provincial de Bellas Artes Emilio Pettoruti\u201d,\u00a0 Diploma.<br \/>\nMenci\u00f3n\u00a0 de Honor \u201cMunicipalidad de Quilmes\u201d,\u00a0 Diploma.<br \/>\n&nbsp;<br \/>\nLos artistas cuyas obras fueran seleccionadas deber\u00e1n enviarlas a Av. Rivadavia 498 Museo de Artes Visuales V\u00edctor Roverano de la localidad de Quilmes,\u00a0 de lunes a viernes en el horario de 9 a 18, en la fecha indicada en el cronograma.<br \/>\n&nbsp;<br \/>\nLa inauguraci\u00f3n del Sal\u00f3n ser\u00e1 en el mes de noviembre de 2017.<br \/>\n&nbsp;<br \/>\nLos interesados pueden encontrar el reglamento completo y la planilla de inscripci\u00f3n en la p\u00e1gina web del Ministerio de Gesti\u00f3n Cultural\u00a0 de la Provincia de Buenos Aires: http:\/\/aplic.ic.gba.gob.ar\/sal onfmc\/, en el facebook del Museo Provincial de Bellas Artes:<br \/>\nhttps:\/\/www.facebook.com\/Museo ProvincialBellasArtesEmilioPet toruti<br \/>\nY por cualquier duda o consulta deber\u00e1n llamar al (0221) 421-2206 \/ 421-8619 o escribir a salonesmpba@gmail.com<br \/>\n&nbsp;<br \/>\n<a href=\"http:\/\/www.noticiasradioreflejos.com.ar\/noticias\/wp-content\/uploads\/2017\/07\/A-Reglamento-Sal\u00f3n-Molina-Campos-2017-1.pdf\">Reglamento Sal\u00f3n Molina Campos 2017\u00a0<\/a><\/p>\n","protected":false},"excerpt":{"rendered":"<p>Con el objetivo de estimular, promover y difundir la exploraci\u00f3n art\u00edstica y experimentaci\u00f3n dentro de las artes visuales, el Gobierno de la Provincia de Buenos Aires, a trav\u00e9s del Museo Provincial de Bellas Artes Emilio Pettoruti dependiente del Ministerio de Gesti\u00f3n Cultural, convoca a todos los artistas a participar del Sal\u00f3n de Artes Visuales Florencio Molina Campos, en la especialidad Escultura y experiencias espaciales, que se realizar\u00e1 en noviembre de 2017 en la localidad de Quilmes.<\/p>\n","protected":false},"author":1,"featured_media":0,"comment_status":"closed","ping_status":"open","sticky":false,"template":"","format":"standard","meta":{"footnotes":""},"categories":[35,26],"tags":[],"class_list":["post-12842","post","type-post","status-publish","format-standard","hentry","category-cultura","category-sociedad"],"yoast_head":"<!-- This site is optimized with the Yoast SEO plugin v25.9 - https:\/\/yoast.com\/wordpress\/plugins\/seo\/ -->\n<title>Convocatoria para artistas a participar del Sal\u00f3n de Artes Visuales Florencio Molina Campos, en la especialidad Escultura y experiencias espaciales - Noticias Radio Reflejos<\/title>\n<meta name=\"robots\" content=\"index, follow, max-snippet:-1, max-image-preview:large, max-video-preview:-1\" \/>\n<link rel=\"canonical\" href=\"https:\/\/www.noticiasradioreflejos.com.ar\/2021\/convocatoria-para-artistas-a-participar-del-salon-de-artes-visuales-florencio-molina-campos-en-la-especialidad-escultura-y-experiencias-espaciales\/\" \/>\n<meta property=\"og:locale\" content=\"es_ES\" \/>\n<meta property=\"og:type\" content=\"article\" \/>\n<meta property=\"og:title\" content=\"Convocatoria para artistas a participar del Sal\u00f3n de Artes Visuales Florencio Molina Campos, en la especialidad Escultura y experiencias espaciales - Noticias Radio Reflejos\" \/>\n<meta property=\"og:description\" content=\"Con el objetivo de estimular, promover y difundir la exploraci\u00f3n art\u00edstica y experimentaci\u00f3n dentro de las artes visuales, el Gobierno de la Provincia de Buenos Aires, a trav\u00e9s del Museo Provincial de Bellas Artes Emilio Pettoruti dependiente del Ministerio de Gesti\u00f3n Cultural, convoca a todos los artistas a participar del Sal\u00f3n de Artes Visuales Florencio Molina Campos, en la especialidad Escultura y experiencias espaciales, que se realizar\u00e1 en noviembre de 2017 en la localidad de Quilmes.\" \/>\n<meta property=\"og:url\" content=\"https:\/\/www.noticiasradioreflejos.com.ar\/2021\/convocatoria-para-artistas-a-participar-del-salon-de-artes-visuales-florencio-molina-campos-en-la-especialidad-escultura-y-experiencias-espaciales\/\" \/>\n<meta property=\"og:site_name\" content=\"Noticias Radio Reflejos\" \/>\n<meta property=\"article:published_time\" content=\"2017-07-27T18:23:03+00:00\" \/>\n<meta property=\"og:image\" content=\"https:\/\/www.noticiasradioreflejos.com.ar\/2021\/wp-content\/uploads\/2021\/07\/logosol300x200.png\" \/>\n\t<meta property=\"og:image:width\" content=\"300\" \/>\n\t<meta property=\"og:image:height\" content=\"200\" \/>\n\t<meta property=\"og:image:type\" content=\"image\/png\" \/>\n<meta name=\"author\" content=\"Ulises Nicolini\" \/>\n<meta name=\"twitter:card\" content=\"summary_large_image\" \/>\n<script type=\"application\/ld+json\" class=\"yoast-schema-graph\">{\"@context\":\"https:\/\/schema.org\",\"@graph\":[{\"@type\":\"WebPage\",\"@id\":\"https:\/\/www.noticiasradioreflejos.com.ar\/2021\/convocatoria-para-artistas-a-participar-del-salon-de-artes-visuales-florencio-molina-campos-en-la-especialidad-escultura-y-experiencias-espaciales\/\",\"url\":\"https:\/\/www.noticiasradioreflejos.com.ar\/2021\/convocatoria-para-artistas-a-participar-del-salon-de-artes-visuales-florencio-molina-campos-en-la-especialidad-escultura-y-experiencias-espaciales\/\",\"name\":\"Convocatoria para artistas a participar del Sal\u00f3n de Artes Visuales Florencio Molina Campos, en la especialidad Escultura y experiencias espaciales - Noticias Radio Reflejos\",\"isPartOf\":{\"@id\":\"https:\/\/www.noticiasradioreflejos.com.ar\/2021\/#website\"},\"datePublished\":\"2017-07-27T18:23:03+00:00\",\"author\":{\"@id\":\"https:\/\/www.noticiasradioreflejos.com.ar\/2021\/#\/schema\/person\/63bcc26111c5fc0e3cd7ca4e2bf77a60\"},\"breadcrumb\":{\"@id\":\"https:\/\/www.noticiasradioreflejos.com.ar\/2021\/convocatoria-para-artistas-a-participar-del-salon-de-artes-visuales-florencio-molina-campos-en-la-especialidad-escultura-y-experiencias-espaciales\/#breadcrumb\"},\"inLanguage\":\"es\",\"potentialAction\":[{\"@type\":\"ReadAction\",\"target\":[\"https:\/\/www.noticiasradioreflejos.com.ar\/2021\/convocatoria-para-artistas-a-participar-del-salon-de-artes-visuales-florencio-molina-campos-en-la-especialidad-escultura-y-experiencias-espaciales\/\"]}]},{\"@type\":\"BreadcrumbList\",\"@id\":\"https:\/\/www.noticiasradioreflejos.com.ar\/2021\/convocatoria-para-artistas-a-participar-del-salon-de-artes-visuales-florencio-molina-campos-en-la-especialidad-escultura-y-experiencias-espaciales\/#breadcrumb\",\"itemListElement\":[{\"@type\":\"ListItem\",\"position\":1,\"name\":\"Portada\",\"item\":\"https:\/\/www.noticiasradioreflejos.com.ar\/2021\/\"},{\"@type\":\"ListItem\",\"position\":2,\"name\":\"Convocatoria para artistas a participar del Sal\u00f3n de Artes Visuales Florencio Molina Campos, en la especialidad Escultura y experiencias espaciales\"}]},{\"@type\":\"WebSite\",\"@id\":\"https:\/\/www.noticiasradioreflejos.com.ar\/2021\/#website\",\"url\":\"https:\/\/www.noticiasradioreflejos.com.ar\/2021\/\",\"name\":\"Noticias Radio Reflejos\",\"description\":\"Las noticias de mi comarca\",\"potentialAction\":[{\"@type\":\"SearchAction\",\"target\":{\"@type\":\"EntryPoint\",\"urlTemplate\":\"https:\/\/www.noticiasradioreflejos.com.ar\/2021\/?s={search_term_string}\"},\"query-input\":{\"@type\":\"PropertyValueSpecification\",\"valueRequired\":true,\"valueName\":\"search_term_string\"}}],\"inLanguage\":\"es\"},{\"@type\":\"Person\",\"@id\":\"https:\/\/www.noticiasradioreflejos.com.ar\/2021\/#\/schema\/person\/63bcc26111c5fc0e3cd7ca4e2bf77a60\",\"name\":\"Ulises Nicolini\",\"image\":{\"@type\":\"ImageObject\",\"inLanguage\":\"es\",\"@id\":\"https:\/\/www.noticiasradioreflejos.com.ar\/2021\/#\/schema\/person\/image\/\",\"url\":\"https:\/\/secure.gravatar.com\/avatar\/7f2c48bdc33b30088f941fb6082e555f2874c98e20cb159d7b92b50eadfce793?s=96&d=mm&r=g\",\"contentUrl\":\"https:\/\/secure.gravatar.com\/avatar\/7f2c48bdc33b30088f941fb6082e555f2874c98e20cb159d7b92b50eadfce793?s=96&d=mm&r=g\",\"caption\":\"Ulises Nicolini\"},\"sameAs\":[\"http:\/\/www.noticiasradioreflejos.com.ar\/2021\"],\"url\":\"https:\/\/www.noticiasradioreflejos.com.ar\/2021\/author\/admin\/\"}]}<\/script>\n<!-- \/ Yoast SEO plugin. -->","yoast_head_json":{"title":"Convocatoria para artistas a participar del Sal\u00f3n de Artes Visuales Florencio Molina Campos, en la especialidad Escultura y experiencias espaciales - Noticias Radio Reflejos","robots":{"index":"index","follow":"follow","max-snippet":"max-snippet:-1","max-image-preview":"max-image-preview:large","max-video-preview":"max-video-preview:-1"},"canonical":"https:\/\/www.noticiasradioreflejos.com.ar\/2021\/convocatoria-para-artistas-a-participar-del-salon-de-artes-visuales-florencio-molina-campos-en-la-especialidad-escultura-y-experiencias-espaciales\/","og_locale":"es_ES","og_type":"article","og_title":"Convocatoria para artistas a participar del Sal\u00f3n de Artes Visuales Florencio Molina Campos, en la especialidad Escultura y experiencias espaciales - Noticias Radio Reflejos","og_description":"Con el objetivo de estimular, promover y difundir la exploraci\u00f3n art\u00edstica y experimentaci\u00f3n dentro de las artes visuales, el Gobierno de la Provincia de Buenos Aires, a trav\u00e9s del Museo Provincial de Bellas Artes Emilio Pettoruti dependiente del Ministerio de Gesti\u00f3n Cultural, convoca a todos los artistas a participar del Sal\u00f3n de Artes Visuales Florencio Molina Campos, en la especialidad Escultura y experiencias espaciales, que se realizar\u00e1 en noviembre de 2017 en la localidad de Quilmes.","og_url":"https:\/\/www.noticiasradioreflejos.com.ar\/2021\/convocatoria-para-artistas-a-participar-del-salon-de-artes-visuales-florencio-molina-campos-en-la-especialidad-escultura-y-experiencias-espaciales\/","og_site_name":"Noticias Radio Reflejos","article_published_time":"2017-07-27T18:23:03+00:00","og_image":[{"width":300,"height":200,"url":"https:\/\/www.noticiasradioreflejos.com.ar\/2021\/wp-content\/uploads\/2021\/07\/logosol300x200.png","type":"image\/png"}],"author":"Ulises Nicolini","twitter_card":"summary_large_image","schema":{"@context":"https:\/\/schema.org","@graph":[{"@type":"WebPage","@id":"https:\/\/www.noticiasradioreflejos.com.ar\/2021\/convocatoria-para-artistas-a-participar-del-salon-de-artes-visuales-florencio-molina-campos-en-la-especialidad-escultura-y-experiencias-espaciales\/","url":"https:\/\/www.noticiasradioreflejos.com.ar\/2021\/convocatoria-para-artistas-a-participar-del-salon-de-artes-visuales-florencio-molina-campos-en-la-especialidad-escultura-y-experiencias-espaciales\/","name":"Convocatoria para artistas a participar del Sal\u00f3n de Artes Visuales Florencio Molina Campos, en la especialidad Escultura y experiencias espaciales - Noticias Radio Reflejos","isPartOf":{"@id":"https:\/\/www.noticiasradioreflejos.com.ar\/2021\/#website"},"datePublished":"2017-07-27T18:23:03+00:00","author":{"@id":"https:\/\/www.noticiasradioreflejos.com.ar\/2021\/#\/schema\/person\/63bcc26111c5fc0e3cd7ca4e2bf77a60"},"breadcrumb":{"@id":"https:\/\/www.noticiasradioreflejos.com.ar\/2021\/convocatoria-para-artistas-a-participar-del-salon-de-artes-visuales-florencio-molina-campos-en-la-especialidad-escultura-y-experiencias-espaciales\/#breadcrumb"},"inLanguage":"es","potentialAction":[{"@type":"ReadAction","target":["https:\/\/www.noticiasradioreflejos.com.ar\/2021\/convocatoria-para-artistas-a-participar-del-salon-de-artes-visuales-florencio-molina-campos-en-la-especialidad-escultura-y-experiencias-espaciales\/"]}]},{"@type":"BreadcrumbList","@id":"https:\/\/www.noticiasradioreflejos.com.ar\/2021\/convocatoria-para-artistas-a-participar-del-salon-de-artes-visuales-florencio-molina-campos-en-la-especialidad-escultura-y-experiencias-espaciales\/#breadcrumb","itemListElement":[{"@type":"ListItem","position":1,"name":"Portada","item":"https:\/\/www.noticiasradioreflejos.com.ar\/2021\/"},{"@type":"ListItem","position":2,"name":"Convocatoria para artistas a participar del Sal\u00f3n de Artes Visuales Florencio Molina Campos, en la especialidad Escultura y experiencias espaciales"}]},{"@type":"WebSite","@id":"https:\/\/www.noticiasradioreflejos.com.ar\/2021\/#website","url":"https:\/\/www.noticiasradioreflejos.com.ar\/2021\/","name":"Noticias Radio Reflejos","description":"Las noticias de mi comarca","potentialAction":[{"@type":"SearchAction","target":{"@type":"EntryPoint","urlTemplate":"https:\/\/www.noticiasradioreflejos.com.ar\/2021\/?s={search_term_string}"},"query-input":{"@type":"PropertyValueSpecification","valueRequired":true,"valueName":"search_term_string"}}],"inLanguage":"es"},{"@type":"Person","@id":"https:\/\/www.noticiasradioreflejos.com.ar\/2021\/#\/schema\/person\/63bcc26111c5fc0e3cd7ca4e2bf77a60","name":"Ulises Nicolini","image":{"@type":"ImageObject","inLanguage":"es","@id":"https:\/\/www.noticiasradioreflejos.com.ar\/2021\/#\/schema\/person\/image\/","url":"https:\/\/secure.gravatar.com\/avatar\/7f2c48bdc33b30088f941fb6082e555f2874c98e20cb159d7b92b50eadfce793?s=96&d=mm&r=g","contentUrl":"https:\/\/secure.gravatar.com\/avatar\/7f2c48bdc33b30088f941fb6082e555f2874c98e20cb159d7b92b50eadfce793?s=96&d=mm&r=g","caption":"Ulises Nicolini"},"sameAs":["http:\/\/www.noticiasradioreflejos.com.ar\/2021"],"url":"https:\/\/www.noticiasradioreflejos.com.ar\/2021\/author\/admin\/"}]}},"_links":{"self":[{"href":"https:\/\/www.noticiasradioreflejos.com.ar\/2021\/wp-json\/wp\/v2\/posts\/12842","targetHints":{"allow":["GET"]}}],"collection":[{"href":"https:\/\/www.noticiasradioreflejos.com.ar\/2021\/wp-json\/wp\/v2\/posts"}],"about":[{"href":"https:\/\/www.noticiasradioreflejos.com.ar\/2021\/wp-json\/wp\/v2\/types\/post"}],"author":[{"embeddable":true,"href":"https:\/\/www.noticiasradioreflejos.com.ar\/2021\/wp-json\/wp\/v2\/users\/1"}],"replies":[{"embeddable":true,"href":"https:\/\/www.noticiasradioreflejos.com.ar\/2021\/wp-json\/wp\/v2\/comments?post=12842"}],"version-history":[{"count":0,"href":"https:\/\/www.noticiasradioreflejos.com.ar\/2021\/wp-json\/wp\/v2\/posts\/12842\/revisions"}],"wp:attachment":[{"href":"https:\/\/www.noticiasradioreflejos.com.ar\/2021\/wp-json\/wp\/v2\/media?parent=12842"}],"wp:term":[{"taxonomy":"category","embeddable":true,"href":"https:\/\/www.noticiasradioreflejos.com.ar\/2021\/wp-json\/wp\/v2\/categories?post=12842"},{"taxonomy":"post_tag","embeddable":true,"href":"https:\/\/www.noticiasradioreflejos.com.ar\/2021\/wp-json\/wp\/v2\/tags?post=12842"}],"curies":[{"name":"wp","href":"https:\/\/api.w.org\/{rel}","templated":true}]}}