{"id":12835,"date":"2017-07-27T18:50:58","date_gmt":"2017-07-27T21:50:58","guid":{"rendered":"http:\/\/www.noticiasradioreflejos.com.ar\/noticias\/?p=12835"},"modified":"2017-07-27T18:50:58","modified_gmt":"2017-07-27T21:50:58","slug":"me-llevo-el-compromiso-de-hacer-que-la-zona-de-ventania-se-convierta-en-un-producto-nacional","status":"publish","type":"post","link":"https:\/\/www.noticiasradioreflejos.com.ar\/2021\/me-llevo-el-compromiso-de-hacer-que-la-zona-de-ventania-se-convierta-en-un-producto-nacional\/","title":{"rendered":"&quot;Me llevo el compromiso de hacer que la zona de Ventania se convierta en un producto Nacional&quot;"},"content":{"rendered":"<p>El Lic. Gustavo Santos, Ministro de Turismo de la Naci\u00f3n visit\u00f3 este mi\u00e9rcoles la Comarca de Sierra de la Ventana. Recorri\u00f3 Saldungaray, Sierra de la Ventana y luego de una reuni\u00f3n con empresarios, integrantes de C\u00e1maras de la regi\u00f3n , particip\u00f3 de un almuerzo con integrantes del ejecutivo local y visitantes en el Restaurante del Hotel \u00abEl Mirador\u00bb al pi\u00e9 del Cerro Ventana.<br \/>\n<!--more--><br \/>\nDialogamos con \u00e9l respecto a temas acerca de c\u00f3mo ve nuestro turismo, en donde expresa \u00bb Lo veo muy bien, creo que hay que hacer que se visualice m\u00e1s, que se visibilice m\u00e1s, que entre en el gran mercado\u00bb<br \/>\nSostiene que la idea es trabajar juntos para desarrollar el turismo que es una de las fuentes de generaci\u00f3n de empleo m\u00e1s importantes que tiene Argentina, \u00abEstamos ante una regi\u00f3n con una potencialidad tur\u00edstica enorme\u00bb \u00abVentania es una marca fuert\u00edsima\u00bb<br \/>\nComenta que su visita responde al impulso tanto del Presidente como de la Gobernadora de querer desarrollar a\u00fan mas el turismo en la Provincia. \u00abHe recogido proyectos y propuestas de localidades cercanas que nos han visitado, tanto del sector p\u00fablico como privado, me llevo una visi\u00f3n particularmente de Sierra de la Ventana y de todo Ventania magn\u00edfica a dem\u00e1s de la regi\u00f3n en general\u00bb<br \/>\nConcluye con su compromiso de \u00abHacer que esta zona de Ventania sea un producto no solamente de la regi\u00f3n, no solo consumido por la persona de la zona, sino que se convierta en producto Nacional\u00bb<br \/>\n[soundcloud url=\u00bbhttps:\/\/api.soundcloud.com\/tracks\/335080945&#8243; params=\u00bbcolor=ff5500&amp;auto_play=false&amp;hide_related=false&amp;show_comments=true&amp;show_user=true&amp;show_reposts=false\u00bb width=\u00bb100%\u00bb height=\u00bb166&#8243; iframe=\u00bbtrue\u00bb \/]<br \/>\n&nbsp;<br \/>\n&nbsp;<br \/>\n&nbsp;<\/p>\n","protected":false},"excerpt":{"rendered":"<p>El Lic. Gustavo Santos, Ministro de Turismo de la Naci\u00f3n visit\u00f3 este mi\u00e9rcoles la Comarca de Sierra de la Ventana. Recorri\u00f3 Saldungaray, Sierra de la Ventana y luego de una reuni\u00f3n con empresarios, integrantes de C\u00e1maras de la regi\u00f3n , particip\u00f3 de un almuerzo con integrantes del ejecutivo local y visitantes en el Restaurante del Hotrel \u00abEl Mirador\u00bb al pi\u00e9 del Cerro Ventana.<\/p>\n","protected":false},"author":3,"featured_media":0,"comment_status":"closed","ping_status":"open","sticky":false,"template":"","format":"standard","meta":{"footnotes":""},"categories":[33],"tags":[],"class_list":["post-12835","post","type-post","status-publish","format-standard","hentry","category-turismo"],"yoast_head":"<!-- This site is optimized with the Yoast SEO plugin v25.9 - https:\/\/yoast.com\/wordpress\/plugins\/seo\/ -->\n<title>&quot;Me llevo el compromiso de hacer que la zona de Ventania se convierta en un producto Nacional&quot; - Noticias Radio Reflejos<\/title>\n<meta name=\"robots\" content=\"index, follow, max-snippet:-1, max-image-preview:large, max-video-preview:-1\" \/>\n<link rel=\"canonical\" href=\"https:\/\/www.noticiasradioreflejos.com.ar\/2021\/me-llevo-el-compromiso-de-hacer-que-la-zona-de-ventania-se-convierta-en-un-producto-nacional\/\" \/>\n<meta property=\"og:locale\" content=\"es_ES\" \/>\n<meta property=\"og:type\" content=\"article\" \/>\n<meta property=\"og:title\" content=\"&quot;Me llevo el compromiso de hacer que la zona de Ventania se convierta en un producto Nacional&quot; - Noticias Radio Reflejos\" \/>\n<meta property=\"og:description\" content=\"El Lic. Gustavo Santos, Ministro de Turismo de la Naci\u00f3n visit\u00f3 este mi\u00e9rcoles la Comarca de Sierra de la Ventana. Recorri\u00f3 Saldungaray, Sierra de la Ventana y luego de una reuni\u00f3n con empresarios, integrantes de C\u00e1maras de la regi\u00f3n , particip\u00f3 de un almuerzo con integrantes del ejecutivo local y visitantes en el Restaurante del Hotrel &quot;El Mirador&quot; al pi\u00e9 del Cerro Ventana.\" \/>\n<meta property=\"og:url\" content=\"https:\/\/www.noticiasradioreflejos.com.ar\/2021\/me-llevo-el-compromiso-de-hacer-que-la-zona-de-ventania-se-convierta-en-un-producto-nacional\/\" \/>\n<meta property=\"og:site_name\" content=\"Noticias Radio Reflejos\" \/>\n<meta property=\"article:published_time\" content=\"2017-07-27T21:50:58+00:00\" \/>\n<meta property=\"og:image\" content=\"https:\/\/www.noticiasradioreflejos.com.ar\/2021\/wp-content\/uploads\/2021\/07\/logosol300x200.png\" \/>\n\t<meta property=\"og:image:width\" content=\"300\" \/>\n\t<meta property=\"og:image:height\" content=\"200\" \/>\n\t<meta property=\"og:image:type\" content=\"image\/png\" \/>\n<meta name=\"author\" content=\"Arnaldo Botto\" \/>\n<meta name=\"twitter:card\" content=\"summary_large_image\" \/>\n<script type=\"application\/ld+json\" class=\"yoast-schema-graph\">{\"@context\":\"https:\/\/schema.org\",\"@graph\":[{\"@type\":\"WebPage\",\"@id\":\"https:\/\/www.noticiasradioreflejos.com.ar\/2021\/me-llevo-el-compromiso-de-hacer-que-la-zona-de-ventania-se-convierta-en-un-producto-nacional\/\",\"url\":\"https:\/\/www.noticiasradioreflejos.com.ar\/2021\/me-llevo-el-compromiso-de-hacer-que-la-zona-de-ventania-se-convierta-en-un-producto-nacional\/\",\"name\":\"&quot;Me llevo el compromiso de hacer que la zona de Ventania se convierta en un producto Nacional&quot; - Noticias Radio Reflejos\",\"isPartOf\":{\"@id\":\"https:\/\/www.noticiasradioreflejos.com.ar\/2021\/#website\"},\"datePublished\":\"2017-07-27T21:50:58+00:00\",\"author\":{\"@id\":\"https:\/\/www.noticiasradioreflejos.com.ar\/2021\/#\/schema\/person\/ad82545263dcc5ec0996818884fd5fb1\"},\"breadcrumb\":{\"@id\":\"https:\/\/www.noticiasradioreflejos.com.ar\/2021\/me-llevo-el-compromiso-de-hacer-que-la-zona-de-ventania-se-convierta-en-un-producto-nacional\/#breadcrumb\"},\"inLanguage\":\"es\",\"potentialAction\":[{\"@type\":\"ReadAction\",\"target\":[\"https:\/\/www.noticiasradioreflejos.com.ar\/2021\/me-llevo-el-compromiso-de-hacer-que-la-zona-de-ventania-se-convierta-en-un-producto-nacional\/\"]}]},{\"@type\":\"BreadcrumbList\",\"@id\":\"https:\/\/www.noticiasradioreflejos.com.ar\/2021\/me-llevo-el-compromiso-de-hacer-que-la-zona-de-ventania-se-convierta-en-un-producto-nacional\/#breadcrumb\",\"itemListElement\":[{\"@type\":\"ListItem\",\"position\":1,\"name\":\"Portada\",\"item\":\"https:\/\/www.noticiasradioreflejos.com.ar\/2021\/\"},{\"@type\":\"ListItem\",\"position\":2,\"name\":\"&quot;Me llevo el compromiso de hacer que la zona de Ventania se convierta en un producto Nacional&quot;\"}]},{\"@type\":\"WebSite\",\"@id\":\"https:\/\/www.noticiasradioreflejos.com.ar\/2021\/#website\",\"url\":\"https:\/\/www.noticiasradioreflejos.com.ar\/2021\/\",\"name\":\"Noticias Radio Reflejos\",\"description\":\"Las noticias de mi comarca\",\"potentialAction\":[{\"@type\":\"SearchAction\",\"target\":{\"@type\":\"EntryPoint\",\"urlTemplate\":\"https:\/\/www.noticiasradioreflejos.com.ar\/2021\/?s={search_term_string}\"},\"query-input\":{\"@type\":\"PropertyValueSpecification\",\"valueRequired\":true,\"valueName\":\"search_term_string\"}}],\"inLanguage\":\"es\"},{\"@type\":\"Person\",\"@id\":\"https:\/\/www.noticiasradioreflejos.com.ar\/2021\/#\/schema\/person\/ad82545263dcc5ec0996818884fd5fb1\",\"name\":\"Arnaldo Botto\",\"image\":{\"@type\":\"ImageObject\",\"inLanguage\":\"es\",\"@id\":\"https:\/\/www.noticiasradioreflejos.com.ar\/2021\/#\/schema\/person\/image\/\",\"url\":\"https:\/\/secure.gravatar.com\/avatar\/55cb5e37c1efa326397366e6974cb338056df65cb50e7d64d1cf314e87504837?s=96&d=mm&r=g\",\"contentUrl\":\"https:\/\/secure.gravatar.com\/avatar\/55cb5e37c1efa326397366e6974cb338056df65cb50e7d64d1cf314e87504837?s=96&d=mm&r=g\",\"caption\":\"Arnaldo Botto\"},\"url\":\"https:\/\/www.noticiasradioreflejos.com.ar\/2021\/author\/arnaldo\/\"}]}<\/script>\n<!-- \/ Yoast SEO plugin. -->","yoast_head_json":{"title":"&quot;Me llevo el compromiso de hacer que la zona de Ventania se convierta en un producto Nacional&quot; - Noticias Radio Reflejos","robots":{"index":"index","follow":"follow","max-snippet":"max-snippet:-1","max-image-preview":"max-image-preview:large","max-video-preview":"max-video-preview:-1"},"canonical":"https:\/\/www.noticiasradioreflejos.com.ar\/2021\/me-llevo-el-compromiso-de-hacer-que-la-zona-de-ventania-se-convierta-en-un-producto-nacional\/","og_locale":"es_ES","og_type":"article","og_title":"&quot;Me llevo el compromiso de hacer que la zona de Ventania se convierta en un producto Nacional&quot; - Noticias Radio Reflejos","og_description":"El Lic. Gustavo Santos, Ministro de Turismo de la Naci\u00f3n visit\u00f3 este mi\u00e9rcoles la Comarca de Sierra de la Ventana. Recorri\u00f3 Saldungaray, Sierra de la Ventana y luego de una reuni\u00f3n con empresarios, integrantes de C\u00e1maras de la regi\u00f3n , particip\u00f3 de un almuerzo con integrantes del ejecutivo local y visitantes en el Restaurante del Hotrel \"El Mirador\" al pi\u00e9 del Cerro Ventana.","og_url":"https:\/\/www.noticiasradioreflejos.com.ar\/2021\/me-llevo-el-compromiso-de-hacer-que-la-zona-de-ventania-se-convierta-en-un-producto-nacional\/","og_site_name":"Noticias Radio Reflejos","article_published_time":"2017-07-27T21:50:58+00:00","og_image":[{"width":300,"height":200,"url":"https:\/\/www.noticiasradioreflejos.com.ar\/2021\/wp-content\/uploads\/2021\/07\/logosol300x200.png","type":"image\/png"}],"author":"Arnaldo Botto","twitter_card":"summary_large_image","schema":{"@context":"https:\/\/schema.org","@graph":[{"@type":"WebPage","@id":"https:\/\/www.noticiasradioreflejos.com.ar\/2021\/me-llevo-el-compromiso-de-hacer-que-la-zona-de-ventania-se-convierta-en-un-producto-nacional\/","url":"https:\/\/www.noticiasradioreflejos.com.ar\/2021\/me-llevo-el-compromiso-de-hacer-que-la-zona-de-ventania-se-convierta-en-un-producto-nacional\/","name":"&quot;Me llevo el compromiso de hacer que la zona de Ventania se convierta en un producto Nacional&quot; - Noticias Radio Reflejos","isPartOf":{"@id":"https:\/\/www.noticiasradioreflejos.com.ar\/2021\/#website"},"datePublished":"2017-07-27T21:50:58+00:00","author":{"@id":"https:\/\/www.noticiasradioreflejos.com.ar\/2021\/#\/schema\/person\/ad82545263dcc5ec0996818884fd5fb1"},"breadcrumb":{"@id":"https:\/\/www.noticiasradioreflejos.com.ar\/2021\/me-llevo-el-compromiso-de-hacer-que-la-zona-de-ventania-se-convierta-en-un-producto-nacional\/#breadcrumb"},"inLanguage":"es","potentialAction":[{"@type":"ReadAction","target":["https:\/\/www.noticiasradioreflejos.com.ar\/2021\/me-llevo-el-compromiso-de-hacer-que-la-zona-de-ventania-se-convierta-en-un-producto-nacional\/"]}]},{"@type":"BreadcrumbList","@id":"https:\/\/www.noticiasradioreflejos.com.ar\/2021\/me-llevo-el-compromiso-de-hacer-que-la-zona-de-ventania-se-convierta-en-un-producto-nacional\/#breadcrumb","itemListElement":[{"@type":"ListItem","position":1,"name":"Portada","item":"https:\/\/www.noticiasradioreflejos.com.ar\/2021\/"},{"@type":"ListItem","position":2,"name":"&quot;Me llevo el compromiso de hacer que la zona de Ventania se convierta en un producto Nacional&quot;"}]},{"@type":"WebSite","@id":"https:\/\/www.noticiasradioreflejos.com.ar\/2021\/#website","url":"https:\/\/www.noticiasradioreflejos.com.ar\/2021\/","name":"Noticias Radio Reflejos","description":"Las noticias de mi comarca","potentialAction":[{"@type":"SearchAction","target":{"@type":"EntryPoint","urlTemplate":"https:\/\/www.noticiasradioreflejos.com.ar\/2021\/?s={search_term_string}"},"query-input":{"@type":"PropertyValueSpecification","valueRequired":true,"valueName":"search_term_string"}}],"inLanguage":"es"},{"@type":"Person","@id":"https:\/\/www.noticiasradioreflejos.com.ar\/2021\/#\/schema\/person\/ad82545263dcc5ec0996818884fd5fb1","name":"Arnaldo Botto","image":{"@type":"ImageObject","inLanguage":"es","@id":"https:\/\/www.noticiasradioreflejos.com.ar\/2021\/#\/schema\/person\/image\/","url":"https:\/\/secure.gravatar.com\/avatar\/55cb5e37c1efa326397366e6974cb338056df65cb50e7d64d1cf314e87504837?s=96&d=mm&r=g","contentUrl":"https:\/\/secure.gravatar.com\/avatar\/55cb5e37c1efa326397366e6974cb338056df65cb50e7d64d1cf314e87504837?s=96&d=mm&r=g","caption":"Arnaldo Botto"},"url":"https:\/\/www.noticiasradioreflejos.com.ar\/2021\/author\/arnaldo\/"}]}},"_links":{"self":[{"href":"https:\/\/www.noticiasradioreflejos.com.ar\/2021\/wp-json\/wp\/v2\/posts\/12835","targetHints":{"allow":["GET"]}}],"collection":[{"href":"https:\/\/www.noticiasradioreflejos.com.ar\/2021\/wp-json\/wp\/v2\/posts"}],"about":[{"href":"https:\/\/www.noticiasradioreflejos.com.ar\/2021\/wp-json\/wp\/v2\/types\/post"}],"author":[{"embeddable":true,"href":"https:\/\/www.noticiasradioreflejos.com.ar\/2021\/wp-json\/wp\/v2\/users\/3"}],"replies":[{"embeddable":true,"href":"https:\/\/www.noticiasradioreflejos.com.ar\/2021\/wp-json\/wp\/v2\/comments?post=12835"}],"version-history":[{"count":0,"href":"https:\/\/www.noticiasradioreflejos.com.ar\/2021\/wp-json\/wp\/v2\/posts\/12835\/revisions"}],"wp:attachment":[{"href":"https:\/\/www.noticiasradioreflejos.com.ar\/2021\/wp-json\/wp\/v2\/media?parent=12835"}],"wp:term":[{"taxonomy":"category","embeddable":true,"href":"https:\/\/www.noticiasradioreflejos.com.ar\/2021\/wp-json\/wp\/v2\/categories?post=12835"},{"taxonomy":"post_tag","embeddable":true,"href":"https:\/\/www.noticiasradioreflejos.com.ar\/2021\/wp-json\/wp\/v2\/tags?post=12835"}],"curies":[{"name":"wp","href":"https:\/\/api.w.org\/{rel}","templated":true}]}}