{"id":12832,"date":"2017-07-27T17:49:02","date_gmt":"2017-07-27T20:49:02","guid":{"rendered":"http:\/\/www.noticiasradioreflejos.com.ar\/noticias\/?p=12832"},"modified":"2017-07-27T17:49:02","modified_gmt":"2017-07-27T20:49:02","slug":"combatir-la-droga-es-combatir-el-delito-desde-el-narcomenudeo-hasta-el-narcotraficante-grande-vamos-a-seguir-trabajando-sobre-esto","status":"publish","type":"post","link":"https:\/\/www.noticiasradioreflejos.com.ar\/2021\/combatir-la-droga-es-combatir-el-delito-desde-el-narcomenudeo-hasta-el-narcotraficante-grande-vamos-a-seguir-trabajando-sobre-esto\/","title":{"rendered":"&quot; Combatir La droga es combatir el delito, desde el narcomenudeo hasta el narcotraficante grande&quot; Vamos a seguir trabajando sobre esto&quot;"},"content":{"rendered":"<p>El Oficial Principal <strong>Gonzalo Sandobal<\/strong> es a partir de este mes de julio, el nuevo Jefe de Polic\u00eda de Sierra de la Ventana.<br \/>\nProveniente de la comisar\u00eda 2da de Bah\u00eda Blanca, considera que la localidad por ser chica no permite relajarse, y que trabajar\u00e1 intensamente en la prevenci\u00f3n.<br \/>\nCharla mano a mano en nuestros estudios, donde el jefe policial responde a todo lo que le preguntamos.<br \/>\nDado que el turismo crece en vacaciones, feriados puentes y fines de semana largos y ante la pregunta de qu\u00e9 piensa acerca del pedido de que Sierra de la Ventana pase a ser Comisar\u00eda, cree que es una medida justa y acertada, ya que podr\u00eda ser beneficioso en cuanto a la cantidad de personal y medios.<br \/>\nAdem\u00e1s expres\u00f3 su conformidad en cuanto al Foro de Seguridad afirmando que \u00bb Todo lo que tenga que ver con el acercamiento de la polic\u00eda hacia el vecino es una idea bienvenida , no solo por m\u00ed, sino por la instituci\u00f3n\u00bb Agreg\u00f3 respecto a las c\u00e1maras de seguridad que son una herramienta m\u00e1s, \u00fatiles \u00a0para ayudar a prevenir el delito.<br \/>\nAnte las formas de afrontar la corrupci\u00f3n, partiendo de la desconfianza que tiene la gente por parte de la polic\u00eda en este aspecto, hace mucho hincapi\u00e9 en que la gente radique la denuncia, \u00a0que \u00bb si hay que afrontar un delito se va a responder de la misma manera para todos, con mayor personal posible, para lograr la investigaci\u00f3n y llegar a buen puerto. Sostiene que \u00abSi la gente tiene dudas o sospechas de alg\u00fan personal policial que est\u00e9 trabajando en Sierra, se acerque a la dependencia y se anime a radicar la denuncia a trav\u00e9s de las herramientas que el gobierno pone para esto\u00bb<br \/>\nAdem\u00e1s destaca su forma de trabajar \u00bb Se trata de dar directivas l\u00f3gicas de trabajo\u00bb \u00bb agrega \u00abVoy a hacer mucho hincapi\u00e9 en la prevenci\u00f3n, en la presencia policial, en que se vea constantemente, se identifique gente, identificaci\u00f3n de veh\u00edculos\u00bb<br \/>\nAsegura que se va a investigar todo delito que sea necesario, toda aquella persona que est\u00e9 dedicada a la comercializaci\u00f3n de estupefacientes ser\u00e1 documentada e se le dar\u00e1 intervenci\u00f3n a cada polic\u00eda especializada en el tema.<br \/>\nAfirma \u00bb La droga es combatir el delito, la mayor cantidad de delitos la comete gente para comprar drogas\u00bb \u00bb Siempre hay que combatir la droga desde el narcomenudeo hasta el narcotraficante grande, vamos a seguir trabajando sobre esto\u00bb<br \/>\nPor \u00faltimo, insiste en que las personas conf\u00eden en la polic\u00eda, y que se comuniquen inmediatamente ante una conducta sospechosa, ajena o extra\u00f1a. \u00bb Estoy a disposici\u00f3n de la gente, de las instituciones para lo que necesiten, en cualquier horario\u00bb<br \/>\n[soundcloud url=\u00bbhttps:\/\/api.soundcloud.com\/tracks\/335085169&#8243; params=\u00bbcolor=ff5500&amp;auto_play=false&amp;hide_related=false&amp;show_comments=true&amp;show_user=true&amp;show_reposts=false\u00bb width=\u00bb100%\u00bb height=\u00bb166&#8243; iframe=\u00bbtrue\u00bb \/]<\/p>\n","protected":false},"excerpt":{"rendered":"<p>El Oficial Principal Gonzalo Sandobal es a partir de este mes de julio, el nuevo Jefe de Polic\u00eda de Sierra de la Ventana.<br \/>\nProveniente de la comisar\u00eda 2da de Bah\u00eda Blanca, considera que la localidad por ser chica no permite relajarse, y que trabajar\u00e1 intensamente en la prevenci\u00f3n.<br \/>\nCharla mano a mano en nuestros estudios, donde el jefe policial responde a todo lo que le preguntamos.<\/p>\n","protected":false},"author":3,"featured_media":0,"comment_status":"closed","ping_status":"open","sticky":false,"template":"","format":"standard","meta":{"footnotes":""},"categories":[29],"tags":[],"class_list":["post-12832","post","type-post","status-publish","format-standard","hentry","category-policiales"],"yoast_head":"<!-- This site is optimized with the Yoast SEO plugin v25.9 - https:\/\/yoast.com\/wordpress\/plugins\/seo\/ -->\n<title>&quot; Combatir La droga es combatir el delito, desde el narcomenudeo hasta el narcotraficante grande&quot; Vamos a seguir trabajando sobre esto&quot; - Noticias Radio Reflejos<\/title>\n<meta name=\"robots\" content=\"index, follow, max-snippet:-1, max-image-preview:large, max-video-preview:-1\" \/>\n<link rel=\"canonical\" href=\"https:\/\/www.noticiasradioreflejos.com.ar\/2021\/combatir-la-droga-es-combatir-el-delito-desde-el-narcomenudeo-hasta-el-narcotraficante-grande-vamos-a-seguir-trabajando-sobre-esto\/\" \/>\n<meta property=\"og:locale\" content=\"es_ES\" \/>\n<meta property=\"og:type\" content=\"article\" \/>\n<meta property=\"og:title\" content=\"&quot; Combatir La droga es combatir el delito, desde el narcomenudeo hasta el narcotraficante grande&quot; Vamos a seguir trabajando sobre esto&quot; - Noticias Radio Reflejos\" \/>\n<meta property=\"og:description\" content=\"El Oficial Principal Gonzalo Sandobal es a partir de este mes de julio, el nuevo Jefe de Polic\u00eda de Sierra de la Ventana. Proveniente de la comisar\u00eda 2da de Bah\u00eda Blanca, considera que la localidad por ser chica no permite relajarse, y que trabajar\u00e1 intensamente en la prevenci\u00f3n. Charla mano a mano en nuestros estudios, donde el jefe policial responde a todo lo que le preguntamos.\" \/>\n<meta property=\"og:url\" content=\"https:\/\/www.noticiasradioreflejos.com.ar\/2021\/combatir-la-droga-es-combatir-el-delito-desde-el-narcomenudeo-hasta-el-narcotraficante-grande-vamos-a-seguir-trabajando-sobre-esto\/\" \/>\n<meta property=\"og:site_name\" content=\"Noticias Radio Reflejos\" \/>\n<meta property=\"article:published_time\" content=\"2017-07-27T20:49:02+00:00\" \/>\n<meta property=\"og:image\" content=\"https:\/\/www.noticiasradioreflejos.com.ar\/2021\/wp-content\/uploads\/2021\/07\/logosol300x200.png\" \/>\n\t<meta property=\"og:image:width\" content=\"300\" \/>\n\t<meta property=\"og:image:height\" content=\"200\" \/>\n\t<meta property=\"og:image:type\" content=\"image\/png\" \/>\n<meta name=\"author\" content=\"Arnaldo Botto\" \/>\n<meta name=\"twitter:card\" content=\"summary_large_image\" \/>\n<script type=\"application\/ld+json\" class=\"yoast-schema-graph\">{\"@context\":\"https:\/\/schema.org\",\"@graph\":[{\"@type\":\"WebPage\",\"@id\":\"https:\/\/www.noticiasradioreflejos.com.ar\/2021\/combatir-la-droga-es-combatir-el-delito-desde-el-narcomenudeo-hasta-el-narcotraficante-grande-vamos-a-seguir-trabajando-sobre-esto\/\",\"url\":\"https:\/\/www.noticiasradioreflejos.com.ar\/2021\/combatir-la-droga-es-combatir-el-delito-desde-el-narcomenudeo-hasta-el-narcotraficante-grande-vamos-a-seguir-trabajando-sobre-esto\/\",\"name\":\"&quot; Combatir La droga es combatir el delito, desde el narcomenudeo hasta el narcotraficante grande&quot; Vamos a seguir trabajando sobre esto&quot; - Noticias Radio Reflejos\",\"isPartOf\":{\"@id\":\"https:\/\/www.noticiasradioreflejos.com.ar\/2021\/#website\"},\"datePublished\":\"2017-07-27T20:49:02+00:00\",\"author\":{\"@id\":\"https:\/\/www.noticiasradioreflejos.com.ar\/2021\/#\/schema\/person\/ad82545263dcc5ec0996818884fd5fb1\"},\"breadcrumb\":{\"@id\":\"https:\/\/www.noticiasradioreflejos.com.ar\/2021\/combatir-la-droga-es-combatir-el-delito-desde-el-narcomenudeo-hasta-el-narcotraficante-grande-vamos-a-seguir-trabajando-sobre-esto\/#breadcrumb\"},\"inLanguage\":\"es\",\"potentialAction\":[{\"@type\":\"ReadAction\",\"target\":[\"https:\/\/www.noticiasradioreflejos.com.ar\/2021\/combatir-la-droga-es-combatir-el-delito-desde-el-narcomenudeo-hasta-el-narcotraficante-grande-vamos-a-seguir-trabajando-sobre-esto\/\"]}]},{\"@type\":\"BreadcrumbList\",\"@id\":\"https:\/\/www.noticiasradioreflejos.com.ar\/2021\/combatir-la-droga-es-combatir-el-delito-desde-el-narcomenudeo-hasta-el-narcotraficante-grande-vamos-a-seguir-trabajando-sobre-esto\/#breadcrumb\",\"itemListElement\":[{\"@type\":\"ListItem\",\"position\":1,\"name\":\"Portada\",\"item\":\"https:\/\/www.noticiasradioreflejos.com.ar\/2021\/\"},{\"@type\":\"ListItem\",\"position\":2,\"name\":\"&quot; Combatir La droga es combatir el delito, desde el narcomenudeo hasta el narcotraficante grande&quot; Vamos a seguir trabajando sobre esto&quot;\"}]},{\"@type\":\"WebSite\",\"@id\":\"https:\/\/www.noticiasradioreflejos.com.ar\/2021\/#website\",\"url\":\"https:\/\/www.noticiasradioreflejos.com.ar\/2021\/\",\"name\":\"Noticias Radio Reflejos\",\"description\":\"Las noticias de mi comarca\",\"potentialAction\":[{\"@type\":\"SearchAction\",\"target\":{\"@type\":\"EntryPoint\",\"urlTemplate\":\"https:\/\/www.noticiasradioreflejos.com.ar\/2021\/?s={search_term_string}\"},\"query-input\":{\"@type\":\"PropertyValueSpecification\",\"valueRequired\":true,\"valueName\":\"search_term_string\"}}],\"inLanguage\":\"es\"},{\"@type\":\"Person\",\"@id\":\"https:\/\/www.noticiasradioreflejos.com.ar\/2021\/#\/schema\/person\/ad82545263dcc5ec0996818884fd5fb1\",\"name\":\"Arnaldo Botto\",\"image\":{\"@type\":\"ImageObject\",\"inLanguage\":\"es\",\"@id\":\"https:\/\/www.noticiasradioreflejos.com.ar\/2021\/#\/schema\/person\/image\/\",\"url\":\"https:\/\/secure.gravatar.com\/avatar\/55cb5e37c1efa326397366e6974cb338056df65cb50e7d64d1cf314e87504837?s=96&d=mm&r=g\",\"contentUrl\":\"https:\/\/secure.gravatar.com\/avatar\/55cb5e37c1efa326397366e6974cb338056df65cb50e7d64d1cf314e87504837?s=96&d=mm&r=g\",\"caption\":\"Arnaldo Botto\"},\"url\":\"https:\/\/www.noticiasradioreflejos.com.ar\/2021\/author\/arnaldo\/\"}]}<\/script>\n<!-- \/ Yoast SEO plugin. -->","yoast_head_json":{"title":"&quot; Combatir La droga es combatir el delito, desde el narcomenudeo hasta el narcotraficante grande&quot; Vamos a seguir trabajando sobre esto&quot; - Noticias Radio Reflejos","robots":{"index":"index","follow":"follow","max-snippet":"max-snippet:-1","max-image-preview":"max-image-preview:large","max-video-preview":"max-video-preview:-1"},"canonical":"https:\/\/www.noticiasradioreflejos.com.ar\/2021\/combatir-la-droga-es-combatir-el-delito-desde-el-narcomenudeo-hasta-el-narcotraficante-grande-vamos-a-seguir-trabajando-sobre-esto\/","og_locale":"es_ES","og_type":"article","og_title":"&quot; Combatir La droga es combatir el delito, desde el narcomenudeo hasta el narcotraficante grande&quot; Vamos a seguir trabajando sobre esto&quot; - Noticias Radio Reflejos","og_description":"El Oficial Principal Gonzalo Sandobal es a partir de este mes de julio, el nuevo Jefe de Polic\u00eda de Sierra de la Ventana. Proveniente de la comisar\u00eda 2da de Bah\u00eda Blanca, considera que la localidad por ser chica no permite relajarse, y que trabajar\u00e1 intensamente en la prevenci\u00f3n. Charla mano a mano en nuestros estudios, donde el jefe policial responde a todo lo que le preguntamos.","og_url":"https:\/\/www.noticiasradioreflejos.com.ar\/2021\/combatir-la-droga-es-combatir-el-delito-desde-el-narcomenudeo-hasta-el-narcotraficante-grande-vamos-a-seguir-trabajando-sobre-esto\/","og_site_name":"Noticias Radio Reflejos","article_published_time":"2017-07-27T20:49:02+00:00","og_image":[{"width":300,"height":200,"url":"https:\/\/www.noticiasradioreflejos.com.ar\/2021\/wp-content\/uploads\/2021\/07\/logosol300x200.png","type":"image\/png"}],"author":"Arnaldo Botto","twitter_card":"summary_large_image","schema":{"@context":"https:\/\/schema.org","@graph":[{"@type":"WebPage","@id":"https:\/\/www.noticiasradioreflejos.com.ar\/2021\/combatir-la-droga-es-combatir-el-delito-desde-el-narcomenudeo-hasta-el-narcotraficante-grande-vamos-a-seguir-trabajando-sobre-esto\/","url":"https:\/\/www.noticiasradioreflejos.com.ar\/2021\/combatir-la-droga-es-combatir-el-delito-desde-el-narcomenudeo-hasta-el-narcotraficante-grande-vamos-a-seguir-trabajando-sobre-esto\/","name":"&quot; Combatir La droga es combatir el delito, desde el narcomenudeo hasta el narcotraficante grande&quot; Vamos a seguir trabajando sobre esto&quot; - Noticias Radio Reflejos","isPartOf":{"@id":"https:\/\/www.noticiasradioreflejos.com.ar\/2021\/#website"},"datePublished":"2017-07-27T20:49:02+00:00","author":{"@id":"https:\/\/www.noticiasradioreflejos.com.ar\/2021\/#\/schema\/person\/ad82545263dcc5ec0996818884fd5fb1"},"breadcrumb":{"@id":"https:\/\/www.noticiasradioreflejos.com.ar\/2021\/combatir-la-droga-es-combatir-el-delito-desde-el-narcomenudeo-hasta-el-narcotraficante-grande-vamos-a-seguir-trabajando-sobre-esto\/#breadcrumb"},"inLanguage":"es","potentialAction":[{"@type":"ReadAction","target":["https:\/\/www.noticiasradioreflejos.com.ar\/2021\/combatir-la-droga-es-combatir-el-delito-desde-el-narcomenudeo-hasta-el-narcotraficante-grande-vamos-a-seguir-trabajando-sobre-esto\/"]}]},{"@type":"BreadcrumbList","@id":"https:\/\/www.noticiasradioreflejos.com.ar\/2021\/combatir-la-droga-es-combatir-el-delito-desde-el-narcomenudeo-hasta-el-narcotraficante-grande-vamos-a-seguir-trabajando-sobre-esto\/#breadcrumb","itemListElement":[{"@type":"ListItem","position":1,"name":"Portada","item":"https:\/\/www.noticiasradioreflejos.com.ar\/2021\/"},{"@type":"ListItem","position":2,"name":"&quot; Combatir La droga es combatir el delito, desde el narcomenudeo hasta el narcotraficante grande&quot; Vamos a seguir trabajando sobre esto&quot;"}]},{"@type":"WebSite","@id":"https:\/\/www.noticiasradioreflejos.com.ar\/2021\/#website","url":"https:\/\/www.noticiasradioreflejos.com.ar\/2021\/","name":"Noticias Radio Reflejos","description":"Las noticias de mi comarca","potentialAction":[{"@type":"SearchAction","target":{"@type":"EntryPoint","urlTemplate":"https:\/\/www.noticiasradioreflejos.com.ar\/2021\/?s={search_term_string}"},"query-input":{"@type":"PropertyValueSpecification","valueRequired":true,"valueName":"search_term_string"}}],"inLanguage":"es"},{"@type":"Person","@id":"https:\/\/www.noticiasradioreflejos.com.ar\/2021\/#\/schema\/person\/ad82545263dcc5ec0996818884fd5fb1","name":"Arnaldo Botto","image":{"@type":"ImageObject","inLanguage":"es","@id":"https:\/\/www.noticiasradioreflejos.com.ar\/2021\/#\/schema\/person\/image\/","url":"https:\/\/secure.gravatar.com\/avatar\/55cb5e37c1efa326397366e6974cb338056df65cb50e7d64d1cf314e87504837?s=96&d=mm&r=g","contentUrl":"https:\/\/secure.gravatar.com\/avatar\/55cb5e37c1efa326397366e6974cb338056df65cb50e7d64d1cf314e87504837?s=96&d=mm&r=g","caption":"Arnaldo Botto"},"url":"https:\/\/www.noticiasradioreflejos.com.ar\/2021\/author\/arnaldo\/"}]}},"_links":{"self":[{"href":"https:\/\/www.noticiasradioreflejos.com.ar\/2021\/wp-json\/wp\/v2\/posts\/12832","targetHints":{"allow":["GET"]}}],"collection":[{"href":"https:\/\/www.noticiasradioreflejos.com.ar\/2021\/wp-json\/wp\/v2\/posts"}],"about":[{"href":"https:\/\/www.noticiasradioreflejos.com.ar\/2021\/wp-json\/wp\/v2\/types\/post"}],"author":[{"embeddable":true,"href":"https:\/\/www.noticiasradioreflejos.com.ar\/2021\/wp-json\/wp\/v2\/users\/3"}],"replies":[{"embeddable":true,"href":"https:\/\/www.noticiasradioreflejos.com.ar\/2021\/wp-json\/wp\/v2\/comments?post=12832"}],"version-history":[{"count":0,"href":"https:\/\/www.noticiasradioreflejos.com.ar\/2021\/wp-json\/wp\/v2\/posts\/12832\/revisions"}],"wp:attachment":[{"href":"https:\/\/www.noticiasradioreflejos.com.ar\/2021\/wp-json\/wp\/v2\/media?parent=12832"}],"wp:term":[{"taxonomy":"category","embeddable":true,"href":"https:\/\/www.noticiasradioreflejos.com.ar\/2021\/wp-json\/wp\/v2\/categories?post=12832"},{"taxonomy":"post_tag","embeddable":true,"href":"https:\/\/www.noticiasradioreflejos.com.ar\/2021\/wp-json\/wp\/v2\/tags?post=12832"}],"curies":[{"name":"wp","href":"https:\/\/api.w.org\/{rel}","templated":true}]}}