{"id":128276,"date":"2025-11-13T10:07:30","date_gmt":"2025-11-13T13:07:30","guid":{"rendered":"https:\/\/www.noticiasradioreflejos.com.ar\/2021\/?p=128276"},"modified":"2025-11-13T10:12:35","modified_gmt":"2025-11-13T13:12:35","slug":"arturo-jauretche-y-el-pensamiento-nacional-una-brujula-para-tiempos-de-traicion","status":"publish","type":"post","link":"https:\/\/www.noticiasradioreflejos.com.ar\/2021\/arturo-jauretche-y-el-pensamiento-nacional-una-brujula-para-tiempos-de-traicion\/","title":{"rendered":"ARTURO JAURETCHE Y EL PENSAMIENTO NACIONAL, una br\u00fajula para tiempos de traici\u00f3n"},"content":{"rendered":"<p>Cada 13 de noviembre, el natalicio de Arturo Jauretche nos convoca a revisar no s\u00f3lo su legado como pensador, sino tambi\u00e9n el estado actual de nuestra conciencia nacional. Jauretche no fue un acad\u00e9mico encerrado en teor\u00edas abstractas: fue un pensador militante, como le gustaba decir. Un escritor que entendi\u00f3 que la batalla cultural es inseparable de la batalla pol\u00edtica. Su obra, desde \u00abEl medio pelo en la sociedad argentina\u00bb hasta \u00abLos profetas del odio\u00bb, nos ense\u00f1\u00f3 que el pensamiento nacional no es una opci\u00f3n est\u00e9tica, sino una necesidad hist\u00f3rica.<\/p>\n<p><!--more--><\/p>\n<p>En tiempos donde se ha traicionado la idea de Naci\u00f3n -donde se celebra la dependencia, se ridiculiza la soberan\u00eda y se desprecia la identidad popular- las palabras de Jauretche vuelven a marcar el camino. \u00c9l nos advirti\u00f3 sobre los peligros del pensamiento colonizado, ese que repite f\u00f3rmulas extranjeras sin entender la realidad argentina. Nos ense\u00f1\u00f3 que no hay justicia social sin soberan\u00eda econ\u00f3mica, ni desarrollo sin cultura nacional.<\/p>\n<p>Hoy, cuando se pretende gobernar desde la banca financiera y se desprecia la historia como si fuera un estorbo, el pensamiento jauretcheano se vuelve urgente. Porque Jauretche no s\u00f3lo denunci\u00f3 el colonialismo econ\u00f3mico, tambi\u00e9n combati\u00f3 el colonialismo mental. Nos record\u00f3 que los pueblos que no piensan con cabeza propia terminan obedeciendo intereses ajenos.<\/p>\n<p>El pensamiento nacional, para Jauretche, era el punto de partida para organizar un pa\u00eds m\u00e1s justo, soberano y con identidad. No se trataba de encerrarse en el pasado, sino de comprenderlo para transformarlo. Su mirada era profundamente popular: confiaba en la sabidur\u00eda del pueblo, en la cultura criolla, en la capacidad de los argentinos para pensarse desde su propia historia.<\/p>\n<p>En este presente de entregas y simulacros, donde se confunde libertad con mercado y se reemplaza la comunidad por algoritmos, volver a Jauretche es volver a la ra\u00edz. Es recuperar la dignidad de pensar con nuestras propias palabras, de sentir con nuestros propios s\u00edmbolos, de construir con nuestras propias manos.<\/p>\n<p>Arturo Jauretche no fue un profeta del odio, fue un profeta de la esperanza nacional. Y su legado sigue vivo en cada argentino que se niega a rendirse, que defiende la Patria como idea, como territorio y como comunidad. Porque como \u00e9l mismo escribi\u00f3: \u201cel arte de nuestros enemigos es desmoralizar, entristecer a los pueblos. Los pueblos deprimidos no vencen. Por eso venimos a combatir por el pa\u00eds alegremente. Nada grande se puede hacer con la tristeza.\u201d<\/p>\n<p><strong>Luis Gotte<br \/>\nla trinchera bonaerense<\/strong><\/p>\n<p><a href=\"https:\/\/www.noticiasradioreflejos.com.ar\/2021\/arturo-jauretche-y-el-pensamiento-nacional-una-brujula-para-tiempos-de-traicion\/arturo-jaureche\/\" rel=\"attachment wp-att-128277\"><img loading=\"lazy\" decoding=\"async\" src=\"https:\/\/www.noticiasradioreflejos.com.ar\/2021\/wp-content\/uploads\/2025\/11\/Arturo-Jaureche.jpeg\" alt=\"\" width=\"728\" height=\"864\" class=\"aligncenter size-full wp-image-128277\" \/><\/a><\/p>\n","protected":false},"excerpt":{"rendered":"<p>Cada 13 de noviembre, el natalicio de Arturo Jauretche nos convoca a revisar no s\u00f3lo su legado como pensador, sino tambi\u00e9n el estado actual de nuestra conciencia nacional. Jauretche no fue un acad\u00e9mico encerrado en teor\u00edas abstractas: fue un pensador militante, como le gustaba decir. Un escritor que entendi\u00f3 que la batalla cultural es inseparable [&hellip;]<\/p>\n","protected":false},"author":3,"featured_media":128280,"comment_status":"closed","ping_status":"closed","sticky":false,"template":"","format":"standard","meta":{"footnotes":""},"categories":[24,26],"tags":[],"class_list":["post-128276","post","type-post","status-publish","format-standard","has-post-thumbnail","hentry","category-politica","category-sociedad"],"yoast_head":"<!-- This site is optimized with the Yoast SEO plugin v25.9 - https:\/\/yoast.com\/wordpress\/plugins\/seo\/ -->\n<title>ARTURO JAURETCHE Y EL PENSAMIENTO NACIONAL, una br\u00fajula para tiempos de traici\u00f3n - Noticias Radio Reflejos<\/title>\n<meta name=\"robots\" content=\"index, follow, max-snippet:-1, max-image-preview:large, max-video-preview:-1\" \/>\n<link rel=\"canonical\" href=\"https:\/\/www.noticiasradioreflejos.com.ar\/2021\/arturo-jauretche-y-el-pensamiento-nacional-una-brujula-para-tiempos-de-traicion\/\" \/>\n<meta property=\"og:locale\" content=\"es_ES\" \/>\n<meta property=\"og:type\" content=\"article\" \/>\n<meta property=\"og:title\" content=\"ARTURO JAURETCHE Y EL PENSAMIENTO NACIONAL, una br\u00fajula para tiempos de traici\u00f3n - Noticias Radio Reflejos\" \/>\n<meta property=\"og:description\" content=\"Cada 13 de noviembre, el natalicio de Arturo Jauretche nos convoca a revisar no s\u00f3lo su legado como pensador, sino tambi\u00e9n el estado actual de nuestra conciencia nacional. Jauretche no fue un acad\u00e9mico encerrado en teor\u00edas abstractas: fue un pensador militante, como le gustaba decir. Un escritor que entendi\u00f3 que la batalla cultural es inseparable [&hellip;]\" \/>\n<meta property=\"og:url\" content=\"https:\/\/www.noticiasradioreflejos.com.ar\/2021\/arturo-jauretche-y-el-pensamiento-nacional-una-brujula-para-tiempos-de-traicion\/\" \/>\n<meta property=\"og:site_name\" content=\"Noticias Radio Reflejos\" \/>\n<meta property=\"article:published_time\" content=\"2025-11-13T13:07:30+00:00\" \/>\n<meta property=\"article:modified_time\" content=\"2025-11-13T13:12:35+00:00\" \/>\n<meta property=\"og:image\" content=\"https:\/\/www.noticiasradioreflejos.com.ar\/2021\/wp-content\/uploads\/2025\/11\/Arturo-01.jpg\" \/>\n\t<meta property=\"og:image:width\" content=\"800\" \/>\n\t<meta property=\"og:image:height\" content=\"483\" \/>\n\t<meta property=\"og:image:type\" content=\"image\/jpeg\" \/>\n<meta name=\"author\" content=\"Arnaldo Botto\" \/>\n<meta name=\"twitter:card\" content=\"summary_large_image\" \/>\n<script type=\"application\/ld+json\" class=\"yoast-schema-graph\">{\"@context\":\"https:\/\/schema.org\",\"@graph\":[{\"@type\":\"WebPage\",\"@id\":\"https:\/\/www.noticiasradioreflejos.com.ar\/2021\/arturo-jauretche-y-el-pensamiento-nacional-una-brujula-para-tiempos-de-traicion\/\",\"url\":\"https:\/\/www.noticiasradioreflejos.com.ar\/2021\/arturo-jauretche-y-el-pensamiento-nacional-una-brujula-para-tiempos-de-traicion\/\",\"name\":\"ARTURO JAURETCHE Y EL PENSAMIENTO NACIONAL, una br\u00fajula para tiempos de traici\u00f3n - Noticias Radio Reflejos\",\"isPartOf\":{\"@id\":\"https:\/\/www.noticiasradioreflejos.com.ar\/2021\/#website\"},\"primaryImageOfPage\":{\"@id\":\"https:\/\/www.noticiasradioreflejos.com.ar\/2021\/arturo-jauretche-y-el-pensamiento-nacional-una-brujula-para-tiempos-de-traicion\/#primaryimage\"},\"image\":{\"@id\":\"https:\/\/www.noticiasradioreflejos.com.ar\/2021\/arturo-jauretche-y-el-pensamiento-nacional-una-brujula-para-tiempos-de-traicion\/#primaryimage\"},\"thumbnailUrl\":\"https:\/\/www.noticiasradioreflejos.com.ar\/2021\/wp-content\/uploads\/2025\/11\/Arturo-01.jpg\",\"datePublished\":\"2025-11-13T13:07:30+00:00\",\"dateModified\":\"2025-11-13T13:12:35+00:00\",\"author\":{\"@id\":\"https:\/\/www.noticiasradioreflejos.com.ar\/2021\/#\/schema\/person\/ad82545263dcc5ec0996818884fd5fb1\"},\"breadcrumb\":{\"@id\":\"https:\/\/www.noticiasradioreflejos.com.ar\/2021\/arturo-jauretche-y-el-pensamiento-nacional-una-brujula-para-tiempos-de-traicion\/#breadcrumb\"},\"inLanguage\":\"es\",\"potentialAction\":[{\"@type\":\"ReadAction\",\"target\":[\"https:\/\/www.noticiasradioreflejos.com.ar\/2021\/arturo-jauretche-y-el-pensamiento-nacional-una-brujula-para-tiempos-de-traicion\/\"]}]},{\"@type\":\"ImageObject\",\"inLanguage\":\"es\",\"@id\":\"https:\/\/www.noticiasradioreflejos.com.ar\/2021\/arturo-jauretche-y-el-pensamiento-nacional-una-brujula-para-tiempos-de-traicion\/#primaryimage\",\"url\":\"https:\/\/www.noticiasradioreflejos.com.ar\/2021\/wp-content\/uploads\/2025\/11\/Arturo-01.jpg\",\"contentUrl\":\"https:\/\/www.noticiasradioreflejos.com.ar\/2021\/wp-content\/uploads\/2025\/11\/Arturo-01.jpg\",\"width\":800,\"height\":483},{\"@type\":\"BreadcrumbList\",\"@id\":\"https:\/\/www.noticiasradioreflejos.com.ar\/2021\/arturo-jauretche-y-el-pensamiento-nacional-una-brujula-para-tiempos-de-traicion\/#breadcrumb\",\"itemListElement\":[{\"@type\":\"ListItem\",\"position\":1,\"name\":\"Portada\",\"item\":\"https:\/\/www.noticiasradioreflejos.com.ar\/2021\/\"},{\"@type\":\"ListItem\",\"position\":2,\"name\":\"ARTURO JAURETCHE Y EL PENSAMIENTO NACIONAL, una br\u00fajula para tiempos de traici\u00f3n\"}]},{\"@type\":\"WebSite\",\"@id\":\"https:\/\/www.noticiasradioreflejos.com.ar\/2021\/#website\",\"url\":\"https:\/\/www.noticiasradioreflejos.com.ar\/2021\/\",\"name\":\"Noticias Radio Reflejos\",\"description\":\"Las noticias de mi comarca\",\"potentialAction\":[{\"@type\":\"SearchAction\",\"target\":{\"@type\":\"EntryPoint\",\"urlTemplate\":\"https:\/\/www.noticiasradioreflejos.com.ar\/2021\/?s={search_term_string}\"},\"query-input\":{\"@type\":\"PropertyValueSpecification\",\"valueRequired\":true,\"valueName\":\"search_term_string\"}}],\"inLanguage\":\"es\"},{\"@type\":\"Person\",\"@id\":\"https:\/\/www.noticiasradioreflejos.com.ar\/2021\/#\/schema\/person\/ad82545263dcc5ec0996818884fd5fb1\",\"name\":\"Arnaldo Botto\",\"image\":{\"@type\":\"ImageObject\",\"inLanguage\":\"es\",\"@id\":\"https:\/\/www.noticiasradioreflejos.com.ar\/2021\/#\/schema\/person\/image\/\",\"url\":\"https:\/\/secure.gravatar.com\/avatar\/55cb5e37c1efa326397366e6974cb338056df65cb50e7d64d1cf314e87504837?s=96&d=mm&r=g\",\"contentUrl\":\"https:\/\/secure.gravatar.com\/avatar\/55cb5e37c1efa326397366e6974cb338056df65cb50e7d64d1cf314e87504837?s=96&d=mm&r=g\",\"caption\":\"Arnaldo Botto\"},\"url\":\"https:\/\/www.noticiasradioreflejos.com.ar\/2021\/author\/arnaldo\/\"}]}<\/script>\n<!-- \/ Yoast SEO plugin. -->","yoast_head_json":{"title":"ARTURO JAURETCHE Y EL PENSAMIENTO NACIONAL, una br\u00fajula para tiempos de traici\u00f3n - Noticias Radio Reflejos","robots":{"index":"index","follow":"follow","max-snippet":"max-snippet:-1","max-image-preview":"max-image-preview:large","max-video-preview":"max-video-preview:-1"},"canonical":"https:\/\/www.noticiasradioreflejos.com.ar\/2021\/arturo-jauretche-y-el-pensamiento-nacional-una-brujula-para-tiempos-de-traicion\/","og_locale":"es_ES","og_type":"article","og_title":"ARTURO JAURETCHE Y EL PENSAMIENTO NACIONAL, una br\u00fajula para tiempos de traici\u00f3n - Noticias Radio Reflejos","og_description":"Cada 13 de noviembre, el natalicio de Arturo Jauretche nos convoca a revisar no s\u00f3lo su legado como pensador, sino tambi\u00e9n el estado actual de nuestra conciencia nacional. Jauretche no fue un acad\u00e9mico encerrado en teor\u00edas abstractas: fue un pensador militante, como le gustaba decir. Un escritor que entendi\u00f3 que la batalla cultural es inseparable [&hellip;]","og_url":"https:\/\/www.noticiasradioreflejos.com.ar\/2021\/arturo-jauretche-y-el-pensamiento-nacional-una-brujula-para-tiempos-de-traicion\/","og_site_name":"Noticias Radio Reflejos","article_published_time":"2025-11-13T13:07:30+00:00","article_modified_time":"2025-11-13T13:12:35+00:00","og_image":[{"width":800,"height":483,"url":"https:\/\/www.noticiasradioreflejos.com.ar\/2021\/wp-content\/uploads\/2025\/11\/Arturo-01.jpg","type":"image\/jpeg"}],"author":"Arnaldo Botto","twitter_card":"summary_large_image","schema":{"@context":"https:\/\/schema.org","@graph":[{"@type":"WebPage","@id":"https:\/\/www.noticiasradioreflejos.com.ar\/2021\/arturo-jauretche-y-el-pensamiento-nacional-una-brujula-para-tiempos-de-traicion\/","url":"https:\/\/www.noticiasradioreflejos.com.ar\/2021\/arturo-jauretche-y-el-pensamiento-nacional-una-brujula-para-tiempos-de-traicion\/","name":"ARTURO JAURETCHE Y EL PENSAMIENTO NACIONAL, una br\u00fajula para tiempos de traici\u00f3n - Noticias Radio Reflejos","isPartOf":{"@id":"https:\/\/www.noticiasradioreflejos.com.ar\/2021\/#website"},"primaryImageOfPage":{"@id":"https:\/\/www.noticiasradioreflejos.com.ar\/2021\/arturo-jauretche-y-el-pensamiento-nacional-una-brujula-para-tiempos-de-traicion\/#primaryimage"},"image":{"@id":"https:\/\/www.noticiasradioreflejos.com.ar\/2021\/arturo-jauretche-y-el-pensamiento-nacional-una-brujula-para-tiempos-de-traicion\/#primaryimage"},"thumbnailUrl":"https:\/\/www.noticiasradioreflejos.com.ar\/2021\/wp-content\/uploads\/2025\/11\/Arturo-01.jpg","datePublished":"2025-11-13T13:07:30+00:00","dateModified":"2025-11-13T13:12:35+00:00","author":{"@id":"https:\/\/www.noticiasradioreflejos.com.ar\/2021\/#\/schema\/person\/ad82545263dcc5ec0996818884fd5fb1"},"breadcrumb":{"@id":"https:\/\/www.noticiasradioreflejos.com.ar\/2021\/arturo-jauretche-y-el-pensamiento-nacional-una-brujula-para-tiempos-de-traicion\/#breadcrumb"},"inLanguage":"es","potentialAction":[{"@type":"ReadAction","target":["https:\/\/www.noticiasradioreflejos.com.ar\/2021\/arturo-jauretche-y-el-pensamiento-nacional-una-brujula-para-tiempos-de-traicion\/"]}]},{"@type":"ImageObject","inLanguage":"es","@id":"https:\/\/www.noticiasradioreflejos.com.ar\/2021\/arturo-jauretche-y-el-pensamiento-nacional-una-brujula-para-tiempos-de-traicion\/#primaryimage","url":"https:\/\/www.noticiasradioreflejos.com.ar\/2021\/wp-content\/uploads\/2025\/11\/Arturo-01.jpg","contentUrl":"https:\/\/www.noticiasradioreflejos.com.ar\/2021\/wp-content\/uploads\/2025\/11\/Arturo-01.jpg","width":800,"height":483},{"@type":"BreadcrumbList","@id":"https:\/\/www.noticiasradioreflejos.com.ar\/2021\/arturo-jauretche-y-el-pensamiento-nacional-una-brujula-para-tiempos-de-traicion\/#breadcrumb","itemListElement":[{"@type":"ListItem","position":1,"name":"Portada","item":"https:\/\/www.noticiasradioreflejos.com.ar\/2021\/"},{"@type":"ListItem","position":2,"name":"ARTURO JAURETCHE Y EL PENSAMIENTO NACIONAL, una br\u00fajula para tiempos de traici\u00f3n"}]},{"@type":"WebSite","@id":"https:\/\/www.noticiasradioreflejos.com.ar\/2021\/#website","url":"https:\/\/www.noticiasradioreflejos.com.ar\/2021\/","name":"Noticias Radio Reflejos","description":"Las noticias de mi comarca","potentialAction":[{"@type":"SearchAction","target":{"@type":"EntryPoint","urlTemplate":"https:\/\/www.noticiasradioreflejos.com.ar\/2021\/?s={search_term_string}"},"query-input":{"@type":"PropertyValueSpecification","valueRequired":true,"valueName":"search_term_string"}}],"inLanguage":"es"},{"@type":"Person","@id":"https:\/\/www.noticiasradioreflejos.com.ar\/2021\/#\/schema\/person\/ad82545263dcc5ec0996818884fd5fb1","name":"Arnaldo Botto","image":{"@type":"ImageObject","inLanguage":"es","@id":"https:\/\/www.noticiasradioreflejos.com.ar\/2021\/#\/schema\/person\/image\/","url":"https:\/\/secure.gravatar.com\/avatar\/55cb5e37c1efa326397366e6974cb338056df65cb50e7d64d1cf314e87504837?s=96&d=mm&r=g","contentUrl":"https:\/\/secure.gravatar.com\/avatar\/55cb5e37c1efa326397366e6974cb338056df65cb50e7d64d1cf314e87504837?s=96&d=mm&r=g","caption":"Arnaldo Botto"},"url":"https:\/\/www.noticiasradioreflejos.com.ar\/2021\/author\/arnaldo\/"}]}},"_links":{"self":[{"href":"https:\/\/www.noticiasradioreflejos.com.ar\/2021\/wp-json\/wp\/v2\/posts\/128276","targetHints":{"allow":["GET"]}}],"collection":[{"href":"https:\/\/www.noticiasradioreflejos.com.ar\/2021\/wp-json\/wp\/v2\/posts"}],"about":[{"href":"https:\/\/www.noticiasradioreflejos.com.ar\/2021\/wp-json\/wp\/v2\/types\/post"}],"author":[{"embeddable":true,"href":"https:\/\/www.noticiasradioreflejos.com.ar\/2021\/wp-json\/wp\/v2\/users\/3"}],"replies":[{"embeddable":true,"href":"https:\/\/www.noticiasradioreflejos.com.ar\/2021\/wp-json\/wp\/v2\/comments?post=128276"}],"version-history":[{"count":3,"href":"https:\/\/www.noticiasradioreflejos.com.ar\/2021\/wp-json\/wp\/v2\/posts\/128276\/revisions"}],"predecessor-version":[{"id":128281,"href":"https:\/\/www.noticiasradioreflejos.com.ar\/2021\/wp-json\/wp\/v2\/posts\/128276\/revisions\/128281"}],"wp:featuredmedia":[{"embeddable":true,"href":"https:\/\/www.noticiasradioreflejos.com.ar\/2021\/wp-json\/wp\/v2\/media\/128280"}],"wp:attachment":[{"href":"https:\/\/www.noticiasradioreflejos.com.ar\/2021\/wp-json\/wp\/v2\/media?parent=128276"}],"wp:term":[{"taxonomy":"category","embeddable":true,"href":"https:\/\/www.noticiasradioreflejos.com.ar\/2021\/wp-json\/wp\/v2\/categories?post=128276"},{"taxonomy":"post_tag","embeddable":true,"href":"https:\/\/www.noticiasradioreflejos.com.ar\/2021\/wp-json\/wp\/v2\/tags?post=128276"}],"curies":[{"name":"wp","href":"https:\/\/api.w.org\/{rel}","templated":true}]}}