{"id":128273,"date":"2025-11-13T08:44:06","date_gmt":"2025-11-13T11:44:06","guid":{"rendered":"https:\/\/www.noticiasradioreflejos.com.ar\/2021\/?p=128273"},"modified":"2025-11-13T08:44:06","modified_gmt":"2025-11-13T11:44:06","slug":"julio-de-vido-se-entrego-en-comodoro-py-y-quedara-detenido-por-la-tragedia-de-once","status":"publish","type":"post","link":"https:\/\/www.noticiasradioreflejos.com.ar\/2021\/julio-de-vido-se-entrego-en-comodoro-py-y-quedara-detenido-por-la-tragedia-de-once\/","title":{"rendered":"Julio De Vido se entreg\u00f3 en Comodoro Py y quedar\u00e1 detenido por la Tragedia de Once"},"content":{"rendered":"<p>La Justicia hab\u00eda negado el pedido de la defensa de prisi\u00f3n domiciliaria del exfuncionario kirchnerista que a las 8 de este jueves se present\u00f3 en los tribunales federales para cumplir su condena de\u00a0cuatro a\u00f1os por la tragedia que dej\u00f3 51 muertos y m\u00e1s de un centenar de heridos en 2012.&lt;<!--more--><br \/>\nJulio De Vido, exministro de Planificaci\u00f3n Federal, se present\u00f3 este jueves en los tribunales de Comodoro Py acompa\u00f1ado por su abogado Maximiliano Ruscon para <strong>cumplir en prisi\u00f3n<\/strong>\u00a0la condena de\u00a0<strong>cuatro a\u00f1os<\/strong>\u00a0impuesta por la\u00a0<strong>Tragedia de Once<\/strong>, luego de que la\u00a0<strong>Corte Suprema<\/strong>\u00a0dejara firme la sentencia del\u00a0<strong>Tribunal Oral Federal 4<\/strong>.<\/p>\n<div class=\"partner-wrapper article-page__body-row\">\n<div class=\"second-col\">\n<p class=\"article-text\">El abogado defensor,\u00a0<strong>Maximiliano Rusconi<\/strong>, hab\u00eda solicitado el beneficio de la\u00a0<strong>detenci\u00f3n en su domicilio<\/strong>\u00a0en raz\u00f3n de la\u00a0<strong>edad del exministro, de 75 a\u00f1os<\/strong>, y su\u00a0<strong>estado de salud<\/strong>, pero el tribunal\u00a0<strong>rechaz\u00f3 el planteo y ratific\u00f3 la citaci\u00f3n<\/strong>\u00a0para el\u00a0<strong>13 de noviembre de 2025<\/strong>. Quedar\u00eda alojado en el penal de Ezeiza.<\/p>\n<figure class=\"embed-container embed-container--type-twitter \">\n<div class=\"twitter-tweet twitter-tweet-rendered\"><iframe id=\"twitter-widget-0\" class=\"\" title=\"X Post\" src=\"https:\/\/platform.twitter.com\/embed\/Tweet.html?dnt=false&amp;embedId=twitter-widget-0&amp;features=eyJ0ZndfdGltZWxpbmVfbGlzdCI6eyJidWNrZXQiOltdLCJ2ZXJzaW9uIjpudWxsfSwidGZ3X2ZvbGxvd2VyX2NvdW50X3N1bnNldCI6eyJidWNrZXQiOnRydWUsInZlcnNpb24iOm51bGx9LCJ0ZndfdHdlZXRfZWRpdF9iYWNrZW5kIjp7ImJ1Y2tldCI6Im9uIiwidmVyc2lvbiI6bnVsbH0sInRmd19yZWZzcmNfc2Vzc2lvbiI6eyJidWNrZXQiOiJvbiIsInZlcnNpb24iOm51bGx9LCJ0ZndfZm9zbnJfc29mdF9pbnRlcnZlbnRpb25zX2VuYWJsZWQiOnsiYnVja2V0Ijoib24iLCJ2ZXJzaW9uIjpudWxsfSwidGZ3X21peGVkX21lZGlhXzE1ODk3Ijp7ImJ1Y2tldCI6InRyZWF0bWVudCIsInZlcnNpb24iOm51bGx9LCJ0ZndfZXhwZXJpbWVudHNfY29va2llX2V4cGlyYXRpb24iOnsiYnVja2V0IjoxMjA5NjAwLCJ2ZXJzaW9uIjpudWxsfSwidGZ3X3Nob3dfYmlyZHdhdGNoX3Bpdm90c19lbmFibGVkIjp7ImJ1Y2tldCI6Im9uIiwidmVyc2lvbiI6bnVsbH0sInRmd19kdXBsaWNhdGVfc2NyaWJlc190b19zZXR0aW5ncyI6eyJidWNrZXQiOiJvbiIsInZlcnNpb24iOm51bGx9LCJ0ZndfdXNlX3Byb2ZpbGVfaW1hZ2Vfc2hhcGVfZW5hYmxlZCI6eyJidWNrZXQiOiJvbiIsInZlcnNpb24iOm51bGx9LCJ0ZndfdmlkZW9faGxzX2R5bmFtaWNfbWFuaWZlc3RzXzE1MDgyIjp7ImJ1Y2tldCI6InRydWVfYml0cmF0ZSIsInZlcnNpb24iOm51bGx9LCJ0ZndfbGVnYWN5X3RpbWVsaW5lX3N1bnNldCI6eyJidWNrZXQiOnRydWUsInZlcnNpb24iOm51bGx9LCJ0ZndfdHdlZXRfZWRpdF9mcm9udGVuZCI6eyJidWNrZXQiOiJvbiIsInZlcnNpb24iOm51bGx9fQ%3D%3D&amp;frame=false&amp;hideCard=false&amp;hideThread=false&amp;id=1988929181502304485&amp;lang=es&amp;origin=https%3A%2F%2Fwww.eldiarioar.com%2Fpolitica%2Fjulio-vido-entrego-comodoro-py-quedara-detenido-tragedia-once_1_12764459.html&amp;sessionId=89551222c023ee65abda403f114c2bf994f188df&amp;theme=light&amp;widgetsVersion=2615f7e52b7e0%3A1702314776716&amp;width=550px\" frameborder=\"0\" scrolling=\"no\" allowfullscreen=\"allowfullscreen\" data-gtm-yt-inspected-34399851_303=\"true\" data-gtm-yt-inspected-34399851_396=\"true\" data-gtm-yt-inspected-40=\"true\" data-tweet-id=\"1988929181502304485\" data-mce-fragment=\"1\"><\/iframe><\/div>\n<\/figure>\n<p class=\"article-text\">En un comunicado titulado \u201cUna nueva decisi\u00f3n arbitraria y violatoria de los derechos humanos fundamentales\u201d, Rusconi calific\u00f3 de\u00a0<strong>\u201carbitraria\u201d<\/strong>\u00a0la decisi\u00f3n judicial y cuestion\u00f3 la\u00a0<strong>\u201cvelocidad sospechosa y oportunismo evidente\u201d<\/strong>\u00a0con la que, seg\u00fan \u00e9l, la Corte Suprema rechaz\u00f3 el recurso de queja presentado por la defensa.<\/p>\n<p class=\"article-text\">El letrado adelant\u00f3 adem\u00e1s que realizar\u00e1 una\u00a0<strong>presentaci\u00f3n ante el Grupo de Trabajo sobre Detenciones Arbitrarias del Consejo de Derechos Humanos de la ONU<\/strong>, con sede en Ginebra, por considerar que la medida vulnera los derechos de su defendido.<\/p>\n<p class=\"article-text\">El fallo firmado por los jueces\u00a0<strong>Fernando Canero, Ricardo \u00c1ngel Basilico y N\u00e9stor Costabel<\/strong>\u00a0determin\u00f3\u00a0<strong>\u201cmantener indefectiblemente la convocatoria\u201d<\/strong>\u00a0y\u00a0<strong>negar la prisi\u00f3n domiciliaria<\/strong>, dejando sin efecto los argumentos esgrimidos por la defensa.<\/p>\n<div id=\"container-after-news-outlook\"><\/div>\n<p class=\"article-text\">La\u00a0<strong>Tragedia de Once<\/strong>, ocurrida el\u00a0<strong>22 de febrero de 2012<\/strong>, dej\u00f3\u00a0<strong>51 muertos y m\u00e1s de un centenar de heridos<\/strong>\u00a0cuando una formaci\u00f3n del ferrocarril Sarmiento choc\u00f3 contra el and\u00e9n de la estaci\u00f3n terminal.<\/p>\n<p>&nbsp;<\/p>\n<p class=\"article-text\"><em>Con informaci\u00f3n de NA<\/em><\/p>\n<\/div>\n<\/div>\n","protected":false},"excerpt":{"rendered":"<p>La Justicia hab\u00eda negado el pedido de la defensa de prisi\u00f3n domiciliaria del exfuncionario kirchnerista que a las 8 de este jueves se present\u00f3 en los tribunales federales para cumplir su condena de\u00a0cuatro a\u00f1os por la tragedia que dej\u00f3 51 muertos y m\u00e1s de un centenar de heridos en 2012.&lt;<\/p>\n","protected":false},"author":3,"featured_media":128274,"comment_status":"closed","ping_status":"closed","sticky":false,"template":"","format":"standard","meta":{"footnotes":""},"categories":[57],"tags":[],"class_list":["post-128273","post","type-post","status-publish","format-standard","has-post-thumbnail","hentry","category-judiciales"],"yoast_head":"<!-- This site is optimized with the Yoast SEO plugin v25.9 - https:\/\/yoast.com\/wordpress\/plugins\/seo\/ -->\n<title>Julio De Vido se entreg\u00f3 en Comodoro Py y quedar\u00e1 detenido por la Tragedia de Once - Noticias Radio Reflejos<\/title>\n<meta name=\"robots\" content=\"index, follow, max-snippet:-1, max-image-preview:large, max-video-preview:-1\" \/>\n<link rel=\"canonical\" href=\"https:\/\/www.noticiasradioreflejos.com.ar\/2021\/julio-de-vido-se-entrego-en-comodoro-py-y-quedara-detenido-por-la-tragedia-de-once\/\" \/>\n<meta property=\"og:locale\" content=\"es_ES\" \/>\n<meta property=\"og:type\" content=\"article\" \/>\n<meta property=\"og:title\" content=\"Julio De Vido se entreg\u00f3 en Comodoro Py y quedar\u00e1 detenido por la Tragedia de Once - Noticias Radio Reflejos\" \/>\n<meta property=\"og:description\" content=\"La Justicia hab\u00eda negado el pedido de la defensa de prisi\u00f3n domiciliaria del exfuncionario kirchnerista que a las 8 de este jueves se present\u00f3 en los tribunales federales para cumplir su condena de\u00a0cuatro a\u00f1os por la tragedia que dej\u00f3 51 muertos y m\u00e1s de un centenar de heridos en 2012.&lt;\" \/>\n<meta property=\"og:url\" content=\"https:\/\/www.noticiasradioreflejos.com.ar\/2021\/julio-de-vido-se-entrego-en-comodoro-py-y-quedara-detenido-por-la-tragedia-de-once\/\" \/>\n<meta property=\"og:site_name\" content=\"Noticias Radio Reflejos\" \/>\n<meta property=\"article:published_time\" content=\"2025-11-13T11:44:06+00:00\" \/>\n<meta property=\"og:image\" content=\"https:\/\/www.noticiasradioreflejos.com.ar\/2021\/wp-content\/uploads\/2025\/11\/de-vido.webp\" \/>\n\t<meta property=\"og:image:width\" content=\"1200\" \/>\n\t<meta property=\"og:image:height\" content=\"675\" \/>\n\t<meta property=\"og:image:type\" content=\"image\/webp\" \/>\n<meta name=\"author\" content=\"Arnaldo Botto\" \/>\n<meta name=\"twitter:card\" content=\"summary_large_image\" \/>\n<script type=\"application\/ld+json\" class=\"yoast-schema-graph\">{\"@context\":\"https:\/\/schema.org\",\"@graph\":[{\"@type\":\"WebPage\",\"@id\":\"https:\/\/www.noticiasradioreflejos.com.ar\/2021\/julio-de-vido-se-entrego-en-comodoro-py-y-quedara-detenido-por-la-tragedia-de-once\/\",\"url\":\"https:\/\/www.noticiasradioreflejos.com.ar\/2021\/julio-de-vido-se-entrego-en-comodoro-py-y-quedara-detenido-por-la-tragedia-de-once\/\",\"name\":\"Julio De Vido se entreg\u00f3 en Comodoro Py y quedar\u00e1 detenido por la Tragedia de Once - Noticias Radio Reflejos\",\"isPartOf\":{\"@id\":\"https:\/\/www.noticiasradioreflejos.com.ar\/2021\/#website\"},\"primaryImageOfPage\":{\"@id\":\"https:\/\/www.noticiasradioreflejos.com.ar\/2021\/julio-de-vido-se-entrego-en-comodoro-py-y-quedara-detenido-por-la-tragedia-de-once\/#primaryimage\"},\"image\":{\"@id\":\"https:\/\/www.noticiasradioreflejos.com.ar\/2021\/julio-de-vido-se-entrego-en-comodoro-py-y-quedara-detenido-por-la-tragedia-de-once\/#primaryimage\"},\"thumbnailUrl\":\"https:\/\/www.noticiasradioreflejos.com.ar\/2021\/wp-content\/uploads\/2025\/11\/de-vido.webp\",\"datePublished\":\"2025-11-13T11:44:06+00:00\",\"author\":{\"@id\":\"https:\/\/www.noticiasradioreflejos.com.ar\/2021\/#\/schema\/person\/ad82545263dcc5ec0996818884fd5fb1\"},\"breadcrumb\":{\"@id\":\"https:\/\/www.noticiasradioreflejos.com.ar\/2021\/julio-de-vido-se-entrego-en-comodoro-py-y-quedara-detenido-por-la-tragedia-de-once\/#breadcrumb\"},\"inLanguage\":\"es\",\"potentialAction\":[{\"@type\":\"ReadAction\",\"target\":[\"https:\/\/www.noticiasradioreflejos.com.ar\/2021\/julio-de-vido-se-entrego-en-comodoro-py-y-quedara-detenido-por-la-tragedia-de-once\/\"]}]},{\"@type\":\"ImageObject\",\"inLanguage\":\"es\",\"@id\":\"https:\/\/www.noticiasradioreflejos.com.ar\/2021\/julio-de-vido-se-entrego-en-comodoro-py-y-quedara-detenido-por-la-tragedia-de-once\/#primaryimage\",\"url\":\"https:\/\/www.noticiasradioreflejos.com.ar\/2021\/wp-content\/uploads\/2025\/11\/de-vido.webp\",\"contentUrl\":\"https:\/\/www.noticiasradioreflejos.com.ar\/2021\/wp-content\/uploads\/2025\/11\/de-vido.webp\",\"width\":1200,\"height\":675},{\"@type\":\"BreadcrumbList\",\"@id\":\"https:\/\/www.noticiasradioreflejos.com.ar\/2021\/julio-de-vido-se-entrego-en-comodoro-py-y-quedara-detenido-por-la-tragedia-de-once\/#breadcrumb\",\"itemListElement\":[{\"@type\":\"ListItem\",\"position\":1,\"name\":\"Portada\",\"item\":\"https:\/\/www.noticiasradioreflejos.com.ar\/2021\/\"},{\"@type\":\"ListItem\",\"position\":2,\"name\":\"Julio De Vido se entreg\u00f3 en Comodoro Py y quedar\u00e1 detenido por la Tragedia de Once\"}]},{\"@type\":\"WebSite\",\"@id\":\"https:\/\/www.noticiasradioreflejos.com.ar\/2021\/#website\",\"url\":\"https:\/\/www.noticiasradioreflejos.com.ar\/2021\/\",\"name\":\"Noticias Radio Reflejos\",\"description\":\"Las noticias de mi comarca\",\"potentialAction\":[{\"@type\":\"SearchAction\",\"target\":{\"@type\":\"EntryPoint\",\"urlTemplate\":\"https:\/\/www.noticiasradioreflejos.com.ar\/2021\/?s={search_term_string}\"},\"query-input\":{\"@type\":\"PropertyValueSpecification\",\"valueRequired\":true,\"valueName\":\"search_term_string\"}}],\"inLanguage\":\"es\"},{\"@type\":\"Person\",\"@id\":\"https:\/\/www.noticiasradioreflejos.com.ar\/2021\/#\/schema\/person\/ad82545263dcc5ec0996818884fd5fb1\",\"name\":\"Arnaldo Botto\",\"image\":{\"@type\":\"ImageObject\",\"inLanguage\":\"es\",\"@id\":\"https:\/\/www.noticiasradioreflejos.com.ar\/2021\/#\/schema\/person\/image\/\",\"url\":\"https:\/\/secure.gravatar.com\/avatar\/55cb5e37c1efa326397366e6974cb338056df65cb50e7d64d1cf314e87504837?s=96&d=mm&r=g\",\"contentUrl\":\"https:\/\/secure.gravatar.com\/avatar\/55cb5e37c1efa326397366e6974cb338056df65cb50e7d64d1cf314e87504837?s=96&d=mm&r=g\",\"caption\":\"Arnaldo Botto\"},\"url\":\"https:\/\/www.noticiasradioreflejos.com.ar\/2021\/author\/arnaldo\/\"}]}<\/script>\n<!-- \/ Yoast SEO plugin. -->","yoast_head_json":{"title":"Julio De Vido se entreg\u00f3 en Comodoro Py y quedar\u00e1 detenido por la Tragedia de Once - Noticias Radio Reflejos","robots":{"index":"index","follow":"follow","max-snippet":"max-snippet:-1","max-image-preview":"max-image-preview:large","max-video-preview":"max-video-preview:-1"},"canonical":"https:\/\/www.noticiasradioreflejos.com.ar\/2021\/julio-de-vido-se-entrego-en-comodoro-py-y-quedara-detenido-por-la-tragedia-de-once\/","og_locale":"es_ES","og_type":"article","og_title":"Julio De Vido se entreg\u00f3 en Comodoro Py y quedar\u00e1 detenido por la Tragedia de Once - Noticias Radio Reflejos","og_description":"La Justicia hab\u00eda negado el pedido de la defensa de prisi\u00f3n domiciliaria del exfuncionario kirchnerista que a las 8 de este jueves se present\u00f3 en los tribunales federales para cumplir su condena de\u00a0cuatro a\u00f1os por la tragedia que dej\u00f3 51 muertos y m\u00e1s de un centenar de heridos en 2012.&lt;","og_url":"https:\/\/www.noticiasradioreflejos.com.ar\/2021\/julio-de-vido-se-entrego-en-comodoro-py-y-quedara-detenido-por-la-tragedia-de-once\/","og_site_name":"Noticias Radio Reflejos","article_published_time":"2025-11-13T11:44:06+00:00","og_image":[{"width":1200,"height":675,"url":"https:\/\/www.noticiasradioreflejos.com.ar\/2021\/wp-content\/uploads\/2025\/11\/de-vido.webp","type":"image\/webp"}],"author":"Arnaldo Botto","twitter_card":"summary_large_image","schema":{"@context":"https:\/\/schema.org","@graph":[{"@type":"WebPage","@id":"https:\/\/www.noticiasradioreflejos.com.ar\/2021\/julio-de-vido-se-entrego-en-comodoro-py-y-quedara-detenido-por-la-tragedia-de-once\/","url":"https:\/\/www.noticiasradioreflejos.com.ar\/2021\/julio-de-vido-se-entrego-en-comodoro-py-y-quedara-detenido-por-la-tragedia-de-once\/","name":"Julio De Vido se entreg\u00f3 en Comodoro Py y quedar\u00e1 detenido por la Tragedia de Once - Noticias Radio Reflejos","isPartOf":{"@id":"https:\/\/www.noticiasradioreflejos.com.ar\/2021\/#website"},"primaryImageOfPage":{"@id":"https:\/\/www.noticiasradioreflejos.com.ar\/2021\/julio-de-vido-se-entrego-en-comodoro-py-y-quedara-detenido-por-la-tragedia-de-once\/#primaryimage"},"image":{"@id":"https:\/\/www.noticiasradioreflejos.com.ar\/2021\/julio-de-vido-se-entrego-en-comodoro-py-y-quedara-detenido-por-la-tragedia-de-once\/#primaryimage"},"thumbnailUrl":"https:\/\/www.noticiasradioreflejos.com.ar\/2021\/wp-content\/uploads\/2025\/11\/de-vido.webp","datePublished":"2025-11-13T11:44:06+00:00","author":{"@id":"https:\/\/www.noticiasradioreflejos.com.ar\/2021\/#\/schema\/person\/ad82545263dcc5ec0996818884fd5fb1"},"breadcrumb":{"@id":"https:\/\/www.noticiasradioreflejos.com.ar\/2021\/julio-de-vido-se-entrego-en-comodoro-py-y-quedara-detenido-por-la-tragedia-de-once\/#breadcrumb"},"inLanguage":"es","potentialAction":[{"@type":"ReadAction","target":["https:\/\/www.noticiasradioreflejos.com.ar\/2021\/julio-de-vido-se-entrego-en-comodoro-py-y-quedara-detenido-por-la-tragedia-de-once\/"]}]},{"@type":"ImageObject","inLanguage":"es","@id":"https:\/\/www.noticiasradioreflejos.com.ar\/2021\/julio-de-vido-se-entrego-en-comodoro-py-y-quedara-detenido-por-la-tragedia-de-once\/#primaryimage","url":"https:\/\/www.noticiasradioreflejos.com.ar\/2021\/wp-content\/uploads\/2025\/11\/de-vido.webp","contentUrl":"https:\/\/www.noticiasradioreflejos.com.ar\/2021\/wp-content\/uploads\/2025\/11\/de-vido.webp","width":1200,"height":675},{"@type":"BreadcrumbList","@id":"https:\/\/www.noticiasradioreflejos.com.ar\/2021\/julio-de-vido-se-entrego-en-comodoro-py-y-quedara-detenido-por-la-tragedia-de-once\/#breadcrumb","itemListElement":[{"@type":"ListItem","position":1,"name":"Portada","item":"https:\/\/www.noticiasradioreflejos.com.ar\/2021\/"},{"@type":"ListItem","position":2,"name":"Julio De Vido se entreg\u00f3 en Comodoro Py y quedar\u00e1 detenido por la Tragedia de Once"}]},{"@type":"WebSite","@id":"https:\/\/www.noticiasradioreflejos.com.ar\/2021\/#website","url":"https:\/\/www.noticiasradioreflejos.com.ar\/2021\/","name":"Noticias Radio Reflejos","description":"Las noticias de mi comarca","potentialAction":[{"@type":"SearchAction","target":{"@type":"EntryPoint","urlTemplate":"https:\/\/www.noticiasradioreflejos.com.ar\/2021\/?s={search_term_string}"},"query-input":{"@type":"PropertyValueSpecification","valueRequired":true,"valueName":"search_term_string"}}],"inLanguage":"es"},{"@type":"Person","@id":"https:\/\/www.noticiasradioreflejos.com.ar\/2021\/#\/schema\/person\/ad82545263dcc5ec0996818884fd5fb1","name":"Arnaldo Botto","image":{"@type":"ImageObject","inLanguage":"es","@id":"https:\/\/www.noticiasradioreflejos.com.ar\/2021\/#\/schema\/person\/image\/","url":"https:\/\/secure.gravatar.com\/avatar\/55cb5e37c1efa326397366e6974cb338056df65cb50e7d64d1cf314e87504837?s=96&d=mm&r=g","contentUrl":"https:\/\/secure.gravatar.com\/avatar\/55cb5e37c1efa326397366e6974cb338056df65cb50e7d64d1cf314e87504837?s=96&d=mm&r=g","caption":"Arnaldo Botto"},"url":"https:\/\/www.noticiasradioreflejos.com.ar\/2021\/author\/arnaldo\/"}]}},"_links":{"self":[{"href":"https:\/\/www.noticiasradioreflejos.com.ar\/2021\/wp-json\/wp\/v2\/posts\/128273","targetHints":{"allow":["GET"]}}],"collection":[{"href":"https:\/\/www.noticiasradioreflejos.com.ar\/2021\/wp-json\/wp\/v2\/posts"}],"about":[{"href":"https:\/\/www.noticiasradioreflejos.com.ar\/2021\/wp-json\/wp\/v2\/types\/post"}],"author":[{"embeddable":true,"href":"https:\/\/www.noticiasradioreflejos.com.ar\/2021\/wp-json\/wp\/v2\/users\/3"}],"replies":[{"embeddable":true,"href":"https:\/\/www.noticiasradioreflejos.com.ar\/2021\/wp-json\/wp\/v2\/comments?post=128273"}],"version-history":[{"count":1,"href":"https:\/\/www.noticiasradioreflejos.com.ar\/2021\/wp-json\/wp\/v2\/posts\/128273\/revisions"}],"predecessor-version":[{"id":128275,"href":"https:\/\/www.noticiasradioreflejos.com.ar\/2021\/wp-json\/wp\/v2\/posts\/128273\/revisions\/128275"}],"wp:featuredmedia":[{"embeddable":true,"href":"https:\/\/www.noticiasradioreflejos.com.ar\/2021\/wp-json\/wp\/v2\/media\/128274"}],"wp:attachment":[{"href":"https:\/\/www.noticiasradioreflejos.com.ar\/2021\/wp-json\/wp\/v2\/media?parent=128273"}],"wp:term":[{"taxonomy":"category","embeddable":true,"href":"https:\/\/www.noticiasradioreflejos.com.ar\/2021\/wp-json\/wp\/v2\/categories?post=128273"},{"taxonomy":"post_tag","embeddable":true,"href":"https:\/\/www.noticiasradioreflejos.com.ar\/2021\/wp-json\/wp\/v2\/tags?post=128273"}],"curies":[{"name":"wp","href":"https:\/\/api.w.org\/{rel}","templated":true}]}}