{"id":12807,"date":"2017-07-27T12:10:32","date_gmt":"2017-07-27T15:10:32","guid":{"rendered":"http:\/\/www.noticiasradioreflejos.com.ar\/noticias\/?p=12807"},"modified":"2017-07-27T12:10:32","modified_gmt":"2017-07-27T15:10:32","slug":"frente-1pais-presento-sus-candidatos-y-los-ejes-de-su-campana-en-sierra-de-la-ventana","status":"publish","type":"post","link":"https:\/\/www.noticiasradioreflejos.com.ar\/2021\/frente-1pais-presento-sus-candidatos-y-los-ejes-de-su-campana-en-sierra-de-la-ventana\/","title":{"rendered":"Frente 1Pa\u00eds present\u00f3 sus candidatos y los ejes de su campa\u00f1a en Sierra de la Ventana"},"content":{"rendered":"<p>&nbsp;<br \/>\nLos candidatos del Frente 1Pa\u00eds \u00a0Oscar Scharff, Mauricio Kees, Gustavo Cabezas y Marcela Gonzalez se hicieron presentes en Sierra de la Ventana, \u00a0mencionando temas fundamentales que llevaran al Concejo como la seguridad \u00bb Tener c\u00e1maras controladas las 24 horas en tiempo real\u00bb, Obras P\u00fablicas \u00abControlar desde el Concejo que se liciten todas las obras\u00bb Adem\u00e1s trataron como fundamental el Turismo y la necesidad de una infraestructura b\u00e1sica ante centros urbanos en constante crecimiento.<br \/>\n<span style=\"line-height: 1.5;\">En cuanto al Medio Ambiente la propuesta es que se lleve a cabo finalmente \u00absacar la planta recicladora del medio de pueblo\u00bb\u00a0<\/span><br \/>\nSe enfocaron adem\u00e1s en propuestas para generar empleo genuino.<br \/>\nSosteniendo como fundamental dentro del Concejo, el Consenso, buscar el di\u00e1logo, la discusi\u00f3n para bien, \u00abEl di\u00e1logo no est\u00e1 y es necesario\u00bb<br \/>\n&nbsp;<br \/>\nOscar Scharff viene de una familia de gran trayectoria pol\u00edtica, su padre y su hermano participaron del Concejo Deliberante en diferentes momentos de la historia de Tornquist, hoy se involucra y encabeza la lista presentando en Sierra de la Ventana los 4 ejes de la Campa\u00f1a a los vecinos y respondiendo las consultas.<br \/>\n[soundcloud url=\u00bbhttps:\/\/api.soundcloud.com\/tracks\/335066667&#8243; params=\u00bbcolor=ff5500&amp;auto_play=false&amp;hide_related=false&amp;show_comments=true&amp;show_user=true&amp;show_reposts=false\u00bb width=\u00bb100%\u00bb height=\u00bb166&#8243; iframe=\u00bbtrue\u00bb \/]<br \/>\n&nbsp;<br \/>\nMauricio Kees es la primera vez que participa dentro de una lista de candidatos. dentro delo los objetivos que lleva como eje el Frente 1Pa\u00eds para el distrito de Tornquist, propone una ordenanza que establezca la prioridad a empresas locales en la adjudicaci\u00f3n de obra p\u00fablica.<br \/>\n[soundcloud url=\u00bbhttps:\/\/api.soundcloud.com\/tracks\/335063759&#8243; params=\u00bbcolor=ff5500&amp;auto_play=false&amp;hide_related=false&amp;show_comments=true&amp;show_user=true&amp;show_reposts=false\u00bb width=\u00bb100%\u00bb height=\u00bb166&#8243; iframe=\u00bbtrue\u00bb \/]<\/p>\n<div class=\"listenDetails__partialInfo\">\n<div class=\"truncatedAudioInfo m-collapsed\">\n<div class=\"truncatedAudioInfo__wrapper\">\n<div class=\"truncatedAudioInfo__content\">\n<div class=\"sc-type-small\">\n<div>\n&nbsp;<br \/>\nGustavo Cabezas, empleado municipal, con una larga trayectoria en el f\u00fatbol regional y como entrenador de escuelas y de divisiones inferiores dentro del Club Ventana, juega una ficha importante para llegar al concejo con la convicci\u00f3n que los cuadros de 1pa\u00eds est\u00e1n capacitados y participan en forma permanente en su formaci\u00f3n para la pol\u00edtica.\n<\/div>\n<\/div>\n<div class=\"truncatedAudioInfo__metadata\">[soundcloud url=\u00bbhttps:\/\/api.soundcloud.com\/tracks\/335063510&#8243; params=\u00bbcolor=ff5500&amp;auto_play=false&amp;hide_related=false&amp;show_comments=true&amp;show_user=true&amp;show_reposts=false\u00bb width=\u00bb100%\u00bb height=\u00bb166&#8243; iframe=\u00bbtrue\u00bb \/]<\/div>\n<\/div>\n<\/div>\n<\/div>\n<div class=\"truncatedAudioInfo__metadata\"><\/div>\n<div class=\"truncatedAudioInfo__metadata\">Marcela Gonzalez es odont\u00f3loga, y particip\u00f3 activamente como entrenadora de Hockey femenino en el Club Ventana. Hoy enrolada en las filas de 1Pa\u00eds, busca desde su lugar en la lista llevar la voz y necesidades de los de los ciudadanos al Concejo Deliberante.<\/div>\n<div class=\"truncatedAudioInfo__metadata\">[soundcloud url=\u00bbhttps:\/\/api.soundcloud.com\/tracks\/335062896&#8243; params=\u00bbcolor=ff5500&amp;auto_play=false&amp;hide_related=false&amp;show_comments=true&amp;show_user=true&amp;show_reposts=false\u00bb width=\u00bb100%\u00bb height=\u00bb166&#8243; iframe=\u00bbtrue\u00bb \/]<\/div>\n<\/div>\n<div class=\"truncatedAudioInfo__metadata\"><\/div>\n<p><a title=\"100_7910\" href=\"http:\/\/farm5.staticflickr.com\/4325\/35807317020_f2fce2f414_s.jpg\" rel=\"\"><img loading=\"lazy\" decoding=\"async\" class=\"aligncenter\" title=\"100_7910\" src=\"http:\/\/farm5.staticflickr.com\/4325\/35807317020_f2fce2f414_z.jpg\" alt=\"100_7910\" width=\"640\" height=\"480\" \/><\/a><br \/>\n<a title=\"100_7907\" href=\"http:\/\/farm5.staticflickr.com\/4305\/35807318190_22fbf6b99a_s.jpg\" rel=\"\"><img loading=\"lazy\" decoding=\"async\" class=\"aligncenter\" title=\"100_7907\" src=\"http:\/\/farm5.staticflickr.com\/4305\/35807318190_22fbf6b99a_z.jpg\" alt=\"100_7907\" width=\"640\" height=\"480\" \/><\/a><br \/>\n<a title=\"100_7905\" href=\"http:\/\/farm5.staticflickr.com\/4316\/35807320160_34b639327e_s.jpg\" rel=\"\"><img loading=\"lazy\" decoding=\"async\" class=\"aligncenter\" title=\"100_7905\" src=\"http:\/\/farm5.staticflickr.com\/4316\/35807320160_34b639327e_z.jpg\" alt=\"100_7905\" width=\"640\" height=\"480\" \/><\/a><br \/>\n<a title=\"100_7903\" href=\"http:\/\/farm5.staticflickr.com\/4296\/35363393004_a4a5d24d4a_s.jpg\" rel=\"\"><img loading=\"lazy\" decoding=\"async\" class=\"aligncenter\" title=\"100_7903\" src=\"http:\/\/farm5.staticflickr.com\/4296\/35363393004_a4a5d24d4a_z.jpg\" alt=\"100_7903\" width=\"640\" height=\"480\" \/><\/a><\/p>\n","protected":false},"excerpt":{"rendered":"<p>Los candidatos del Frente 1Pa\u00eds  Oscar Scharff, Mauricio Kees, Gustavo Cabezas y Marcela Gonzalez se hicieron presentes en Sierra de la Ventana,  <\/p>\n","protected":false},"author":3,"featured_media":0,"comment_status":"closed","ping_status":"open","sticky":false,"template":"","format":"standard","meta":{"footnotes":""},"categories":[24],"tags":[],"class_list":["post-12807","post","type-post","status-publish","format-standard","hentry","category-politica"],"yoast_head":"<!-- This site is optimized with the Yoast SEO plugin v25.9 - https:\/\/yoast.com\/wordpress\/plugins\/seo\/ -->\n<title>Frente 1Pa\u00eds present\u00f3 sus candidatos y los ejes de su campa\u00f1a en Sierra de la Ventana - Noticias Radio Reflejos<\/title>\n<meta name=\"robots\" content=\"index, follow, max-snippet:-1, max-image-preview:large, max-video-preview:-1\" \/>\n<link rel=\"canonical\" href=\"https:\/\/www.noticiasradioreflejos.com.ar\/2021\/frente-1pais-presento-sus-candidatos-y-los-ejes-de-su-campana-en-sierra-de-la-ventana\/\" \/>\n<meta property=\"og:locale\" content=\"es_ES\" \/>\n<meta property=\"og:type\" content=\"article\" \/>\n<meta property=\"og:title\" content=\"Frente 1Pa\u00eds present\u00f3 sus candidatos y los ejes de su campa\u00f1a en Sierra de la Ventana - Noticias Radio Reflejos\" \/>\n<meta property=\"og:description\" content=\"Los candidatos del Frente 1Pa\u00eds Oscar Scharff, Mauricio Kees, Gustavo Cabezas y Marcela Gonzalez se hicieron presentes en Sierra de la Ventana,\" \/>\n<meta property=\"og:url\" content=\"https:\/\/www.noticiasradioreflejos.com.ar\/2021\/frente-1pais-presento-sus-candidatos-y-los-ejes-de-su-campana-en-sierra-de-la-ventana\/\" \/>\n<meta property=\"og:site_name\" content=\"Noticias Radio Reflejos\" \/>\n<meta property=\"article:published_time\" content=\"2017-07-27T15:10:32+00:00\" \/>\n<meta property=\"og:image\" content=\"http:\/\/farm5.staticflickr.com\/4325\/35807317020_f2fce2f414_z.jpg\" \/>\n<meta name=\"author\" content=\"Arnaldo Botto\" \/>\n<meta name=\"twitter:card\" content=\"summary_large_image\" \/>\n<script type=\"application\/ld+json\" class=\"yoast-schema-graph\">{\"@context\":\"https:\/\/schema.org\",\"@graph\":[{\"@type\":\"WebPage\",\"@id\":\"https:\/\/www.noticiasradioreflejos.com.ar\/2021\/frente-1pais-presento-sus-candidatos-y-los-ejes-de-su-campana-en-sierra-de-la-ventana\/\",\"url\":\"https:\/\/www.noticiasradioreflejos.com.ar\/2021\/frente-1pais-presento-sus-candidatos-y-los-ejes-de-su-campana-en-sierra-de-la-ventana\/\",\"name\":\"Frente 1Pa\u00eds present\u00f3 sus candidatos y los ejes de su campa\u00f1a en Sierra de la Ventana - Noticias Radio Reflejos\",\"isPartOf\":{\"@id\":\"https:\/\/www.noticiasradioreflejos.com.ar\/2021\/#website\"},\"primaryImageOfPage\":{\"@id\":\"https:\/\/www.noticiasradioreflejos.com.ar\/2021\/frente-1pais-presento-sus-candidatos-y-los-ejes-de-su-campana-en-sierra-de-la-ventana\/#primaryimage\"},\"image\":{\"@id\":\"https:\/\/www.noticiasradioreflejos.com.ar\/2021\/frente-1pais-presento-sus-candidatos-y-los-ejes-de-su-campana-en-sierra-de-la-ventana\/#primaryimage\"},\"thumbnailUrl\":\"http:\/\/farm5.staticflickr.com\/4325\/35807317020_f2fce2f414_z.jpg\",\"datePublished\":\"2017-07-27T15:10:32+00:00\",\"author\":{\"@id\":\"https:\/\/www.noticiasradioreflejos.com.ar\/2021\/#\/schema\/person\/ad82545263dcc5ec0996818884fd5fb1\"},\"breadcrumb\":{\"@id\":\"https:\/\/www.noticiasradioreflejos.com.ar\/2021\/frente-1pais-presento-sus-candidatos-y-los-ejes-de-su-campana-en-sierra-de-la-ventana\/#breadcrumb\"},\"inLanguage\":\"es\",\"potentialAction\":[{\"@type\":\"ReadAction\",\"target\":[\"https:\/\/www.noticiasradioreflejos.com.ar\/2021\/frente-1pais-presento-sus-candidatos-y-los-ejes-de-su-campana-en-sierra-de-la-ventana\/\"]}]},{\"@type\":\"ImageObject\",\"inLanguage\":\"es\",\"@id\":\"https:\/\/www.noticiasradioreflejos.com.ar\/2021\/frente-1pais-presento-sus-candidatos-y-los-ejes-de-su-campana-en-sierra-de-la-ventana\/#primaryimage\",\"url\":\"http:\/\/farm5.staticflickr.com\/4325\/35807317020_f2fce2f414_z.jpg\",\"contentUrl\":\"http:\/\/farm5.staticflickr.com\/4325\/35807317020_f2fce2f414_z.jpg\"},{\"@type\":\"BreadcrumbList\",\"@id\":\"https:\/\/www.noticiasradioreflejos.com.ar\/2021\/frente-1pais-presento-sus-candidatos-y-los-ejes-de-su-campana-en-sierra-de-la-ventana\/#breadcrumb\",\"itemListElement\":[{\"@type\":\"ListItem\",\"position\":1,\"name\":\"Portada\",\"item\":\"https:\/\/www.noticiasradioreflejos.com.ar\/2021\/\"},{\"@type\":\"ListItem\",\"position\":2,\"name\":\"Frente 1Pa\u00eds present\u00f3 sus candidatos y los ejes de su campa\u00f1a en Sierra de la Ventana\"}]},{\"@type\":\"WebSite\",\"@id\":\"https:\/\/www.noticiasradioreflejos.com.ar\/2021\/#website\",\"url\":\"https:\/\/www.noticiasradioreflejos.com.ar\/2021\/\",\"name\":\"Noticias Radio Reflejos\",\"description\":\"Las noticias de mi comarca\",\"potentialAction\":[{\"@type\":\"SearchAction\",\"target\":{\"@type\":\"EntryPoint\",\"urlTemplate\":\"https:\/\/www.noticiasradioreflejos.com.ar\/2021\/?s={search_term_string}\"},\"query-input\":{\"@type\":\"PropertyValueSpecification\",\"valueRequired\":true,\"valueName\":\"search_term_string\"}}],\"inLanguage\":\"es\"},{\"@type\":\"Person\",\"@id\":\"https:\/\/www.noticiasradioreflejos.com.ar\/2021\/#\/schema\/person\/ad82545263dcc5ec0996818884fd5fb1\",\"name\":\"Arnaldo Botto\",\"image\":{\"@type\":\"ImageObject\",\"inLanguage\":\"es\",\"@id\":\"https:\/\/www.noticiasradioreflejos.com.ar\/2021\/#\/schema\/person\/image\/\",\"url\":\"https:\/\/secure.gravatar.com\/avatar\/55cb5e37c1efa326397366e6974cb338056df65cb50e7d64d1cf314e87504837?s=96&d=mm&r=g\",\"contentUrl\":\"https:\/\/secure.gravatar.com\/avatar\/55cb5e37c1efa326397366e6974cb338056df65cb50e7d64d1cf314e87504837?s=96&d=mm&r=g\",\"caption\":\"Arnaldo Botto\"},\"url\":\"https:\/\/www.noticiasradioreflejos.com.ar\/2021\/author\/arnaldo\/\"}]}<\/script>\n<!-- \/ Yoast SEO plugin. -->","yoast_head_json":{"title":"Frente 1Pa\u00eds present\u00f3 sus candidatos y los ejes de su campa\u00f1a en Sierra de la Ventana - Noticias Radio Reflejos","robots":{"index":"index","follow":"follow","max-snippet":"max-snippet:-1","max-image-preview":"max-image-preview:large","max-video-preview":"max-video-preview:-1"},"canonical":"https:\/\/www.noticiasradioreflejos.com.ar\/2021\/frente-1pais-presento-sus-candidatos-y-los-ejes-de-su-campana-en-sierra-de-la-ventana\/","og_locale":"es_ES","og_type":"article","og_title":"Frente 1Pa\u00eds present\u00f3 sus candidatos y los ejes de su campa\u00f1a en Sierra de la Ventana - Noticias Radio Reflejos","og_description":"Los candidatos del Frente 1Pa\u00eds Oscar Scharff, Mauricio Kees, Gustavo Cabezas y Marcela Gonzalez se hicieron presentes en Sierra de la Ventana,","og_url":"https:\/\/www.noticiasradioreflejos.com.ar\/2021\/frente-1pais-presento-sus-candidatos-y-los-ejes-de-su-campana-en-sierra-de-la-ventana\/","og_site_name":"Noticias Radio Reflejos","article_published_time":"2017-07-27T15:10:32+00:00","og_image":[{"url":"http:\/\/farm5.staticflickr.com\/4325\/35807317020_f2fce2f414_z.jpg","type":"","width":"","height":""}],"author":"Arnaldo Botto","twitter_card":"summary_large_image","schema":{"@context":"https:\/\/schema.org","@graph":[{"@type":"WebPage","@id":"https:\/\/www.noticiasradioreflejos.com.ar\/2021\/frente-1pais-presento-sus-candidatos-y-los-ejes-de-su-campana-en-sierra-de-la-ventana\/","url":"https:\/\/www.noticiasradioreflejos.com.ar\/2021\/frente-1pais-presento-sus-candidatos-y-los-ejes-de-su-campana-en-sierra-de-la-ventana\/","name":"Frente 1Pa\u00eds present\u00f3 sus candidatos y los ejes de su campa\u00f1a en Sierra de la Ventana - Noticias Radio Reflejos","isPartOf":{"@id":"https:\/\/www.noticiasradioreflejos.com.ar\/2021\/#website"},"primaryImageOfPage":{"@id":"https:\/\/www.noticiasradioreflejos.com.ar\/2021\/frente-1pais-presento-sus-candidatos-y-los-ejes-de-su-campana-en-sierra-de-la-ventana\/#primaryimage"},"image":{"@id":"https:\/\/www.noticiasradioreflejos.com.ar\/2021\/frente-1pais-presento-sus-candidatos-y-los-ejes-de-su-campana-en-sierra-de-la-ventana\/#primaryimage"},"thumbnailUrl":"http:\/\/farm5.staticflickr.com\/4325\/35807317020_f2fce2f414_z.jpg","datePublished":"2017-07-27T15:10:32+00:00","author":{"@id":"https:\/\/www.noticiasradioreflejos.com.ar\/2021\/#\/schema\/person\/ad82545263dcc5ec0996818884fd5fb1"},"breadcrumb":{"@id":"https:\/\/www.noticiasradioreflejos.com.ar\/2021\/frente-1pais-presento-sus-candidatos-y-los-ejes-de-su-campana-en-sierra-de-la-ventana\/#breadcrumb"},"inLanguage":"es","potentialAction":[{"@type":"ReadAction","target":["https:\/\/www.noticiasradioreflejos.com.ar\/2021\/frente-1pais-presento-sus-candidatos-y-los-ejes-de-su-campana-en-sierra-de-la-ventana\/"]}]},{"@type":"ImageObject","inLanguage":"es","@id":"https:\/\/www.noticiasradioreflejos.com.ar\/2021\/frente-1pais-presento-sus-candidatos-y-los-ejes-de-su-campana-en-sierra-de-la-ventana\/#primaryimage","url":"http:\/\/farm5.staticflickr.com\/4325\/35807317020_f2fce2f414_z.jpg","contentUrl":"http:\/\/farm5.staticflickr.com\/4325\/35807317020_f2fce2f414_z.jpg"},{"@type":"BreadcrumbList","@id":"https:\/\/www.noticiasradioreflejos.com.ar\/2021\/frente-1pais-presento-sus-candidatos-y-los-ejes-de-su-campana-en-sierra-de-la-ventana\/#breadcrumb","itemListElement":[{"@type":"ListItem","position":1,"name":"Portada","item":"https:\/\/www.noticiasradioreflejos.com.ar\/2021\/"},{"@type":"ListItem","position":2,"name":"Frente 1Pa\u00eds present\u00f3 sus candidatos y los ejes de su campa\u00f1a en Sierra de la Ventana"}]},{"@type":"WebSite","@id":"https:\/\/www.noticiasradioreflejos.com.ar\/2021\/#website","url":"https:\/\/www.noticiasradioreflejos.com.ar\/2021\/","name":"Noticias Radio Reflejos","description":"Las noticias de mi comarca","potentialAction":[{"@type":"SearchAction","target":{"@type":"EntryPoint","urlTemplate":"https:\/\/www.noticiasradioreflejos.com.ar\/2021\/?s={search_term_string}"},"query-input":{"@type":"PropertyValueSpecification","valueRequired":true,"valueName":"search_term_string"}}],"inLanguage":"es"},{"@type":"Person","@id":"https:\/\/www.noticiasradioreflejos.com.ar\/2021\/#\/schema\/person\/ad82545263dcc5ec0996818884fd5fb1","name":"Arnaldo Botto","image":{"@type":"ImageObject","inLanguage":"es","@id":"https:\/\/www.noticiasradioreflejos.com.ar\/2021\/#\/schema\/person\/image\/","url":"https:\/\/secure.gravatar.com\/avatar\/55cb5e37c1efa326397366e6974cb338056df65cb50e7d64d1cf314e87504837?s=96&d=mm&r=g","contentUrl":"https:\/\/secure.gravatar.com\/avatar\/55cb5e37c1efa326397366e6974cb338056df65cb50e7d64d1cf314e87504837?s=96&d=mm&r=g","caption":"Arnaldo Botto"},"url":"https:\/\/www.noticiasradioreflejos.com.ar\/2021\/author\/arnaldo\/"}]}},"_links":{"self":[{"href":"https:\/\/www.noticiasradioreflejos.com.ar\/2021\/wp-json\/wp\/v2\/posts\/12807","targetHints":{"allow":["GET"]}}],"collection":[{"href":"https:\/\/www.noticiasradioreflejos.com.ar\/2021\/wp-json\/wp\/v2\/posts"}],"about":[{"href":"https:\/\/www.noticiasradioreflejos.com.ar\/2021\/wp-json\/wp\/v2\/types\/post"}],"author":[{"embeddable":true,"href":"https:\/\/www.noticiasradioreflejos.com.ar\/2021\/wp-json\/wp\/v2\/users\/3"}],"replies":[{"embeddable":true,"href":"https:\/\/www.noticiasradioreflejos.com.ar\/2021\/wp-json\/wp\/v2\/comments?post=12807"}],"version-history":[{"count":0,"href":"https:\/\/www.noticiasradioreflejos.com.ar\/2021\/wp-json\/wp\/v2\/posts\/12807\/revisions"}],"wp:attachment":[{"href":"https:\/\/www.noticiasradioreflejos.com.ar\/2021\/wp-json\/wp\/v2\/media?parent=12807"}],"wp:term":[{"taxonomy":"category","embeddable":true,"href":"https:\/\/www.noticiasradioreflejos.com.ar\/2021\/wp-json\/wp\/v2\/categories?post=12807"},{"taxonomy":"post_tag","embeddable":true,"href":"https:\/\/www.noticiasradioreflejos.com.ar\/2021\/wp-json\/wp\/v2\/tags?post=12807"}],"curies":[{"name":"wp","href":"https:\/\/api.w.org\/{rel}","templated":true}]}}