{"id":127880,"date":"2025-11-05T11:05:02","date_gmt":"2025-11-05T14:05:02","guid":{"rendered":"https:\/\/www.noticiasradioreflejos.com.ar\/2021\/?p=127880"},"modified":"2025-11-05T14:45:34","modified_gmt":"2025-11-05T17:45:34","slug":"bahia-blanca-nacion-comienza-a-desmantelar-la-estacion-sud","status":"publish","type":"post","link":"https:\/\/www.noticiasradioreflejos.com.ar\/2021\/bahia-blanca-nacion-comienza-a-desmantelar-la-estacion-sud\/","title":{"rendered":"Bah\u00eda Blanca: Naci\u00f3n comienza a desmantelar la Estaci\u00f3n Sud"},"content":{"rendered":"<p>Eduardo Matarazzo, presidente de la Comisi\u00f3n Ferroviaria Regional Sur, advirti\u00f3 que retirar\u00e1n mobiliario.<!--more--><\/p>\n<p>\u201cCr\u00f3nica de una muerte anunciada\u201d. As\u00ed se refiri\u00f3\u00a0<strong>Eduardo Matarazzo<\/strong>, presidente de la Comisi\u00f3n Ferroviaria Regional Sur al\u00a0<strong>desmantelamiento de la Estaci\u00f3n Sud<\/strong>.<\/p>\n<p>Seg\u00fan inform\u00f3 esta ma\u00f1ana en Radio Altos, recibi\u00f3 una comunicaci\u00f3n de personal de la propia estaci\u00f3n ferroviaria que le alertaba sobre el\u00a0<strong>retiro de mobiliario<\/strong>, proceso que se iniciar\u00eda hoy.<\/p>\n<p><a href=\"https:\/\/frenteacano.com.ar\/es-oficial-se-dio-de-baja-el-servicio-de-trenes-bahia-blanca-constitucion\/\">Vale recordar que el pasado 21 de octubre Trenes Argentinos dio de baja oficialmente el servicio de pasajeros Constituci\u00f3n\u2013 Bah\u00eda Blanca.<\/a><\/p>\n<p>Ahora personal de Trenes Argentinos proveniente de la Ciudad de Buenos Aires iniciar\u00e1 el retiro de mobiliario en el edificio que\u00a0<strong>fue declarado en 2014 Monumento Hist\u00f3rico Nacional<\/strong>.<\/p>\n<blockquote class=\"wp-block-quote is-layout-flow wp-block-quote-is-layout-flow\"><p>\u201cNosotros como comisi\u00f3n ferroviaria\u00a0<strong>lo que vamos a resguardar es el patrimonio<\/strong>\u201d, remarc\u00f3 y aclar\u00f3 que no tiene conocimiento respecto de qu\u00e9 se llevar\u00e1n.<\/p><\/blockquote>\n<p>\u201cHay una ordenanza vigente donde se ordena preservar el patrimonio local ferroviario.\u00a0<strong>Para nosotros es ilegal lo que est\u00e1n haciendo<\/strong>\u201d, asever\u00f3.<\/p>\n<p>Remarc\u00f3 que en caso de detectar alguna irregularidad har\u00e1n las presentaciones judiciales pertinentes.<\/p>\n<p>Matarazzo cont\u00f3 que semanas atr\u00e1s estuvo reunido con el intendente Federico Susbielles y se plante\u00f3 la posibilidad de que el Municipio se haga cargo de la estaci\u00f3n y pueda transformarla en un espacio cultural. Pero hasta el momento no tomaron conocimiento de que esas gestiones con Naci\u00f3n hayan avanzado.<\/p>\n<blockquote class=\"wp-block-quote is-layout-flow wp-block-quote-is-layout-flow\"><p>El\u00a0<strong>arquitecto Jos\u00e9 Mar\u00eda Zingoni, titular de la direcci\u00f3n de Patrimonio Cultural Construido<\/strong>, se present\u00f3 esta ma\u00f1ana en la estaci\u00f3n para constatar qu\u00e9 elementos ser\u00e1n retirados y resguardar todo el patrimonio hist\u00f3rico.<\/p><\/blockquote>\n","protected":false},"excerpt":{"rendered":"<p>Eduardo Matarazzo, presidente de la Comisi\u00f3n Ferroviaria Regional Sur, advirti\u00f3 que retirar\u00e1n mobiliario.<\/p>\n","protected":false},"author":3,"featured_media":127881,"comment_status":"closed","ping_status":"closed","sticky":false,"template":"","format":"standard","meta":{"footnotes":""},"categories":[58],"tags":[48],"class_list":["post-127880","post","type-post","status-publish","format-standard","has-post-thumbnail","hentry","category-gobierno","tag-destacada"],"yoast_head":"<!-- This site is optimized with the Yoast SEO plugin v25.9 - https:\/\/yoast.com\/wordpress\/plugins\/seo\/ -->\n<title>Bah\u00eda Blanca: Naci\u00f3n comienza a desmantelar la Estaci\u00f3n Sud - Noticias Radio Reflejos<\/title>\n<meta name=\"robots\" content=\"index, follow, max-snippet:-1, max-image-preview:large, max-video-preview:-1\" \/>\n<link rel=\"canonical\" href=\"https:\/\/www.noticiasradioreflejos.com.ar\/2021\/bahia-blanca-nacion-comienza-a-desmantelar-la-estacion-sud\/\" \/>\n<meta property=\"og:locale\" content=\"es_ES\" \/>\n<meta property=\"og:type\" content=\"article\" \/>\n<meta property=\"og:title\" content=\"Bah\u00eda Blanca: Naci\u00f3n comienza a desmantelar la Estaci\u00f3n Sud - Noticias Radio Reflejos\" \/>\n<meta property=\"og:description\" content=\"Eduardo Matarazzo, presidente de la Comisi\u00f3n Ferroviaria Regional Sur, advirti\u00f3 que retirar\u00e1n mobiliario.\" \/>\n<meta property=\"og:url\" content=\"https:\/\/www.noticiasradioreflejos.com.ar\/2021\/bahia-blanca-nacion-comienza-a-desmantelar-la-estacion-sud\/\" \/>\n<meta property=\"og:site_name\" content=\"Noticias Radio Reflejos\" \/>\n<meta property=\"article:published_time\" content=\"2025-11-05T14:05:02+00:00\" \/>\n<meta property=\"article:modified_time\" content=\"2025-11-05T17:45:34+00:00\" \/>\n<meta property=\"og:image\" content=\"https:\/\/www.noticiasradioreflejos.com.ar\/2021\/wp-content\/uploads\/2025\/11\/estacion-sud-bahia.webp\" \/>\n\t<meta property=\"og:image:width\" content=\"1200\" \/>\n\t<meta property=\"og:image:height\" content=\"912\" \/>\n\t<meta property=\"og:image:type\" content=\"image\/webp\" \/>\n<meta name=\"author\" content=\"Arnaldo Botto\" \/>\n<meta name=\"twitter:card\" content=\"summary_large_image\" \/>\n<script type=\"application\/ld+json\" class=\"yoast-schema-graph\">{\"@context\":\"https:\/\/schema.org\",\"@graph\":[{\"@type\":\"WebPage\",\"@id\":\"https:\/\/www.noticiasradioreflejos.com.ar\/2021\/bahia-blanca-nacion-comienza-a-desmantelar-la-estacion-sud\/\",\"url\":\"https:\/\/www.noticiasradioreflejos.com.ar\/2021\/bahia-blanca-nacion-comienza-a-desmantelar-la-estacion-sud\/\",\"name\":\"Bah\u00eda Blanca: Naci\u00f3n comienza a desmantelar la Estaci\u00f3n Sud - Noticias Radio Reflejos\",\"isPartOf\":{\"@id\":\"https:\/\/www.noticiasradioreflejos.com.ar\/2021\/#website\"},\"primaryImageOfPage\":{\"@id\":\"https:\/\/www.noticiasradioreflejos.com.ar\/2021\/bahia-blanca-nacion-comienza-a-desmantelar-la-estacion-sud\/#primaryimage\"},\"image\":{\"@id\":\"https:\/\/www.noticiasradioreflejos.com.ar\/2021\/bahia-blanca-nacion-comienza-a-desmantelar-la-estacion-sud\/#primaryimage\"},\"thumbnailUrl\":\"https:\/\/www.noticiasradioreflejos.com.ar\/2021\/wp-content\/uploads\/2025\/11\/estacion-sud-bahia.webp\",\"datePublished\":\"2025-11-05T14:05:02+00:00\",\"dateModified\":\"2025-11-05T17:45:34+00:00\",\"author\":{\"@id\":\"https:\/\/www.noticiasradioreflejos.com.ar\/2021\/#\/schema\/person\/ad82545263dcc5ec0996818884fd5fb1\"},\"breadcrumb\":{\"@id\":\"https:\/\/www.noticiasradioreflejos.com.ar\/2021\/bahia-blanca-nacion-comienza-a-desmantelar-la-estacion-sud\/#breadcrumb\"},\"inLanguage\":\"es\",\"potentialAction\":[{\"@type\":\"ReadAction\",\"target\":[\"https:\/\/www.noticiasradioreflejos.com.ar\/2021\/bahia-blanca-nacion-comienza-a-desmantelar-la-estacion-sud\/\"]}]},{\"@type\":\"ImageObject\",\"inLanguage\":\"es\",\"@id\":\"https:\/\/www.noticiasradioreflejos.com.ar\/2021\/bahia-blanca-nacion-comienza-a-desmantelar-la-estacion-sud\/#primaryimage\",\"url\":\"https:\/\/www.noticiasradioreflejos.com.ar\/2021\/wp-content\/uploads\/2025\/11\/estacion-sud-bahia.webp\",\"contentUrl\":\"https:\/\/www.noticiasradioreflejos.com.ar\/2021\/wp-content\/uploads\/2025\/11\/estacion-sud-bahia.webp\",\"width\":1200,\"height\":912},{\"@type\":\"BreadcrumbList\",\"@id\":\"https:\/\/www.noticiasradioreflejos.com.ar\/2021\/bahia-blanca-nacion-comienza-a-desmantelar-la-estacion-sud\/#breadcrumb\",\"itemListElement\":[{\"@type\":\"ListItem\",\"position\":1,\"name\":\"Portada\",\"item\":\"https:\/\/www.noticiasradioreflejos.com.ar\/2021\/\"},{\"@type\":\"ListItem\",\"position\":2,\"name\":\"Bah\u00eda Blanca: Naci\u00f3n comienza a desmantelar la Estaci\u00f3n Sud\"}]},{\"@type\":\"WebSite\",\"@id\":\"https:\/\/www.noticiasradioreflejos.com.ar\/2021\/#website\",\"url\":\"https:\/\/www.noticiasradioreflejos.com.ar\/2021\/\",\"name\":\"Noticias Radio Reflejos\",\"description\":\"Las noticias de mi comarca\",\"potentialAction\":[{\"@type\":\"SearchAction\",\"target\":{\"@type\":\"EntryPoint\",\"urlTemplate\":\"https:\/\/www.noticiasradioreflejos.com.ar\/2021\/?s={search_term_string}\"},\"query-input\":{\"@type\":\"PropertyValueSpecification\",\"valueRequired\":true,\"valueName\":\"search_term_string\"}}],\"inLanguage\":\"es\"},{\"@type\":\"Person\",\"@id\":\"https:\/\/www.noticiasradioreflejos.com.ar\/2021\/#\/schema\/person\/ad82545263dcc5ec0996818884fd5fb1\",\"name\":\"Arnaldo Botto\",\"image\":{\"@type\":\"ImageObject\",\"inLanguage\":\"es\",\"@id\":\"https:\/\/www.noticiasradioreflejos.com.ar\/2021\/#\/schema\/person\/image\/\",\"url\":\"https:\/\/secure.gravatar.com\/avatar\/55cb5e37c1efa326397366e6974cb338056df65cb50e7d64d1cf314e87504837?s=96&d=mm&r=g\",\"contentUrl\":\"https:\/\/secure.gravatar.com\/avatar\/55cb5e37c1efa326397366e6974cb338056df65cb50e7d64d1cf314e87504837?s=96&d=mm&r=g\",\"caption\":\"Arnaldo Botto\"},\"url\":\"https:\/\/www.noticiasradioreflejos.com.ar\/2021\/author\/arnaldo\/\"}]}<\/script>\n<!-- \/ Yoast SEO plugin. -->","yoast_head_json":{"title":"Bah\u00eda Blanca: Naci\u00f3n comienza a desmantelar la Estaci\u00f3n Sud - Noticias Radio Reflejos","robots":{"index":"index","follow":"follow","max-snippet":"max-snippet:-1","max-image-preview":"max-image-preview:large","max-video-preview":"max-video-preview:-1"},"canonical":"https:\/\/www.noticiasradioreflejos.com.ar\/2021\/bahia-blanca-nacion-comienza-a-desmantelar-la-estacion-sud\/","og_locale":"es_ES","og_type":"article","og_title":"Bah\u00eda Blanca: Naci\u00f3n comienza a desmantelar la Estaci\u00f3n Sud - Noticias Radio Reflejos","og_description":"Eduardo Matarazzo, presidente de la Comisi\u00f3n Ferroviaria Regional Sur, advirti\u00f3 que retirar\u00e1n mobiliario.","og_url":"https:\/\/www.noticiasradioreflejos.com.ar\/2021\/bahia-blanca-nacion-comienza-a-desmantelar-la-estacion-sud\/","og_site_name":"Noticias Radio Reflejos","article_published_time":"2025-11-05T14:05:02+00:00","article_modified_time":"2025-11-05T17:45:34+00:00","og_image":[{"width":1200,"height":912,"url":"https:\/\/www.noticiasradioreflejos.com.ar\/2021\/wp-content\/uploads\/2025\/11\/estacion-sud-bahia.webp","type":"image\/webp"}],"author":"Arnaldo Botto","twitter_card":"summary_large_image","schema":{"@context":"https:\/\/schema.org","@graph":[{"@type":"WebPage","@id":"https:\/\/www.noticiasradioreflejos.com.ar\/2021\/bahia-blanca-nacion-comienza-a-desmantelar-la-estacion-sud\/","url":"https:\/\/www.noticiasradioreflejos.com.ar\/2021\/bahia-blanca-nacion-comienza-a-desmantelar-la-estacion-sud\/","name":"Bah\u00eda Blanca: Naci\u00f3n comienza a desmantelar la Estaci\u00f3n Sud - Noticias Radio Reflejos","isPartOf":{"@id":"https:\/\/www.noticiasradioreflejos.com.ar\/2021\/#website"},"primaryImageOfPage":{"@id":"https:\/\/www.noticiasradioreflejos.com.ar\/2021\/bahia-blanca-nacion-comienza-a-desmantelar-la-estacion-sud\/#primaryimage"},"image":{"@id":"https:\/\/www.noticiasradioreflejos.com.ar\/2021\/bahia-blanca-nacion-comienza-a-desmantelar-la-estacion-sud\/#primaryimage"},"thumbnailUrl":"https:\/\/www.noticiasradioreflejos.com.ar\/2021\/wp-content\/uploads\/2025\/11\/estacion-sud-bahia.webp","datePublished":"2025-11-05T14:05:02+00:00","dateModified":"2025-11-05T17:45:34+00:00","author":{"@id":"https:\/\/www.noticiasradioreflejos.com.ar\/2021\/#\/schema\/person\/ad82545263dcc5ec0996818884fd5fb1"},"breadcrumb":{"@id":"https:\/\/www.noticiasradioreflejos.com.ar\/2021\/bahia-blanca-nacion-comienza-a-desmantelar-la-estacion-sud\/#breadcrumb"},"inLanguage":"es","potentialAction":[{"@type":"ReadAction","target":["https:\/\/www.noticiasradioreflejos.com.ar\/2021\/bahia-blanca-nacion-comienza-a-desmantelar-la-estacion-sud\/"]}]},{"@type":"ImageObject","inLanguage":"es","@id":"https:\/\/www.noticiasradioreflejos.com.ar\/2021\/bahia-blanca-nacion-comienza-a-desmantelar-la-estacion-sud\/#primaryimage","url":"https:\/\/www.noticiasradioreflejos.com.ar\/2021\/wp-content\/uploads\/2025\/11\/estacion-sud-bahia.webp","contentUrl":"https:\/\/www.noticiasradioreflejos.com.ar\/2021\/wp-content\/uploads\/2025\/11\/estacion-sud-bahia.webp","width":1200,"height":912},{"@type":"BreadcrumbList","@id":"https:\/\/www.noticiasradioreflejos.com.ar\/2021\/bahia-blanca-nacion-comienza-a-desmantelar-la-estacion-sud\/#breadcrumb","itemListElement":[{"@type":"ListItem","position":1,"name":"Portada","item":"https:\/\/www.noticiasradioreflejos.com.ar\/2021\/"},{"@type":"ListItem","position":2,"name":"Bah\u00eda Blanca: Naci\u00f3n comienza a desmantelar la Estaci\u00f3n Sud"}]},{"@type":"WebSite","@id":"https:\/\/www.noticiasradioreflejos.com.ar\/2021\/#website","url":"https:\/\/www.noticiasradioreflejos.com.ar\/2021\/","name":"Noticias Radio Reflejos","description":"Las noticias de mi comarca","potentialAction":[{"@type":"SearchAction","target":{"@type":"EntryPoint","urlTemplate":"https:\/\/www.noticiasradioreflejos.com.ar\/2021\/?s={search_term_string}"},"query-input":{"@type":"PropertyValueSpecification","valueRequired":true,"valueName":"search_term_string"}}],"inLanguage":"es"},{"@type":"Person","@id":"https:\/\/www.noticiasradioreflejos.com.ar\/2021\/#\/schema\/person\/ad82545263dcc5ec0996818884fd5fb1","name":"Arnaldo Botto","image":{"@type":"ImageObject","inLanguage":"es","@id":"https:\/\/www.noticiasradioreflejos.com.ar\/2021\/#\/schema\/person\/image\/","url":"https:\/\/secure.gravatar.com\/avatar\/55cb5e37c1efa326397366e6974cb338056df65cb50e7d64d1cf314e87504837?s=96&d=mm&r=g","contentUrl":"https:\/\/secure.gravatar.com\/avatar\/55cb5e37c1efa326397366e6974cb338056df65cb50e7d64d1cf314e87504837?s=96&d=mm&r=g","caption":"Arnaldo Botto"},"url":"https:\/\/www.noticiasradioreflejos.com.ar\/2021\/author\/arnaldo\/"}]}},"_links":{"self":[{"href":"https:\/\/www.noticiasradioreflejos.com.ar\/2021\/wp-json\/wp\/v2\/posts\/127880","targetHints":{"allow":["GET"]}}],"collection":[{"href":"https:\/\/www.noticiasradioreflejos.com.ar\/2021\/wp-json\/wp\/v2\/posts"}],"about":[{"href":"https:\/\/www.noticiasradioreflejos.com.ar\/2021\/wp-json\/wp\/v2\/types\/post"}],"author":[{"embeddable":true,"href":"https:\/\/www.noticiasradioreflejos.com.ar\/2021\/wp-json\/wp\/v2\/users\/3"}],"replies":[{"embeddable":true,"href":"https:\/\/www.noticiasradioreflejos.com.ar\/2021\/wp-json\/wp\/v2\/comments?post=127880"}],"version-history":[{"count":1,"href":"https:\/\/www.noticiasradioreflejos.com.ar\/2021\/wp-json\/wp\/v2\/posts\/127880\/revisions"}],"predecessor-version":[{"id":127882,"href":"https:\/\/www.noticiasradioreflejos.com.ar\/2021\/wp-json\/wp\/v2\/posts\/127880\/revisions\/127882"}],"wp:featuredmedia":[{"embeddable":true,"href":"https:\/\/www.noticiasradioreflejos.com.ar\/2021\/wp-json\/wp\/v2\/media\/127881"}],"wp:attachment":[{"href":"https:\/\/www.noticiasradioreflejos.com.ar\/2021\/wp-json\/wp\/v2\/media?parent=127880"}],"wp:term":[{"taxonomy":"category","embeddable":true,"href":"https:\/\/www.noticiasradioreflejos.com.ar\/2021\/wp-json\/wp\/v2\/categories?post=127880"},{"taxonomy":"post_tag","embeddable":true,"href":"https:\/\/www.noticiasradioreflejos.com.ar\/2021\/wp-json\/wp\/v2\/tags?post=127880"}],"curies":[{"name":"wp","href":"https:\/\/api.w.org\/{rel}","templated":true}]}}