{"id":12776,"date":"2017-07-26T13:51:13","date_gmt":"2017-07-26T16:51:13","guid":{"rendered":"http:\/\/www.noticiasradioreflejos.com.ar\/noticias\/?p=12776"},"modified":"2017-07-26T13:51:13","modified_gmt":"2017-07-26T16:51:13","slug":"presentacion-de-listas-del-frente-justicialista-cumplir-en-sierra-de-la-ventana","status":"publish","type":"post","link":"https:\/\/www.noticiasradioreflejos.com.ar\/2021\/presentacion-de-listas-del-frente-justicialista-cumplir-en-sierra-de-la-ventana\/","title":{"rendered":"Presentaci\u00f3n de listas del Frente Justicialista Cumplir en Sierra de la Ventana"},"content":{"rendered":"<p>La presentaci\u00f3n de las listas del frente Justicialista Cumplir se realiz\u00f3 a partir de las 20.00 hs en el Sal\u00f3n de Empleados del Casino con la presencia de unas 80 personas.<br \/>\nDialogamos con Gustavo Trankels, Adriana Nielsen, Hugo \u00abMandingo\u00bb Rojas, y Laura Rosatelli quienes expresaron su deseo de llegar al Concejo Deliberante, a trav\u00e9s del voto de la gente para \u00abequilibrar las fuerzas, dar respuestas, trabajar en equipo, logar que se retomen proyectos que han quedado armados en la Secretar\u00eda de Obras P\u00fablicas, tan importantes como las obras cloacales \u00a0para Sierra de la Ventana \u00bb<br \/>\nExpusieron su descontento con el gobierno actual sosteniendo que \u00abEs un gobierno para pocos\u00bb \u00a0y que hay prioridades que por mas que cambie el gobierno, no deben perderse\u00bb Agregaron que \u00abHay que gobernar de otra manera, no llev\u00e1ndose puesta las normativas, gobernando para todos\u00bb<br \/>\n<strong>Nota con Gustavo Trankels<\/strong><br \/>\n\u00abDesde el Frente Justicialista Cumplir, lo que proponemos es que la gente nos acompa\u00f1e para poner las cosas en su lugar en cuanto a las prioridades y para poder alentar al intendente a que las obras se retomen y se concluyan\u00bb<br \/>\n[soundcloud url=\u00bbhttps:\/\/api.soundcloud.com\/tracks\/334914868&#8243; params=\u00bbcolor=ff5500&amp;auto_play=false&amp;hide_related=false&amp;show_comments=true&amp;show_user=true&amp;show_reposts=false\u00bb width=\u00bb100%\u00bb height=\u00bb166&#8243; iframe=\u00bbtrue\u00bb \/]<br \/>\n<strong>Nota con Adriana Nielsen<\/strong><br \/>\n\u00abQueremos trabajar en equipo para poder dar respuestas a la gente\u00bb agrega \u00abSi hay una sola postura y una sola direcci\u00f3n, no se llega a lo profundo de las problem\u00e1ticas, la idea es trabajar buscando consensos y dar la mejor respuesta\u00bb<br \/>\n[soundcloud url=\u00bbhttps:\/\/api.soundcloud.com\/tracks\/334914538&#8243; params=\u00bbcolor=ff5500&amp;auto_play=false&amp;hide_related=false&amp;show_comments=true&amp;show_user=true&amp;show_reposts=false\u00bb width=\u00bb100%\u00bb height=\u00bb166&#8243; iframe=\u00bbtrue\u00bb \/]<br \/>\n&nbsp;<br \/>\n<strong>Nota con Hugo \u00abmandingo\u00bb Rojas<\/strong><br \/>\n\u00abTrabajar para el bien del pueblo y en base a las necesidades de la gente\u00bb<br \/>\n[soundcloud url=\u00bbhttps:\/\/api.soundcloud.com\/tracks\/334914231&#8243; params=\u00bbcolor=ff5500&amp;auto_play=false&amp;hide_related=false&amp;show_comments=true&amp;show_user=true&amp;show_reposts=false\u00bb width=\u00bb100%\u00bb height=\u00bb166&#8243; iframe=\u00bbtrue\u00bb \/]<br \/>\n&nbsp;<br \/>\n<strong>Nota con Laura Rosatelli<\/strong><br \/>\n\u00bb Vamos a Cumplir, vamos a trabajar, tenemos muchas ganas de \u00abhacer\u00bb, deseamos que se logre un equilibrio en el Concejo Deliberante para poder devolverle a la gente lo que se ha perdido, la confianza, la alegr\u00eda\u00bb agrega \u00bb hace una a\u00f1o y medio que no la estamos pasando bien\u00bb<br \/>\n[soundcloud url=\u00bbhttps:\/\/api.soundcloud.com\/tracks\/334914111&#8243; params=\u00bbcolor=ff5500&amp;auto_play=false&amp;hide_related=false&amp;show_comments=true&amp;show_user=true&amp;show_reposts=false\u00bb width=\u00bb100%\u00bb height=\u00bb166&#8243; iframe=\u00bbtrue\u00bb \/]<br \/>\n<a title=\"929\" href=\"http:\/\/farm5.staticflickr.com\/4302\/36010580152_4b5331a8f6_s.jpg\" rel=\"\"><img loading=\"lazy\" decoding=\"async\" class=\"aligncenter\" title=\"929\" src=\"http:\/\/farm5.staticflickr.com\/4302\/36010580152_4b5331a8f6_z.jpg\" alt=\"929\" width=\"640\" height=\"427\" \/><\/a><br \/>\n<a title=\"927\" href=\"http:\/\/farm5.staticflickr.com\/4317\/36177913985_f630a96b02_s.jpg\" rel=\"\"><img loading=\"lazy\" decoding=\"async\" class=\"aligncenter\" title=\"927\" src=\"http:\/\/farm5.staticflickr.com\/4317\/36177913985_f630a96b02_z.jpg\" alt=\"927\" width=\"640\" height=\"427\" \/><\/a><br \/>\n<a title=\"920\" href=\"http:\/\/farm5.staticflickr.com\/4292\/36010582612_242ee615a1_s.jpg\" rel=\"\"><img loading=\"lazy\" decoding=\"async\" class=\"aligncenter\" title=\"920\" src=\"http:\/\/farm5.staticflickr.com\/4292\/36010582612_242ee615a1_z.jpg\" alt=\"920\" width=\"640\" height=\"427\" \/><\/a><br \/>\n<a title=\"914\" href=\"http:\/\/farm5.staticflickr.com\/4306\/36177916885_fa4697d51f_s.jpg\" rel=\"\"><img loading=\"lazy\" decoding=\"async\" class=\"aligncenter\" title=\"914\" src=\"http:\/\/farm5.staticflickr.com\/4306\/36177916885_fa4697d51f_z.jpg\" alt=\"914\" width=\"427\" height=\"640\" \/><\/a><br \/>\n<a title=\"885\" href=\"http:\/\/farm5.staticflickr.com\/4325\/36177918245_ea7f357f33_s.jpg\" rel=\"\"><img loading=\"lazy\" decoding=\"async\" class=\"aligncenter\" title=\"885\" src=\"http:\/\/farm5.staticflickr.com\/4325\/36177918245_ea7f357f33_z.jpg\" alt=\"885\" width=\"640\" height=\"427\" \/><\/a><a title=\"884\" href=\"http:\/\/farm5.staticflickr.com\/4298\/36177919425_8d467bf713_s.jpg\" rel=\"\"><img loading=\"lazy\" decoding=\"async\" class=\"aligncenter\" title=\"884\" src=\"http:\/\/farm5.staticflickr.com\/4298\/36177919425_8d467bf713_z.jpg\" alt=\"884\" width=\"640\" height=\"427\" \/><\/a><\/p>\n","protected":false},"excerpt":{"rendered":"<p>La presentaci\u00f3n de las listas del frente Justiacialista Cumplir se realiz\u00f3 a partir de las 20.00hs en el Sal\u00f3n de Empleados del Casino con la presencia de unas 80 personas. <\/p>\n","protected":false},"author":1,"featured_media":0,"comment_status":"closed","ping_status":"open","sticky":false,"template":"","format":"standard","meta":{"footnotes":""},"categories":[24],"tags":[],"class_list":["post-12776","post","type-post","status-publish","format-standard","hentry","category-politica"],"yoast_head":"<!-- This site is optimized with the Yoast SEO plugin v25.9 - https:\/\/yoast.com\/wordpress\/plugins\/seo\/ -->\n<title>Presentaci\u00f3n de listas del Frente Justicialista Cumplir en Sierra de la Ventana - Noticias Radio Reflejos<\/title>\n<meta name=\"robots\" content=\"index, follow, max-snippet:-1, max-image-preview:large, max-video-preview:-1\" \/>\n<link rel=\"canonical\" href=\"https:\/\/www.noticiasradioreflejos.com.ar\/2021\/presentacion-de-listas-del-frente-justicialista-cumplir-en-sierra-de-la-ventana\/\" \/>\n<meta property=\"og:locale\" content=\"es_ES\" \/>\n<meta property=\"og:type\" content=\"article\" \/>\n<meta property=\"og:title\" content=\"Presentaci\u00f3n de listas del Frente Justicialista Cumplir en Sierra de la Ventana - Noticias Radio Reflejos\" \/>\n<meta property=\"og:description\" content=\"La presentaci\u00f3n de las listas del frente Justiacialista Cumplir se realiz\u00f3 a partir de las 20.00hs en el Sal\u00f3n de Empleados del Casino con la presencia de unas 80 personas.\" \/>\n<meta property=\"og:url\" content=\"https:\/\/www.noticiasradioreflejos.com.ar\/2021\/presentacion-de-listas-del-frente-justicialista-cumplir-en-sierra-de-la-ventana\/\" \/>\n<meta property=\"og:site_name\" content=\"Noticias Radio Reflejos\" \/>\n<meta property=\"article:published_time\" content=\"2017-07-26T16:51:13+00:00\" \/>\n<meta property=\"og:image\" content=\"http:\/\/farm5.staticflickr.com\/4302\/36010580152_4b5331a8f6_z.jpg\" \/>\n<meta name=\"author\" content=\"Ulises Nicolini\" \/>\n<meta name=\"twitter:card\" content=\"summary_large_image\" \/>\n<script type=\"application\/ld+json\" class=\"yoast-schema-graph\">{\"@context\":\"https:\/\/schema.org\",\"@graph\":[{\"@type\":\"WebPage\",\"@id\":\"https:\/\/www.noticiasradioreflejos.com.ar\/2021\/presentacion-de-listas-del-frente-justicialista-cumplir-en-sierra-de-la-ventana\/\",\"url\":\"https:\/\/www.noticiasradioreflejos.com.ar\/2021\/presentacion-de-listas-del-frente-justicialista-cumplir-en-sierra-de-la-ventana\/\",\"name\":\"Presentaci\u00f3n de listas del Frente Justicialista Cumplir en Sierra de la Ventana - Noticias Radio Reflejos\",\"isPartOf\":{\"@id\":\"https:\/\/www.noticiasradioreflejos.com.ar\/2021\/#website\"},\"primaryImageOfPage\":{\"@id\":\"https:\/\/www.noticiasradioreflejos.com.ar\/2021\/presentacion-de-listas-del-frente-justicialista-cumplir-en-sierra-de-la-ventana\/#primaryimage\"},\"image\":{\"@id\":\"https:\/\/www.noticiasradioreflejos.com.ar\/2021\/presentacion-de-listas-del-frente-justicialista-cumplir-en-sierra-de-la-ventana\/#primaryimage\"},\"thumbnailUrl\":\"http:\/\/farm5.staticflickr.com\/4302\/36010580152_4b5331a8f6_z.jpg\",\"datePublished\":\"2017-07-26T16:51:13+00:00\",\"author\":{\"@id\":\"https:\/\/www.noticiasradioreflejos.com.ar\/2021\/#\/schema\/person\/63bcc26111c5fc0e3cd7ca4e2bf77a60\"},\"breadcrumb\":{\"@id\":\"https:\/\/www.noticiasradioreflejos.com.ar\/2021\/presentacion-de-listas-del-frente-justicialista-cumplir-en-sierra-de-la-ventana\/#breadcrumb\"},\"inLanguage\":\"es\",\"potentialAction\":[{\"@type\":\"ReadAction\",\"target\":[\"https:\/\/www.noticiasradioreflejos.com.ar\/2021\/presentacion-de-listas-del-frente-justicialista-cumplir-en-sierra-de-la-ventana\/\"]}]},{\"@type\":\"ImageObject\",\"inLanguage\":\"es\",\"@id\":\"https:\/\/www.noticiasradioreflejos.com.ar\/2021\/presentacion-de-listas-del-frente-justicialista-cumplir-en-sierra-de-la-ventana\/#primaryimage\",\"url\":\"http:\/\/farm5.staticflickr.com\/4302\/36010580152_4b5331a8f6_z.jpg\",\"contentUrl\":\"http:\/\/farm5.staticflickr.com\/4302\/36010580152_4b5331a8f6_z.jpg\"},{\"@type\":\"BreadcrumbList\",\"@id\":\"https:\/\/www.noticiasradioreflejos.com.ar\/2021\/presentacion-de-listas-del-frente-justicialista-cumplir-en-sierra-de-la-ventana\/#breadcrumb\",\"itemListElement\":[{\"@type\":\"ListItem\",\"position\":1,\"name\":\"Portada\",\"item\":\"https:\/\/www.noticiasradioreflejos.com.ar\/2021\/\"},{\"@type\":\"ListItem\",\"position\":2,\"name\":\"Presentaci\u00f3n de listas del Frente Justicialista Cumplir en Sierra de la Ventana\"}]},{\"@type\":\"WebSite\",\"@id\":\"https:\/\/www.noticiasradioreflejos.com.ar\/2021\/#website\",\"url\":\"https:\/\/www.noticiasradioreflejos.com.ar\/2021\/\",\"name\":\"Noticias Radio Reflejos\",\"description\":\"Las noticias de mi comarca\",\"potentialAction\":[{\"@type\":\"SearchAction\",\"target\":{\"@type\":\"EntryPoint\",\"urlTemplate\":\"https:\/\/www.noticiasradioreflejos.com.ar\/2021\/?s={search_term_string}\"},\"query-input\":{\"@type\":\"PropertyValueSpecification\",\"valueRequired\":true,\"valueName\":\"search_term_string\"}}],\"inLanguage\":\"es\"},{\"@type\":\"Person\",\"@id\":\"https:\/\/www.noticiasradioreflejos.com.ar\/2021\/#\/schema\/person\/63bcc26111c5fc0e3cd7ca4e2bf77a60\",\"name\":\"Ulises Nicolini\",\"image\":{\"@type\":\"ImageObject\",\"inLanguage\":\"es\",\"@id\":\"https:\/\/www.noticiasradioreflejos.com.ar\/2021\/#\/schema\/person\/image\/\",\"url\":\"https:\/\/secure.gravatar.com\/avatar\/7f2c48bdc33b30088f941fb6082e555f2874c98e20cb159d7b92b50eadfce793?s=96&d=mm&r=g\",\"contentUrl\":\"https:\/\/secure.gravatar.com\/avatar\/7f2c48bdc33b30088f941fb6082e555f2874c98e20cb159d7b92b50eadfce793?s=96&d=mm&r=g\",\"caption\":\"Ulises Nicolini\"},\"sameAs\":[\"http:\/\/www.noticiasradioreflejos.com.ar\/2021\"],\"url\":\"https:\/\/www.noticiasradioreflejos.com.ar\/2021\/author\/admin\/\"}]}<\/script>\n<!-- \/ Yoast SEO plugin. -->","yoast_head_json":{"title":"Presentaci\u00f3n de listas del Frente Justicialista Cumplir en Sierra de la Ventana - Noticias Radio Reflejos","robots":{"index":"index","follow":"follow","max-snippet":"max-snippet:-1","max-image-preview":"max-image-preview:large","max-video-preview":"max-video-preview:-1"},"canonical":"https:\/\/www.noticiasradioreflejos.com.ar\/2021\/presentacion-de-listas-del-frente-justicialista-cumplir-en-sierra-de-la-ventana\/","og_locale":"es_ES","og_type":"article","og_title":"Presentaci\u00f3n de listas del Frente Justicialista Cumplir en Sierra de la Ventana - Noticias Radio Reflejos","og_description":"La presentaci\u00f3n de las listas del frente Justiacialista Cumplir se realiz\u00f3 a partir de las 20.00hs en el Sal\u00f3n de Empleados del Casino con la presencia de unas 80 personas.","og_url":"https:\/\/www.noticiasradioreflejos.com.ar\/2021\/presentacion-de-listas-del-frente-justicialista-cumplir-en-sierra-de-la-ventana\/","og_site_name":"Noticias Radio Reflejos","article_published_time":"2017-07-26T16:51:13+00:00","og_image":[{"url":"http:\/\/farm5.staticflickr.com\/4302\/36010580152_4b5331a8f6_z.jpg","type":"","width":"","height":""}],"author":"Ulises Nicolini","twitter_card":"summary_large_image","schema":{"@context":"https:\/\/schema.org","@graph":[{"@type":"WebPage","@id":"https:\/\/www.noticiasradioreflejos.com.ar\/2021\/presentacion-de-listas-del-frente-justicialista-cumplir-en-sierra-de-la-ventana\/","url":"https:\/\/www.noticiasradioreflejos.com.ar\/2021\/presentacion-de-listas-del-frente-justicialista-cumplir-en-sierra-de-la-ventana\/","name":"Presentaci\u00f3n de listas del Frente Justicialista Cumplir en Sierra de la Ventana - Noticias Radio Reflejos","isPartOf":{"@id":"https:\/\/www.noticiasradioreflejos.com.ar\/2021\/#website"},"primaryImageOfPage":{"@id":"https:\/\/www.noticiasradioreflejos.com.ar\/2021\/presentacion-de-listas-del-frente-justicialista-cumplir-en-sierra-de-la-ventana\/#primaryimage"},"image":{"@id":"https:\/\/www.noticiasradioreflejos.com.ar\/2021\/presentacion-de-listas-del-frente-justicialista-cumplir-en-sierra-de-la-ventana\/#primaryimage"},"thumbnailUrl":"http:\/\/farm5.staticflickr.com\/4302\/36010580152_4b5331a8f6_z.jpg","datePublished":"2017-07-26T16:51:13+00:00","author":{"@id":"https:\/\/www.noticiasradioreflejos.com.ar\/2021\/#\/schema\/person\/63bcc26111c5fc0e3cd7ca4e2bf77a60"},"breadcrumb":{"@id":"https:\/\/www.noticiasradioreflejos.com.ar\/2021\/presentacion-de-listas-del-frente-justicialista-cumplir-en-sierra-de-la-ventana\/#breadcrumb"},"inLanguage":"es","potentialAction":[{"@type":"ReadAction","target":["https:\/\/www.noticiasradioreflejos.com.ar\/2021\/presentacion-de-listas-del-frente-justicialista-cumplir-en-sierra-de-la-ventana\/"]}]},{"@type":"ImageObject","inLanguage":"es","@id":"https:\/\/www.noticiasradioreflejos.com.ar\/2021\/presentacion-de-listas-del-frente-justicialista-cumplir-en-sierra-de-la-ventana\/#primaryimage","url":"http:\/\/farm5.staticflickr.com\/4302\/36010580152_4b5331a8f6_z.jpg","contentUrl":"http:\/\/farm5.staticflickr.com\/4302\/36010580152_4b5331a8f6_z.jpg"},{"@type":"BreadcrumbList","@id":"https:\/\/www.noticiasradioreflejos.com.ar\/2021\/presentacion-de-listas-del-frente-justicialista-cumplir-en-sierra-de-la-ventana\/#breadcrumb","itemListElement":[{"@type":"ListItem","position":1,"name":"Portada","item":"https:\/\/www.noticiasradioreflejos.com.ar\/2021\/"},{"@type":"ListItem","position":2,"name":"Presentaci\u00f3n de listas del Frente Justicialista Cumplir en Sierra de la Ventana"}]},{"@type":"WebSite","@id":"https:\/\/www.noticiasradioreflejos.com.ar\/2021\/#website","url":"https:\/\/www.noticiasradioreflejos.com.ar\/2021\/","name":"Noticias Radio Reflejos","description":"Las noticias de mi comarca","potentialAction":[{"@type":"SearchAction","target":{"@type":"EntryPoint","urlTemplate":"https:\/\/www.noticiasradioreflejos.com.ar\/2021\/?s={search_term_string}"},"query-input":{"@type":"PropertyValueSpecification","valueRequired":true,"valueName":"search_term_string"}}],"inLanguage":"es"},{"@type":"Person","@id":"https:\/\/www.noticiasradioreflejos.com.ar\/2021\/#\/schema\/person\/63bcc26111c5fc0e3cd7ca4e2bf77a60","name":"Ulises Nicolini","image":{"@type":"ImageObject","inLanguage":"es","@id":"https:\/\/www.noticiasradioreflejos.com.ar\/2021\/#\/schema\/person\/image\/","url":"https:\/\/secure.gravatar.com\/avatar\/7f2c48bdc33b30088f941fb6082e555f2874c98e20cb159d7b92b50eadfce793?s=96&d=mm&r=g","contentUrl":"https:\/\/secure.gravatar.com\/avatar\/7f2c48bdc33b30088f941fb6082e555f2874c98e20cb159d7b92b50eadfce793?s=96&d=mm&r=g","caption":"Ulises Nicolini"},"sameAs":["http:\/\/www.noticiasradioreflejos.com.ar\/2021"],"url":"https:\/\/www.noticiasradioreflejos.com.ar\/2021\/author\/admin\/"}]}},"_links":{"self":[{"href":"https:\/\/www.noticiasradioreflejos.com.ar\/2021\/wp-json\/wp\/v2\/posts\/12776","targetHints":{"allow":["GET"]}}],"collection":[{"href":"https:\/\/www.noticiasradioreflejos.com.ar\/2021\/wp-json\/wp\/v2\/posts"}],"about":[{"href":"https:\/\/www.noticiasradioreflejos.com.ar\/2021\/wp-json\/wp\/v2\/types\/post"}],"author":[{"embeddable":true,"href":"https:\/\/www.noticiasradioreflejos.com.ar\/2021\/wp-json\/wp\/v2\/users\/1"}],"replies":[{"embeddable":true,"href":"https:\/\/www.noticiasradioreflejos.com.ar\/2021\/wp-json\/wp\/v2\/comments?post=12776"}],"version-history":[{"count":0,"href":"https:\/\/www.noticiasradioreflejos.com.ar\/2021\/wp-json\/wp\/v2\/posts\/12776\/revisions"}],"wp:attachment":[{"href":"https:\/\/www.noticiasradioreflejos.com.ar\/2021\/wp-json\/wp\/v2\/media?parent=12776"}],"wp:term":[{"taxonomy":"category","embeddable":true,"href":"https:\/\/www.noticiasradioreflejos.com.ar\/2021\/wp-json\/wp\/v2\/categories?post=12776"},{"taxonomy":"post_tag","embeddable":true,"href":"https:\/\/www.noticiasradioreflejos.com.ar\/2021\/wp-json\/wp\/v2\/tags?post=12776"}],"curies":[{"name":"wp","href":"https:\/\/api.w.org\/{rel}","templated":true}]}}