{"id":1277,"date":"2016-09-22T19:59:55","date_gmt":"2016-09-22T19:59:55","guid":{"rendered":"http:\/\/noticiasradioreflejos.com.ar\/noticias\/?p=1277"},"modified":"2016-09-22T19:59:55","modified_gmt":"2016-09-22T19:59:55","slug":"el-senasa-presente-en-exposiciones-rurales-del-centro-y-sur-de-la-provincia-de-buenos-aires","status":"publish","type":"post","link":"https:\/\/www.noticiasradioreflejos.com.ar\/2021\/el-senasa-presente-en-exposiciones-rurales-del-centro-y-sur-de-la-provincia-de-buenos-aires\/","title":{"rendered":"El Senasa presente en exposiciones rurales del centro y sur de la provincia de Buenos Aires"},"content":{"rendered":"<p>El organismo sanitario particip\u00f3 de la 63\u00b0 Exposici\u00f3n Rural de General Madariaga y de la Fiesta Nacional del Ave de Raza, en la localidad bonaerense de Rauch.\u00a0<!--more--><br \/>\n<strong>Mar del Plata, 20 de septiembre de 2016 \u2013 <\/strong>En apoyo a los principales encuentros organizados por las distintas entidades rurales de la provincia de Buenos Aires, veterinarios del Servicio Nacional de Sanidad y Calidad Agroalimentaria (Senasa) estuvieron presentes en la 63\u00b0 Exposici\u00f3n Rural de General Madariaga y en la Fiesta Nacional del Ave de Raza, en Cnel. Rauch.<br \/>\nAl respecto, el director del Centro Regional Buenos Aires Sur, Gabriel Mel\u00e9ndez, remarc\u00f3 que \u201cla presencia institucional en este tipo de encuentros es parte de una nueva pol\u00edtica del Organismo, como muestra de apoyo a la producci\u00f3n regional, el desarrollo de las econom\u00edas locales y el objetivo de tener bien informada a los consumidores de agroalimentos en cuanto a las condiciones de calidad e inocuidad de los mismos\u201d.<br \/>\nDurante la Rural de Madariaga, realizada el pasado fin de semana, los profesionales del Senasa brindaron una charla informativa sobre el Sistema de autogesti\u00f3n, el que permite tramitar online los documentos de tr\u00e1nsito electr\u00f3nico (DT-e) de todas las especies, posibilitando el movimiento de ganado a toda hora y sin la necesidad de que los productores tengan que ir a las oficinas locales.<br \/>\nAsimismo, en el fin de semana del 9 al 11 de septiembre, el Senasa y el INTA participaron activamente en la Fiesta Nacional del Ave de Raza, organizada por la Sociedad Rural de Rauch. All\u00ed, en el stand institucional, los profesionales del Senasa explicaron al p\u00fablico las principales actividades desarrolladas en cuanto a sanidad animal y prevenci\u00f3n de enfermedades zoon\u00f3ticas.<\/p>\n","protected":false},"excerpt":{"rendered":"<p>El organismo sanitario particip\u00f3 de la 63\u00b0 Exposici\u00f3n Rural de General Madariaga y de la Fiesta Nacional del Ave de Raza, en la localidad bonaerense de Rauch.\u00a0<\/p>\n","protected":false},"author":3,"featured_media":0,"comment_status":"closed","ping_status":"open","sticky":false,"template":"","format":"standard","meta":{"footnotes":""},"categories":[26],"tags":[],"class_list":["post-1277","post","type-post","status-publish","format-standard","hentry","category-sociedad"],"yoast_head":"<!-- This site is optimized with the Yoast SEO plugin v25.9 - https:\/\/yoast.com\/wordpress\/plugins\/seo\/ -->\n<title>El Senasa presente en exposiciones rurales del centro y sur de la provincia de Buenos Aires - Noticias Radio Reflejos<\/title>\n<meta name=\"robots\" content=\"index, follow, max-snippet:-1, max-image-preview:large, max-video-preview:-1\" \/>\n<link rel=\"canonical\" href=\"https:\/\/www.noticiasradioreflejos.com.ar\/2021\/el-senasa-presente-en-exposiciones-rurales-del-centro-y-sur-de-la-provincia-de-buenos-aires\/\" \/>\n<meta property=\"og:locale\" content=\"es_ES\" \/>\n<meta property=\"og:type\" content=\"article\" \/>\n<meta property=\"og:title\" content=\"El Senasa presente en exposiciones rurales del centro y sur de la provincia de Buenos Aires - Noticias Radio Reflejos\" \/>\n<meta property=\"og:description\" content=\"El organismo sanitario particip\u00f3 de la 63\u00b0 Exposici\u00f3n Rural de General Madariaga y de la Fiesta Nacional del Ave de Raza, en la localidad bonaerense de Rauch.\u00a0\" \/>\n<meta property=\"og:url\" content=\"https:\/\/www.noticiasradioreflejos.com.ar\/2021\/el-senasa-presente-en-exposiciones-rurales-del-centro-y-sur-de-la-provincia-de-buenos-aires\/\" \/>\n<meta property=\"og:site_name\" content=\"Noticias Radio Reflejos\" \/>\n<meta property=\"article:published_time\" content=\"2016-09-22T19:59:55+00:00\" \/>\n<meta property=\"og:image\" content=\"https:\/\/www.noticiasradioreflejos.com.ar\/2021\/wp-content\/uploads\/2021\/07\/logosol300x200.png\" \/>\n\t<meta property=\"og:image:width\" content=\"300\" \/>\n\t<meta property=\"og:image:height\" content=\"200\" \/>\n\t<meta property=\"og:image:type\" content=\"image\/png\" \/>\n<meta name=\"author\" content=\"Arnaldo Botto\" \/>\n<meta name=\"twitter:card\" content=\"summary_large_image\" \/>\n<script type=\"application\/ld+json\" class=\"yoast-schema-graph\">{\"@context\":\"https:\/\/schema.org\",\"@graph\":[{\"@type\":\"WebPage\",\"@id\":\"https:\/\/www.noticiasradioreflejos.com.ar\/2021\/el-senasa-presente-en-exposiciones-rurales-del-centro-y-sur-de-la-provincia-de-buenos-aires\/\",\"url\":\"https:\/\/www.noticiasradioreflejos.com.ar\/2021\/el-senasa-presente-en-exposiciones-rurales-del-centro-y-sur-de-la-provincia-de-buenos-aires\/\",\"name\":\"El Senasa presente en exposiciones rurales del centro y sur de la provincia de Buenos Aires - Noticias Radio Reflejos\",\"isPartOf\":{\"@id\":\"https:\/\/www.noticiasradioreflejos.com.ar\/2021\/#website\"},\"datePublished\":\"2016-09-22T19:59:55+00:00\",\"author\":{\"@id\":\"https:\/\/www.noticiasradioreflejos.com.ar\/2021\/#\/schema\/person\/ad82545263dcc5ec0996818884fd5fb1\"},\"breadcrumb\":{\"@id\":\"https:\/\/www.noticiasradioreflejos.com.ar\/2021\/el-senasa-presente-en-exposiciones-rurales-del-centro-y-sur-de-la-provincia-de-buenos-aires\/#breadcrumb\"},\"inLanguage\":\"es\",\"potentialAction\":[{\"@type\":\"ReadAction\",\"target\":[\"https:\/\/www.noticiasradioreflejos.com.ar\/2021\/el-senasa-presente-en-exposiciones-rurales-del-centro-y-sur-de-la-provincia-de-buenos-aires\/\"]}]},{\"@type\":\"BreadcrumbList\",\"@id\":\"https:\/\/www.noticiasradioreflejos.com.ar\/2021\/el-senasa-presente-en-exposiciones-rurales-del-centro-y-sur-de-la-provincia-de-buenos-aires\/#breadcrumb\",\"itemListElement\":[{\"@type\":\"ListItem\",\"position\":1,\"name\":\"Portada\",\"item\":\"https:\/\/www.noticiasradioreflejos.com.ar\/2021\/\"},{\"@type\":\"ListItem\",\"position\":2,\"name\":\"El Senasa presente en exposiciones rurales del centro y sur de la provincia de Buenos Aires\"}]},{\"@type\":\"WebSite\",\"@id\":\"https:\/\/www.noticiasradioreflejos.com.ar\/2021\/#website\",\"url\":\"https:\/\/www.noticiasradioreflejos.com.ar\/2021\/\",\"name\":\"Noticias Radio Reflejos\",\"description\":\"Las noticias de mi comarca\",\"potentialAction\":[{\"@type\":\"SearchAction\",\"target\":{\"@type\":\"EntryPoint\",\"urlTemplate\":\"https:\/\/www.noticiasradioreflejos.com.ar\/2021\/?s={search_term_string}\"},\"query-input\":{\"@type\":\"PropertyValueSpecification\",\"valueRequired\":true,\"valueName\":\"search_term_string\"}}],\"inLanguage\":\"es\"},{\"@type\":\"Person\",\"@id\":\"https:\/\/www.noticiasradioreflejos.com.ar\/2021\/#\/schema\/person\/ad82545263dcc5ec0996818884fd5fb1\",\"name\":\"Arnaldo Botto\",\"image\":{\"@type\":\"ImageObject\",\"inLanguage\":\"es\",\"@id\":\"https:\/\/www.noticiasradioreflejos.com.ar\/2021\/#\/schema\/person\/image\/\",\"url\":\"https:\/\/secure.gravatar.com\/avatar\/55cb5e37c1efa326397366e6974cb338056df65cb50e7d64d1cf314e87504837?s=96&d=mm&r=g\",\"contentUrl\":\"https:\/\/secure.gravatar.com\/avatar\/55cb5e37c1efa326397366e6974cb338056df65cb50e7d64d1cf314e87504837?s=96&d=mm&r=g\",\"caption\":\"Arnaldo Botto\"},\"url\":\"https:\/\/www.noticiasradioreflejos.com.ar\/2021\/author\/arnaldo\/\"}]}<\/script>\n<!-- \/ Yoast SEO plugin. -->","yoast_head_json":{"title":"El Senasa presente en exposiciones rurales del centro y sur de la provincia de Buenos Aires - Noticias Radio Reflejos","robots":{"index":"index","follow":"follow","max-snippet":"max-snippet:-1","max-image-preview":"max-image-preview:large","max-video-preview":"max-video-preview:-1"},"canonical":"https:\/\/www.noticiasradioreflejos.com.ar\/2021\/el-senasa-presente-en-exposiciones-rurales-del-centro-y-sur-de-la-provincia-de-buenos-aires\/","og_locale":"es_ES","og_type":"article","og_title":"El Senasa presente en exposiciones rurales del centro y sur de la provincia de Buenos Aires - Noticias Radio Reflejos","og_description":"El organismo sanitario particip\u00f3 de la 63\u00b0 Exposici\u00f3n Rural de General Madariaga y de la Fiesta Nacional del Ave de Raza, en la localidad bonaerense de Rauch.\u00a0","og_url":"https:\/\/www.noticiasradioreflejos.com.ar\/2021\/el-senasa-presente-en-exposiciones-rurales-del-centro-y-sur-de-la-provincia-de-buenos-aires\/","og_site_name":"Noticias Radio Reflejos","article_published_time":"2016-09-22T19:59:55+00:00","og_image":[{"width":300,"height":200,"url":"https:\/\/www.noticiasradioreflejos.com.ar\/2021\/wp-content\/uploads\/2021\/07\/logosol300x200.png","type":"image\/png"}],"author":"Arnaldo Botto","twitter_card":"summary_large_image","schema":{"@context":"https:\/\/schema.org","@graph":[{"@type":"WebPage","@id":"https:\/\/www.noticiasradioreflejos.com.ar\/2021\/el-senasa-presente-en-exposiciones-rurales-del-centro-y-sur-de-la-provincia-de-buenos-aires\/","url":"https:\/\/www.noticiasradioreflejos.com.ar\/2021\/el-senasa-presente-en-exposiciones-rurales-del-centro-y-sur-de-la-provincia-de-buenos-aires\/","name":"El Senasa presente en exposiciones rurales del centro y sur de la provincia de Buenos Aires - Noticias Radio Reflejos","isPartOf":{"@id":"https:\/\/www.noticiasradioreflejos.com.ar\/2021\/#website"},"datePublished":"2016-09-22T19:59:55+00:00","author":{"@id":"https:\/\/www.noticiasradioreflejos.com.ar\/2021\/#\/schema\/person\/ad82545263dcc5ec0996818884fd5fb1"},"breadcrumb":{"@id":"https:\/\/www.noticiasradioreflejos.com.ar\/2021\/el-senasa-presente-en-exposiciones-rurales-del-centro-y-sur-de-la-provincia-de-buenos-aires\/#breadcrumb"},"inLanguage":"es","potentialAction":[{"@type":"ReadAction","target":["https:\/\/www.noticiasradioreflejos.com.ar\/2021\/el-senasa-presente-en-exposiciones-rurales-del-centro-y-sur-de-la-provincia-de-buenos-aires\/"]}]},{"@type":"BreadcrumbList","@id":"https:\/\/www.noticiasradioreflejos.com.ar\/2021\/el-senasa-presente-en-exposiciones-rurales-del-centro-y-sur-de-la-provincia-de-buenos-aires\/#breadcrumb","itemListElement":[{"@type":"ListItem","position":1,"name":"Portada","item":"https:\/\/www.noticiasradioreflejos.com.ar\/2021\/"},{"@type":"ListItem","position":2,"name":"El Senasa presente en exposiciones rurales del centro y sur de la provincia de Buenos Aires"}]},{"@type":"WebSite","@id":"https:\/\/www.noticiasradioreflejos.com.ar\/2021\/#website","url":"https:\/\/www.noticiasradioreflejos.com.ar\/2021\/","name":"Noticias Radio Reflejos","description":"Las noticias de mi comarca","potentialAction":[{"@type":"SearchAction","target":{"@type":"EntryPoint","urlTemplate":"https:\/\/www.noticiasradioreflejos.com.ar\/2021\/?s={search_term_string}"},"query-input":{"@type":"PropertyValueSpecification","valueRequired":true,"valueName":"search_term_string"}}],"inLanguage":"es"},{"@type":"Person","@id":"https:\/\/www.noticiasradioreflejos.com.ar\/2021\/#\/schema\/person\/ad82545263dcc5ec0996818884fd5fb1","name":"Arnaldo Botto","image":{"@type":"ImageObject","inLanguage":"es","@id":"https:\/\/www.noticiasradioreflejos.com.ar\/2021\/#\/schema\/person\/image\/","url":"https:\/\/secure.gravatar.com\/avatar\/55cb5e37c1efa326397366e6974cb338056df65cb50e7d64d1cf314e87504837?s=96&d=mm&r=g","contentUrl":"https:\/\/secure.gravatar.com\/avatar\/55cb5e37c1efa326397366e6974cb338056df65cb50e7d64d1cf314e87504837?s=96&d=mm&r=g","caption":"Arnaldo Botto"},"url":"https:\/\/www.noticiasradioreflejos.com.ar\/2021\/author\/arnaldo\/"}]}},"_links":{"self":[{"href":"https:\/\/www.noticiasradioreflejos.com.ar\/2021\/wp-json\/wp\/v2\/posts\/1277","targetHints":{"allow":["GET"]}}],"collection":[{"href":"https:\/\/www.noticiasradioreflejos.com.ar\/2021\/wp-json\/wp\/v2\/posts"}],"about":[{"href":"https:\/\/www.noticiasradioreflejos.com.ar\/2021\/wp-json\/wp\/v2\/types\/post"}],"author":[{"embeddable":true,"href":"https:\/\/www.noticiasradioreflejos.com.ar\/2021\/wp-json\/wp\/v2\/users\/3"}],"replies":[{"embeddable":true,"href":"https:\/\/www.noticiasradioreflejos.com.ar\/2021\/wp-json\/wp\/v2\/comments?post=1277"}],"version-history":[{"count":0,"href":"https:\/\/www.noticiasradioreflejos.com.ar\/2021\/wp-json\/wp\/v2\/posts\/1277\/revisions"}],"wp:attachment":[{"href":"https:\/\/www.noticiasradioreflejos.com.ar\/2021\/wp-json\/wp\/v2\/media?parent=1277"}],"wp:term":[{"taxonomy":"category","embeddable":true,"href":"https:\/\/www.noticiasradioreflejos.com.ar\/2021\/wp-json\/wp\/v2\/categories?post=1277"},{"taxonomy":"post_tag","embeddable":true,"href":"https:\/\/www.noticiasradioreflejos.com.ar\/2021\/wp-json\/wp\/v2\/tags?post=1277"}],"curies":[{"name":"wp","href":"https:\/\/api.w.org\/{rel}","templated":true}]}}