{"id":12768,"date":"2017-07-26T12:16:00","date_gmt":"2017-07-26T15:16:00","guid":{"rendered":"http:\/\/www.noticiasradioreflejos.com.ar\/noticias\/?p=12768"},"modified":"2017-07-26T12:16:00","modified_gmt":"2017-07-26T15:16:00","slug":"continuan-las-actividades-para-esta-segunda-semana-de-vacaciones-en-la-biblioteca-macedonio-fernandez","status":"publish","type":"post","link":"https:\/\/www.noticiasradioreflejos.com.ar\/2021\/continuan-las-actividades-para-esta-segunda-semana-de-vacaciones-en-la-biblioteca-macedonio-fernandez\/","title":{"rendered":"Contin\u00faan las Actividades para esta segunda semana de Vacaciones en la Biblioteca Macedonio Fern\u00e1ndez"},"content":{"rendered":"<p>&nbsp;<br \/>\n<u>MI\u00c9RCOLES 26<\/u><br \/>\n-17 hs. TALLER DE PAN, un cl\u00e1sico de la biblio.\u00a0 Para ni\u00f1os y ni\u00f1as. Coord. Irene Antognolli * entrada $50 \/Socios $30<br \/>\n-20 hs. Clase de Zumba, para adolescentes y adultos. Coord. Jesy<br \/>\n<u>JUEVES 27<\/u><br \/>\n-16 hs. \u201cUN LIBRO SORPRENDENTE\u201d Cuentos de papel. Talle de Pop Up para ni\u00f1os y ni\u00f1as con grandes. Coordina Leandro Coccia. *50 Y 30<br \/>\n-18 hs. PRESENTACI\u00d3N DEL LIBRO \u201cSiniestro\u201d de Patricio Chaija<br \/>\n&nbsp;<br \/>\n<u>VIERNES 28\u00a0<\/u><br \/>\n17 hs. TALLER DE FIELTRO. Experimentaci\u00f3n con fieltro para toda la familia. Coordina Mar\u00eda Fernanda P\u00e9rez. *entrada $50 Socios $30.-<br \/>\n&nbsp;<br \/>\n<u>S\u00c1BADO 29\u00a0<\/u><br \/>\n17 hs. SEPTENIO. Un espacio para ni\u00f1os y ni\u00f1as de la villa. Juegos y creatividad. Coordina: Carmen Costilla<br \/>\n&nbsp;<br \/>\n<u>HORARIO ATENCI\u00d3N BIBLIOTECA:<\/u><br \/>\n&gt;LUNES Y MI\u00c9RCOLES 9 a 13 hs.<br \/>\n&gt;MARTES, VIERNES Y S\u00c1BADO 15 a 19 hs<br \/>\n&gt;Pr\u00e9stamo especial a turistas<br \/>\nM\u00e1s informaci\u00f3n en f Macedonio Fern\u00e1ndez<br \/>\n<a title=\"MasActividadesM.F-26\" href=\"http:\/\/farm5.staticflickr.com\/4325\/36046942741_545119173a_s.jpg\" rel=\"\"><img loading=\"lazy\" decoding=\"async\" class=\"aligncenter\" title=\"MasActividadesM.F-26\" src=\"http:\/\/farm5.staticflickr.com\/4325\/36046942741_545119173a_z.jpg\" alt=\"MasActividadesM.F-26\" width=\"640\" height=\"473\" \/><\/a><br \/>\n<a title=\"MasActividades.M.F-26FIELTRO FERNANDA\" href=\"http:\/\/farm5.staticflickr.com\/4303\/36011967812_61e784b4cf_s.jpg\" rel=\"\"><img loading=\"lazy\" decoding=\"async\" class=\"aligncenter\" title=\"MasActividades.M.F-26FIELTRO FERNANDA\" src=\"http:\/\/farm5.staticflickr.com\/4303\/36011967812_61e784b4cf_z.jpg\" alt=\"MasActividades.M.F-26FIELTRO FERNANDA\" width=\"640\" height=\"327\" \/><\/a><a title=\"MasActividades-26-ZUMBA\" href=\"http:\/\/farm5.staticflickr.com\/4323\/36046943391_67497f4aa6_s.jpg\" rel=\"\"><img loading=\"lazy\" decoding=\"async\" class=\"aligncenter\" title=\"MasActividades-26-ZUMBA\" src=\"http:\/\/farm5.staticflickr.com\/4323\/36046943391_67497f4aa6_z.jpg\" alt=\"MasActividades-26-ZUMBA\" width=\"640\" height=\"352\" \/><\/a><br \/>\n<a title=\"MasActividades-26\" href=\"http:\/\/farm5.staticflickr.com\/4308\/35374986553_ae1c298fc2_s.jpg\" rel=\"\"><img loading=\"lazy\" decoding=\"async\" class=\"aligncenter\" title=\"MasActividades-26\" src=\"http:\/\/farm5.staticflickr.com\/4308\/35374986553_ae1c298fc2_z.jpg\" alt=\"MasActividades-26\" width=\"360\" height=\"640\" \/><\/a><br \/>\n<a title=\"MasActividadesM.F-26-TALLER DE PAN 2017\" href=\"http:\/\/farm5.staticflickr.com\/4328\/36046944201_b9f5e7748b_s.jpg\" rel=\"\"><img loading=\"lazy\" decoding=\"async\" class=\"aligncenter\" title=\"MasActividadesM.F-26-TALLER DE PAN 2017\" src=\"http:\/\/farm5.staticflickr.com\/4328\/36046944201_b9f5e7748b_z.jpg\" alt=\"MasActividadesM.F-26-TALLER DE PAN 2017\" width=\"640\" height=\"427\" \/><\/a><\/p>\n","protected":false},"excerpt":{"rendered":"<p>Actividades para esta semana de Vacaciones de Invierno en la Biblioteca<\/p>\n","protected":false},"author":1,"featured_media":0,"comment_status":"closed","ping_status":"open","sticky":false,"template":"","format":"standard","meta":{"footnotes":""},"categories":[33],"tags":[],"class_list":["post-12768","post","type-post","status-publish","format-standard","hentry","category-turismo"],"yoast_head":"<!-- This site is optimized with the Yoast SEO plugin v25.9 - https:\/\/yoast.com\/wordpress\/plugins\/seo\/ -->\n<title>Contin\u00faan las Actividades para esta segunda semana de Vacaciones en la Biblioteca Macedonio Fern\u00e1ndez - Noticias Radio Reflejos<\/title>\n<meta name=\"robots\" content=\"index, follow, max-snippet:-1, max-image-preview:large, max-video-preview:-1\" \/>\n<link rel=\"canonical\" href=\"https:\/\/www.noticiasradioreflejos.com.ar\/2021\/continuan-las-actividades-para-esta-segunda-semana-de-vacaciones-en-la-biblioteca-macedonio-fernandez\/\" \/>\n<meta property=\"og:locale\" content=\"es_ES\" \/>\n<meta property=\"og:type\" content=\"article\" \/>\n<meta property=\"og:title\" content=\"Contin\u00faan las Actividades para esta segunda semana de Vacaciones en la Biblioteca Macedonio Fern\u00e1ndez - Noticias Radio Reflejos\" \/>\n<meta property=\"og:description\" content=\"Actividades para esta semana de Vacaciones de Invierno en la Biblioteca\" \/>\n<meta property=\"og:url\" content=\"https:\/\/www.noticiasradioreflejos.com.ar\/2021\/continuan-las-actividades-para-esta-segunda-semana-de-vacaciones-en-la-biblioteca-macedonio-fernandez\/\" \/>\n<meta property=\"og:site_name\" content=\"Noticias Radio Reflejos\" \/>\n<meta property=\"article:published_time\" content=\"2017-07-26T15:16:00+00:00\" \/>\n<meta property=\"og:image\" content=\"http:\/\/farm5.staticflickr.com\/4325\/36046942741_545119173a_z.jpg\" \/>\n<meta name=\"author\" content=\"Ulises Nicolini\" \/>\n<meta name=\"twitter:card\" content=\"summary_large_image\" \/>\n<script type=\"application\/ld+json\" class=\"yoast-schema-graph\">{\"@context\":\"https:\/\/schema.org\",\"@graph\":[{\"@type\":\"WebPage\",\"@id\":\"https:\/\/www.noticiasradioreflejos.com.ar\/2021\/continuan-las-actividades-para-esta-segunda-semana-de-vacaciones-en-la-biblioteca-macedonio-fernandez\/\",\"url\":\"https:\/\/www.noticiasradioreflejos.com.ar\/2021\/continuan-las-actividades-para-esta-segunda-semana-de-vacaciones-en-la-biblioteca-macedonio-fernandez\/\",\"name\":\"Contin\u00faan las Actividades para esta segunda semana de Vacaciones en la Biblioteca Macedonio Fern\u00e1ndez - Noticias Radio Reflejos\",\"isPartOf\":{\"@id\":\"https:\/\/www.noticiasradioreflejos.com.ar\/2021\/#website\"},\"primaryImageOfPage\":{\"@id\":\"https:\/\/www.noticiasradioreflejos.com.ar\/2021\/continuan-las-actividades-para-esta-segunda-semana-de-vacaciones-en-la-biblioteca-macedonio-fernandez\/#primaryimage\"},\"image\":{\"@id\":\"https:\/\/www.noticiasradioreflejos.com.ar\/2021\/continuan-las-actividades-para-esta-segunda-semana-de-vacaciones-en-la-biblioteca-macedonio-fernandez\/#primaryimage\"},\"thumbnailUrl\":\"http:\/\/farm5.staticflickr.com\/4325\/36046942741_545119173a_z.jpg\",\"datePublished\":\"2017-07-26T15:16:00+00:00\",\"author\":{\"@id\":\"https:\/\/www.noticiasradioreflejos.com.ar\/2021\/#\/schema\/person\/63bcc26111c5fc0e3cd7ca4e2bf77a60\"},\"breadcrumb\":{\"@id\":\"https:\/\/www.noticiasradioreflejos.com.ar\/2021\/continuan-las-actividades-para-esta-segunda-semana-de-vacaciones-en-la-biblioteca-macedonio-fernandez\/#breadcrumb\"},\"inLanguage\":\"es\",\"potentialAction\":[{\"@type\":\"ReadAction\",\"target\":[\"https:\/\/www.noticiasradioreflejos.com.ar\/2021\/continuan-las-actividades-para-esta-segunda-semana-de-vacaciones-en-la-biblioteca-macedonio-fernandez\/\"]}]},{\"@type\":\"ImageObject\",\"inLanguage\":\"es\",\"@id\":\"https:\/\/www.noticiasradioreflejos.com.ar\/2021\/continuan-las-actividades-para-esta-segunda-semana-de-vacaciones-en-la-biblioteca-macedonio-fernandez\/#primaryimage\",\"url\":\"http:\/\/farm5.staticflickr.com\/4325\/36046942741_545119173a_z.jpg\",\"contentUrl\":\"http:\/\/farm5.staticflickr.com\/4325\/36046942741_545119173a_z.jpg\"},{\"@type\":\"BreadcrumbList\",\"@id\":\"https:\/\/www.noticiasradioreflejos.com.ar\/2021\/continuan-las-actividades-para-esta-segunda-semana-de-vacaciones-en-la-biblioteca-macedonio-fernandez\/#breadcrumb\",\"itemListElement\":[{\"@type\":\"ListItem\",\"position\":1,\"name\":\"Portada\",\"item\":\"https:\/\/www.noticiasradioreflejos.com.ar\/2021\/\"},{\"@type\":\"ListItem\",\"position\":2,\"name\":\"Contin\u00faan las Actividades para esta segunda semana de Vacaciones en la Biblioteca Macedonio Fern\u00e1ndez\"}]},{\"@type\":\"WebSite\",\"@id\":\"https:\/\/www.noticiasradioreflejos.com.ar\/2021\/#website\",\"url\":\"https:\/\/www.noticiasradioreflejos.com.ar\/2021\/\",\"name\":\"Noticias Radio Reflejos\",\"description\":\"Las noticias de mi comarca\",\"potentialAction\":[{\"@type\":\"SearchAction\",\"target\":{\"@type\":\"EntryPoint\",\"urlTemplate\":\"https:\/\/www.noticiasradioreflejos.com.ar\/2021\/?s={search_term_string}\"},\"query-input\":{\"@type\":\"PropertyValueSpecification\",\"valueRequired\":true,\"valueName\":\"search_term_string\"}}],\"inLanguage\":\"es\"},{\"@type\":\"Person\",\"@id\":\"https:\/\/www.noticiasradioreflejos.com.ar\/2021\/#\/schema\/person\/63bcc26111c5fc0e3cd7ca4e2bf77a60\",\"name\":\"Ulises Nicolini\",\"image\":{\"@type\":\"ImageObject\",\"inLanguage\":\"es\",\"@id\":\"https:\/\/www.noticiasradioreflejos.com.ar\/2021\/#\/schema\/person\/image\/\",\"url\":\"https:\/\/secure.gravatar.com\/avatar\/7f2c48bdc33b30088f941fb6082e555f2874c98e20cb159d7b92b50eadfce793?s=96&d=mm&r=g\",\"contentUrl\":\"https:\/\/secure.gravatar.com\/avatar\/7f2c48bdc33b30088f941fb6082e555f2874c98e20cb159d7b92b50eadfce793?s=96&d=mm&r=g\",\"caption\":\"Ulises Nicolini\"},\"sameAs\":[\"http:\/\/www.noticiasradioreflejos.com.ar\/2021\"],\"url\":\"https:\/\/www.noticiasradioreflejos.com.ar\/2021\/author\/admin\/\"}]}<\/script>\n<!-- \/ Yoast SEO plugin. -->","yoast_head_json":{"title":"Contin\u00faan las Actividades para esta segunda semana de Vacaciones en la Biblioteca Macedonio Fern\u00e1ndez - Noticias Radio Reflejos","robots":{"index":"index","follow":"follow","max-snippet":"max-snippet:-1","max-image-preview":"max-image-preview:large","max-video-preview":"max-video-preview:-1"},"canonical":"https:\/\/www.noticiasradioreflejos.com.ar\/2021\/continuan-las-actividades-para-esta-segunda-semana-de-vacaciones-en-la-biblioteca-macedonio-fernandez\/","og_locale":"es_ES","og_type":"article","og_title":"Contin\u00faan las Actividades para esta segunda semana de Vacaciones en la Biblioteca Macedonio Fern\u00e1ndez - Noticias Radio Reflejos","og_description":"Actividades para esta semana de Vacaciones de Invierno en la Biblioteca","og_url":"https:\/\/www.noticiasradioreflejos.com.ar\/2021\/continuan-las-actividades-para-esta-segunda-semana-de-vacaciones-en-la-biblioteca-macedonio-fernandez\/","og_site_name":"Noticias Radio Reflejos","article_published_time":"2017-07-26T15:16:00+00:00","og_image":[{"url":"http:\/\/farm5.staticflickr.com\/4325\/36046942741_545119173a_z.jpg","type":"","width":"","height":""}],"author":"Ulises Nicolini","twitter_card":"summary_large_image","schema":{"@context":"https:\/\/schema.org","@graph":[{"@type":"WebPage","@id":"https:\/\/www.noticiasradioreflejos.com.ar\/2021\/continuan-las-actividades-para-esta-segunda-semana-de-vacaciones-en-la-biblioteca-macedonio-fernandez\/","url":"https:\/\/www.noticiasradioreflejos.com.ar\/2021\/continuan-las-actividades-para-esta-segunda-semana-de-vacaciones-en-la-biblioteca-macedonio-fernandez\/","name":"Contin\u00faan las Actividades para esta segunda semana de Vacaciones en la Biblioteca Macedonio Fern\u00e1ndez - Noticias Radio Reflejos","isPartOf":{"@id":"https:\/\/www.noticiasradioreflejos.com.ar\/2021\/#website"},"primaryImageOfPage":{"@id":"https:\/\/www.noticiasradioreflejos.com.ar\/2021\/continuan-las-actividades-para-esta-segunda-semana-de-vacaciones-en-la-biblioteca-macedonio-fernandez\/#primaryimage"},"image":{"@id":"https:\/\/www.noticiasradioreflejos.com.ar\/2021\/continuan-las-actividades-para-esta-segunda-semana-de-vacaciones-en-la-biblioteca-macedonio-fernandez\/#primaryimage"},"thumbnailUrl":"http:\/\/farm5.staticflickr.com\/4325\/36046942741_545119173a_z.jpg","datePublished":"2017-07-26T15:16:00+00:00","author":{"@id":"https:\/\/www.noticiasradioreflejos.com.ar\/2021\/#\/schema\/person\/63bcc26111c5fc0e3cd7ca4e2bf77a60"},"breadcrumb":{"@id":"https:\/\/www.noticiasradioreflejos.com.ar\/2021\/continuan-las-actividades-para-esta-segunda-semana-de-vacaciones-en-la-biblioteca-macedonio-fernandez\/#breadcrumb"},"inLanguage":"es","potentialAction":[{"@type":"ReadAction","target":["https:\/\/www.noticiasradioreflejos.com.ar\/2021\/continuan-las-actividades-para-esta-segunda-semana-de-vacaciones-en-la-biblioteca-macedonio-fernandez\/"]}]},{"@type":"ImageObject","inLanguage":"es","@id":"https:\/\/www.noticiasradioreflejos.com.ar\/2021\/continuan-las-actividades-para-esta-segunda-semana-de-vacaciones-en-la-biblioteca-macedonio-fernandez\/#primaryimage","url":"http:\/\/farm5.staticflickr.com\/4325\/36046942741_545119173a_z.jpg","contentUrl":"http:\/\/farm5.staticflickr.com\/4325\/36046942741_545119173a_z.jpg"},{"@type":"BreadcrumbList","@id":"https:\/\/www.noticiasradioreflejos.com.ar\/2021\/continuan-las-actividades-para-esta-segunda-semana-de-vacaciones-en-la-biblioteca-macedonio-fernandez\/#breadcrumb","itemListElement":[{"@type":"ListItem","position":1,"name":"Portada","item":"https:\/\/www.noticiasradioreflejos.com.ar\/2021\/"},{"@type":"ListItem","position":2,"name":"Contin\u00faan las Actividades para esta segunda semana de Vacaciones en la Biblioteca Macedonio Fern\u00e1ndez"}]},{"@type":"WebSite","@id":"https:\/\/www.noticiasradioreflejos.com.ar\/2021\/#website","url":"https:\/\/www.noticiasradioreflejos.com.ar\/2021\/","name":"Noticias Radio Reflejos","description":"Las noticias de mi comarca","potentialAction":[{"@type":"SearchAction","target":{"@type":"EntryPoint","urlTemplate":"https:\/\/www.noticiasradioreflejos.com.ar\/2021\/?s={search_term_string}"},"query-input":{"@type":"PropertyValueSpecification","valueRequired":true,"valueName":"search_term_string"}}],"inLanguage":"es"},{"@type":"Person","@id":"https:\/\/www.noticiasradioreflejos.com.ar\/2021\/#\/schema\/person\/63bcc26111c5fc0e3cd7ca4e2bf77a60","name":"Ulises Nicolini","image":{"@type":"ImageObject","inLanguage":"es","@id":"https:\/\/www.noticiasradioreflejos.com.ar\/2021\/#\/schema\/person\/image\/","url":"https:\/\/secure.gravatar.com\/avatar\/7f2c48bdc33b30088f941fb6082e555f2874c98e20cb159d7b92b50eadfce793?s=96&d=mm&r=g","contentUrl":"https:\/\/secure.gravatar.com\/avatar\/7f2c48bdc33b30088f941fb6082e555f2874c98e20cb159d7b92b50eadfce793?s=96&d=mm&r=g","caption":"Ulises Nicolini"},"sameAs":["http:\/\/www.noticiasradioreflejos.com.ar\/2021"],"url":"https:\/\/www.noticiasradioreflejos.com.ar\/2021\/author\/admin\/"}]}},"_links":{"self":[{"href":"https:\/\/www.noticiasradioreflejos.com.ar\/2021\/wp-json\/wp\/v2\/posts\/12768","targetHints":{"allow":["GET"]}}],"collection":[{"href":"https:\/\/www.noticiasradioreflejos.com.ar\/2021\/wp-json\/wp\/v2\/posts"}],"about":[{"href":"https:\/\/www.noticiasradioreflejos.com.ar\/2021\/wp-json\/wp\/v2\/types\/post"}],"author":[{"embeddable":true,"href":"https:\/\/www.noticiasradioreflejos.com.ar\/2021\/wp-json\/wp\/v2\/users\/1"}],"replies":[{"embeddable":true,"href":"https:\/\/www.noticiasradioreflejos.com.ar\/2021\/wp-json\/wp\/v2\/comments?post=12768"}],"version-history":[{"count":0,"href":"https:\/\/www.noticiasradioreflejos.com.ar\/2021\/wp-json\/wp\/v2\/posts\/12768\/revisions"}],"wp:attachment":[{"href":"https:\/\/www.noticiasradioreflejos.com.ar\/2021\/wp-json\/wp\/v2\/media?parent=12768"}],"wp:term":[{"taxonomy":"category","embeddable":true,"href":"https:\/\/www.noticiasradioreflejos.com.ar\/2021\/wp-json\/wp\/v2\/categories?post=12768"},{"taxonomy":"post_tag","embeddable":true,"href":"https:\/\/www.noticiasradioreflejos.com.ar\/2021\/wp-json\/wp\/v2\/tags?post=12768"}],"curies":[{"name":"wp","href":"https:\/\/api.w.org\/{rel}","templated":true}]}}