{"id":12755,"date":"2017-07-26T10:50:48","date_gmt":"2017-07-26T13:50:48","guid":{"rendered":"http:\/\/www.noticiasradioreflejos.com.ar\/noticias\/?p=12755"},"modified":"2017-07-26T10:50:48","modified_gmt":"2017-07-26T13:50:48","slug":"festejos-del-70-aniversario-de-villa-ventana","status":"publish","type":"post","link":"https:\/\/www.noticiasradioreflejos.com.ar\/2021\/festejos-del-70-aniversario-de-villa-ventana\/","title":{"rendered":"Festejos del 70\u00b0 Aniversario de Villa Ventana."},"content":{"rendered":"<p><a title=\"70 aniversario de Villa Ventana (29)\" href=\"http:\/\/farm5.staticflickr.com\/4292\/36177998015_a132de2a59.jpg\" rel=\"\"><img loading=\"lazy\" decoding=\"async\" class=\"alignleft\" style=\"float: left;\" title=\"70 aniversario de Villa Ventana (29)\" src=\"http:\/\/farm5.staticflickr.com\/4292\/36177998015_a132de2a59.jpg\" alt=\"70 aniversario de Villa Ventana (29)\" width=\"500\" height=\"281\" \/><\/a>Villa Ventana, considerada la perla de la comarca serrana, cumpli\u00f3 este martes 25 de julio los\u00a070 a\u00f1os desde su fundaci\u00f3n.<br \/>\nEl acto protocolar se desarroll\u00f3 en horas de la ma\u00f1ana en la Plaza Salerno, donde junto a las autoridades, instituciones y p\u00fablico que acompa\u00f1\u00f3, para recordar a sus fundadores, hombres y mujeres que trazaron el destino que hoy vive la villa.<br \/>\nPor la tarde, a partir de las 13,30 hs en los salones de bomberos voluntarios, el p\u00fablico disfrut\u00f3 de espect\u00e1culos musicales, la presencia de la murga local y el cierre a cargo de Fabio Gonzalez.<br \/>\nPasaron por el escenario: la banda de rock Rebenque, Omar Araya, el reconocido \u00abHueso Aguado\u00bb con su hijo en folclore, y Todav\u00eda no, banda musical de Sierra de la Ventana.<br \/>\n<iframe loading=\"lazy\" src=\"https:\/\/w.soundcloud.com\/player\/?url=https%3A\/\/api.soundcloud.com\/tracks\/334912987&amp;color=ff5500&amp;auto_play=false&amp;hide_related=false&amp;show_comments=true&amp;show_user=true&amp;show_reposts=false\" width=\"100%\" height=\"166\" frameborder=\"no\" scrolling=\"no\"><\/iframe><br \/>\n<iframe loading=\"lazy\" src=\"https:\/\/w.soundcloud.com\/player\/?url=https%3A\/\/api.soundcloud.com\/tracks\/334910738&amp;color=ff5500&amp;auto_play=false&amp;hide_related=false&amp;show_comments=true&amp;show_user=true&amp;show_reposts=false\" width=\"100%\" height=\"166\" frameborder=\"no\" scrolling=\"no\"><\/iframe><br \/>\n<img loading=\"lazy\" decoding=\"async\" class=\"aligncenter\" title=\"70 aniversario de Villa Ventana (10)\" src=\"http:\/\/farm5.staticflickr.com\/4322\/36177998855_fa470f2c66_z.jpg\" alt=\"70 aniversario de Villa Ventana (10)\" width=\"640\" height=\"360\" \/><a title=\"70 aniversario de Villa Ventana (54)\" href=\"http:\/\/farm5.staticflickr.com\/4327\/36177996145_71d96a52db_z.jpg\" rel=\"\"><img loading=\"lazy\" decoding=\"async\" class=\"aligncenter\" title=\"70 aniversario de Villa Ventana (54)\" src=\"http:\/\/farm5.staticflickr.com\/4327\/36177996145_71d96a52db_z.jpg\" alt=\"70 aniversario de Villa Ventana (54)\" width=\"640\" height=\"360\" \/><\/a><br \/>\n&nbsp;<br \/>\n<a href=\"https:\/\/www.facebook.com\/reflejosfm\/media_set?set=a.10213731635713923.1073742047.1496587978&amp;type=3\">FOTOS:<\/a><\/p>\n","protected":false},"excerpt":{"rendered":"<p>Villa Ventana, considerada la perla de la comarca serrana, cumpli\u00f3 este martes 25 de julio los\u00a070 a\u00f1os desde su fundaci\u00f3n. El acto protocolar se desarroll\u00f3 en horas de la ma\u00f1ana en la Plaza Salerno, donde junto a las autoridades, instituciones y p\u00fablico que acompa\u00f1\u00f3, para recordar a sus fundadores, hombres y mujeres que trazaron el [&hellip;]<\/p>\n","protected":false},"author":3,"featured_media":0,"comment_status":"closed","ping_status":"open","sticky":false,"template":"","format":"standard","meta":{"footnotes":""},"categories":[26],"tags":[],"class_list":["post-12755","post","type-post","status-publish","format-standard","hentry","category-sociedad"],"yoast_head":"<!-- This site is optimized with the Yoast SEO plugin v25.9 - https:\/\/yoast.com\/wordpress\/plugins\/seo\/ -->\n<title>Festejos del 70\u00b0 Aniversario de Villa Ventana. - Noticias Radio Reflejos<\/title>\n<meta name=\"robots\" content=\"index, follow, max-snippet:-1, max-image-preview:large, max-video-preview:-1\" \/>\n<link rel=\"canonical\" href=\"https:\/\/www.noticiasradioreflejos.com.ar\/2021\/festejos-del-70-aniversario-de-villa-ventana\/\" \/>\n<meta property=\"og:locale\" content=\"es_ES\" \/>\n<meta property=\"og:type\" content=\"article\" \/>\n<meta property=\"og:title\" content=\"Festejos del 70\u00b0 Aniversario de Villa Ventana. - Noticias Radio Reflejos\" \/>\n<meta property=\"og:description\" content=\"Villa Ventana, considerada la perla de la comarca serrana, cumpli\u00f3 este martes 25 de julio los\u00a070 a\u00f1os desde su fundaci\u00f3n. El acto protocolar se desarroll\u00f3 en horas de la ma\u00f1ana en la Plaza Salerno, donde junto a las autoridades, instituciones y p\u00fablico que acompa\u00f1\u00f3, para recordar a sus fundadores, hombres y mujeres que trazaron el [&hellip;]\" \/>\n<meta property=\"og:url\" content=\"https:\/\/www.noticiasradioreflejos.com.ar\/2021\/festejos-del-70-aniversario-de-villa-ventana\/\" \/>\n<meta property=\"og:site_name\" content=\"Noticias Radio Reflejos\" \/>\n<meta property=\"article:published_time\" content=\"2017-07-26T13:50:48+00:00\" \/>\n<meta property=\"og:image\" content=\"http:\/\/farm5.staticflickr.com\/4292\/36177998015_a132de2a59.jpg\" \/>\n<meta name=\"author\" content=\"Arnaldo Botto\" \/>\n<meta name=\"twitter:card\" content=\"summary_large_image\" \/>\n<script type=\"application\/ld+json\" class=\"yoast-schema-graph\">{\"@context\":\"https:\/\/schema.org\",\"@graph\":[{\"@type\":\"WebPage\",\"@id\":\"https:\/\/www.noticiasradioreflejos.com.ar\/2021\/festejos-del-70-aniversario-de-villa-ventana\/\",\"url\":\"https:\/\/www.noticiasradioreflejos.com.ar\/2021\/festejos-del-70-aniversario-de-villa-ventana\/\",\"name\":\"Festejos del 70\u00b0 Aniversario de Villa Ventana. - Noticias Radio Reflejos\",\"isPartOf\":{\"@id\":\"https:\/\/www.noticiasradioreflejos.com.ar\/2021\/#website\"},\"primaryImageOfPage\":{\"@id\":\"https:\/\/www.noticiasradioreflejos.com.ar\/2021\/festejos-del-70-aniversario-de-villa-ventana\/#primaryimage\"},\"image\":{\"@id\":\"https:\/\/www.noticiasradioreflejos.com.ar\/2021\/festejos-del-70-aniversario-de-villa-ventana\/#primaryimage\"},\"thumbnailUrl\":\"http:\/\/farm5.staticflickr.com\/4292\/36177998015_a132de2a59.jpg\",\"datePublished\":\"2017-07-26T13:50:48+00:00\",\"author\":{\"@id\":\"https:\/\/www.noticiasradioreflejos.com.ar\/2021\/#\/schema\/person\/ad82545263dcc5ec0996818884fd5fb1\"},\"breadcrumb\":{\"@id\":\"https:\/\/www.noticiasradioreflejos.com.ar\/2021\/festejos-del-70-aniversario-de-villa-ventana\/#breadcrumb\"},\"inLanguage\":\"es\",\"potentialAction\":[{\"@type\":\"ReadAction\",\"target\":[\"https:\/\/www.noticiasradioreflejos.com.ar\/2021\/festejos-del-70-aniversario-de-villa-ventana\/\"]}]},{\"@type\":\"ImageObject\",\"inLanguage\":\"es\",\"@id\":\"https:\/\/www.noticiasradioreflejos.com.ar\/2021\/festejos-del-70-aniversario-de-villa-ventana\/#primaryimage\",\"url\":\"http:\/\/farm5.staticflickr.com\/4292\/36177998015_a132de2a59.jpg\",\"contentUrl\":\"http:\/\/farm5.staticflickr.com\/4292\/36177998015_a132de2a59.jpg\"},{\"@type\":\"BreadcrumbList\",\"@id\":\"https:\/\/www.noticiasradioreflejos.com.ar\/2021\/festejos-del-70-aniversario-de-villa-ventana\/#breadcrumb\",\"itemListElement\":[{\"@type\":\"ListItem\",\"position\":1,\"name\":\"Portada\",\"item\":\"https:\/\/www.noticiasradioreflejos.com.ar\/2021\/\"},{\"@type\":\"ListItem\",\"position\":2,\"name\":\"Festejos del 70\u00b0 Aniversario de Villa Ventana.\"}]},{\"@type\":\"WebSite\",\"@id\":\"https:\/\/www.noticiasradioreflejos.com.ar\/2021\/#website\",\"url\":\"https:\/\/www.noticiasradioreflejos.com.ar\/2021\/\",\"name\":\"Noticias Radio Reflejos\",\"description\":\"Las noticias de mi comarca\",\"potentialAction\":[{\"@type\":\"SearchAction\",\"target\":{\"@type\":\"EntryPoint\",\"urlTemplate\":\"https:\/\/www.noticiasradioreflejos.com.ar\/2021\/?s={search_term_string}\"},\"query-input\":{\"@type\":\"PropertyValueSpecification\",\"valueRequired\":true,\"valueName\":\"search_term_string\"}}],\"inLanguage\":\"es\"},{\"@type\":\"Person\",\"@id\":\"https:\/\/www.noticiasradioreflejos.com.ar\/2021\/#\/schema\/person\/ad82545263dcc5ec0996818884fd5fb1\",\"name\":\"Arnaldo Botto\",\"image\":{\"@type\":\"ImageObject\",\"inLanguage\":\"es\",\"@id\":\"https:\/\/www.noticiasradioreflejos.com.ar\/2021\/#\/schema\/person\/image\/\",\"url\":\"https:\/\/secure.gravatar.com\/avatar\/55cb5e37c1efa326397366e6974cb338056df65cb50e7d64d1cf314e87504837?s=96&d=mm&r=g\",\"contentUrl\":\"https:\/\/secure.gravatar.com\/avatar\/55cb5e37c1efa326397366e6974cb338056df65cb50e7d64d1cf314e87504837?s=96&d=mm&r=g\",\"caption\":\"Arnaldo Botto\"},\"url\":\"https:\/\/www.noticiasradioreflejos.com.ar\/2021\/author\/arnaldo\/\"}]}<\/script>\n<!-- \/ Yoast SEO plugin. -->","yoast_head_json":{"title":"Festejos del 70\u00b0 Aniversario de Villa Ventana. - Noticias Radio Reflejos","robots":{"index":"index","follow":"follow","max-snippet":"max-snippet:-1","max-image-preview":"max-image-preview:large","max-video-preview":"max-video-preview:-1"},"canonical":"https:\/\/www.noticiasradioreflejos.com.ar\/2021\/festejos-del-70-aniversario-de-villa-ventana\/","og_locale":"es_ES","og_type":"article","og_title":"Festejos del 70\u00b0 Aniversario de Villa Ventana. - Noticias Radio Reflejos","og_description":"Villa Ventana, considerada la perla de la comarca serrana, cumpli\u00f3 este martes 25 de julio los\u00a070 a\u00f1os desde su fundaci\u00f3n. El acto protocolar se desarroll\u00f3 en horas de la ma\u00f1ana en la Plaza Salerno, donde junto a las autoridades, instituciones y p\u00fablico que acompa\u00f1\u00f3, para recordar a sus fundadores, hombres y mujeres que trazaron el [&hellip;]","og_url":"https:\/\/www.noticiasradioreflejos.com.ar\/2021\/festejos-del-70-aniversario-de-villa-ventana\/","og_site_name":"Noticias Radio Reflejos","article_published_time":"2017-07-26T13:50:48+00:00","og_image":[{"url":"http:\/\/farm5.staticflickr.com\/4292\/36177998015_a132de2a59.jpg","type":"","width":"","height":""}],"author":"Arnaldo Botto","twitter_card":"summary_large_image","schema":{"@context":"https:\/\/schema.org","@graph":[{"@type":"WebPage","@id":"https:\/\/www.noticiasradioreflejos.com.ar\/2021\/festejos-del-70-aniversario-de-villa-ventana\/","url":"https:\/\/www.noticiasradioreflejos.com.ar\/2021\/festejos-del-70-aniversario-de-villa-ventana\/","name":"Festejos del 70\u00b0 Aniversario de Villa Ventana. - Noticias Radio Reflejos","isPartOf":{"@id":"https:\/\/www.noticiasradioreflejos.com.ar\/2021\/#website"},"primaryImageOfPage":{"@id":"https:\/\/www.noticiasradioreflejos.com.ar\/2021\/festejos-del-70-aniversario-de-villa-ventana\/#primaryimage"},"image":{"@id":"https:\/\/www.noticiasradioreflejos.com.ar\/2021\/festejos-del-70-aniversario-de-villa-ventana\/#primaryimage"},"thumbnailUrl":"http:\/\/farm5.staticflickr.com\/4292\/36177998015_a132de2a59.jpg","datePublished":"2017-07-26T13:50:48+00:00","author":{"@id":"https:\/\/www.noticiasradioreflejos.com.ar\/2021\/#\/schema\/person\/ad82545263dcc5ec0996818884fd5fb1"},"breadcrumb":{"@id":"https:\/\/www.noticiasradioreflejos.com.ar\/2021\/festejos-del-70-aniversario-de-villa-ventana\/#breadcrumb"},"inLanguage":"es","potentialAction":[{"@type":"ReadAction","target":["https:\/\/www.noticiasradioreflejos.com.ar\/2021\/festejos-del-70-aniversario-de-villa-ventana\/"]}]},{"@type":"ImageObject","inLanguage":"es","@id":"https:\/\/www.noticiasradioreflejos.com.ar\/2021\/festejos-del-70-aniversario-de-villa-ventana\/#primaryimage","url":"http:\/\/farm5.staticflickr.com\/4292\/36177998015_a132de2a59.jpg","contentUrl":"http:\/\/farm5.staticflickr.com\/4292\/36177998015_a132de2a59.jpg"},{"@type":"BreadcrumbList","@id":"https:\/\/www.noticiasradioreflejos.com.ar\/2021\/festejos-del-70-aniversario-de-villa-ventana\/#breadcrumb","itemListElement":[{"@type":"ListItem","position":1,"name":"Portada","item":"https:\/\/www.noticiasradioreflejos.com.ar\/2021\/"},{"@type":"ListItem","position":2,"name":"Festejos del 70\u00b0 Aniversario de Villa Ventana."}]},{"@type":"WebSite","@id":"https:\/\/www.noticiasradioreflejos.com.ar\/2021\/#website","url":"https:\/\/www.noticiasradioreflejos.com.ar\/2021\/","name":"Noticias Radio Reflejos","description":"Las noticias de mi comarca","potentialAction":[{"@type":"SearchAction","target":{"@type":"EntryPoint","urlTemplate":"https:\/\/www.noticiasradioreflejos.com.ar\/2021\/?s={search_term_string}"},"query-input":{"@type":"PropertyValueSpecification","valueRequired":true,"valueName":"search_term_string"}}],"inLanguage":"es"},{"@type":"Person","@id":"https:\/\/www.noticiasradioreflejos.com.ar\/2021\/#\/schema\/person\/ad82545263dcc5ec0996818884fd5fb1","name":"Arnaldo Botto","image":{"@type":"ImageObject","inLanguage":"es","@id":"https:\/\/www.noticiasradioreflejos.com.ar\/2021\/#\/schema\/person\/image\/","url":"https:\/\/secure.gravatar.com\/avatar\/55cb5e37c1efa326397366e6974cb338056df65cb50e7d64d1cf314e87504837?s=96&d=mm&r=g","contentUrl":"https:\/\/secure.gravatar.com\/avatar\/55cb5e37c1efa326397366e6974cb338056df65cb50e7d64d1cf314e87504837?s=96&d=mm&r=g","caption":"Arnaldo Botto"},"url":"https:\/\/www.noticiasradioreflejos.com.ar\/2021\/author\/arnaldo\/"}]}},"_links":{"self":[{"href":"https:\/\/www.noticiasradioreflejos.com.ar\/2021\/wp-json\/wp\/v2\/posts\/12755","targetHints":{"allow":["GET"]}}],"collection":[{"href":"https:\/\/www.noticiasradioreflejos.com.ar\/2021\/wp-json\/wp\/v2\/posts"}],"about":[{"href":"https:\/\/www.noticiasradioreflejos.com.ar\/2021\/wp-json\/wp\/v2\/types\/post"}],"author":[{"embeddable":true,"href":"https:\/\/www.noticiasradioreflejos.com.ar\/2021\/wp-json\/wp\/v2\/users\/3"}],"replies":[{"embeddable":true,"href":"https:\/\/www.noticiasradioreflejos.com.ar\/2021\/wp-json\/wp\/v2\/comments?post=12755"}],"version-history":[{"count":0,"href":"https:\/\/www.noticiasradioreflejos.com.ar\/2021\/wp-json\/wp\/v2\/posts\/12755\/revisions"}],"wp:attachment":[{"href":"https:\/\/www.noticiasradioreflejos.com.ar\/2021\/wp-json\/wp\/v2\/media?parent=12755"}],"wp:term":[{"taxonomy":"category","embeddable":true,"href":"https:\/\/www.noticiasradioreflejos.com.ar\/2021\/wp-json\/wp\/v2\/categories?post=12755"},{"taxonomy":"post_tag","embeddable":true,"href":"https:\/\/www.noticiasradioreflejos.com.ar\/2021\/wp-json\/wp\/v2\/tags?post=12755"}],"curies":[{"name":"wp","href":"https:\/\/api.w.org\/{rel}","templated":true}]}}