{"id":12752,"date":"2017-07-26T09:59:33","date_gmt":"2017-07-26T12:59:33","guid":{"rendered":"http:\/\/www.noticiasradioreflejos.com.ar\/noticias\/?p=12752"},"modified":"2017-07-26T09:59:33","modified_gmt":"2017-07-26T12:59:33","slug":"fallecimiento-de-evita","status":"publish","type":"post","link":"https:\/\/www.noticiasradioreflejos.com.ar\/2021\/fallecimiento-de-evita\/","title":{"rendered":"Fallecimiento de Evita"},"content":{"rendered":"<p>Comunicado del Partido Justicialista.<br \/>\n6 de Julio de 1952 fallec\u00eda Eva Duarte de Peron, fallec\u00eda EVITA, nuestra EVITA. Le bastaron solo 33 a\u00f1os a\u00f1os de vida y apenas 6 de pol\u00edtica para quedar en la memoria del pueblo argentino como el estandarte de la justicia social.<br \/>\nTodav\u00eda hoy en las Unidades B\u00e1sicas se suele escuchar a alg\u00fan compa\u00f1ero o compa\u00f1era contar las historias de aquellas \u00e9pocas, cuando recibieron de manos de Evita su primer bicicleta o su primera mu\u00f1eca.<br \/>\n<!--more--><br \/>\nAs\u00ed como fue amada por sus descamisados (como le gustaba llamarlos), tambi\u00e9n fue odiada y defenestrada por la oligarqu\u00eda Argentina y los anti peronistas a tal punto que al momento de su muerte hubo sectores que celebraron su muerte.<br \/>\nCon respecto a esto nos permitimos humildemente citar a Eduardo Galeano en \u00abEvita la amada de los mal queridos\u00bb.<br \/>\n\u00ab\u00a1Viva el c\u00e1ncer!, escribi\u00f3 alguna mano enemiga en un muro de Buenos Aires. La odiaban, la odian los biencomidos: por pobre, por mujer, por insolente. Ella los desaf\u00eda hablando y los ofend\u00eda viviendo. Nacida para sirvienta, o a lo sumo para actriz de melodramas baratos. Evita se hab\u00eda salido de su lugar. La quer\u00edan, la quieren los malqueridos; por su boca ellos dec\u00edan y maldec\u00edan. Adem\u00e1s Evita era el hada rubia que abrazaba al leproso y al haraposo y daba paz al desesperado, el incesante manantial que prodigaba empleos y colchones, zapatos y m\u00e1quinas de coser, dentaduras postizas, ajuares de novia. Los m\u00edseros recib\u00edan estas caridades desde al lado, no desde arriba, aunque Evita luciera joyas despampanantes y en pleno verano ostentara abrigos de vis\u00f3n. No es que le perdonaran el lujo: se lo celebraban. No se sent\u00eda el pueblo humillado sino vengado por sus atav\u00edos de reina. Ante el cuerpo de Evita, rodeado de claveles blancos desfila el pueblo llorando. D\u00eda tras d\u00eda, noche tras noche, la hilera de antorchas: una caravana de dos semanas de largo. Suspiran aliviados los usureros, los mercaderes, los se\u00f1ores de la tierra. Muerta Evita, el presidente Per\u00f3n es un cuchillo sin filo.\u00bb<br \/>\nAquel 26 de Julio fallec\u00eda Eva Duarte de Per\u00f3n, aquel 26 de Julio nac\u00eda el mito, nac\u00eda \u00abEVITA\u00bb.<br \/>\n&nbsp;<\/p>\n","protected":false},"excerpt":{"rendered":"<p>Comunicado del Partido Justicialista. 6 de Julio de 1952 fallec\u00eda Eva Duarte de Peron, fallec\u00eda EVITA, nuestra EVITA. Le bastaron solo 33 a\u00f1os a\u00f1os de vida y apenas 6 de pol\u00edtica para quedar en la memoria del pueblo argentino como el estandarte de la justicia social. Todav\u00eda hoy en las Unidades B\u00e1sicas se suele escuchar [&hellip;]<\/p>\n","protected":false},"author":3,"featured_media":0,"comment_status":"closed","ping_status":"open","sticky":false,"template":"","format":"standard","meta":{"footnotes":""},"categories":[24],"tags":[],"class_list":["post-12752","post","type-post","status-publish","format-standard","hentry","category-politica"],"yoast_head":"<!-- This site is optimized with the Yoast SEO plugin v25.9 - https:\/\/yoast.com\/wordpress\/plugins\/seo\/ -->\n<title>Fallecimiento de Evita - Noticias Radio Reflejos<\/title>\n<meta name=\"robots\" content=\"index, follow, max-snippet:-1, max-image-preview:large, max-video-preview:-1\" \/>\n<link rel=\"canonical\" href=\"https:\/\/www.noticiasradioreflejos.com.ar\/2021\/fallecimiento-de-evita\/\" \/>\n<meta property=\"og:locale\" content=\"es_ES\" \/>\n<meta property=\"og:type\" content=\"article\" \/>\n<meta property=\"og:title\" content=\"Fallecimiento de Evita - Noticias Radio Reflejos\" \/>\n<meta property=\"og:description\" content=\"Comunicado del Partido Justicialista. 6 de Julio de 1952 fallec\u00eda Eva Duarte de Peron, fallec\u00eda EVITA, nuestra EVITA. Le bastaron solo 33 a\u00f1os a\u00f1os de vida y apenas 6 de pol\u00edtica para quedar en la memoria del pueblo argentino como el estandarte de la justicia social. Todav\u00eda hoy en las Unidades B\u00e1sicas se suele escuchar [&hellip;]\" \/>\n<meta property=\"og:url\" content=\"https:\/\/www.noticiasradioreflejos.com.ar\/2021\/fallecimiento-de-evita\/\" \/>\n<meta property=\"og:site_name\" content=\"Noticias Radio Reflejos\" \/>\n<meta property=\"article:published_time\" content=\"2017-07-26T12:59:33+00:00\" \/>\n<meta property=\"og:image\" content=\"https:\/\/www.noticiasradioreflejos.com.ar\/2021\/wp-content\/uploads\/2021\/07\/logosol300x200.png\" \/>\n\t<meta property=\"og:image:width\" content=\"300\" \/>\n\t<meta property=\"og:image:height\" content=\"200\" \/>\n\t<meta property=\"og:image:type\" content=\"image\/png\" \/>\n<meta name=\"author\" content=\"Arnaldo Botto\" \/>\n<meta name=\"twitter:card\" content=\"summary_large_image\" \/>\n<script type=\"application\/ld+json\" class=\"yoast-schema-graph\">{\"@context\":\"https:\/\/schema.org\",\"@graph\":[{\"@type\":\"WebPage\",\"@id\":\"https:\/\/www.noticiasradioreflejos.com.ar\/2021\/fallecimiento-de-evita\/\",\"url\":\"https:\/\/www.noticiasradioreflejos.com.ar\/2021\/fallecimiento-de-evita\/\",\"name\":\"Fallecimiento de Evita - Noticias Radio Reflejos\",\"isPartOf\":{\"@id\":\"https:\/\/www.noticiasradioreflejos.com.ar\/2021\/#website\"},\"datePublished\":\"2017-07-26T12:59:33+00:00\",\"author\":{\"@id\":\"https:\/\/www.noticiasradioreflejos.com.ar\/2021\/#\/schema\/person\/ad82545263dcc5ec0996818884fd5fb1\"},\"breadcrumb\":{\"@id\":\"https:\/\/www.noticiasradioreflejos.com.ar\/2021\/fallecimiento-de-evita\/#breadcrumb\"},\"inLanguage\":\"es\",\"potentialAction\":[{\"@type\":\"ReadAction\",\"target\":[\"https:\/\/www.noticiasradioreflejos.com.ar\/2021\/fallecimiento-de-evita\/\"]}]},{\"@type\":\"BreadcrumbList\",\"@id\":\"https:\/\/www.noticiasradioreflejos.com.ar\/2021\/fallecimiento-de-evita\/#breadcrumb\",\"itemListElement\":[{\"@type\":\"ListItem\",\"position\":1,\"name\":\"Portada\",\"item\":\"https:\/\/www.noticiasradioreflejos.com.ar\/2021\/\"},{\"@type\":\"ListItem\",\"position\":2,\"name\":\"Fallecimiento de Evita\"}]},{\"@type\":\"WebSite\",\"@id\":\"https:\/\/www.noticiasradioreflejos.com.ar\/2021\/#website\",\"url\":\"https:\/\/www.noticiasradioreflejos.com.ar\/2021\/\",\"name\":\"Noticias Radio Reflejos\",\"description\":\"Las noticias de mi comarca\",\"potentialAction\":[{\"@type\":\"SearchAction\",\"target\":{\"@type\":\"EntryPoint\",\"urlTemplate\":\"https:\/\/www.noticiasradioreflejos.com.ar\/2021\/?s={search_term_string}\"},\"query-input\":{\"@type\":\"PropertyValueSpecification\",\"valueRequired\":true,\"valueName\":\"search_term_string\"}}],\"inLanguage\":\"es\"},{\"@type\":\"Person\",\"@id\":\"https:\/\/www.noticiasradioreflejos.com.ar\/2021\/#\/schema\/person\/ad82545263dcc5ec0996818884fd5fb1\",\"name\":\"Arnaldo Botto\",\"image\":{\"@type\":\"ImageObject\",\"inLanguage\":\"es\",\"@id\":\"https:\/\/www.noticiasradioreflejos.com.ar\/2021\/#\/schema\/person\/image\/\",\"url\":\"https:\/\/secure.gravatar.com\/avatar\/55cb5e37c1efa326397366e6974cb338056df65cb50e7d64d1cf314e87504837?s=96&d=mm&r=g\",\"contentUrl\":\"https:\/\/secure.gravatar.com\/avatar\/55cb5e37c1efa326397366e6974cb338056df65cb50e7d64d1cf314e87504837?s=96&d=mm&r=g\",\"caption\":\"Arnaldo Botto\"},\"url\":\"https:\/\/www.noticiasradioreflejos.com.ar\/2021\/author\/arnaldo\/\"}]}<\/script>\n<!-- \/ Yoast SEO plugin. -->","yoast_head_json":{"title":"Fallecimiento de Evita - Noticias Radio Reflejos","robots":{"index":"index","follow":"follow","max-snippet":"max-snippet:-1","max-image-preview":"max-image-preview:large","max-video-preview":"max-video-preview:-1"},"canonical":"https:\/\/www.noticiasradioreflejos.com.ar\/2021\/fallecimiento-de-evita\/","og_locale":"es_ES","og_type":"article","og_title":"Fallecimiento de Evita - Noticias Radio Reflejos","og_description":"Comunicado del Partido Justicialista. 6 de Julio de 1952 fallec\u00eda Eva Duarte de Peron, fallec\u00eda EVITA, nuestra EVITA. Le bastaron solo 33 a\u00f1os a\u00f1os de vida y apenas 6 de pol\u00edtica para quedar en la memoria del pueblo argentino como el estandarte de la justicia social. Todav\u00eda hoy en las Unidades B\u00e1sicas se suele escuchar [&hellip;]","og_url":"https:\/\/www.noticiasradioreflejos.com.ar\/2021\/fallecimiento-de-evita\/","og_site_name":"Noticias Radio Reflejos","article_published_time":"2017-07-26T12:59:33+00:00","og_image":[{"width":300,"height":200,"url":"https:\/\/www.noticiasradioreflejos.com.ar\/2021\/wp-content\/uploads\/2021\/07\/logosol300x200.png","type":"image\/png"}],"author":"Arnaldo Botto","twitter_card":"summary_large_image","schema":{"@context":"https:\/\/schema.org","@graph":[{"@type":"WebPage","@id":"https:\/\/www.noticiasradioreflejos.com.ar\/2021\/fallecimiento-de-evita\/","url":"https:\/\/www.noticiasradioreflejos.com.ar\/2021\/fallecimiento-de-evita\/","name":"Fallecimiento de Evita - Noticias Radio Reflejos","isPartOf":{"@id":"https:\/\/www.noticiasradioreflejos.com.ar\/2021\/#website"},"datePublished":"2017-07-26T12:59:33+00:00","author":{"@id":"https:\/\/www.noticiasradioreflejos.com.ar\/2021\/#\/schema\/person\/ad82545263dcc5ec0996818884fd5fb1"},"breadcrumb":{"@id":"https:\/\/www.noticiasradioreflejos.com.ar\/2021\/fallecimiento-de-evita\/#breadcrumb"},"inLanguage":"es","potentialAction":[{"@type":"ReadAction","target":["https:\/\/www.noticiasradioreflejos.com.ar\/2021\/fallecimiento-de-evita\/"]}]},{"@type":"BreadcrumbList","@id":"https:\/\/www.noticiasradioreflejos.com.ar\/2021\/fallecimiento-de-evita\/#breadcrumb","itemListElement":[{"@type":"ListItem","position":1,"name":"Portada","item":"https:\/\/www.noticiasradioreflejos.com.ar\/2021\/"},{"@type":"ListItem","position":2,"name":"Fallecimiento de Evita"}]},{"@type":"WebSite","@id":"https:\/\/www.noticiasradioreflejos.com.ar\/2021\/#website","url":"https:\/\/www.noticiasradioreflejos.com.ar\/2021\/","name":"Noticias Radio Reflejos","description":"Las noticias de mi comarca","potentialAction":[{"@type":"SearchAction","target":{"@type":"EntryPoint","urlTemplate":"https:\/\/www.noticiasradioreflejos.com.ar\/2021\/?s={search_term_string}"},"query-input":{"@type":"PropertyValueSpecification","valueRequired":true,"valueName":"search_term_string"}}],"inLanguage":"es"},{"@type":"Person","@id":"https:\/\/www.noticiasradioreflejos.com.ar\/2021\/#\/schema\/person\/ad82545263dcc5ec0996818884fd5fb1","name":"Arnaldo Botto","image":{"@type":"ImageObject","inLanguage":"es","@id":"https:\/\/www.noticiasradioreflejos.com.ar\/2021\/#\/schema\/person\/image\/","url":"https:\/\/secure.gravatar.com\/avatar\/55cb5e37c1efa326397366e6974cb338056df65cb50e7d64d1cf314e87504837?s=96&d=mm&r=g","contentUrl":"https:\/\/secure.gravatar.com\/avatar\/55cb5e37c1efa326397366e6974cb338056df65cb50e7d64d1cf314e87504837?s=96&d=mm&r=g","caption":"Arnaldo Botto"},"url":"https:\/\/www.noticiasradioreflejos.com.ar\/2021\/author\/arnaldo\/"}]}},"_links":{"self":[{"href":"https:\/\/www.noticiasradioreflejos.com.ar\/2021\/wp-json\/wp\/v2\/posts\/12752","targetHints":{"allow":["GET"]}}],"collection":[{"href":"https:\/\/www.noticiasradioreflejos.com.ar\/2021\/wp-json\/wp\/v2\/posts"}],"about":[{"href":"https:\/\/www.noticiasradioreflejos.com.ar\/2021\/wp-json\/wp\/v2\/types\/post"}],"author":[{"embeddable":true,"href":"https:\/\/www.noticiasradioreflejos.com.ar\/2021\/wp-json\/wp\/v2\/users\/3"}],"replies":[{"embeddable":true,"href":"https:\/\/www.noticiasradioreflejos.com.ar\/2021\/wp-json\/wp\/v2\/comments?post=12752"}],"version-history":[{"count":0,"href":"https:\/\/www.noticiasradioreflejos.com.ar\/2021\/wp-json\/wp\/v2\/posts\/12752\/revisions"}],"wp:attachment":[{"href":"https:\/\/www.noticiasradioreflejos.com.ar\/2021\/wp-json\/wp\/v2\/media?parent=12752"}],"wp:term":[{"taxonomy":"category","embeddable":true,"href":"https:\/\/www.noticiasradioreflejos.com.ar\/2021\/wp-json\/wp\/v2\/categories?post=12752"},{"taxonomy":"post_tag","embeddable":true,"href":"https:\/\/www.noticiasradioreflejos.com.ar\/2021\/wp-json\/wp\/v2\/tags?post=12752"}],"curies":[{"name":"wp","href":"https:\/\/api.w.org\/{rel}","templated":true}]}}