{"id":12663,"date":"2017-07-24T07:51:17","date_gmt":"2017-07-24T10:51:17","guid":{"rendered":"http:\/\/www.noticiasradioreflejos.com.ar\/noticias\/?p=12663"},"modified":"2017-07-24T07:51:17","modified_gmt":"2017-07-24T10:51:17","slug":"el-club-union-celebro-el-dia-del-amigo-con-otra-mega-fiesta","status":"publish","type":"post","link":"https:\/\/www.noticiasradioreflejos.com.ar\/2021\/el-club-union-celebro-el-dia-del-amigo-con-otra-mega-fiesta\/","title":{"rendered":"El Club Uni\u00f3n celebr\u00f3 el D\u00eda del Amigo con otra mega fiesta"},"content":{"rendered":"<p><a title=\"Fiesta DDA 22-7 (6)\" href=\"http:\/\/farm5.staticflickr.com\/4316\/36129940985_e8a3ca709f.jpg\" rel=\"\"><img loading=\"lazy\" decoding=\"async\" class=\"alignleft\" style=\"float: left;\" title=\"Fiesta DDA 22-7 (6)\" src=\"http:\/\/farm5.staticflickr.com\/4316\/36129940985_e8a3ca709f.jpg\" alt=\"Fiesta DDA 22-7 (6)\" width=\"500\" height=\"328\" \/><\/a>En una noche incre\u00edble y a sal\u00f3n repleto, el Club Uni\u00f3n festej\u00f3 un a\u00f1o m\u00e1s a lo grande el D\u00eda del Amigo, este s\u00e1bado en la Sociedad Italiana.<br \/>\nUnas 600 personas colmaron el sal\u00f3n para disfrutar de una fiesta que tiene su marca registrada y el \u00e9xito asegurado, ya instalada en la agenda anual de eventos importantes de la ciudad y como una de las preferidas entre los m\u00e1s j\u00f3venes (y los no tanto).<!--more--><br \/>\nEmociones y diversi\u00f3n altern\u00f3 la noche que cont\u00f3 con la gastronom\u00eda a cargo del excelente Servicio de Catering de la instituci\u00f3n, con el apoyo de un importante grupo de colaboradores, y que const\u00f3 de matambre arrollado y ensalada rusa de entrada, carne de vaca y ensaladas de men\u00fa principal, helado almendrado de postre y mesa dulce.<br \/>\nTodo ello acompa\u00f1ado por vino y gaseosas y una barra de tragos que funcion\u00f3 durante toda la fiesta.<br \/>\nSin dudas que el momento emotivo lleg\u00f3 luego del postre, cuando fueron reconocidos los electos como mejores amigos del a\u00f1o de la instituci\u00f3n, siendo ellos Sebasti\u00e1n Callava (futbolista de la Primera divisi\u00f3n) y Eduardo Spinsanti, de pelota a paleta.<br \/>\nAsimismo, el plato fuerte de la fiesta fueron los shows en vivo de las reconocidas bandas \u2018Grupo Play\u2019, \u2018Tachame la Doble\u2019 y \u2018La Bohemia\u2019, quienes hicieron bailar a todos al ritmo de sus reconocidos repertorios.<br \/>\nOtro evento que quedar\u00e1 en el recuerdo imborrable de la entidad y que se pudo realizar nuevamente merced al esfuerzo y compromiso de un sinn\u00famero de personas que, desinteresadamente, hizo lo posible para que todo saliera a la perfecci\u00f3n.<br \/>\n<a title=\"Fiesta DDA 22-7 (23)\" href=\"http:\/\/farm5.staticflickr.com\/4323\/36129940165_965cd45e1d_z.jpg\" rel=\"\"><img loading=\"lazy\" decoding=\"async\" class=\"aligncenter\" title=\"Fiesta DDA 22-7 (23)\" src=\"http:\/\/farm5.staticflickr.com\/4323\/36129940165_965cd45e1d_z.jpg\" alt=\"Fiesta DDA 22-7 (23)\" width=\"640\" height=\"426\" \/><\/a><a title=\"Fiesta DDA 22-7 (12)\" href=\"http:\/\/farm5.staticflickr.com\/4299\/35288019984_bd6ef63c0d_z.jpg\" rel=\"\"><img loading=\"lazy\" decoding=\"async\" class=\"aligncenter\" title=\"Fiesta DDA 22-7 (12)\" src=\"http:\/\/farm5.staticflickr.com\/4299\/35288019984_bd6ef63c0d_z.jpg\" alt=\"Fiesta DDA 22-7 (12)\" width=\"640\" height=\"417\" \/><\/a><a title=\"Fiesta DDA 22-7 (1)\" href=\"http:\/\/farm5.staticflickr.com\/4299\/35288020604_ceabf7bf24_z.jpg\" rel=\"\"><img loading=\"lazy\" decoding=\"async\" class=\"aligncenter\" title=\"Fiesta DDA 22-7 (1)\" src=\"http:\/\/farm5.staticflickr.com\/4299\/35288020604_ceabf7bf24_z.jpg\" alt=\"Fiesta DDA 22-7 (1)\" width=\"640\" height=\"358\" \/><\/a><br \/>\n<a href=\"https:\/\/www.facebook.com\/pg\/ClubUnionDeTornquist\/photos\/?tab=album&amp;album_id=1439231322836878\">AQU\u00cd TODAS LAS IMAGENES<\/a><br \/>\nPrensa Club Uni\u00f3n<br \/>\nwww.uniondetornquist.com &#8211; clubuniondetornquist@gmail.com &#8211; \/ClubUnionDeTornquist &#8211; @UnionTornquist<\/p>\n","protected":false},"excerpt":{"rendered":"<p>En una noche incre\u00edble y a sal\u00f3n repleto, el Club Uni\u00f3n festej\u00f3 un a\u00f1o m\u00e1s a lo grande el D\u00eda del Amigo, este s\u00e1bado en la Sociedad Italiana. Unas 600 personas colmaron el sal\u00f3n para disfrutar de una fiesta que tiene su marca registrada y el \u00e9xito asegurado, ya instalada en la agenda anual de [&hellip;]<\/p>\n","protected":false},"author":3,"featured_media":0,"comment_status":"closed","ping_status":"open","sticky":false,"template":"","format":"standard","meta":{"footnotes":""},"categories":[26],"tags":[],"class_list":["post-12663","post","type-post","status-publish","format-standard","hentry","category-sociedad"],"yoast_head":"<!-- This site is optimized with the Yoast SEO plugin v25.9 - https:\/\/yoast.com\/wordpress\/plugins\/seo\/ -->\n<title>El Club Uni\u00f3n celebr\u00f3 el D\u00eda del Amigo con otra mega fiesta - Noticias Radio Reflejos<\/title>\n<meta name=\"robots\" content=\"index, follow, max-snippet:-1, max-image-preview:large, max-video-preview:-1\" \/>\n<link rel=\"canonical\" href=\"https:\/\/www.noticiasradioreflejos.com.ar\/2021\/el-club-union-celebro-el-dia-del-amigo-con-otra-mega-fiesta\/\" \/>\n<meta property=\"og:locale\" content=\"es_ES\" \/>\n<meta property=\"og:type\" content=\"article\" \/>\n<meta property=\"og:title\" content=\"El Club Uni\u00f3n celebr\u00f3 el D\u00eda del Amigo con otra mega fiesta - Noticias Radio Reflejos\" \/>\n<meta property=\"og:description\" content=\"En una noche incre\u00edble y a sal\u00f3n repleto, el Club Uni\u00f3n festej\u00f3 un a\u00f1o m\u00e1s a lo grande el D\u00eda del Amigo, este s\u00e1bado en la Sociedad Italiana. Unas 600 personas colmaron el sal\u00f3n para disfrutar de una fiesta que tiene su marca registrada y el \u00e9xito asegurado, ya instalada en la agenda anual de [&hellip;]\" \/>\n<meta property=\"og:url\" content=\"https:\/\/www.noticiasradioreflejos.com.ar\/2021\/el-club-union-celebro-el-dia-del-amigo-con-otra-mega-fiesta\/\" \/>\n<meta property=\"og:site_name\" content=\"Noticias Radio Reflejos\" \/>\n<meta property=\"article:published_time\" content=\"2017-07-24T10:51:17+00:00\" \/>\n<meta property=\"og:image\" content=\"http:\/\/farm5.staticflickr.com\/4316\/36129940985_e8a3ca709f.jpg\" \/>\n<meta name=\"author\" content=\"Arnaldo Botto\" \/>\n<meta name=\"twitter:card\" content=\"summary_large_image\" \/>\n<script type=\"application\/ld+json\" class=\"yoast-schema-graph\">{\"@context\":\"https:\/\/schema.org\",\"@graph\":[{\"@type\":\"WebPage\",\"@id\":\"https:\/\/www.noticiasradioreflejos.com.ar\/2021\/el-club-union-celebro-el-dia-del-amigo-con-otra-mega-fiesta\/\",\"url\":\"https:\/\/www.noticiasradioreflejos.com.ar\/2021\/el-club-union-celebro-el-dia-del-amigo-con-otra-mega-fiesta\/\",\"name\":\"El Club Uni\u00f3n celebr\u00f3 el D\u00eda del Amigo con otra mega fiesta - Noticias Radio Reflejos\",\"isPartOf\":{\"@id\":\"https:\/\/www.noticiasradioreflejos.com.ar\/2021\/#website\"},\"primaryImageOfPage\":{\"@id\":\"https:\/\/www.noticiasradioreflejos.com.ar\/2021\/el-club-union-celebro-el-dia-del-amigo-con-otra-mega-fiesta\/#primaryimage\"},\"image\":{\"@id\":\"https:\/\/www.noticiasradioreflejos.com.ar\/2021\/el-club-union-celebro-el-dia-del-amigo-con-otra-mega-fiesta\/#primaryimage\"},\"thumbnailUrl\":\"http:\/\/farm5.staticflickr.com\/4316\/36129940985_e8a3ca709f.jpg\",\"datePublished\":\"2017-07-24T10:51:17+00:00\",\"author\":{\"@id\":\"https:\/\/www.noticiasradioreflejos.com.ar\/2021\/#\/schema\/person\/ad82545263dcc5ec0996818884fd5fb1\"},\"breadcrumb\":{\"@id\":\"https:\/\/www.noticiasradioreflejos.com.ar\/2021\/el-club-union-celebro-el-dia-del-amigo-con-otra-mega-fiesta\/#breadcrumb\"},\"inLanguage\":\"es\",\"potentialAction\":[{\"@type\":\"ReadAction\",\"target\":[\"https:\/\/www.noticiasradioreflejos.com.ar\/2021\/el-club-union-celebro-el-dia-del-amigo-con-otra-mega-fiesta\/\"]}]},{\"@type\":\"ImageObject\",\"inLanguage\":\"es\",\"@id\":\"https:\/\/www.noticiasradioreflejos.com.ar\/2021\/el-club-union-celebro-el-dia-del-amigo-con-otra-mega-fiesta\/#primaryimage\",\"url\":\"http:\/\/farm5.staticflickr.com\/4316\/36129940985_e8a3ca709f.jpg\",\"contentUrl\":\"http:\/\/farm5.staticflickr.com\/4316\/36129940985_e8a3ca709f.jpg\"},{\"@type\":\"BreadcrumbList\",\"@id\":\"https:\/\/www.noticiasradioreflejos.com.ar\/2021\/el-club-union-celebro-el-dia-del-amigo-con-otra-mega-fiesta\/#breadcrumb\",\"itemListElement\":[{\"@type\":\"ListItem\",\"position\":1,\"name\":\"Portada\",\"item\":\"https:\/\/www.noticiasradioreflejos.com.ar\/2021\/\"},{\"@type\":\"ListItem\",\"position\":2,\"name\":\"El Club Uni\u00f3n celebr\u00f3 el D\u00eda del Amigo con otra mega fiesta\"}]},{\"@type\":\"WebSite\",\"@id\":\"https:\/\/www.noticiasradioreflejos.com.ar\/2021\/#website\",\"url\":\"https:\/\/www.noticiasradioreflejos.com.ar\/2021\/\",\"name\":\"Noticias Radio Reflejos\",\"description\":\"Las noticias de mi comarca\",\"potentialAction\":[{\"@type\":\"SearchAction\",\"target\":{\"@type\":\"EntryPoint\",\"urlTemplate\":\"https:\/\/www.noticiasradioreflejos.com.ar\/2021\/?s={search_term_string}\"},\"query-input\":{\"@type\":\"PropertyValueSpecification\",\"valueRequired\":true,\"valueName\":\"search_term_string\"}}],\"inLanguage\":\"es\"},{\"@type\":\"Person\",\"@id\":\"https:\/\/www.noticiasradioreflejos.com.ar\/2021\/#\/schema\/person\/ad82545263dcc5ec0996818884fd5fb1\",\"name\":\"Arnaldo Botto\",\"image\":{\"@type\":\"ImageObject\",\"inLanguage\":\"es\",\"@id\":\"https:\/\/www.noticiasradioreflejos.com.ar\/2021\/#\/schema\/person\/image\/\",\"url\":\"https:\/\/secure.gravatar.com\/avatar\/55cb5e37c1efa326397366e6974cb338056df65cb50e7d64d1cf314e87504837?s=96&d=mm&r=g\",\"contentUrl\":\"https:\/\/secure.gravatar.com\/avatar\/55cb5e37c1efa326397366e6974cb338056df65cb50e7d64d1cf314e87504837?s=96&d=mm&r=g\",\"caption\":\"Arnaldo Botto\"},\"url\":\"https:\/\/www.noticiasradioreflejos.com.ar\/2021\/author\/arnaldo\/\"}]}<\/script>\n<!-- \/ Yoast SEO plugin. -->","yoast_head_json":{"title":"El Club Uni\u00f3n celebr\u00f3 el D\u00eda del Amigo con otra mega fiesta - Noticias Radio Reflejos","robots":{"index":"index","follow":"follow","max-snippet":"max-snippet:-1","max-image-preview":"max-image-preview:large","max-video-preview":"max-video-preview:-1"},"canonical":"https:\/\/www.noticiasradioreflejos.com.ar\/2021\/el-club-union-celebro-el-dia-del-amigo-con-otra-mega-fiesta\/","og_locale":"es_ES","og_type":"article","og_title":"El Club Uni\u00f3n celebr\u00f3 el D\u00eda del Amigo con otra mega fiesta - Noticias Radio Reflejos","og_description":"En una noche incre\u00edble y a sal\u00f3n repleto, el Club Uni\u00f3n festej\u00f3 un a\u00f1o m\u00e1s a lo grande el D\u00eda del Amigo, este s\u00e1bado en la Sociedad Italiana. Unas 600 personas colmaron el sal\u00f3n para disfrutar de una fiesta que tiene su marca registrada y el \u00e9xito asegurado, ya instalada en la agenda anual de [&hellip;]","og_url":"https:\/\/www.noticiasradioreflejos.com.ar\/2021\/el-club-union-celebro-el-dia-del-amigo-con-otra-mega-fiesta\/","og_site_name":"Noticias Radio Reflejos","article_published_time":"2017-07-24T10:51:17+00:00","og_image":[{"url":"http:\/\/farm5.staticflickr.com\/4316\/36129940985_e8a3ca709f.jpg","type":"","width":"","height":""}],"author":"Arnaldo Botto","twitter_card":"summary_large_image","schema":{"@context":"https:\/\/schema.org","@graph":[{"@type":"WebPage","@id":"https:\/\/www.noticiasradioreflejos.com.ar\/2021\/el-club-union-celebro-el-dia-del-amigo-con-otra-mega-fiesta\/","url":"https:\/\/www.noticiasradioreflejos.com.ar\/2021\/el-club-union-celebro-el-dia-del-amigo-con-otra-mega-fiesta\/","name":"El Club Uni\u00f3n celebr\u00f3 el D\u00eda del Amigo con otra mega fiesta - Noticias Radio Reflejos","isPartOf":{"@id":"https:\/\/www.noticiasradioreflejos.com.ar\/2021\/#website"},"primaryImageOfPage":{"@id":"https:\/\/www.noticiasradioreflejos.com.ar\/2021\/el-club-union-celebro-el-dia-del-amigo-con-otra-mega-fiesta\/#primaryimage"},"image":{"@id":"https:\/\/www.noticiasradioreflejos.com.ar\/2021\/el-club-union-celebro-el-dia-del-amigo-con-otra-mega-fiesta\/#primaryimage"},"thumbnailUrl":"http:\/\/farm5.staticflickr.com\/4316\/36129940985_e8a3ca709f.jpg","datePublished":"2017-07-24T10:51:17+00:00","author":{"@id":"https:\/\/www.noticiasradioreflejos.com.ar\/2021\/#\/schema\/person\/ad82545263dcc5ec0996818884fd5fb1"},"breadcrumb":{"@id":"https:\/\/www.noticiasradioreflejos.com.ar\/2021\/el-club-union-celebro-el-dia-del-amigo-con-otra-mega-fiesta\/#breadcrumb"},"inLanguage":"es","potentialAction":[{"@type":"ReadAction","target":["https:\/\/www.noticiasradioreflejos.com.ar\/2021\/el-club-union-celebro-el-dia-del-amigo-con-otra-mega-fiesta\/"]}]},{"@type":"ImageObject","inLanguage":"es","@id":"https:\/\/www.noticiasradioreflejos.com.ar\/2021\/el-club-union-celebro-el-dia-del-amigo-con-otra-mega-fiesta\/#primaryimage","url":"http:\/\/farm5.staticflickr.com\/4316\/36129940985_e8a3ca709f.jpg","contentUrl":"http:\/\/farm5.staticflickr.com\/4316\/36129940985_e8a3ca709f.jpg"},{"@type":"BreadcrumbList","@id":"https:\/\/www.noticiasradioreflejos.com.ar\/2021\/el-club-union-celebro-el-dia-del-amigo-con-otra-mega-fiesta\/#breadcrumb","itemListElement":[{"@type":"ListItem","position":1,"name":"Portada","item":"https:\/\/www.noticiasradioreflejos.com.ar\/2021\/"},{"@type":"ListItem","position":2,"name":"El Club Uni\u00f3n celebr\u00f3 el D\u00eda del Amigo con otra mega fiesta"}]},{"@type":"WebSite","@id":"https:\/\/www.noticiasradioreflejos.com.ar\/2021\/#website","url":"https:\/\/www.noticiasradioreflejos.com.ar\/2021\/","name":"Noticias Radio Reflejos","description":"Las noticias de mi comarca","potentialAction":[{"@type":"SearchAction","target":{"@type":"EntryPoint","urlTemplate":"https:\/\/www.noticiasradioreflejos.com.ar\/2021\/?s={search_term_string}"},"query-input":{"@type":"PropertyValueSpecification","valueRequired":true,"valueName":"search_term_string"}}],"inLanguage":"es"},{"@type":"Person","@id":"https:\/\/www.noticiasradioreflejos.com.ar\/2021\/#\/schema\/person\/ad82545263dcc5ec0996818884fd5fb1","name":"Arnaldo Botto","image":{"@type":"ImageObject","inLanguage":"es","@id":"https:\/\/www.noticiasradioreflejos.com.ar\/2021\/#\/schema\/person\/image\/","url":"https:\/\/secure.gravatar.com\/avatar\/55cb5e37c1efa326397366e6974cb338056df65cb50e7d64d1cf314e87504837?s=96&d=mm&r=g","contentUrl":"https:\/\/secure.gravatar.com\/avatar\/55cb5e37c1efa326397366e6974cb338056df65cb50e7d64d1cf314e87504837?s=96&d=mm&r=g","caption":"Arnaldo Botto"},"url":"https:\/\/www.noticiasradioreflejos.com.ar\/2021\/author\/arnaldo\/"}]}},"_links":{"self":[{"href":"https:\/\/www.noticiasradioreflejos.com.ar\/2021\/wp-json\/wp\/v2\/posts\/12663","targetHints":{"allow":["GET"]}}],"collection":[{"href":"https:\/\/www.noticiasradioreflejos.com.ar\/2021\/wp-json\/wp\/v2\/posts"}],"about":[{"href":"https:\/\/www.noticiasradioreflejos.com.ar\/2021\/wp-json\/wp\/v2\/types\/post"}],"author":[{"embeddable":true,"href":"https:\/\/www.noticiasradioreflejos.com.ar\/2021\/wp-json\/wp\/v2\/users\/3"}],"replies":[{"embeddable":true,"href":"https:\/\/www.noticiasradioreflejos.com.ar\/2021\/wp-json\/wp\/v2\/comments?post=12663"}],"version-history":[{"count":0,"href":"https:\/\/www.noticiasradioreflejos.com.ar\/2021\/wp-json\/wp\/v2\/posts\/12663\/revisions"}],"wp:attachment":[{"href":"https:\/\/www.noticiasradioreflejos.com.ar\/2021\/wp-json\/wp\/v2\/media?parent=12663"}],"wp:term":[{"taxonomy":"category","embeddable":true,"href":"https:\/\/www.noticiasradioreflejos.com.ar\/2021\/wp-json\/wp\/v2\/categories?post=12663"},{"taxonomy":"post_tag","embeddable":true,"href":"https:\/\/www.noticiasradioreflejos.com.ar\/2021\/wp-json\/wp\/v2\/tags?post=12663"}],"curies":[{"name":"wp","href":"https:\/\/api.w.org\/{rel}","templated":true}]}}