{"id":12656,"date":"2017-07-23T20:51:35","date_gmt":"2017-07-23T23:51:35","guid":{"rendered":"http:\/\/www.noticiasradioreflejos.com.ar\/noticias\/?p=12656"},"modified":"2017-07-23T20:51:35","modified_gmt":"2017-07-23T23:51:35","slug":"accidente-multiple-en-la-ruta-33","status":"publish","type":"post","link":"https:\/\/www.noticiasradioreflejos.com.ar\/2021\/accidente-multiple-en-la-ruta-33\/","title":{"rendered":"Accidente m\u00faltiple en la ruta 33"},"content":{"rendered":"<p>Por fortuna un choque registrado en la ruta nacional 33 en el kil\u00f3metro 48 entre El Paraje Cota y el acceso a la localidad de Tres Picos no arroj\u00f3 v\u00edctimas.<br \/>\n<!--more--> La sirena del cuartel local se escuch\u00f3 18.50 de este domingo y alert\u00f3 a los servidores p\u00fablicos que conjuntamente con Estaci\u00f3n de Polic\u00eda Comunal, patrulla rural, personal de destacamento de Tres Picos, Policia Vial, Inspectores de Tr\u00e1nsito y personal del hospital municipal con ambulancias se trasladaran al lugar del hecho.<br \/>\nEn el sector anteriormente mencionado estuvieron involucrados dos autos que se dirigian sentido Tornquist-Bah\u00eda Blanca y un cami\u00f3n en sentido contrario.<br \/>\nEn uno de los veh\u00edculos un peugeot 208 dominio AA 896 UA se movilizaba Jos\u00e9 Kovach(84) acompa\u00f1ado de su hija Liliana Kovach(56) y dos menores de edad.<br \/>\nEn el otro veh\u00edculo un Gol Country (EWR 726) viajaba la familia integrada por Cristian Norberto Gallego(38) acompa\u00f1ado de Ana Mar\u00eda Gorosito y dos menores. Ambas familias domiciliadas en Bah\u00eda Blanca.<br \/>\nEl cami\u00f3n pertenece a la empresa SUR Frigo de Neuqu\u00e9n y era conducido por Luciano Griffiths que se dirig\u00eda hacia Buenos Aires en un Renault T\u00e9rmico (NXR 451).<br \/>\nAunque no se inform\u00f3 la mec\u00e1nica del accidente uno de los veh\u00edculo habr\u00eda ocasionado el siniestro seg\u00fan manifets\u00f3 desde la Estaci\u00f3n de Polic\u00eda Comunal el comisario Jorge Mafioli.<br \/>\nLa fortuna quiso que el golpe sea en un lateral del cami\u00f3n producto de ello una de las ruedas delanteras de un veh\u00edculo se sali\u00f3. El otro veh\u00edculo tambi\u00e9n recibi\u00f3 un impacto importante en su frente.<br \/>\nTodas las personas involucradas resultaron ilesas. En ese momento la ruta estaba atestada de camiones y autos productos de los regresos de la regi\u00f3n y m\u00e1s a\u00fan en per\u00edodo de vacaciones.<br \/>\n<a href=\"http:\/\/www.noticiasradioreflejos.com.ar\/noticias\/wp-content\/uploads\/2017\/07\/IMG_0057-Small.jpg\"><img loading=\"lazy\" decoding=\"async\" class=\"alignleft size-full wp-image-12658\" src=\"http:\/\/www.noticiasradioreflejos.com.ar\/noticias\/wp-content\/uploads\/2017\/07\/IMG_0057-Small.jpg\" alt=\"IMG_0057 (Small)\" width=\"720\" height=\"480\" \/><\/a> <a href=\"http:\/\/www.noticiasradioreflejos.com.ar\/noticias\/wp-content\/uploads\/2017\/07\/IMG_0055-Small.jpg\"><img loading=\"lazy\" decoding=\"async\" class=\"alignleft size-full wp-image-12659\" src=\"http:\/\/www.noticiasradioreflejos.com.ar\/noticias\/wp-content\/uploads\/2017\/07\/IMG_0055-Small.jpg\" alt=\"IMG_0055 (Small)\" width=\"720\" height=\"480\" \/><\/a> <a href=\"http:\/\/www.noticiasradioreflejos.com.ar\/noticias\/wp-content\/uploads\/2017\/07\/IMG_0052-Small.jpg\"><img loading=\"lazy\" decoding=\"async\" class=\"alignleft size-full wp-image-12660\" src=\"http:\/\/www.noticiasradioreflejos.com.ar\/noticias\/wp-content\/uploads\/2017\/07\/IMG_0052-Small.jpg\" alt=\"IMG_0052 (Small)\" width=\"720\" height=\"480\" \/><\/a> <a href=\"http:\/\/www.noticiasradioreflejos.com.ar\/noticias\/wp-content\/uploads\/2017\/07\/IMG_0050-Small.jpg\"><img loading=\"lazy\" decoding=\"async\" class=\"alignleft size-full wp-image-12661\" src=\"http:\/\/www.noticiasradioreflejos.com.ar\/noticias\/wp-content\/uploads\/2017\/07\/IMG_0050-Small.jpg\" alt=\"IMG_0050 (Small)\" width=\"720\" height=\"480\" \/><\/a><\/p>\n","protected":false},"excerpt":{"rendered":"<p>Por fortuna un choque registrado en la ruta nacional 33 en el kil\u00f3metro 48 entre El Paraje Cota y el acceso a la localidad de Tres Picos no arroj\u00f3 v\u00edctimas.<\/p>\n","protected":false},"author":3,"featured_media":0,"comment_status":"closed","ping_status":"open","sticky":false,"template":"","format":"standard","meta":{"footnotes":""},"categories":[29],"tags":[],"class_list":["post-12656","post","type-post","status-publish","format-standard","hentry","category-policiales"],"yoast_head":"<!-- This site is optimized with the Yoast SEO plugin v25.9 - https:\/\/yoast.com\/wordpress\/plugins\/seo\/ -->\n<title>Accidente m\u00faltiple en la ruta 33 - Noticias Radio Reflejos<\/title>\n<meta name=\"robots\" content=\"index, follow, max-snippet:-1, max-image-preview:large, max-video-preview:-1\" \/>\n<link rel=\"canonical\" href=\"https:\/\/www.noticiasradioreflejos.com.ar\/2021\/accidente-multiple-en-la-ruta-33\/\" \/>\n<meta property=\"og:locale\" content=\"es_ES\" \/>\n<meta property=\"og:type\" content=\"article\" \/>\n<meta property=\"og:title\" content=\"Accidente m\u00faltiple en la ruta 33 - Noticias Radio Reflejos\" \/>\n<meta property=\"og:description\" content=\"Por fortuna un choque registrado en la ruta nacional 33 en el kil\u00f3metro 48 entre El Paraje Cota y el acceso a la localidad de Tres Picos no arroj\u00f3 v\u00edctimas.\" \/>\n<meta property=\"og:url\" content=\"https:\/\/www.noticiasradioreflejos.com.ar\/2021\/accidente-multiple-en-la-ruta-33\/\" \/>\n<meta property=\"og:site_name\" content=\"Noticias Radio Reflejos\" \/>\n<meta property=\"article:published_time\" content=\"2017-07-23T23:51:35+00:00\" \/>\n<meta property=\"og:image\" content=\"https:\/\/www.noticiasradioreflejos.com.ar\/2021\/wp-content\/uploads\/2021\/07\/logosol300x200.png\" \/>\n\t<meta property=\"og:image:width\" content=\"300\" \/>\n\t<meta property=\"og:image:height\" content=\"200\" \/>\n\t<meta property=\"og:image:type\" content=\"image\/png\" \/>\n<meta name=\"author\" content=\"Arnaldo Botto\" \/>\n<meta name=\"twitter:card\" content=\"summary_large_image\" \/>\n<script type=\"application\/ld+json\" class=\"yoast-schema-graph\">{\"@context\":\"https:\/\/schema.org\",\"@graph\":[{\"@type\":\"WebPage\",\"@id\":\"https:\/\/www.noticiasradioreflejos.com.ar\/2021\/accidente-multiple-en-la-ruta-33\/\",\"url\":\"https:\/\/www.noticiasradioreflejos.com.ar\/2021\/accidente-multiple-en-la-ruta-33\/\",\"name\":\"Accidente m\u00faltiple en la ruta 33 - Noticias Radio Reflejos\",\"isPartOf\":{\"@id\":\"https:\/\/www.noticiasradioreflejos.com.ar\/2021\/#website\"},\"primaryImageOfPage\":{\"@id\":\"https:\/\/www.noticiasradioreflejos.com.ar\/2021\/accidente-multiple-en-la-ruta-33\/#primaryimage\"},\"image\":{\"@id\":\"https:\/\/www.noticiasradioreflejos.com.ar\/2021\/accidente-multiple-en-la-ruta-33\/#primaryimage\"},\"thumbnailUrl\":\"http:\/\/www.noticiasradioreflejos.com.ar\/noticias\/wp-content\/uploads\/2017\/07\/IMG_0057-Small.jpg\",\"datePublished\":\"2017-07-23T23:51:35+00:00\",\"author\":{\"@id\":\"https:\/\/www.noticiasradioreflejos.com.ar\/2021\/#\/schema\/person\/ad82545263dcc5ec0996818884fd5fb1\"},\"breadcrumb\":{\"@id\":\"https:\/\/www.noticiasradioreflejos.com.ar\/2021\/accidente-multiple-en-la-ruta-33\/#breadcrumb\"},\"inLanguage\":\"es\",\"potentialAction\":[{\"@type\":\"ReadAction\",\"target\":[\"https:\/\/www.noticiasradioreflejos.com.ar\/2021\/accidente-multiple-en-la-ruta-33\/\"]}]},{\"@type\":\"ImageObject\",\"inLanguage\":\"es\",\"@id\":\"https:\/\/www.noticiasradioreflejos.com.ar\/2021\/accidente-multiple-en-la-ruta-33\/#primaryimage\",\"url\":\"http:\/\/www.noticiasradioreflejos.com.ar\/noticias\/wp-content\/uploads\/2017\/07\/IMG_0057-Small.jpg\",\"contentUrl\":\"http:\/\/www.noticiasradioreflejos.com.ar\/noticias\/wp-content\/uploads\/2017\/07\/IMG_0057-Small.jpg\"},{\"@type\":\"BreadcrumbList\",\"@id\":\"https:\/\/www.noticiasradioreflejos.com.ar\/2021\/accidente-multiple-en-la-ruta-33\/#breadcrumb\",\"itemListElement\":[{\"@type\":\"ListItem\",\"position\":1,\"name\":\"Portada\",\"item\":\"https:\/\/www.noticiasradioreflejos.com.ar\/2021\/\"},{\"@type\":\"ListItem\",\"position\":2,\"name\":\"Accidente m\u00faltiple en la ruta 33\"}]},{\"@type\":\"WebSite\",\"@id\":\"https:\/\/www.noticiasradioreflejos.com.ar\/2021\/#website\",\"url\":\"https:\/\/www.noticiasradioreflejos.com.ar\/2021\/\",\"name\":\"Noticias Radio Reflejos\",\"description\":\"Las noticias de mi comarca\",\"potentialAction\":[{\"@type\":\"SearchAction\",\"target\":{\"@type\":\"EntryPoint\",\"urlTemplate\":\"https:\/\/www.noticiasradioreflejos.com.ar\/2021\/?s={search_term_string}\"},\"query-input\":{\"@type\":\"PropertyValueSpecification\",\"valueRequired\":true,\"valueName\":\"search_term_string\"}}],\"inLanguage\":\"es\"},{\"@type\":\"Person\",\"@id\":\"https:\/\/www.noticiasradioreflejos.com.ar\/2021\/#\/schema\/person\/ad82545263dcc5ec0996818884fd5fb1\",\"name\":\"Arnaldo Botto\",\"image\":{\"@type\":\"ImageObject\",\"inLanguage\":\"es\",\"@id\":\"https:\/\/www.noticiasradioreflejos.com.ar\/2021\/#\/schema\/person\/image\/\",\"url\":\"https:\/\/secure.gravatar.com\/avatar\/55cb5e37c1efa326397366e6974cb338056df65cb50e7d64d1cf314e87504837?s=96&d=mm&r=g\",\"contentUrl\":\"https:\/\/secure.gravatar.com\/avatar\/55cb5e37c1efa326397366e6974cb338056df65cb50e7d64d1cf314e87504837?s=96&d=mm&r=g\",\"caption\":\"Arnaldo Botto\"},\"url\":\"https:\/\/www.noticiasradioreflejos.com.ar\/2021\/author\/arnaldo\/\"}]}<\/script>\n<!-- \/ Yoast SEO plugin. -->","yoast_head_json":{"title":"Accidente m\u00faltiple en la ruta 33 - Noticias Radio Reflejos","robots":{"index":"index","follow":"follow","max-snippet":"max-snippet:-1","max-image-preview":"max-image-preview:large","max-video-preview":"max-video-preview:-1"},"canonical":"https:\/\/www.noticiasradioreflejos.com.ar\/2021\/accidente-multiple-en-la-ruta-33\/","og_locale":"es_ES","og_type":"article","og_title":"Accidente m\u00faltiple en la ruta 33 - Noticias Radio Reflejos","og_description":"Por fortuna un choque registrado en la ruta nacional 33 en el kil\u00f3metro 48 entre El Paraje Cota y el acceso a la localidad de Tres Picos no arroj\u00f3 v\u00edctimas.","og_url":"https:\/\/www.noticiasradioreflejos.com.ar\/2021\/accidente-multiple-en-la-ruta-33\/","og_site_name":"Noticias Radio Reflejos","article_published_time":"2017-07-23T23:51:35+00:00","og_image":[{"width":300,"height":200,"url":"https:\/\/www.noticiasradioreflejos.com.ar\/2021\/wp-content\/uploads\/2021\/07\/logosol300x200.png","type":"image\/png"}],"author":"Arnaldo Botto","twitter_card":"summary_large_image","schema":{"@context":"https:\/\/schema.org","@graph":[{"@type":"WebPage","@id":"https:\/\/www.noticiasradioreflejos.com.ar\/2021\/accidente-multiple-en-la-ruta-33\/","url":"https:\/\/www.noticiasradioreflejos.com.ar\/2021\/accidente-multiple-en-la-ruta-33\/","name":"Accidente m\u00faltiple en la ruta 33 - Noticias Radio Reflejos","isPartOf":{"@id":"https:\/\/www.noticiasradioreflejos.com.ar\/2021\/#website"},"primaryImageOfPage":{"@id":"https:\/\/www.noticiasradioreflejos.com.ar\/2021\/accidente-multiple-en-la-ruta-33\/#primaryimage"},"image":{"@id":"https:\/\/www.noticiasradioreflejos.com.ar\/2021\/accidente-multiple-en-la-ruta-33\/#primaryimage"},"thumbnailUrl":"http:\/\/www.noticiasradioreflejos.com.ar\/noticias\/wp-content\/uploads\/2017\/07\/IMG_0057-Small.jpg","datePublished":"2017-07-23T23:51:35+00:00","author":{"@id":"https:\/\/www.noticiasradioreflejos.com.ar\/2021\/#\/schema\/person\/ad82545263dcc5ec0996818884fd5fb1"},"breadcrumb":{"@id":"https:\/\/www.noticiasradioreflejos.com.ar\/2021\/accidente-multiple-en-la-ruta-33\/#breadcrumb"},"inLanguage":"es","potentialAction":[{"@type":"ReadAction","target":["https:\/\/www.noticiasradioreflejos.com.ar\/2021\/accidente-multiple-en-la-ruta-33\/"]}]},{"@type":"ImageObject","inLanguage":"es","@id":"https:\/\/www.noticiasradioreflejos.com.ar\/2021\/accidente-multiple-en-la-ruta-33\/#primaryimage","url":"http:\/\/www.noticiasradioreflejos.com.ar\/noticias\/wp-content\/uploads\/2017\/07\/IMG_0057-Small.jpg","contentUrl":"http:\/\/www.noticiasradioreflejos.com.ar\/noticias\/wp-content\/uploads\/2017\/07\/IMG_0057-Small.jpg"},{"@type":"BreadcrumbList","@id":"https:\/\/www.noticiasradioreflejos.com.ar\/2021\/accidente-multiple-en-la-ruta-33\/#breadcrumb","itemListElement":[{"@type":"ListItem","position":1,"name":"Portada","item":"https:\/\/www.noticiasradioreflejos.com.ar\/2021\/"},{"@type":"ListItem","position":2,"name":"Accidente m\u00faltiple en la ruta 33"}]},{"@type":"WebSite","@id":"https:\/\/www.noticiasradioreflejos.com.ar\/2021\/#website","url":"https:\/\/www.noticiasradioreflejos.com.ar\/2021\/","name":"Noticias Radio Reflejos","description":"Las noticias de mi comarca","potentialAction":[{"@type":"SearchAction","target":{"@type":"EntryPoint","urlTemplate":"https:\/\/www.noticiasradioreflejos.com.ar\/2021\/?s={search_term_string}"},"query-input":{"@type":"PropertyValueSpecification","valueRequired":true,"valueName":"search_term_string"}}],"inLanguage":"es"},{"@type":"Person","@id":"https:\/\/www.noticiasradioreflejos.com.ar\/2021\/#\/schema\/person\/ad82545263dcc5ec0996818884fd5fb1","name":"Arnaldo Botto","image":{"@type":"ImageObject","inLanguage":"es","@id":"https:\/\/www.noticiasradioreflejos.com.ar\/2021\/#\/schema\/person\/image\/","url":"https:\/\/secure.gravatar.com\/avatar\/55cb5e37c1efa326397366e6974cb338056df65cb50e7d64d1cf314e87504837?s=96&d=mm&r=g","contentUrl":"https:\/\/secure.gravatar.com\/avatar\/55cb5e37c1efa326397366e6974cb338056df65cb50e7d64d1cf314e87504837?s=96&d=mm&r=g","caption":"Arnaldo Botto"},"url":"https:\/\/www.noticiasradioreflejos.com.ar\/2021\/author\/arnaldo\/"}]}},"_links":{"self":[{"href":"https:\/\/www.noticiasradioreflejos.com.ar\/2021\/wp-json\/wp\/v2\/posts\/12656","targetHints":{"allow":["GET"]}}],"collection":[{"href":"https:\/\/www.noticiasradioreflejos.com.ar\/2021\/wp-json\/wp\/v2\/posts"}],"about":[{"href":"https:\/\/www.noticiasradioreflejos.com.ar\/2021\/wp-json\/wp\/v2\/types\/post"}],"author":[{"embeddable":true,"href":"https:\/\/www.noticiasradioreflejos.com.ar\/2021\/wp-json\/wp\/v2\/users\/3"}],"replies":[{"embeddable":true,"href":"https:\/\/www.noticiasradioreflejos.com.ar\/2021\/wp-json\/wp\/v2\/comments?post=12656"}],"version-history":[{"count":0,"href":"https:\/\/www.noticiasradioreflejos.com.ar\/2021\/wp-json\/wp\/v2\/posts\/12656\/revisions"}],"wp:attachment":[{"href":"https:\/\/www.noticiasradioreflejos.com.ar\/2021\/wp-json\/wp\/v2\/media?parent=12656"}],"wp:term":[{"taxonomy":"category","embeddable":true,"href":"https:\/\/www.noticiasradioreflejos.com.ar\/2021\/wp-json\/wp\/v2\/categories?post=12656"},{"taxonomy":"post_tag","embeddable":true,"href":"https:\/\/www.noticiasradioreflejos.com.ar\/2021\/wp-json\/wp\/v2\/tags?post=12656"}],"curies":[{"name":"wp","href":"https:\/\/api.w.org\/{rel}","templated":true}]}}