{"id":12650,"date":"2017-07-22T20:48:10","date_gmt":"2017-07-22T23:48:10","guid":{"rendered":"http:\/\/www.noticiasradioreflejos.com.ar\/noticias\/?p=12650"},"modified":"2017-07-22T20:48:10","modified_gmt":"2017-07-22T23:48:10","slug":"la-plata-cada-vez-alcanza-para-menos-y-algunos-insisten-en-profundizar-el-cambio-expreso-oscar-scharff","status":"publish","type":"post","link":"https:\/\/www.noticiasradioreflejos.com.ar\/2021\/la-plata-cada-vez-alcanza-para-menos-y-algunos-insisten-en-profundizar-el-cambio-expreso-oscar-scharff\/","title":{"rendered":"\u201cLa plata cada vez alcanza para menos, y algunos insisten en profundizar \u201cel cambio\u201d Expres\u00f3 Oscar Scharff"},"content":{"rendered":"<p>El candidato a primer concejal por el espacio pol\u00edtico 1Pa\u00eds particip\u00f3 junto a su equipo y vecinos en Sierra de la Ventana de la campa\u00f1a Nacional Bajemos los Precios que lleva adelante Sergio Massa y Margarita Stolbizer.<br \/>\n\u201cLa plata cada vez alcanza para menos, y algunos dirigentes insisten en profundizar el cambio; es evidente que no salen de sus escritorios, porque la situaci\u00f3n econ\u00f3mica est\u00e1 cada vez peor para los vecinos del Distrito, manifest\u00f3 Scharff.<br \/>\n\u201cNosotros tenemos propuestas concretas, sacarle el IVA a 11 alimentos de la canasta b\u00e1sica representa un ahorro para un jubilado de $600 y de alrededor de $1000 para una familia tipo\u201d, destac\u00f3 el primer candidato a concejal por 1Pa\u00eds. \u201cY adem\u00e1s nuestro espacio pol\u00edtico promueve la Ley de G\u00f3ndolas para que el vecino tenga derecho a elegir entre varias marcas de un producto y no s\u00f3lo las m\u00e1s caras; queremos llevar la voz de los vecinos al Concejo Deliberante\u201d, finaliz\u00f3 Oscar Scharff quien estuvo acompa\u00f1ado por los candidatos locales Marcela Gonz\u00e1lez, Mauricio Kees,Gustavo Cabezas y Jos\u00e9 Carlos L\u00f3pez. (Lista 501).<br \/>\n<strong>Presentaci\u00f3n de la Lista local en Sierra de la Ventana. <\/strong><br \/>\nSe invita a todos los vecinos que quieran escuchar y participar de las propuestas de 1Pa\u00eds el pr\u00f3ximo mi\u00e9rcoles 26 de Julio a partir de las 20 horas en el Gran Hotel Sierra de la Ventana.<br \/>\nPRENSA 1PA\u00cdS<br \/>\n&nbsp;<br \/>\n<a title=\"1PaisBajemosLosPrecios4\" href=\"http:\/\/farm5.staticflickr.com\/4312\/35704724500_45348e464f_s.jpg\" rel=\"\"><img loading=\"lazy\" decoding=\"async\" class=\"aligncenter\" title=\"1PaisBajemosLosPrecios4\" src=\"http:\/\/farm5.staticflickr.com\/4312\/35704724500_45348e464f_z.jpg\" alt=\"1PaisBajemosLosPrecios4\" width=\"640\" height=\"360\" \/><\/a><br \/>\n&nbsp;<br \/>\n<a title=\"1PaisBajemosLosPrecios1\" href=\"http:\/\/farm5.staticflickr.com\/4293\/35704724970_76a7810d0b_s.jpg\" rel=\"\"><img loading=\"lazy\" decoding=\"async\" class=\"aligncenter\" title=\"1PaisBajemosLosPrecios1\" src=\"http:\/\/farm5.staticflickr.com\/4293\/35704724970_76a7810d0b_z.jpg\" alt=\"1PaisBajemosLosPrecios1\" width=\"640\" height=\"360\" \/><\/a><br \/>\n<a title=\"1PaisBajemosLosPrecios2\" href=\"http:\/\/farm5.staticflickr.com\/4314\/36095048915_85599b33cc_s.jpg\" rel=\"\"><img loading=\"lazy\" decoding=\"async\" class=\"aligncenter\" title=\"1PaisBajemosLosPrecios2\" src=\"http:\/\/farm5.staticflickr.com\/4314\/36095048915_85599b33cc_z.jpg\" alt=\"1PaisBajemosLosPrecios2\" width=\"640\" height=\"360\" \/><\/a><br \/>\n&nbsp;<\/p>\n","protected":false},"excerpt":{"rendered":"<p>El candidato a primer concejal por el espacio pol\u00edtico 1Pa\u00eds particip\u00f3 junto a su equipo y vecinos en Sierra de la Ventana de la campa\u00f1a Nacional Bajemos los Precios que lleva adelante Sergio Massa y Margarita Stolbizer.<br \/>\n\u201cLa plata cada vez alcanza para menos, y algunos dirigentes insisten en profundizar el cambio; es evidente que no salen de sus escritorios, porque la situaci\u00f3n econ\u00f3mica est\u00e1 cada vez peor para los vecinos del Distrito, manifest\u00f3 Scharff.<\/p>\n","protected":false},"author":1,"featured_media":0,"comment_status":"closed","ping_status":"open","sticky":false,"template":"","format":"standard","meta":{"footnotes":""},"categories":[24],"tags":[],"class_list":["post-12650","post","type-post","status-publish","format-standard","hentry","category-politica"],"yoast_head":"<!-- This site is optimized with the Yoast SEO plugin v25.9 - https:\/\/yoast.com\/wordpress\/plugins\/seo\/ -->\n<title>\u201cLa plata cada vez alcanza para menos, y algunos insisten en profundizar \u201cel cambio\u201d Expres\u00f3 Oscar Scharff - Noticias Radio Reflejos<\/title>\n<meta name=\"robots\" content=\"index, follow, max-snippet:-1, max-image-preview:large, max-video-preview:-1\" \/>\n<link rel=\"canonical\" href=\"https:\/\/www.noticiasradioreflejos.com.ar\/2021\/la-plata-cada-vez-alcanza-para-menos-y-algunos-insisten-en-profundizar-el-cambio-expreso-oscar-scharff\/\" \/>\n<meta property=\"og:locale\" content=\"es_ES\" \/>\n<meta property=\"og:type\" content=\"article\" \/>\n<meta property=\"og:title\" content=\"\u201cLa plata cada vez alcanza para menos, y algunos insisten en profundizar \u201cel cambio\u201d Expres\u00f3 Oscar Scharff - Noticias Radio Reflejos\" \/>\n<meta property=\"og:description\" content=\"El candidato a primer concejal por el espacio pol\u00edtico 1Pa\u00eds particip\u00f3 junto a su equipo y vecinos en Sierra de la Ventana de la campa\u00f1a Nacional Bajemos los Precios que lleva adelante Sergio Massa y Margarita Stolbizer. \u201cLa plata cada vez alcanza para menos, y algunos dirigentes insisten en profundizar el cambio; es evidente que no salen de sus escritorios, porque la situaci\u00f3n econ\u00f3mica est\u00e1 cada vez peor para los vecinos del Distrito, manifest\u00f3 Scharff.\" \/>\n<meta property=\"og:url\" content=\"https:\/\/www.noticiasradioreflejos.com.ar\/2021\/la-plata-cada-vez-alcanza-para-menos-y-algunos-insisten-en-profundizar-el-cambio-expreso-oscar-scharff\/\" \/>\n<meta property=\"og:site_name\" content=\"Noticias Radio Reflejos\" \/>\n<meta property=\"article:published_time\" content=\"2017-07-22T23:48:10+00:00\" \/>\n<meta property=\"og:image\" content=\"http:\/\/farm5.staticflickr.com\/4312\/35704724500_45348e464f_z.jpg\" \/>\n<meta name=\"author\" content=\"Ulises Nicolini\" \/>\n<meta name=\"twitter:card\" content=\"summary_large_image\" \/>\n<script type=\"application\/ld+json\" class=\"yoast-schema-graph\">{\"@context\":\"https:\/\/schema.org\",\"@graph\":[{\"@type\":\"WebPage\",\"@id\":\"https:\/\/www.noticiasradioreflejos.com.ar\/2021\/la-plata-cada-vez-alcanza-para-menos-y-algunos-insisten-en-profundizar-el-cambio-expreso-oscar-scharff\/\",\"url\":\"https:\/\/www.noticiasradioreflejos.com.ar\/2021\/la-plata-cada-vez-alcanza-para-menos-y-algunos-insisten-en-profundizar-el-cambio-expreso-oscar-scharff\/\",\"name\":\"\u201cLa plata cada vez alcanza para menos, y algunos insisten en profundizar \u201cel cambio\u201d Expres\u00f3 Oscar Scharff - Noticias Radio Reflejos\",\"isPartOf\":{\"@id\":\"https:\/\/www.noticiasradioreflejos.com.ar\/2021\/#website\"},\"primaryImageOfPage\":{\"@id\":\"https:\/\/www.noticiasradioreflejos.com.ar\/2021\/la-plata-cada-vez-alcanza-para-menos-y-algunos-insisten-en-profundizar-el-cambio-expreso-oscar-scharff\/#primaryimage\"},\"image\":{\"@id\":\"https:\/\/www.noticiasradioreflejos.com.ar\/2021\/la-plata-cada-vez-alcanza-para-menos-y-algunos-insisten-en-profundizar-el-cambio-expreso-oscar-scharff\/#primaryimage\"},\"thumbnailUrl\":\"http:\/\/farm5.staticflickr.com\/4312\/35704724500_45348e464f_z.jpg\",\"datePublished\":\"2017-07-22T23:48:10+00:00\",\"author\":{\"@id\":\"https:\/\/www.noticiasradioreflejos.com.ar\/2021\/#\/schema\/person\/63bcc26111c5fc0e3cd7ca4e2bf77a60\"},\"breadcrumb\":{\"@id\":\"https:\/\/www.noticiasradioreflejos.com.ar\/2021\/la-plata-cada-vez-alcanza-para-menos-y-algunos-insisten-en-profundizar-el-cambio-expreso-oscar-scharff\/#breadcrumb\"},\"inLanguage\":\"es\",\"potentialAction\":[{\"@type\":\"ReadAction\",\"target\":[\"https:\/\/www.noticiasradioreflejos.com.ar\/2021\/la-plata-cada-vez-alcanza-para-menos-y-algunos-insisten-en-profundizar-el-cambio-expreso-oscar-scharff\/\"]}]},{\"@type\":\"ImageObject\",\"inLanguage\":\"es\",\"@id\":\"https:\/\/www.noticiasradioreflejos.com.ar\/2021\/la-plata-cada-vez-alcanza-para-menos-y-algunos-insisten-en-profundizar-el-cambio-expreso-oscar-scharff\/#primaryimage\",\"url\":\"http:\/\/farm5.staticflickr.com\/4312\/35704724500_45348e464f_z.jpg\",\"contentUrl\":\"http:\/\/farm5.staticflickr.com\/4312\/35704724500_45348e464f_z.jpg\"},{\"@type\":\"BreadcrumbList\",\"@id\":\"https:\/\/www.noticiasradioreflejos.com.ar\/2021\/la-plata-cada-vez-alcanza-para-menos-y-algunos-insisten-en-profundizar-el-cambio-expreso-oscar-scharff\/#breadcrumb\",\"itemListElement\":[{\"@type\":\"ListItem\",\"position\":1,\"name\":\"Portada\",\"item\":\"https:\/\/www.noticiasradioreflejos.com.ar\/2021\/\"},{\"@type\":\"ListItem\",\"position\":2,\"name\":\"\u201cLa plata cada vez alcanza para menos, y algunos insisten en profundizar \u201cel cambio\u201d Expres\u00f3 Oscar Scharff\"}]},{\"@type\":\"WebSite\",\"@id\":\"https:\/\/www.noticiasradioreflejos.com.ar\/2021\/#website\",\"url\":\"https:\/\/www.noticiasradioreflejos.com.ar\/2021\/\",\"name\":\"Noticias Radio Reflejos\",\"description\":\"Las noticias de mi comarca\",\"potentialAction\":[{\"@type\":\"SearchAction\",\"target\":{\"@type\":\"EntryPoint\",\"urlTemplate\":\"https:\/\/www.noticiasradioreflejos.com.ar\/2021\/?s={search_term_string}\"},\"query-input\":{\"@type\":\"PropertyValueSpecification\",\"valueRequired\":true,\"valueName\":\"search_term_string\"}}],\"inLanguage\":\"es\"},{\"@type\":\"Person\",\"@id\":\"https:\/\/www.noticiasradioreflejos.com.ar\/2021\/#\/schema\/person\/63bcc26111c5fc0e3cd7ca4e2bf77a60\",\"name\":\"Ulises Nicolini\",\"image\":{\"@type\":\"ImageObject\",\"inLanguage\":\"es\",\"@id\":\"https:\/\/www.noticiasradioreflejos.com.ar\/2021\/#\/schema\/person\/image\/\",\"url\":\"https:\/\/secure.gravatar.com\/avatar\/7f2c48bdc33b30088f941fb6082e555f2874c98e20cb159d7b92b50eadfce793?s=96&d=mm&r=g\",\"contentUrl\":\"https:\/\/secure.gravatar.com\/avatar\/7f2c48bdc33b30088f941fb6082e555f2874c98e20cb159d7b92b50eadfce793?s=96&d=mm&r=g\",\"caption\":\"Ulises Nicolini\"},\"sameAs\":[\"http:\/\/www.noticiasradioreflejos.com.ar\/2021\"],\"url\":\"https:\/\/www.noticiasradioreflejos.com.ar\/2021\/author\/admin\/\"}]}<\/script>\n<!-- \/ Yoast SEO plugin. -->","yoast_head_json":{"title":"\u201cLa plata cada vez alcanza para menos, y algunos insisten en profundizar \u201cel cambio\u201d Expres\u00f3 Oscar Scharff - Noticias Radio Reflejos","robots":{"index":"index","follow":"follow","max-snippet":"max-snippet:-1","max-image-preview":"max-image-preview:large","max-video-preview":"max-video-preview:-1"},"canonical":"https:\/\/www.noticiasradioreflejos.com.ar\/2021\/la-plata-cada-vez-alcanza-para-menos-y-algunos-insisten-en-profundizar-el-cambio-expreso-oscar-scharff\/","og_locale":"es_ES","og_type":"article","og_title":"\u201cLa plata cada vez alcanza para menos, y algunos insisten en profundizar \u201cel cambio\u201d Expres\u00f3 Oscar Scharff - Noticias Radio Reflejos","og_description":"El candidato a primer concejal por el espacio pol\u00edtico 1Pa\u00eds particip\u00f3 junto a su equipo y vecinos en Sierra de la Ventana de la campa\u00f1a Nacional Bajemos los Precios que lleva adelante Sergio Massa y Margarita Stolbizer. \u201cLa plata cada vez alcanza para menos, y algunos dirigentes insisten en profundizar el cambio; es evidente que no salen de sus escritorios, porque la situaci\u00f3n econ\u00f3mica est\u00e1 cada vez peor para los vecinos del Distrito, manifest\u00f3 Scharff.","og_url":"https:\/\/www.noticiasradioreflejos.com.ar\/2021\/la-plata-cada-vez-alcanza-para-menos-y-algunos-insisten-en-profundizar-el-cambio-expreso-oscar-scharff\/","og_site_name":"Noticias Radio Reflejos","article_published_time":"2017-07-22T23:48:10+00:00","og_image":[{"url":"http:\/\/farm5.staticflickr.com\/4312\/35704724500_45348e464f_z.jpg","type":"","width":"","height":""}],"author":"Ulises Nicolini","twitter_card":"summary_large_image","schema":{"@context":"https:\/\/schema.org","@graph":[{"@type":"WebPage","@id":"https:\/\/www.noticiasradioreflejos.com.ar\/2021\/la-plata-cada-vez-alcanza-para-menos-y-algunos-insisten-en-profundizar-el-cambio-expreso-oscar-scharff\/","url":"https:\/\/www.noticiasradioreflejos.com.ar\/2021\/la-plata-cada-vez-alcanza-para-menos-y-algunos-insisten-en-profundizar-el-cambio-expreso-oscar-scharff\/","name":"\u201cLa plata cada vez alcanza para menos, y algunos insisten en profundizar \u201cel cambio\u201d Expres\u00f3 Oscar Scharff - Noticias Radio Reflejos","isPartOf":{"@id":"https:\/\/www.noticiasradioreflejos.com.ar\/2021\/#website"},"primaryImageOfPage":{"@id":"https:\/\/www.noticiasradioreflejos.com.ar\/2021\/la-plata-cada-vez-alcanza-para-menos-y-algunos-insisten-en-profundizar-el-cambio-expreso-oscar-scharff\/#primaryimage"},"image":{"@id":"https:\/\/www.noticiasradioreflejos.com.ar\/2021\/la-plata-cada-vez-alcanza-para-menos-y-algunos-insisten-en-profundizar-el-cambio-expreso-oscar-scharff\/#primaryimage"},"thumbnailUrl":"http:\/\/farm5.staticflickr.com\/4312\/35704724500_45348e464f_z.jpg","datePublished":"2017-07-22T23:48:10+00:00","author":{"@id":"https:\/\/www.noticiasradioreflejos.com.ar\/2021\/#\/schema\/person\/63bcc26111c5fc0e3cd7ca4e2bf77a60"},"breadcrumb":{"@id":"https:\/\/www.noticiasradioreflejos.com.ar\/2021\/la-plata-cada-vez-alcanza-para-menos-y-algunos-insisten-en-profundizar-el-cambio-expreso-oscar-scharff\/#breadcrumb"},"inLanguage":"es","potentialAction":[{"@type":"ReadAction","target":["https:\/\/www.noticiasradioreflejos.com.ar\/2021\/la-plata-cada-vez-alcanza-para-menos-y-algunos-insisten-en-profundizar-el-cambio-expreso-oscar-scharff\/"]}]},{"@type":"ImageObject","inLanguage":"es","@id":"https:\/\/www.noticiasradioreflejos.com.ar\/2021\/la-plata-cada-vez-alcanza-para-menos-y-algunos-insisten-en-profundizar-el-cambio-expreso-oscar-scharff\/#primaryimage","url":"http:\/\/farm5.staticflickr.com\/4312\/35704724500_45348e464f_z.jpg","contentUrl":"http:\/\/farm5.staticflickr.com\/4312\/35704724500_45348e464f_z.jpg"},{"@type":"BreadcrumbList","@id":"https:\/\/www.noticiasradioreflejos.com.ar\/2021\/la-plata-cada-vez-alcanza-para-menos-y-algunos-insisten-en-profundizar-el-cambio-expreso-oscar-scharff\/#breadcrumb","itemListElement":[{"@type":"ListItem","position":1,"name":"Portada","item":"https:\/\/www.noticiasradioreflejos.com.ar\/2021\/"},{"@type":"ListItem","position":2,"name":"\u201cLa plata cada vez alcanza para menos, y algunos insisten en profundizar \u201cel cambio\u201d Expres\u00f3 Oscar Scharff"}]},{"@type":"WebSite","@id":"https:\/\/www.noticiasradioreflejos.com.ar\/2021\/#website","url":"https:\/\/www.noticiasradioreflejos.com.ar\/2021\/","name":"Noticias Radio Reflejos","description":"Las noticias de mi comarca","potentialAction":[{"@type":"SearchAction","target":{"@type":"EntryPoint","urlTemplate":"https:\/\/www.noticiasradioreflejos.com.ar\/2021\/?s={search_term_string}"},"query-input":{"@type":"PropertyValueSpecification","valueRequired":true,"valueName":"search_term_string"}}],"inLanguage":"es"},{"@type":"Person","@id":"https:\/\/www.noticiasradioreflejos.com.ar\/2021\/#\/schema\/person\/63bcc26111c5fc0e3cd7ca4e2bf77a60","name":"Ulises Nicolini","image":{"@type":"ImageObject","inLanguage":"es","@id":"https:\/\/www.noticiasradioreflejos.com.ar\/2021\/#\/schema\/person\/image\/","url":"https:\/\/secure.gravatar.com\/avatar\/7f2c48bdc33b30088f941fb6082e555f2874c98e20cb159d7b92b50eadfce793?s=96&d=mm&r=g","contentUrl":"https:\/\/secure.gravatar.com\/avatar\/7f2c48bdc33b30088f941fb6082e555f2874c98e20cb159d7b92b50eadfce793?s=96&d=mm&r=g","caption":"Ulises Nicolini"},"sameAs":["http:\/\/www.noticiasradioreflejos.com.ar\/2021"],"url":"https:\/\/www.noticiasradioreflejos.com.ar\/2021\/author\/admin\/"}]}},"_links":{"self":[{"href":"https:\/\/www.noticiasradioreflejos.com.ar\/2021\/wp-json\/wp\/v2\/posts\/12650","targetHints":{"allow":["GET"]}}],"collection":[{"href":"https:\/\/www.noticiasradioreflejos.com.ar\/2021\/wp-json\/wp\/v2\/posts"}],"about":[{"href":"https:\/\/www.noticiasradioreflejos.com.ar\/2021\/wp-json\/wp\/v2\/types\/post"}],"author":[{"embeddable":true,"href":"https:\/\/www.noticiasradioreflejos.com.ar\/2021\/wp-json\/wp\/v2\/users\/1"}],"replies":[{"embeddable":true,"href":"https:\/\/www.noticiasradioreflejos.com.ar\/2021\/wp-json\/wp\/v2\/comments?post=12650"}],"version-history":[{"count":0,"href":"https:\/\/www.noticiasradioreflejos.com.ar\/2021\/wp-json\/wp\/v2\/posts\/12650\/revisions"}],"wp:attachment":[{"href":"https:\/\/www.noticiasradioreflejos.com.ar\/2021\/wp-json\/wp\/v2\/media?parent=12650"}],"wp:term":[{"taxonomy":"category","embeddable":true,"href":"https:\/\/www.noticiasradioreflejos.com.ar\/2021\/wp-json\/wp\/v2\/categories?post=12650"},{"taxonomy":"post_tag","embeddable":true,"href":"https:\/\/www.noticiasradioreflejos.com.ar\/2021\/wp-json\/wp\/v2\/tags?post=12650"}],"curies":[{"name":"wp","href":"https:\/\/api.w.org\/{rel}","templated":true}]}}