{"id":12645,"date":"2017-07-21T22:41:34","date_gmt":"2017-07-22T01:41:34","guid":{"rendered":"http:\/\/www.noticiasradioreflejos.com.ar\/noticias\/?p=12645"},"modified":"2017-07-21T22:41:34","modified_gmt":"2017-07-22T01:41:34","slug":"seguridad-en-sierra-de-la-ventana","status":"publish","type":"post","link":"https:\/\/www.noticiasradioreflejos.com.ar\/2021\/seguridad-en-sierra-de-la-ventana\/","title":{"rendered":"Seguridad en Sierra de la Ventana"},"content":{"rendered":"<div>\u00a0<span style=\"font-size: 16px;\">La Secretaria de Seguridad comunica a la comunidad que en virtud de la gran afluencia de turistas por las vacaciones de invierno.<\/span><\/div>\n<p><!--more--><br \/>\nLa jefatura Departamental de Polic\u00eda de Seguridad Bah\u00eda Blanca, cumpliendo directivas emanadas por la Superintendencia de Seguridad Interior Sur, envi\u00f3 refuerzo de 15 efectivos policiales que se suman a la dotaci\u00f3n estable de la Subestaci\u00f3n de Polic\u00eda Comunal Sierra de la Ventana, habi\u00e9ndose coordinado con la Jefatura de Polic\u00eda Comunal Tornquist y la Secretaria de Seguridad de dicho Municipio, que los mismos trabajen en turnos de 8 hs diarias, realizando patrullajes a pie en rondines en pareja en zona c\u00e9ntrica en horario comercial, adem\u00e1s, durante la tarde, se suman dos efectivos en motocicletas policiales en prevenci\u00f3n de il\u00edcitos y faltas en todas sus modalidades hasta el cierre de los comercios.<span style=\"font-size: 16px;\">\u00a0A Au vez, el personal de la Subestaci\u00f3n Policial, continua con las tareas de prevenci\u00f3n en zonas mas alejadas del centro, como as\u00ed tambi\u00e9n realizan operativos de control en los distintos accesos a la comarca con el fin de identificar en forma selectiva a personas y veh\u00edculos. Tambi\u00e9n se reforz\u00f3 con personal policial el Puesto de Vigilancia de Villa Ventana.<\/span><\/p>\n<div>Se efectua, en horas de la ma\u00f1ana, control policial para ordenar el transito y sectores de estacionamiento en zonas comerciales y prevenir de esa manera, accidentes e infracciones a la Ley de Transito.<br \/>\nSe recuerda a la localidad que, ante cualquier eventualidad que se salga de lo normal, como personas o veh\u00edculos que le llamen la atenci\u00f3n o puedan ser sospechosos, puede comunicarse al tel\u00e9fono de emergencias que personal policial acudir\u00e1 en lo inmediato.Gonzalo Matias Sandobal. Oficial Principal. Jefe Subestacion Policia Comunal Sierra de la Ventana<\/div>\n<p><!--more--><br \/>\n<!--more--><\/p>\n","protected":false},"excerpt":{"rendered":"<p>La Secretaria de Seguridad comunica a la comunidad que en virtud de la gran afluencia de turistas por las vacaciones de invierno, la Jefatura Departamental de Polic\u00eda de Seguridad Bah\u00eda Blanca, cumpliendo directivas emanadas por la Superintendencia de Seguridad Interior Sur, envi\u00f3 refuerzo de 15 efectivos policiales que se suman a la dotaci\u00f3n estable de la Subestaci\u00f3n de Polic\u00eda Comunal Sierra de la Ventana, habi\u00e9ndose coordinado con la Jefatura de Polic\u00eda Comunal Tornquist y la Secretaria de Seguridad de dicho Municipio, que los mismos trabajen en turnos de 8 hs diarias,  realizando patrullajes a pie en rondines en pareja en zona c\u00e9ntrica en horario comercial, adem\u00e1s, durante la tarde, se suman dos efectivos en motocicletas policiales en prevenci\u00f3n de il\u00edcitos y faltas en todas sus modalidades hasta el cierre de los comercios. <\/p>\n","protected":false},"author":1,"featured_media":0,"comment_status":"closed","ping_status":"open","sticky":false,"template":"","format":"standard","meta":{"footnotes":""},"categories":[29],"tags":[],"class_list":["post-12645","post","type-post","status-publish","format-standard","hentry","category-policiales"],"yoast_head":"<!-- This site is optimized with the Yoast SEO plugin v25.9 - https:\/\/yoast.com\/wordpress\/plugins\/seo\/ -->\n<title>Seguridad en Sierra de la Ventana - Noticias Radio Reflejos<\/title>\n<meta name=\"robots\" content=\"index, follow, max-snippet:-1, max-image-preview:large, max-video-preview:-1\" \/>\n<link rel=\"canonical\" href=\"https:\/\/www.noticiasradioreflejos.com.ar\/2021\/seguridad-en-sierra-de-la-ventana\/\" \/>\n<meta property=\"og:locale\" content=\"es_ES\" \/>\n<meta property=\"og:type\" content=\"article\" \/>\n<meta property=\"og:title\" content=\"Seguridad en Sierra de la Ventana - Noticias Radio Reflejos\" \/>\n<meta property=\"og:description\" content=\"La Secretaria de Seguridad comunica a la comunidad que en virtud de la gran afluencia de turistas por las vacaciones de invierno, la Jefatura Departamental de Polic\u00eda de Seguridad Bah\u00eda Blanca, cumpliendo directivas emanadas por la Superintendencia de Seguridad Interior Sur, envi\u00f3 refuerzo de 15 efectivos policiales que se suman a la dotaci\u00f3n estable de la Subestaci\u00f3n de Polic\u00eda Comunal Sierra de la Ventana, habi\u00e9ndose coordinado con la Jefatura de Polic\u00eda Comunal Tornquist y la Secretaria de Seguridad de dicho Municipio, que los mismos trabajen en turnos de 8 hs diarias, realizando patrullajes a pie en rondines en pareja en zona c\u00e9ntrica en horario comercial, adem\u00e1s, durante la tarde, se suman dos efectivos en motocicletas policiales en prevenci\u00f3n de il\u00edcitos y faltas en todas sus modalidades hasta el cierre de los comercios.\" \/>\n<meta property=\"og:url\" content=\"https:\/\/www.noticiasradioreflejos.com.ar\/2021\/seguridad-en-sierra-de-la-ventana\/\" \/>\n<meta property=\"og:site_name\" content=\"Noticias Radio Reflejos\" \/>\n<meta property=\"article:published_time\" content=\"2017-07-22T01:41:34+00:00\" \/>\n<meta property=\"og:image\" content=\"https:\/\/www.noticiasradioreflejos.com.ar\/2021\/wp-content\/uploads\/2021\/07\/logosol300x200.png\" \/>\n\t<meta property=\"og:image:width\" content=\"300\" \/>\n\t<meta property=\"og:image:height\" content=\"200\" \/>\n\t<meta property=\"og:image:type\" content=\"image\/png\" \/>\n<meta name=\"author\" content=\"Ulises Nicolini\" \/>\n<meta name=\"twitter:card\" content=\"summary_large_image\" \/>\n<script type=\"application\/ld+json\" class=\"yoast-schema-graph\">{\"@context\":\"https:\/\/schema.org\",\"@graph\":[{\"@type\":\"WebPage\",\"@id\":\"https:\/\/www.noticiasradioreflejos.com.ar\/2021\/seguridad-en-sierra-de-la-ventana\/\",\"url\":\"https:\/\/www.noticiasradioreflejos.com.ar\/2021\/seguridad-en-sierra-de-la-ventana\/\",\"name\":\"Seguridad en Sierra de la Ventana - Noticias Radio Reflejos\",\"isPartOf\":{\"@id\":\"https:\/\/www.noticiasradioreflejos.com.ar\/2021\/#website\"},\"datePublished\":\"2017-07-22T01:41:34+00:00\",\"author\":{\"@id\":\"https:\/\/www.noticiasradioreflejos.com.ar\/2021\/#\/schema\/person\/63bcc26111c5fc0e3cd7ca4e2bf77a60\"},\"breadcrumb\":{\"@id\":\"https:\/\/www.noticiasradioreflejos.com.ar\/2021\/seguridad-en-sierra-de-la-ventana\/#breadcrumb\"},\"inLanguage\":\"es\",\"potentialAction\":[{\"@type\":\"ReadAction\",\"target\":[\"https:\/\/www.noticiasradioreflejos.com.ar\/2021\/seguridad-en-sierra-de-la-ventana\/\"]}]},{\"@type\":\"BreadcrumbList\",\"@id\":\"https:\/\/www.noticiasradioreflejos.com.ar\/2021\/seguridad-en-sierra-de-la-ventana\/#breadcrumb\",\"itemListElement\":[{\"@type\":\"ListItem\",\"position\":1,\"name\":\"Portada\",\"item\":\"https:\/\/www.noticiasradioreflejos.com.ar\/2021\/\"},{\"@type\":\"ListItem\",\"position\":2,\"name\":\"Seguridad en Sierra de la Ventana\"}]},{\"@type\":\"WebSite\",\"@id\":\"https:\/\/www.noticiasradioreflejos.com.ar\/2021\/#website\",\"url\":\"https:\/\/www.noticiasradioreflejos.com.ar\/2021\/\",\"name\":\"Noticias Radio Reflejos\",\"description\":\"Las noticias de mi comarca\",\"potentialAction\":[{\"@type\":\"SearchAction\",\"target\":{\"@type\":\"EntryPoint\",\"urlTemplate\":\"https:\/\/www.noticiasradioreflejos.com.ar\/2021\/?s={search_term_string}\"},\"query-input\":{\"@type\":\"PropertyValueSpecification\",\"valueRequired\":true,\"valueName\":\"search_term_string\"}}],\"inLanguage\":\"es\"},{\"@type\":\"Person\",\"@id\":\"https:\/\/www.noticiasradioreflejos.com.ar\/2021\/#\/schema\/person\/63bcc26111c5fc0e3cd7ca4e2bf77a60\",\"name\":\"Ulises Nicolini\",\"image\":{\"@type\":\"ImageObject\",\"inLanguage\":\"es\",\"@id\":\"https:\/\/www.noticiasradioreflejos.com.ar\/2021\/#\/schema\/person\/image\/\",\"url\":\"https:\/\/secure.gravatar.com\/avatar\/7f2c48bdc33b30088f941fb6082e555f2874c98e20cb159d7b92b50eadfce793?s=96&d=mm&r=g\",\"contentUrl\":\"https:\/\/secure.gravatar.com\/avatar\/7f2c48bdc33b30088f941fb6082e555f2874c98e20cb159d7b92b50eadfce793?s=96&d=mm&r=g\",\"caption\":\"Ulises Nicolini\"},\"sameAs\":[\"http:\/\/www.noticiasradioreflejos.com.ar\/2021\"],\"url\":\"https:\/\/www.noticiasradioreflejos.com.ar\/2021\/author\/admin\/\"}]}<\/script>\n<!-- \/ Yoast SEO plugin. -->","yoast_head_json":{"title":"Seguridad en Sierra de la Ventana - Noticias Radio Reflejos","robots":{"index":"index","follow":"follow","max-snippet":"max-snippet:-1","max-image-preview":"max-image-preview:large","max-video-preview":"max-video-preview:-1"},"canonical":"https:\/\/www.noticiasradioreflejos.com.ar\/2021\/seguridad-en-sierra-de-la-ventana\/","og_locale":"es_ES","og_type":"article","og_title":"Seguridad en Sierra de la Ventana - Noticias Radio Reflejos","og_description":"La Secretaria de Seguridad comunica a la comunidad que en virtud de la gran afluencia de turistas por las vacaciones de invierno, la Jefatura Departamental de Polic\u00eda de Seguridad Bah\u00eda Blanca, cumpliendo directivas emanadas por la Superintendencia de Seguridad Interior Sur, envi\u00f3 refuerzo de 15 efectivos policiales que se suman a la dotaci\u00f3n estable de la Subestaci\u00f3n de Polic\u00eda Comunal Sierra de la Ventana, habi\u00e9ndose coordinado con la Jefatura de Polic\u00eda Comunal Tornquist y la Secretaria de Seguridad de dicho Municipio, que los mismos trabajen en turnos de 8 hs diarias, realizando patrullajes a pie en rondines en pareja en zona c\u00e9ntrica en horario comercial, adem\u00e1s, durante la tarde, se suman dos efectivos en motocicletas policiales en prevenci\u00f3n de il\u00edcitos y faltas en todas sus modalidades hasta el cierre de los comercios.","og_url":"https:\/\/www.noticiasradioreflejos.com.ar\/2021\/seguridad-en-sierra-de-la-ventana\/","og_site_name":"Noticias Radio Reflejos","article_published_time":"2017-07-22T01:41:34+00:00","og_image":[{"width":300,"height":200,"url":"https:\/\/www.noticiasradioreflejos.com.ar\/2021\/wp-content\/uploads\/2021\/07\/logosol300x200.png","type":"image\/png"}],"author":"Ulises Nicolini","twitter_card":"summary_large_image","schema":{"@context":"https:\/\/schema.org","@graph":[{"@type":"WebPage","@id":"https:\/\/www.noticiasradioreflejos.com.ar\/2021\/seguridad-en-sierra-de-la-ventana\/","url":"https:\/\/www.noticiasradioreflejos.com.ar\/2021\/seguridad-en-sierra-de-la-ventana\/","name":"Seguridad en Sierra de la Ventana - Noticias Radio Reflejos","isPartOf":{"@id":"https:\/\/www.noticiasradioreflejos.com.ar\/2021\/#website"},"datePublished":"2017-07-22T01:41:34+00:00","author":{"@id":"https:\/\/www.noticiasradioreflejos.com.ar\/2021\/#\/schema\/person\/63bcc26111c5fc0e3cd7ca4e2bf77a60"},"breadcrumb":{"@id":"https:\/\/www.noticiasradioreflejos.com.ar\/2021\/seguridad-en-sierra-de-la-ventana\/#breadcrumb"},"inLanguage":"es","potentialAction":[{"@type":"ReadAction","target":["https:\/\/www.noticiasradioreflejos.com.ar\/2021\/seguridad-en-sierra-de-la-ventana\/"]}]},{"@type":"BreadcrumbList","@id":"https:\/\/www.noticiasradioreflejos.com.ar\/2021\/seguridad-en-sierra-de-la-ventana\/#breadcrumb","itemListElement":[{"@type":"ListItem","position":1,"name":"Portada","item":"https:\/\/www.noticiasradioreflejos.com.ar\/2021\/"},{"@type":"ListItem","position":2,"name":"Seguridad en Sierra de la Ventana"}]},{"@type":"WebSite","@id":"https:\/\/www.noticiasradioreflejos.com.ar\/2021\/#website","url":"https:\/\/www.noticiasradioreflejos.com.ar\/2021\/","name":"Noticias Radio Reflejos","description":"Las noticias de mi comarca","potentialAction":[{"@type":"SearchAction","target":{"@type":"EntryPoint","urlTemplate":"https:\/\/www.noticiasradioreflejos.com.ar\/2021\/?s={search_term_string}"},"query-input":{"@type":"PropertyValueSpecification","valueRequired":true,"valueName":"search_term_string"}}],"inLanguage":"es"},{"@type":"Person","@id":"https:\/\/www.noticiasradioreflejos.com.ar\/2021\/#\/schema\/person\/63bcc26111c5fc0e3cd7ca4e2bf77a60","name":"Ulises Nicolini","image":{"@type":"ImageObject","inLanguage":"es","@id":"https:\/\/www.noticiasradioreflejos.com.ar\/2021\/#\/schema\/person\/image\/","url":"https:\/\/secure.gravatar.com\/avatar\/7f2c48bdc33b30088f941fb6082e555f2874c98e20cb159d7b92b50eadfce793?s=96&d=mm&r=g","contentUrl":"https:\/\/secure.gravatar.com\/avatar\/7f2c48bdc33b30088f941fb6082e555f2874c98e20cb159d7b92b50eadfce793?s=96&d=mm&r=g","caption":"Ulises Nicolini"},"sameAs":["http:\/\/www.noticiasradioreflejos.com.ar\/2021"],"url":"https:\/\/www.noticiasradioreflejos.com.ar\/2021\/author\/admin\/"}]}},"_links":{"self":[{"href":"https:\/\/www.noticiasradioreflejos.com.ar\/2021\/wp-json\/wp\/v2\/posts\/12645","targetHints":{"allow":["GET"]}}],"collection":[{"href":"https:\/\/www.noticiasradioreflejos.com.ar\/2021\/wp-json\/wp\/v2\/posts"}],"about":[{"href":"https:\/\/www.noticiasradioreflejos.com.ar\/2021\/wp-json\/wp\/v2\/types\/post"}],"author":[{"embeddable":true,"href":"https:\/\/www.noticiasradioreflejos.com.ar\/2021\/wp-json\/wp\/v2\/users\/1"}],"replies":[{"embeddable":true,"href":"https:\/\/www.noticiasradioreflejos.com.ar\/2021\/wp-json\/wp\/v2\/comments?post=12645"}],"version-history":[{"count":0,"href":"https:\/\/www.noticiasradioreflejos.com.ar\/2021\/wp-json\/wp\/v2\/posts\/12645\/revisions"}],"wp:attachment":[{"href":"https:\/\/www.noticiasradioreflejos.com.ar\/2021\/wp-json\/wp\/v2\/media?parent=12645"}],"wp:term":[{"taxonomy":"category","embeddable":true,"href":"https:\/\/www.noticiasradioreflejos.com.ar\/2021\/wp-json\/wp\/v2\/categories?post=12645"},{"taxonomy":"post_tag","embeddable":true,"href":"https:\/\/www.noticiasradioreflejos.com.ar\/2021\/wp-json\/wp\/v2\/tags?post=12645"}],"curies":[{"name":"wp","href":"https:\/\/api.w.org\/{rel}","templated":true}]}}