{"id":12632,"date":"2017-07-21T16:19:24","date_gmt":"2017-07-21T19:19:24","guid":{"rendered":"http:\/\/www.noticiasradioreflejos.com.ar\/noticias\/?p=12632"},"modified":"2017-07-21T16:19:24","modified_gmt":"2017-07-21T19:19:24","slug":"la-biblioteca-popular-macedonio-fernandez-anuncia-sus-actividades-para-las-vacaciones-de-invierno","status":"publish","type":"post","link":"https:\/\/www.noticiasradioreflejos.com.ar\/2021\/la-biblioteca-popular-macedonio-fernandez-anuncia-sus-actividades-para-las-vacaciones-de-invierno\/","title":{"rendered":"La Biblioteca Popular Macedonio Fern\u00e1ndez anuncia sus actividades para las Vacaciones de Invierno"},"content":{"rendered":"<p><strong>PRIMERA SEMANA<\/strong><br \/>\n<span style=\"text-decoration: underline;\">VIERNES 21<\/span><br \/>\n18 hs. KOSTURERAS. M\u00fasica y poes\u00eda para ni\u00f1os y ni\u00f1as. Recital en vivo. Chocolatada y espacio de recreaci\u00f3n Septenio. *entrada a la gorra<br \/>\n<span style=\"text-decoration: underline;\">S\u00c1BADO 22<\/span><br \/>\n10.30 a 13 hs y 14.30 a 17.30 hs. TAI CHI. Seminario para principiantes. Relajaci\u00f3n, coordinaci\u00f3n, propiocepci\u00f3n, trabajo vestibular, conexi\u00f3n cerebral. Coord. N\u00e9stor Asin.*arancel $500<br \/>\nTe invitamos a que vengas a hacer la experiencia en conocer los alcances del TAI CHI EN LA SALUD .<br \/>\nLa vida moderna , nos lleva a enfrentarnos a situaciones que\u00a0a veces no comprendemos , y estas quedan reflejadas en las diferentes capas de nuestras estructuras .<br \/>\nCon el tiempo y por repeticiones de esos momentos , queda un compendio de informaci\u00f3n cr\u00f3nica que nos limita en nuestra manifestaci\u00f3n del movimiento y en la psique .<br \/>\nPara poder comprendernos , trabajaremos en el \u00e1rea de la geometr\u00eda del cuerpo , posibilidades anat\u00f3micas y emocionales, transitando por los caminos de la relajaci\u00f3n y coordinaci\u00f3n .<br \/>\nEl trabajo vestibular para el adulto mayor y la memoria por medio de registros a trav\u00e9s del movimiento.<br \/>\nTambi\u00e9n exploraremos la estructura de la cadena muscular posterior , ( la mochila de vida<br \/>\nLa propiocepci\u00f3n es el sentido que informa al organismo de la posici\u00f3n de los m\u00fasculos, es la capacidad de sentir la posici\u00f3n relativa de partes corporales contiguas).<br \/>\nRealizamos ejercicion sencillos l\u00fadicos para retransitar las conexiones cerebrales<br \/>\nPARA PUBLICO GENERAL!!! !<br \/>\nNestor Omar Asin<br \/>\n20 hs. TEATRO. \u201cDe tiempo somos\u201d, obra de creaci\u00f3n colectiva de la Compa\u00f1\u00eda teatral La Candelaria *entrada $120 \/Socios $100<br \/>\nLA COMPA\u00d1\u00cdA TEATRAL LA CANDELARIA presenta la obra\u00a0\u201cDe tiempo somos\u201d creaci\u00f3n colectiva<br \/>\nDe Tiempo somos nos invita a sumergirnos en un collage de historias. A trav\u00e9s de una selecci\u00f3n de textos hist\u00f3ricos, testimoniales, period\u00edsticos, po\u00e9ticos y dram\u00e1ticos se invita al espectador a recorrer distintos hechos hist\u00f3ricos, principalmente locales, como la huelga frigor\u00edfica de Cuatreros, o las bolseras del Puerto de Ingeniero White, resignificando las palabras de R. Walsh: \u00abNuestras clases dominantes han procurado siempre que los trabajadores no tengan historia, no tengan doctrina, no tengan h\u00e9roes y m\u00e1rtires. Cada lucha debe empezar de nuevo, separada de las luchas anteriores: la experiencia colectiva se pierde, las lecciones se olvidan. La historia parece as\u00ed como propiedad privada cuyos due\u00f1os son los due\u00f1os de todas las otras cosas\u00bb.<br \/>\nLa actuaci\u00f3n est\u00e1 a cargo de Mariana Bord\u00f3n, Brenda Olivera, M\u00f3nica Oliver y Luisa Ant\u00eda.<br \/>\nAsistencia T\u00e9cnica: Andrea Vera<br \/>\nDise\u00f1o de iluminaci\u00f3n: Julian del R\u00edo<br \/>\nVestuario: Antonela Bianco<br \/>\nDise\u00f1o Gr\u00e1fico: M. Jara Puccio<br \/>\n<span style=\"text-decoration: underline;\">DOMINGO 23<\/span><br \/>\n16 hs. TALLER DE DIBUJO. Coordinado por Bel\u00e9n Martelli. Inauguraci\u00f3n de muestra pl\u00e1stica de la artista en la Biblioteca. *entrada $50 \/ Socios: $30<br \/>\n19 hs. TEATRO DE T\u00cdTERES \u201cDe Barro y fuego\u201d. Una historia hace 3000 a\u00f1os. Esta obra de teatro de t\u00edteres, para ni\u00f1as y ni\u00f1os, es el producto de un trabajo articulado entre cient\u00edficos, docentes y artistas para comunicar y generar una experiencia est\u00e9tica y de reflexi\u00f3n sobre la historia ind\u00edgena prehisp\u00e1nica en el actual territorio de la provincia de Buenos Aires. Gui\u00f3n: Ver\u00f3nica Gu\u00e9rin y Alejandra Pupio. *entrada $70 \/ Socios $40<br \/>\nhttps:\/\/www.youtube.com\/ watch?v=PLMCmbq7kYE<br \/>\n&nbsp;<br \/>\n<strong>SEGUNDA SEMANA<\/strong><br \/>\n<span style=\"text-decoration: underline;\">LUNES 24<\/span><br \/>\n-16. hs. CUENTO LO QUE SUENA. Taller para crear cuentos con instrumentos musicales<br \/>\n-18 hs. \u201cLa Luna Compa\u00f1\u00eda de Cuentos\u201d. Espect\u00e1culo de narraci\u00f3n y m\u00fasica *entrada a la gorra<br \/>\n&nbsp;<br \/>\n<span style=\"text-decoration: underline;\">MARTES 25<\/span><br \/>\nEn el marco del \u00b470 Aniversario de Villa Ventana<br \/>\n-15 a 19 hs. Visita guiada por la Biblioteca<br \/>\n-21 hs. \u201cMacedonia invierno\u201d: noche m\u00e1gica con caminos de arte, m\u00fasica, poes\u00eda y lecturas &#8211; Hebrias en Ebras, Kostureras +Thesas-tres, Alfredo Holzmann, Los Hex\u00e1gonos- Cantina Macedonia. *gratis<br \/>\n&nbsp;<br \/>\n<span style=\"text-decoration: underline;\">MI\u00c9RCOLES 26<\/span><br \/>\n-17 hs. TALLER DE PAN, un cl\u00e1sico de la biblio.\u00a0 Para ni\u00f1os y ni\u00f1as. Coord. Irene Antognolli * entrada $50 \/Socios $30<br \/>\n-20 hs. Clase de Zumba, para adolescentes y adultos. Coord. Jesy<br \/>\n&nbsp;<br \/>\n<span style=\"text-decoration: underline;\">JUEVES 27<\/span><br \/>\n-16 hs. \u201cUN LIBRO SORPRENDENTE\u201d Cuentos de papel. Talle de Pop Up para ni\u00f1os y ni\u00f1as con grandes. Coordina Leandro Coccia. *50 Y 30<br \/>\n-18 hs. PRESENTACI\u00d3N DEL LIBRO \u201cSiniestro\u201d de Patricio Chaija<br \/>\n&nbsp;<br \/>\n<span style=\"text-decoration: underline;\">VIERNES 28<\/span><br \/>\n17 hs. TALLER DE FIELTRO. Experimentaci\u00f3n con fieltro para toda la familia. Coordina Mar\u00eda Fernanda P\u00e9rez. *entrada $50 Socios $30.-<br \/>\n<span style=\"text-decoration: underline;\">S\u00c1BADO 29 <\/span><br \/>\n17 hs. SEPTENIO. Un espacio para ni\u00f1os y ni\u00f1as de la villa. Juegos y creatividad. Coordina: Carmen Costilla<br \/>\nHORARIO ATENCI\u00d3N BIBLIOTECA:<br \/>\n&gt;LUNES Y MI\u00c9RCOLES 9 a 13 hs.<br \/>\n&gt;MARTES, VIERNES Y S\u00c1BADO 15 a 19 hs<br \/>\n&gt;Pr\u00e9stamo especial a turistas<br \/>\nM\u00e1s informaci\u00f3n en f Macedonio Fern\u00e1ndez<br \/>\n<a title=\"VacacionesMFernandez4\" href=\"http:\/\/farm5.staticflickr.com\/4326\/35230119564_de0bb7bcec_s.jpg\" rel=\"\"><img loading=\"lazy\" decoding=\"async\" class=\"aligncenter\" title=\"VacacionesMFernandez4\" src=\"http:\/\/farm5.staticflickr.com\/4326\/35230119564_de0bb7bcec_z.jpg\" alt=\"VacacionesMFernandez4\" width=\"640\" height=\"332\" \/><\/a><\/p>\n<div class=\"jeg_video_container jeg_video_content\"><iframe loading=\"lazy\" title=\"De barro y fuego, una historia hace 3000 a\u00f1os\" width=\"500\" height=\"281\" src=\"https:\/\/www.youtube.com\/embed\/PLMCmbq7kYE?feature=oembed\" frameborder=\"0\" allow=\"accelerometer; autoplay; clipboard-write; encrypted-media; gyroscope; picture-in-picture; web-share\" referrerpolicy=\"strict-origin-when-cross-origin\" allowfullscreen><\/iframe><\/div>\n<p><a title=\"VacacionesMFernandez3\" href=\"http:\/\/farm5.staticflickr.com\/4306\/35900810752_33948a4001_s.jpg\" rel=\"\"><img loading=\"lazy\" decoding=\"async\" class=\"aligncenter\" title=\"VacacionesMFernandez3\" src=\"http:\/\/farm5.staticflickr.com\/4306\/35900810752_33948a4001_z.jpg\" alt=\"VacacionesMFernandez3\" width=\"489\" height=\"640\" \/><\/a><a title=\"VacacionesMFernandez2\" href=\"http:\/\/farm5.staticflickr.com\/4322\/35937186851_bc76f826c5_s.jpg\" rel=\"\"><img loading=\"lazy\" decoding=\"async\" class=\"aligncenter\" title=\"VacacionesMFernandez2\" src=\"http:\/\/farm5.staticflickr.com\/4322\/35937186851_bc76f826c5_z.jpg\" alt=\"VacacionesMFernandez2\" width=\"640\" height=\"344\" \/><\/a><a title=\"VacacionesMFernandez1\" href=\"http:\/\/farm5.staticflickr.com\/4321\/35937186991_a5c0137c45_s.jpg\" rel=\"\"><img loading=\"lazy\" decoding=\"async\" class=\"aligncenter\" title=\"VacacionesMFernandez1\" src=\"http:\/\/farm5.staticflickr.com\/4321\/35937186991_a7047b9c45_o.jpg\" alt=\"VacacionesMFernandez1\" width=\"211\" height=\"238\" \/><\/a><a title=\"VacacionesMFernandez7\" href=\"http:\/\/farm5.staticflickr.com\/4294\/35937187121_96f64df857_s.jpg\" rel=\"\"><img loading=\"lazy\" decoding=\"async\" class=\"aligncenter\" title=\"VacacionesMFernandez7\" src=\"http:\/\/farm5.staticflickr.com\/4294\/35937187121_96f64df857_z.jpg\" alt=\"VacacionesMFernandez7\" width=\"512\" height=\"315\" \/><\/a><\/p>\n","protected":false},"excerpt":{"rendered":"<p>Primera y Segunda semana de Vacaciones de Invierno. La Biblioteca Popular Macedonio Fern\u00e1ndez anuncia sus actividades.<\/p>\n","protected":false},"author":1,"featured_media":0,"comment_status":"closed","ping_status":"open","sticky":false,"template":"","format":"standard","meta":{"footnotes":""},"categories":[33],"tags":[],"class_list":["post-12632","post","type-post","status-publish","format-standard","hentry","category-turismo"],"yoast_head":"<!-- This site is optimized with the Yoast SEO plugin v25.9 - https:\/\/yoast.com\/wordpress\/plugins\/seo\/ -->\n<title>La Biblioteca Popular Macedonio Fern\u00e1ndez anuncia sus actividades para las Vacaciones de Invierno - Noticias Radio Reflejos<\/title>\n<meta name=\"robots\" content=\"index, follow, max-snippet:-1, max-image-preview:large, max-video-preview:-1\" \/>\n<link rel=\"canonical\" href=\"https:\/\/www.noticiasradioreflejos.com.ar\/2021\/la-biblioteca-popular-macedonio-fernandez-anuncia-sus-actividades-para-las-vacaciones-de-invierno\/\" \/>\n<meta property=\"og:locale\" content=\"es_ES\" \/>\n<meta property=\"og:type\" content=\"article\" \/>\n<meta property=\"og:title\" content=\"La Biblioteca Popular Macedonio Fern\u00e1ndez anuncia sus actividades para las Vacaciones de Invierno - Noticias Radio Reflejos\" \/>\n<meta property=\"og:description\" content=\"Primera y Segunda semana de Vacaciones de Invierno. La Biblioteca Popular Macedonio Fern\u00e1ndez anuncia sus actividades.\" \/>\n<meta property=\"og:url\" content=\"https:\/\/www.noticiasradioreflejos.com.ar\/2021\/la-biblioteca-popular-macedonio-fernandez-anuncia-sus-actividades-para-las-vacaciones-de-invierno\/\" \/>\n<meta property=\"og:site_name\" content=\"Noticias Radio Reflejos\" \/>\n<meta property=\"article:published_time\" content=\"2017-07-21T19:19:24+00:00\" \/>\n<meta property=\"og:image\" content=\"http:\/\/farm5.staticflickr.com\/4326\/35230119564_de0bb7bcec_z.jpg\" \/>\n<meta name=\"author\" content=\"Ulises Nicolini\" \/>\n<meta name=\"twitter:card\" content=\"summary_large_image\" \/>\n<script type=\"application\/ld+json\" class=\"yoast-schema-graph\">{\"@context\":\"https:\/\/schema.org\",\"@graph\":[{\"@type\":\"WebPage\",\"@id\":\"https:\/\/www.noticiasradioreflejos.com.ar\/2021\/la-biblioteca-popular-macedonio-fernandez-anuncia-sus-actividades-para-las-vacaciones-de-invierno\/\",\"url\":\"https:\/\/www.noticiasradioreflejos.com.ar\/2021\/la-biblioteca-popular-macedonio-fernandez-anuncia-sus-actividades-para-las-vacaciones-de-invierno\/\",\"name\":\"La Biblioteca Popular Macedonio Fern\u00e1ndez anuncia sus actividades para las Vacaciones de Invierno - Noticias Radio Reflejos\",\"isPartOf\":{\"@id\":\"https:\/\/www.noticiasradioreflejos.com.ar\/2021\/#website\"},\"primaryImageOfPage\":{\"@id\":\"https:\/\/www.noticiasradioreflejos.com.ar\/2021\/la-biblioteca-popular-macedonio-fernandez-anuncia-sus-actividades-para-las-vacaciones-de-invierno\/#primaryimage\"},\"image\":{\"@id\":\"https:\/\/www.noticiasradioreflejos.com.ar\/2021\/la-biblioteca-popular-macedonio-fernandez-anuncia-sus-actividades-para-las-vacaciones-de-invierno\/#primaryimage\"},\"thumbnailUrl\":\"http:\/\/farm5.staticflickr.com\/4326\/35230119564_de0bb7bcec_z.jpg\",\"datePublished\":\"2017-07-21T19:19:24+00:00\",\"author\":{\"@id\":\"https:\/\/www.noticiasradioreflejos.com.ar\/2021\/#\/schema\/person\/63bcc26111c5fc0e3cd7ca4e2bf77a60\"},\"breadcrumb\":{\"@id\":\"https:\/\/www.noticiasradioreflejos.com.ar\/2021\/la-biblioteca-popular-macedonio-fernandez-anuncia-sus-actividades-para-las-vacaciones-de-invierno\/#breadcrumb\"},\"inLanguage\":\"es\",\"potentialAction\":[{\"@type\":\"ReadAction\",\"target\":[\"https:\/\/www.noticiasradioreflejos.com.ar\/2021\/la-biblioteca-popular-macedonio-fernandez-anuncia-sus-actividades-para-las-vacaciones-de-invierno\/\"]}]},{\"@type\":\"ImageObject\",\"inLanguage\":\"es\",\"@id\":\"https:\/\/www.noticiasradioreflejos.com.ar\/2021\/la-biblioteca-popular-macedonio-fernandez-anuncia-sus-actividades-para-las-vacaciones-de-invierno\/#primaryimage\",\"url\":\"http:\/\/farm5.staticflickr.com\/4326\/35230119564_de0bb7bcec_z.jpg\",\"contentUrl\":\"http:\/\/farm5.staticflickr.com\/4326\/35230119564_de0bb7bcec_z.jpg\"},{\"@type\":\"BreadcrumbList\",\"@id\":\"https:\/\/www.noticiasradioreflejos.com.ar\/2021\/la-biblioteca-popular-macedonio-fernandez-anuncia-sus-actividades-para-las-vacaciones-de-invierno\/#breadcrumb\",\"itemListElement\":[{\"@type\":\"ListItem\",\"position\":1,\"name\":\"Portada\",\"item\":\"https:\/\/www.noticiasradioreflejos.com.ar\/2021\/\"},{\"@type\":\"ListItem\",\"position\":2,\"name\":\"La Biblioteca Popular Macedonio Fern\u00e1ndez anuncia sus actividades para las Vacaciones de Invierno\"}]},{\"@type\":\"WebSite\",\"@id\":\"https:\/\/www.noticiasradioreflejos.com.ar\/2021\/#website\",\"url\":\"https:\/\/www.noticiasradioreflejos.com.ar\/2021\/\",\"name\":\"Noticias Radio Reflejos\",\"description\":\"Las noticias de mi comarca\",\"potentialAction\":[{\"@type\":\"SearchAction\",\"target\":{\"@type\":\"EntryPoint\",\"urlTemplate\":\"https:\/\/www.noticiasradioreflejos.com.ar\/2021\/?s={search_term_string}\"},\"query-input\":{\"@type\":\"PropertyValueSpecification\",\"valueRequired\":true,\"valueName\":\"search_term_string\"}}],\"inLanguage\":\"es\"},{\"@type\":\"Person\",\"@id\":\"https:\/\/www.noticiasradioreflejos.com.ar\/2021\/#\/schema\/person\/63bcc26111c5fc0e3cd7ca4e2bf77a60\",\"name\":\"Ulises Nicolini\",\"image\":{\"@type\":\"ImageObject\",\"inLanguage\":\"es\",\"@id\":\"https:\/\/www.noticiasradioreflejos.com.ar\/2021\/#\/schema\/person\/image\/\",\"url\":\"https:\/\/secure.gravatar.com\/avatar\/7f2c48bdc33b30088f941fb6082e555f2874c98e20cb159d7b92b50eadfce793?s=96&d=mm&r=g\",\"contentUrl\":\"https:\/\/secure.gravatar.com\/avatar\/7f2c48bdc33b30088f941fb6082e555f2874c98e20cb159d7b92b50eadfce793?s=96&d=mm&r=g\",\"caption\":\"Ulises Nicolini\"},\"sameAs\":[\"http:\/\/www.noticiasradioreflejos.com.ar\/2021\"],\"url\":\"https:\/\/www.noticiasradioreflejos.com.ar\/2021\/author\/admin\/\"}]}<\/script>\n<!-- \/ Yoast SEO plugin. -->","yoast_head_json":{"title":"La Biblioteca Popular Macedonio Fern\u00e1ndez anuncia sus actividades para las Vacaciones de Invierno - Noticias Radio Reflejos","robots":{"index":"index","follow":"follow","max-snippet":"max-snippet:-1","max-image-preview":"max-image-preview:large","max-video-preview":"max-video-preview:-1"},"canonical":"https:\/\/www.noticiasradioreflejos.com.ar\/2021\/la-biblioteca-popular-macedonio-fernandez-anuncia-sus-actividades-para-las-vacaciones-de-invierno\/","og_locale":"es_ES","og_type":"article","og_title":"La Biblioteca Popular Macedonio Fern\u00e1ndez anuncia sus actividades para las Vacaciones de Invierno - Noticias Radio Reflejos","og_description":"Primera y Segunda semana de Vacaciones de Invierno. La Biblioteca Popular Macedonio Fern\u00e1ndez anuncia sus actividades.","og_url":"https:\/\/www.noticiasradioreflejos.com.ar\/2021\/la-biblioteca-popular-macedonio-fernandez-anuncia-sus-actividades-para-las-vacaciones-de-invierno\/","og_site_name":"Noticias Radio Reflejos","article_published_time":"2017-07-21T19:19:24+00:00","og_image":[{"url":"http:\/\/farm5.staticflickr.com\/4326\/35230119564_de0bb7bcec_z.jpg","type":"","width":"","height":""}],"author":"Ulises Nicolini","twitter_card":"summary_large_image","schema":{"@context":"https:\/\/schema.org","@graph":[{"@type":"WebPage","@id":"https:\/\/www.noticiasradioreflejos.com.ar\/2021\/la-biblioteca-popular-macedonio-fernandez-anuncia-sus-actividades-para-las-vacaciones-de-invierno\/","url":"https:\/\/www.noticiasradioreflejos.com.ar\/2021\/la-biblioteca-popular-macedonio-fernandez-anuncia-sus-actividades-para-las-vacaciones-de-invierno\/","name":"La Biblioteca Popular Macedonio Fern\u00e1ndez anuncia sus actividades para las Vacaciones de Invierno - Noticias Radio Reflejos","isPartOf":{"@id":"https:\/\/www.noticiasradioreflejos.com.ar\/2021\/#website"},"primaryImageOfPage":{"@id":"https:\/\/www.noticiasradioreflejos.com.ar\/2021\/la-biblioteca-popular-macedonio-fernandez-anuncia-sus-actividades-para-las-vacaciones-de-invierno\/#primaryimage"},"image":{"@id":"https:\/\/www.noticiasradioreflejos.com.ar\/2021\/la-biblioteca-popular-macedonio-fernandez-anuncia-sus-actividades-para-las-vacaciones-de-invierno\/#primaryimage"},"thumbnailUrl":"http:\/\/farm5.staticflickr.com\/4326\/35230119564_de0bb7bcec_z.jpg","datePublished":"2017-07-21T19:19:24+00:00","author":{"@id":"https:\/\/www.noticiasradioreflejos.com.ar\/2021\/#\/schema\/person\/63bcc26111c5fc0e3cd7ca4e2bf77a60"},"breadcrumb":{"@id":"https:\/\/www.noticiasradioreflejos.com.ar\/2021\/la-biblioteca-popular-macedonio-fernandez-anuncia-sus-actividades-para-las-vacaciones-de-invierno\/#breadcrumb"},"inLanguage":"es","potentialAction":[{"@type":"ReadAction","target":["https:\/\/www.noticiasradioreflejos.com.ar\/2021\/la-biblioteca-popular-macedonio-fernandez-anuncia-sus-actividades-para-las-vacaciones-de-invierno\/"]}]},{"@type":"ImageObject","inLanguage":"es","@id":"https:\/\/www.noticiasradioreflejos.com.ar\/2021\/la-biblioteca-popular-macedonio-fernandez-anuncia-sus-actividades-para-las-vacaciones-de-invierno\/#primaryimage","url":"http:\/\/farm5.staticflickr.com\/4326\/35230119564_de0bb7bcec_z.jpg","contentUrl":"http:\/\/farm5.staticflickr.com\/4326\/35230119564_de0bb7bcec_z.jpg"},{"@type":"BreadcrumbList","@id":"https:\/\/www.noticiasradioreflejos.com.ar\/2021\/la-biblioteca-popular-macedonio-fernandez-anuncia-sus-actividades-para-las-vacaciones-de-invierno\/#breadcrumb","itemListElement":[{"@type":"ListItem","position":1,"name":"Portada","item":"https:\/\/www.noticiasradioreflejos.com.ar\/2021\/"},{"@type":"ListItem","position":2,"name":"La Biblioteca Popular Macedonio Fern\u00e1ndez anuncia sus actividades para las Vacaciones de Invierno"}]},{"@type":"WebSite","@id":"https:\/\/www.noticiasradioreflejos.com.ar\/2021\/#website","url":"https:\/\/www.noticiasradioreflejos.com.ar\/2021\/","name":"Noticias Radio Reflejos","description":"Las noticias de mi comarca","potentialAction":[{"@type":"SearchAction","target":{"@type":"EntryPoint","urlTemplate":"https:\/\/www.noticiasradioreflejos.com.ar\/2021\/?s={search_term_string}"},"query-input":{"@type":"PropertyValueSpecification","valueRequired":true,"valueName":"search_term_string"}}],"inLanguage":"es"},{"@type":"Person","@id":"https:\/\/www.noticiasradioreflejos.com.ar\/2021\/#\/schema\/person\/63bcc26111c5fc0e3cd7ca4e2bf77a60","name":"Ulises Nicolini","image":{"@type":"ImageObject","inLanguage":"es","@id":"https:\/\/www.noticiasradioreflejos.com.ar\/2021\/#\/schema\/person\/image\/","url":"https:\/\/secure.gravatar.com\/avatar\/7f2c48bdc33b30088f941fb6082e555f2874c98e20cb159d7b92b50eadfce793?s=96&d=mm&r=g","contentUrl":"https:\/\/secure.gravatar.com\/avatar\/7f2c48bdc33b30088f941fb6082e555f2874c98e20cb159d7b92b50eadfce793?s=96&d=mm&r=g","caption":"Ulises Nicolini"},"sameAs":["http:\/\/www.noticiasradioreflejos.com.ar\/2021"],"url":"https:\/\/www.noticiasradioreflejos.com.ar\/2021\/author\/admin\/"}]}},"_links":{"self":[{"href":"https:\/\/www.noticiasradioreflejos.com.ar\/2021\/wp-json\/wp\/v2\/posts\/12632","targetHints":{"allow":["GET"]}}],"collection":[{"href":"https:\/\/www.noticiasradioreflejos.com.ar\/2021\/wp-json\/wp\/v2\/posts"}],"about":[{"href":"https:\/\/www.noticiasradioreflejos.com.ar\/2021\/wp-json\/wp\/v2\/types\/post"}],"author":[{"embeddable":true,"href":"https:\/\/www.noticiasradioreflejos.com.ar\/2021\/wp-json\/wp\/v2\/users\/1"}],"replies":[{"embeddable":true,"href":"https:\/\/www.noticiasradioreflejos.com.ar\/2021\/wp-json\/wp\/v2\/comments?post=12632"}],"version-history":[{"count":0,"href":"https:\/\/www.noticiasradioreflejos.com.ar\/2021\/wp-json\/wp\/v2\/posts\/12632\/revisions"}],"wp:attachment":[{"href":"https:\/\/www.noticiasradioreflejos.com.ar\/2021\/wp-json\/wp\/v2\/media?parent=12632"}],"wp:term":[{"taxonomy":"category","embeddable":true,"href":"https:\/\/www.noticiasradioreflejos.com.ar\/2021\/wp-json\/wp\/v2\/categories?post=12632"},{"taxonomy":"post_tag","embeddable":true,"href":"https:\/\/www.noticiasradioreflejos.com.ar\/2021\/wp-json\/wp\/v2\/tags?post=12632"}],"curies":[{"name":"wp","href":"https:\/\/api.w.org\/{rel}","templated":true}]}}