{"id":126237,"date":"2025-10-07T17:30:05","date_gmt":"2025-10-07T20:30:05","guid":{"rendered":"https:\/\/www.noticiasradioreflejos.com.ar\/2021\/?p=126237"},"modified":"2025-10-07T17:30:05","modified_gmt":"2025-10-07T20:30:05","slug":"predio-del-club-hotel-trascendio-que-una-parte-de-esas-tierras-se-podria-destinar-a-hacer-alojamientos-ahi-eso-es-lo-que-mas-hizo-ruido","status":"publish","type":"post","link":"https:\/\/www.noticiasradioreflejos.com.ar\/2021\/predio-del-club-hotel-trascendio-que-una-parte-de-esas-tierras-se-podria-destinar-a-hacer-alojamientos-ahi-eso-es-lo-que-mas-hizo-ruido\/","title":{"rendered":"Predio del Club Hotel: \u00abtrascendi\u00f3 que una parte de esas tierras se podr\u00eda destinar a hacer alojamientos ah\u00ed, eso es lo que m\u00e1s hizo ruido\u00bb"},"content":{"rendered":"<p>El Bloque de Concejales opositores solicita medida de no innovar hasta que se formalice el proyecto de revalorizaci\u00f3n y se realice una audiencia p\u00fablica para escuchar a los vecinos.<!--more--><\/p>\n<p>Luis Castro, concejal por el bloque de Juntos por Tornquist &#8211; UCR, explica en <strong><a href=\"https:\/\/www.noticiasradioreflejos.com.ar\/2021\/radio-en-vivo\/\">FM Reflejos<\/a><\/strong> que la solicitud al Departamento Ejecutivo a que aplique una medida de no innovar hasta que se formalice el Proyecto de Revalorizaci\u00f3n del predio del Club Hotel de la Ventana yace de las inquietudes de varios vecinos sobre algunas cuestiones de mencionado proyecto. \u00abLo que nos comunicaron es que en los pr\u00f3ximos meses se va a armar una mesa de trabajo para llegar a un acuerdo sobre lo que se va a hacer ah\u00ed. Pero bueno, no hay nada concreto y la inquietud de los vecinos est\u00e1\u00bb explica el concejal cu\u00e1l es la situaci\u00f3n.<\/p>\n<p>&nbsp;<\/p>\n<p><a href=\"https:\/\/www.noticiasradioreflejos.com.ar\/2021\/luis-castro-que-la-intendenta-interina-hable-de-gasto-insignificante-duele\/luis-castro-4\/\" rel=\"attachment wp-att-110109\"><img loading=\"lazy\" decoding=\"async\" class=\" wp-image-110109 alignleft\" src=\"https:\/\/www.noticiasradioreflejos.com.ar\/2021\/wp-content\/uploads\/2024\/11\/Luis-Castro.jpg\" alt=\"\" width=\"443\" height=\"272\" \/><\/a>\u00abLo que trascendi\u00f3 es que una parte de esas tierras se podr\u00eda destinar a hacer alojamientos ah\u00ed, eso es lo que m\u00e1s hizo ruido\u00bb, menciona Luis una de las principales preocupaciones de los vecinos. Aclara que el pedido es no realizar innovaciones en el proyecto hasta que est\u00e9 completamente confeccionado y que, una vez hecho el proyecto, el Concejo Deliberante llame a audiencia p\u00fablica para que los vecinos puedan dar su opini\u00f3n. \u00abCreemos que hacer una audiencia p\u00fablica es lo m\u00e1s positivo que puede pasar\u00bb, comenta.<\/p>\n<p>\u00abAhora esta el permiso de uso sobre esa fracci\u00f3n y se tratar\u00e1 en comisi\u00f3n. Hay que ver qu\u00e9 se va a necesitar, porque las cuestiones cuando vienen del Estado, y m\u00e1s ahora que esto es nuestro, tienen que estar claras. Cuidar los recursos del Estado y que no sea la puerta para que, tal vez, terminemos privatizando el predio del Ex Club Hotel. No ser\u00eda positivo ni lo que quieren los vecinos de Villa\u00bb se expresa Castro en relaci\u00f3n al uso de la fracci\u00f3n de &#8216;La Trochita&#8217;.<\/p>\n<p>\u00abEl problema frente a esta cuesti\u00f3n es la explotaci\u00f3n comercial. Yo particularmente estoy totalmente en contra de que se avance en pensar en licitar para que se hagan caba\u00f1as o se ponga un hotel. Lo estuvimos hablando en el bloque, pero yo personalmente estoy totalmente en contra\u00bb, aprovecha el espacio para compartir su posici\u00f3n con respecto a los dichos trascendidos. \u00abHay que buscar qu\u00e9 se puede hacer ah\u00ed adentro, pero que sea municipal, que sea nuestro y no buscar para el lado de las inversiones privadas. Yo creo que es un terreno para aprovecharlo como Municipio\u00bb.<\/p>\n<p>&nbsp;<\/p>\n<p><a href=\"https:\/\/www.noticiasradioreflejos.com.ar\/2021\/el-finde-que-paso-con-esto-de-la-nieve-tuvimos-un-porcentaje-de-entre-55-a-60-mejor-que-el-anterior\/bandera-club-hotel-1\/\" rel=\"attachment wp-att-120784\"><img loading=\"lazy\" decoding=\"async\" class=\"aligncenter size-full wp-image-120784\" src=\"https:\/\/www.noticiasradioreflejos.com.ar\/2021\/wp-content\/uploads\/2025\/06\/Bandera-Club-Hotel-1.jpg\" alt=\"\" width=\"1600\" height=\"720\" srcset=\"https:\/\/www.noticiasradioreflejos.com.ar\/2021\/wp-content\/uploads\/2025\/06\/Bandera-Club-Hotel-1.jpg 1600w, https:\/\/www.noticiasradioreflejos.com.ar\/2021\/wp-content\/uploads\/2025\/06\/Bandera-Club-Hotel-1-300x135.jpg 300w, https:\/\/www.noticiasradioreflejos.com.ar\/2021\/wp-content\/uploads\/2025\/06\/Bandera-Club-Hotel-1-1024x461.jpg 1024w, https:\/\/www.noticiasradioreflejos.com.ar\/2021\/wp-content\/uploads\/2025\/06\/Bandera-Club-Hotel-1-768x346.jpg 768w, https:\/\/www.noticiasradioreflejos.com.ar\/2021\/wp-content\/uploads\/2025\/06\/Bandera-Club-Hotel-1-1536x691.jpg 1536w, https:\/\/www.noticiasradioreflejos.com.ar\/2021\/wp-content\/uploads\/2025\/06\/Bandera-Club-Hotel-1-750x338.jpg 750w, https:\/\/www.noticiasradioreflejos.com.ar\/2021\/wp-content\/uploads\/2025\/06\/Bandera-Club-Hotel-1-1140x513.jpg 1140w\" sizes=\"auto, (max-width: 1600px) 100vw, 1600px\" \/><\/a><\/p>\n<p>&nbsp;<\/p>\n<p>En un segundo momento de la entrevista, Luis comparte su posici\u00f3n con respecto a la actualidad del gobierno Nacional y los hechos de corrupci\u00f3n difundidos a trav\u00e9s de los medios de comunicaci\u00f3n. \u00abLo que pas\u00f3 con el ex candidato Espert, que tiene que ver con el financiamiento de la campa\u00f1a que ser\u00eda a trav\u00e9s de un presunto narcotraficante, hecha a la luz algo que sabemos que pasa en pol\u00edtica. Ensucia la pol\u00edtica, hacen desconfiar. genera un descreimiento bastante grande, frustra de vuelta a gran parte de la sociedad\u00bb.<\/p>\n<p>\u00abEl financiamiento de los espacios pol\u00edticos es gris en muchos casos. Ahora sale a la luz una cuesti\u00f3n, de que cualquiera quiere ser presidente y aparece un narco y te financia. Estos sectores aprovechan para lavar plata. Es un tema que tiene que ser discutido y el financiamiento de los partidos pol\u00edticos tiene que ser transparentado\u00bb, sostiene. \u00abEstamos en un contexto dif\u00edcil y creo que vamos derecho a otro fracaso\u00bb, cierra la nota.<\/p>\n<p>&nbsp;<\/p>\n<audio class=\"wp-audio-shortcode\" id=\"audio-126237-1\" preload=\"none\" style=\"width: 100%;\" controls=\"controls\"><source type=\"audio\/mpeg\" src=\"https:\/\/www.noticiasradioreflejos.com.ar\/2021\/wp-content\/uploads\/2025\/10\/Luis-Castrol-07-10.mp3?_=1\" \/><a href=\"https:\/\/www.noticiasradioreflejos.com.ar\/2021\/wp-content\/uploads\/2025\/10\/Luis-Castrol-07-10.mp3\">https:\/\/www.noticiasradioreflejos.com.ar\/2021\/wp-content\/uploads\/2025\/10\/Luis-Castrol-07-10.mp3<\/a><\/audio>\n","protected":false},"excerpt":{"rendered":"<p>El Bloque de Concejales opositores solicita medida de no innovar hasta que se formalice el proyecto de revalorizaci\u00f3n y se realice una audiencia p\u00fablica para escuchar a los vecinos.<\/p>\n","protected":false},"author":3,"featured_media":119789,"comment_status":"closed","ping_status":"closed","sticky":false,"template":"","format":"standard","meta":{"footnotes":""},"categories":[24],"tags":[48],"class_list":["post-126237","post","type-post","status-publish","format-standard","has-post-thumbnail","hentry","category-politica","tag-destacada"],"yoast_head":"<!-- This site is optimized with the Yoast SEO plugin v25.9 - https:\/\/yoast.com\/wordpress\/plugins\/seo\/ -->\n<title>Predio del Club Hotel: &quot;trascendi\u00f3 que una parte de esas tierras se podr\u00eda destinar a hacer alojamientos ah\u00ed, eso es lo que m\u00e1s hizo ruido&quot; - Noticias Radio Reflejos<\/title>\n<meta name=\"robots\" content=\"index, follow, max-snippet:-1, max-image-preview:large, max-video-preview:-1\" \/>\n<link rel=\"canonical\" href=\"https:\/\/www.noticiasradioreflejos.com.ar\/2021\/predio-del-club-hotel-trascendio-que-una-parte-de-esas-tierras-se-podria-destinar-a-hacer-alojamientos-ahi-eso-es-lo-que-mas-hizo-ruido\/\" \/>\n<meta property=\"og:locale\" content=\"es_ES\" \/>\n<meta property=\"og:type\" content=\"article\" \/>\n<meta property=\"og:title\" content=\"Predio del Club Hotel: &quot;trascendi\u00f3 que una parte de esas tierras se podr\u00eda destinar a hacer alojamientos ah\u00ed, eso es lo que m\u00e1s hizo ruido&quot; - Noticias Radio Reflejos\" \/>\n<meta property=\"og:description\" content=\"El Bloque de Concejales opositores solicita medida de no innovar hasta que se formalice el proyecto de revalorizaci\u00f3n y se realice una audiencia p\u00fablica para escuchar a los vecinos.\" \/>\n<meta property=\"og:url\" content=\"https:\/\/www.noticiasradioreflejos.com.ar\/2021\/predio-del-club-hotel-trascendio-que-una-parte-de-esas-tierras-se-podria-destinar-a-hacer-alojamientos-ahi-eso-es-lo-que-mas-hizo-ruido\/\" \/>\n<meta property=\"og:site_name\" content=\"Noticias Radio Reflejos\" \/>\n<meta property=\"article:published_time\" content=\"2025-10-07T20:30:05+00:00\" \/>\n<meta property=\"og:image\" content=\"https:\/\/www.noticiasradioreflejos.com.ar\/2021\/wp-content\/uploads\/2025\/06\/club-hotel-de-la-ventana-2-scaled.jpg\" \/>\n\t<meta property=\"og:image:width\" content=\"2560\" \/>\n\t<meta property=\"og:image:height\" content=\"1438\" \/>\n\t<meta property=\"og:image:type\" content=\"image\/jpeg\" \/>\n<meta name=\"author\" content=\"Arnaldo Botto\" \/>\n<meta name=\"twitter:card\" content=\"summary_large_image\" \/>\n<script type=\"application\/ld+json\" class=\"yoast-schema-graph\">{\"@context\":\"https:\/\/schema.org\",\"@graph\":[{\"@type\":\"WebPage\",\"@id\":\"https:\/\/www.noticiasradioreflejos.com.ar\/2021\/predio-del-club-hotel-trascendio-que-una-parte-de-esas-tierras-se-podria-destinar-a-hacer-alojamientos-ahi-eso-es-lo-que-mas-hizo-ruido\/\",\"url\":\"https:\/\/www.noticiasradioreflejos.com.ar\/2021\/predio-del-club-hotel-trascendio-que-una-parte-de-esas-tierras-se-podria-destinar-a-hacer-alojamientos-ahi-eso-es-lo-que-mas-hizo-ruido\/\",\"name\":\"Predio del Club Hotel: \\\"trascendi\u00f3 que una parte de esas tierras se podr\u00eda destinar a hacer alojamientos ah\u00ed, eso es lo que m\u00e1s hizo ruido\\\" - Noticias Radio Reflejos\",\"isPartOf\":{\"@id\":\"https:\/\/www.noticiasradioreflejos.com.ar\/2021\/#website\"},\"primaryImageOfPage\":{\"@id\":\"https:\/\/www.noticiasradioreflejos.com.ar\/2021\/predio-del-club-hotel-trascendio-que-una-parte-de-esas-tierras-se-podria-destinar-a-hacer-alojamientos-ahi-eso-es-lo-que-mas-hizo-ruido\/#primaryimage\"},\"image\":{\"@id\":\"https:\/\/www.noticiasradioreflejos.com.ar\/2021\/predio-del-club-hotel-trascendio-que-una-parte-de-esas-tierras-se-podria-destinar-a-hacer-alojamientos-ahi-eso-es-lo-que-mas-hizo-ruido\/#primaryimage\"},\"thumbnailUrl\":\"https:\/\/www.noticiasradioreflejos.com.ar\/2021\/wp-content\/uploads\/2025\/06\/club-hotel-de-la-ventana-2-scaled.jpg\",\"datePublished\":\"2025-10-07T20:30:05+00:00\",\"author\":{\"@id\":\"https:\/\/www.noticiasradioreflejos.com.ar\/2021\/#\/schema\/person\/ad82545263dcc5ec0996818884fd5fb1\"},\"breadcrumb\":{\"@id\":\"https:\/\/www.noticiasradioreflejos.com.ar\/2021\/predio-del-club-hotel-trascendio-que-una-parte-de-esas-tierras-se-podria-destinar-a-hacer-alojamientos-ahi-eso-es-lo-que-mas-hizo-ruido\/#breadcrumb\"},\"inLanguage\":\"es\",\"potentialAction\":[{\"@type\":\"ReadAction\",\"target\":[\"https:\/\/www.noticiasradioreflejos.com.ar\/2021\/predio-del-club-hotel-trascendio-que-una-parte-de-esas-tierras-se-podria-destinar-a-hacer-alojamientos-ahi-eso-es-lo-que-mas-hizo-ruido\/\"]}]},{\"@type\":\"ImageObject\",\"inLanguage\":\"es\",\"@id\":\"https:\/\/www.noticiasradioreflejos.com.ar\/2021\/predio-del-club-hotel-trascendio-que-una-parte-de-esas-tierras-se-podria-destinar-a-hacer-alojamientos-ahi-eso-es-lo-que-mas-hizo-ruido\/#primaryimage\",\"url\":\"https:\/\/www.noticiasradioreflejos.com.ar\/2021\/wp-content\/uploads\/2025\/06\/club-hotel-de-la-ventana-2-scaled.jpg\",\"contentUrl\":\"https:\/\/www.noticiasradioreflejos.com.ar\/2021\/wp-content\/uploads\/2025\/06\/club-hotel-de-la-ventana-2-scaled.jpg\",\"width\":2560,\"height\":1438},{\"@type\":\"BreadcrumbList\",\"@id\":\"https:\/\/www.noticiasradioreflejos.com.ar\/2021\/predio-del-club-hotel-trascendio-que-una-parte-de-esas-tierras-se-podria-destinar-a-hacer-alojamientos-ahi-eso-es-lo-que-mas-hizo-ruido\/#breadcrumb\",\"itemListElement\":[{\"@type\":\"ListItem\",\"position\":1,\"name\":\"Portada\",\"item\":\"https:\/\/www.noticiasradioreflejos.com.ar\/2021\/\"},{\"@type\":\"ListItem\",\"position\":2,\"name\":\"Predio del Club Hotel: \u00abtrascendi\u00f3 que una parte de esas tierras se podr\u00eda destinar a hacer alojamientos ah\u00ed, eso es lo que m\u00e1s hizo ruido\u00bb\"}]},{\"@type\":\"WebSite\",\"@id\":\"https:\/\/www.noticiasradioreflejos.com.ar\/2021\/#website\",\"url\":\"https:\/\/www.noticiasradioreflejos.com.ar\/2021\/\",\"name\":\"Noticias Radio Reflejos\",\"description\":\"Las noticias de mi comarca\",\"potentialAction\":[{\"@type\":\"SearchAction\",\"target\":{\"@type\":\"EntryPoint\",\"urlTemplate\":\"https:\/\/www.noticiasradioreflejos.com.ar\/2021\/?s={search_term_string}\"},\"query-input\":{\"@type\":\"PropertyValueSpecification\",\"valueRequired\":true,\"valueName\":\"search_term_string\"}}],\"inLanguage\":\"es\"},{\"@type\":\"Person\",\"@id\":\"https:\/\/www.noticiasradioreflejos.com.ar\/2021\/#\/schema\/person\/ad82545263dcc5ec0996818884fd5fb1\",\"name\":\"Arnaldo Botto\",\"image\":{\"@type\":\"ImageObject\",\"inLanguage\":\"es\",\"@id\":\"https:\/\/www.noticiasradioreflejos.com.ar\/2021\/#\/schema\/person\/image\/\",\"url\":\"https:\/\/secure.gravatar.com\/avatar\/55cb5e37c1efa326397366e6974cb338056df65cb50e7d64d1cf314e87504837?s=96&d=mm&r=g\",\"contentUrl\":\"https:\/\/secure.gravatar.com\/avatar\/55cb5e37c1efa326397366e6974cb338056df65cb50e7d64d1cf314e87504837?s=96&d=mm&r=g\",\"caption\":\"Arnaldo Botto\"},\"url\":\"https:\/\/www.noticiasradioreflejos.com.ar\/2021\/author\/arnaldo\/\"}]}<\/script>\n<!-- \/ Yoast SEO plugin. -->","yoast_head_json":{"title":"Predio del Club Hotel: \"trascendi\u00f3 que una parte de esas tierras se podr\u00eda destinar a hacer alojamientos ah\u00ed, eso es lo que m\u00e1s hizo ruido\" - Noticias Radio Reflejos","robots":{"index":"index","follow":"follow","max-snippet":"max-snippet:-1","max-image-preview":"max-image-preview:large","max-video-preview":"max-video-preview:-1"},"canonical":"https:\/\/www.noticiasradioreflejos.com.ar\/2021\/predio-del-club-hotel-trascendio-que-una-parte-de-esas-tierras-se-podria-destinar-a-hacer-alojamientos-ahi-eso-es-lo-que-mas-hizo-ruido\/","og_locale":"es_ES","og_type":"article","og_title":"Predio del Club Hotel: \"trascendi\u00f3 que una parte de esas tierras se podr\u00eda destinar a hacer alojamientos ah\u00ed, eso es lo que m\u00e1s hizo ruido\" - Noticias Radio Reflejos","og_description":"El Bloque de Concejales opositores solicita medida de no innovar hasta que se formalice el proyecto de revalorizaci\u00f3n y se realice una audiencia p\u00fablica para escuchar a los vecinos.","og_url":"https:\/\/www.noticiasradioreflejos.com.ar\/2021\/predio-del-club-hotel-trascendio-que-una-parte-de-esas-tierras-se-podria-destinar-a-hacer-alojamientos-ahi-eso-es-lo-que-mas-hizo-ruido\/","og_site_name":"Noticias Radio Reflejos","article_published_time":"2025-10-07T20:30:05+00:00","og_image":[{"width":2560,"height":1438,"url":"https:\/\/www.noticiasradioreflejos.com.ar\/2021\/wp-content\/uploads\/2025\/06\/club-hotel-de-la-ventana-2-scaled.jpg","type":"image\/jpeg"}],"author":"Arnaldo Botto","twitter_card":"summary_large_image","schema":{"@context":"https:\/\/schema.org","@graph":[{"@type":"WebPage","@id":"https:\/\/www.noticiasradioreflejos.com.ar\/2021\/predio-del-club-hotel-trascendio-que-una-parte-de-esas-tierras-se-podria-destinar-a-hacer-alojamientos-ahi-eso-es-lo-que-mas-hizo-ruido\/","url":"https:\/\/www.noticiasradioreflejos.com.ar\/2021\/predio-del-club-hotel-trascendio-que-una-parte-de-esas-tierras-se-podria-destinar-a-hacer-alojamientos-ahi-eso-es-lo-que-mas-hizo-ruido\/","name":"Predio del Club Hotel: \"trascendi\u00f3 que una parte de esas tierras se podr\u00eda destinar a hacer alojamientos ah\u00ed, eso es lo que m\u00e1s hizo ruido\" - Noticias Radio Reflejos","isPartOf":{"@id":"https:\/\/www.noticiasradioreflejos.com.ar\/2021\/#website"},"primaryImageOfPage":{"@id":"https:\/\/www.noticiasradioreflejos.com.ar\/2021\/predio-del-club-hotel-trascendio-que-una-parte-de-esas-tierras-se-podria-destinar-a-hacer-alojamientos-ahi-eso-es-lo-que-mas-hizo-ruido\/#primaryimage"},"image":{"@id":"https:\/\/www.noticiasradioreflejos.com.ar\/2021\/predio-del-club-hotel-trascendio-que-una-parte-de-esas-tierras-se-podria-destinar-a-hacer-alojamientos-ahi-eso-es-lo-que-mas-hizo-ruido\/#primaryimage"},"thumbnailUrl":"https:\/\/www.noticiasradioreflejos.com.ar\/2021\/wp-content\/uploads\/2025\/06\/club-hotel-de-la-ventana-2-scaled.jpg","datePublished":"2025-10-07T20:30:05+00:00","author":{"@id":"https:\/\/www.noticiasradioreflejos.com.ar\/2021\/#\/schema\/person\/ad82545263dcc5ec0996818884fd5fb1"},"breadcrumb":{"@id":"https:\/\/www.noticiasradioreflejos.com.ar\/2021\/predio-del-club-hotel-trascendio-que-una-parte-de-esas-tierras-se-podria-destinar-a-hacer-alojamientos-ahi-eso-es-lo-que-mas-hizo-ruido\/#breadcrumb"},"inLanguage":"es","potentialAction":[{"@type":"ReadAction","target":["https:\/\/www.noticiasradioreflejos.com.ar\/2021\/predio-del-club-hotel-trascendio-que-una-parte-de-esas-tierras-se-podria-destinar-a-hacer-alojamientos-ahi-eso-es-lo-que-mas-hizo-ruido\/"]}]},{"@type":"ImageObject","inLanguage":"es","@id":"https:\/\/www.noticiasradioreflejos.com.ar\/2021\/predio-del-club-hotel-trascendio-que-una-parte-de-esas-tierras-se-podria-destinar-a-hacer-alojamientos-ahi-eso-es-lo-que-mas-hizo-ruido\/#primaryimage","url":"https:\/\/www.noticiasradioreflejos.com.ar\/2021\/wp-content\/uploads\/2025\/06\/club-hotel-de-la-ventana-2-scaled.jpg","contentUrl":"https:\/\/www.noticiasradioreflejos.com.ar\/2021\/wp-content\/uploads\/2025\/06\/club-hotel-de-la-ventana-2-scaled.jpg","width":2560,"height":1438},{"@type":"BreadcrumbList","@id":"https:\/\/www.noticiasradioreflejos.com.ar\/2021\/predio-del-club-hotel-trascendio-que-una-parte-de-esas-tierras-se-podria-destinar-a-hacer-alojamientos-ahi-eso-es-lo-que-mas-hizo-ruido\/#breadcrumb","itemListElement":[{"@type":"ListItem","position":1,"name":"Portada","item":"https:\/\/www.noticiasradioreflejos.com.ar\/2021\/"},{"@type":"ListItem","position":2,"name":"Predio del Club Hotel: \u00abtrascendi\u00f3 que una parte de esas tierras se podr\u00eda destinar a hacer alojamientos ah\u00ed, eso es lo que m\u00e1s hizo ruido\u00bb"}]},{"@type":"WebSite","@id":"https:\/\/www.noticiasradioreflejos.com.ar\/2021\/#website","url":"https:\/\/www.noticiasradioreflejos.com.ar\/2021\/","name":"Noticias Radio Reflejos","description":"Las noticias de mi comarca","potentialAction":[{"@type":"SearchAction","target":{"@type":"EntryPoint","urlTemplate":"https:\/\/www.noticiasradioreflejos.com.ar\/2021\/?s={search_term_string}"},"query-input":{"@type":"PropertyValueSpecification","valueRequired":true,"valueName":"search_term_string"}}],"inLanguage":"es"},{"@type":"Person","@id":"https:\/\/www.noticiasradioreflejos.com.ar\/2021\/#\/schema\/person\/ad82545263dcc5ec0996818884fd5fb1","name":"Arnaldo Botto","image":{"@type":"ImageObject","inLanguage":"es","@id":"https:\/\/www.noticiasradioreflejos.com.ar\/2021\/#\/schema\/person\/image\/","url":"https:\/\/secure.gravatar.com\/avatar\/55cb5e37c1efa326397366e6974cb338056df65cb50e7d64d1cf314e87504837?s=96&d=mm&r=g","contentUrl":"https:\/\/secure.gravatar.com\/avatar\/55cb5e37c1efa326397366e6974cb338056df65cb50e7d64d1cf314e87504837?s=96&d=mm&r=g","caption":"Arnaldo Botto"},"url":"https:\/\/www.noticiasradioreflejos.com.ar\/2021\/author\/arnaldo\/"}]}},"_links":{"self":[{"href":"https:\/\/www.noticiasradioreflejos.com.ar\/2021\/wp-json\/wp\/v2\/posts\/126237","targetHints":{"allow":["GET"]}}],"collection":[{"href":"https:\/\/www.noticiasradioreflejos.com.ar\/2021\/wp-json\/wp\/v2\/posts"}],"about":[{"href":"https:\/\/www.noticiasradioreflejos.com.ar\/2021\/wp-json\/wp\/v2\/types\/post"}],"author":[{"embeddable":true,"href":"https:\/\/www.noticiasradioreflejos.com.ar\/2021\/wp-json\/wp\/v2\/users\/3"}],"replies":[{"embeddable":true,"href":"https:\/\/www.noticiasradioreflejos.com.ar\/2021\/wp-json\/wp\/v2\/comments?post=126237"}],"version-history":[{"count":3,"href":"https:\/\/www.noticiasradioreflejos.com.ar\/2021\/wp-json\/wp\/v2\/posts\/126237\/revisions"}],"predecessor-version":[{"id":126285,"href":"https:\/\/www.noticiasradioreflejos.com.ar\/2021\/wp-json\/wp\/v2\/posts\/126237\/revisions\/126285"}],"wp:featuredmedia":[{"embeddable":true,"href":"https:\/\/www.noticiasradioreflejos.com.ar\/2021\/wp-json\/wp\/v2\/media\/119789"}],"wp:attachment":[{"href":"https:\/\/www.noticiasradioreflejos.com.ar\/2021\/wp-json\/wp\/v2\/media?parent=126237"}],"wp:term":[{"taxonomy":"category","embeddable":true,"href":"https:\/\/www.noticiasradioreflejos.com.ar\/2021\/wp-json\/wp\/v2\/categories?post=126237"},{"taxonomy":"post_tag","embeddable":true,"href":"https:\/\/www.noticiasradioreflejos.com.ar\/2021\/wp-json\/wp\/v2\/tags?post=126237"}],"curies":[{"name":"wp","href":"https:\/\/api.w.org\/{rel}","templated":true}]}}