{"id":126133,"date":"2025-10-04T08:36:04","date_gmt":"2025-10-04T11:36:04","guid":{"rendered":"https:\/\/www.noticiasradioreflejos.com.ar\/2021\/?p=126133"},"modified":"2025-10-04T08:36:04","modified_gmt":"2025-10-04T11:36:04","slug":"dia-mundial-de-los-animales-por-que-se-celebra-el-4-de-octubre","status":"publish","type":"post","link":"https:\/\/www.noticiasradioreflejos.com.ar\/2021\/dia-mundial-de-los-animales-por-que-se-celebra-el-4-de-octubre\/","title":{"rendered":"D\u00eda Mundial de los Animales: \u00bfpor qu\u00e9 se celebra el 4 de octubre?"},"content":{"rendered":"<p>La fecha recuerda a uno de los santos m\u00e1s populares de la Iglesia Cat\u00f3lica, cuyo nombre fue adoptado por Bergoglio al ser nombrado Papa.<\/p>\n<p><!--more--><br \/>\n\u00a0El <strong>4 de octubre\u00a0<\/strong>se celebra el\u00a0<strong>D\u00eda Mundial de los Animales<\/strong>, una fecha promovida por la\u00a0Organizaci\u00f3n Mundial de Protecci\u00f3n Animal, con el objetivo de frenar la extinci\u00f3n de muchas especies.<\/div>\n<\/div>\n<\/div>\n<div class=\"partner-wrapper article-page__body-row\">\n<div class=\"second-col\">\n<aside class=\"know-more know-more--with-image\">&nbsp;<\/p>\n<\/aside>\n<h2 class=\"article-text\">\u00bfPor qu\u00e9 se celebra el D\u00eda Mundial de los Animales?<\/h2>\n<p class=\"article-text\">Se eligi\u00f3 este d\u00eda en particular por coincidir con el santo de los animales,\u00a0<strong>San Francisco de As\u00eds<\/strong>, qui\u00e9n en vida, consider\u00f3 que, todos los seres que habitamos la tierra somos criaturas de Dios.<\/p>\n<p class=\"article-text\">En el a\u00f1o 1980 el Papa\u00a0Juan Pablo II, declar\u00f3 a\u00a0San Francisco de As\u00eds\u00a0patrono de los animales, acci\u00f3n que populariz\u00f3 la celebraci\u00f3n de este d\u00eda, porque cada a\u00f1o, millones de cat\u00f3licos se congregan junto con sus mascotas en las iglesias para que estas reciban la\u00a0Bendici\u00f3n de las Mascotas.<\/p>\n<p class=\"article-text\">All\u00e1 por el a\u00f1o 1.200, cuando\u00a0San Francisco de As\u00eds\u00a0era apenas un muchacho, \u00e9l dijo \u201cque debemos comprender cu\u00e1l es nuestro lugar en la Tierra, ya que nuestro bienestar est\u00e1 conectado al bienestar de todos los animales y el medio ambiente\u201d.<\/p>\n<p class=\"article-text\">Sus palabras, no fueron comprendidas para nada en aquella \u00e9poca, pero actualmente todos los seres humanos sabemos a ciencia cierta, cuan sabia y premonitoria, fue aquella frase.<\/p>\n<p class=\"article-text\">La intenci\u00f3n de celebrar el\u00a0D\u00eda Mundial de los Animales, es recordarnos que, aunque somos la especie m\u00e1s evolucionada, eso no le quita los derechos y protecci\u00f3n al resto de los animales del planeta.<\/p>\n<p class=\"article-text\">Porque todos formamos parte de una cadena conocida como\u00a0el ciclo de la vida, y la destrucci\u00f3n de cualquier especie genera grandes estragos en la naturaleza.<\/p>\n<p class=\"article-text\">Francisco de As\u00eds falleci\u00f3 el 3 de octubre de 1226,\u00a0pero, algunas corrientes religiosas, creen que esto sucedi\u00f3 al d\u00eda siguiente. Dos a\u00f1os m\u00e1s tarde, el\u00a0Papa Gregorio IX\u00a0lo canoniz\u00f3 y en 2013\u00a0Jorge Bergoglio\u00a0decidi\u00f3 adoptar su nombre por primera vez, al ser elegido como Papa. Por sus tendencias a estar acompa\u00f1ado por los animales y a vivir en contacto con la naturaleza, este santo tambi\u00e9n fue reconocido como el\u00a0patrono de animales, veterinarios y ecologistas.<\/p>\n<figure><picture class=\"news-image\"><source srcset=\"https:\/\/static.eldiario.es\/clip\/7a475255-dbbc-45ad-830d-faf03cbd08c6_16-9-discover-aspect-ratio_50p_0.webp\" type=\"image\/webp\" media=\"(max-width: 576px)\" \/><source srcset=\"https:\/\/static.eldiario.es\/clip\/7a475255-dbbc-45ad-830d-faf03cbd08c6_16-9-discover-aspect-ratio_50p_0.jpg\" type=\"image\/jpg\" media=\"(max-width: 576px)\" \/><source srcset=\"https:\/\/static.eldiario.es\/clip\/7a475255-dbbc-45ad-830d-faf03cbd08c6_16-9-discover-aspect-ratio_75p_0.webp\" type=\"image\/webp\" media=\"(max-width: 767px)\" \/><source srcset=\"https:\/\/static.eldiario.es\/clip\/7a475255-dbbc-45ad-830d-faf03cbd08c6_16-9-discover-aspect-ratio_75p_0.jpg\" type=\"image\/jpg\" media=\"(max-width: 767px)\" \/><source srcset=\"https:\/\/static.eldiario.es\/clip\/7a475255-dbbc-45ad-830d-faf03cbd08c6_16-9-discover-aspect-ratio_default_0.webp\" type=\"image\/webp\" media=\"(min-width: 768px)\" \/><source srcset=\"https:\/\/static.eldiario.es\/clip\/7a475255-dbbc-45ad-830d-faf03cbd08c6_16-9-discover-aspect-ratio_default_0.jpg\" type=\"image\/jpg\" media=\"(min-width: 768px)\" \/><source srcset=\"https:\/\/static.eldiario.es\/clip\/7a475255-dbbc-45ad-830d-faf03cbd08c6_16-9-discover-aspect-ratio_default_0.webp\" type=\"image\/webp\" \/><\/picture><\/figure>\n<h2 class=\"article-text\">La fauna argentina<\/h2>\n<p class=\"article-text\">Nuestro pa\u00eds cuenta con una gran variedad de\u00a0especies nativas, gracias al extenso y variado\u00a0territorio nacional. Algunos de los m\u00e1s destacados son:<\/p>\n<div id=\"container-after-news-outlook\"><\/div>\n<div class=\"list\">\n<ul>\n<li><strong>Carpincho:\u00a0<\/strong>se trata de un pariente de la chinchilla y el conejillo de Indias de gran tama\u00f1o, conocido en los \u00faltimos a\u00f1os por habitar los Esteros del Iber\u00e1, provincia de Corrientes, e incluso lleg\u00f3 a aparecer en barrios cerrados de Nordelta, Tigre, Provincia de Buenos Aires.<\/li>\n<li><strong>Ballena Franca Austral:<\/strong>\u00a0es uno de los animales t\u00edpicos del sur del pa\u00eds, con un largo de 12 metros y un peso de 12.000 kilos. Frecuentan la Pen\u00ednsula de Vald\u00e9s, Chubut, lugar donde miles de turistas visitan para realizar avisajes. Esta especie se encuentra en peligro de extinci\u00f3n, ya que a lo largo de los a\u00f1os su poblaci\u00f3n se redujo a los\u00a07000 ejemplares.<\/li>\n<li><strong>Yaguaret\u00e9:\u00a0<\/strong>es el felino m\u00e1s grande que se puede encontrar en Am\u00e9rica, perteneciente a la familia de panterinos. Debido a su majestuoso pelaje, este animal se ha visto amenazado en el pa\u00eds por la caza furtiva. Actualmente, existen refugios que los protegen en las provincias de Chaco, Jujuy y Misiones.<\/li>\n<li><strong>Hornero:\u00a0<\/strong>la Asociaci\u00f3n Ornitol\u00f3gica del Plata denomin\u00f3 a esta especie como Ave de la Patria o Ave Nacional, famoso por su t\u00e9cnica de construcci\u00f3n de nidos. Esta especie utiliza barro y paja, para formar una figura s\u00f3lida que simula a la de un horno, lo que inspir\u00f3 su nombre.<\/li>\n<li><strong>Guanaco:<\/strong>\u00a0es uno de los animales m\u00e1s caracter\u00edsticos del norte del pa\u00eds, que frecuenta mayormente la provincia de Jujuy. Pertenece a la familia de cam\u00e9lidos sudamericanos y se cree que la mayor parte de su poblaci\u00f3n total se encuentra en Argentina.<\/li>\n<\/ul>\n<\/div>\n<figure><picture class=\"news-image\"><source srcset=\"https:\/\/static.eldiario.es\/clip\/cb0cc98b-be8b-4482-a0e5-2628136affdc_16-9-discover-aspect-ratio_50p_0.webp\" type=\"image\/webp\" media=\"(max-width: 576px)\" \/><source srcset=\"https:\/\/static.eldiario.es\/clip\/cb0cc98b-be8b-4482-a0e5-2628136affdc_16-9-discover-aspect-ratio_50p_0.jpg\" type=\"image\/jpg\" media=\"(max-width: 576px)\" \/><source srcset=\"https:\/\/static.eldiario.es\/clip\/cb0cc98b-be8b-4482-a0e5-2628136affdc_16-9-discover-aspect-ratio_75p_0.webp\" type=\"image\/webp\" media=\"(max-width: 767px)\" \/><source srcset=\"https:\/\/static.eldiario.es\/clip\/cb0cc98b-be8b-4482-a0e5-2628136affdc_16-9-discover-aspect-ratio_75p_0.jpg\" type=\"image\/jpg\" media=\"(max-width: 767px)\" \/><source srcset=\"https:\/\/static.eldiario.es\/clip\/cb0cc98b-be8b-4482-a0e5-2628136affdc_16-9-discover-aspect-ratio_default_0.webp\" type=\"image\/webp\" media=\"(min-width: 768px)\" \/><source srcset=\"https:\/\/static.eldiario.es\/clip\/cb0cc98b-be8b-4482-a0e5-2628136affdc_16-9-discover-aspect-ratio_default_0.jpg\" type=\"image\/jpg\" media=\"(min-width: 768px)\" \/><source srcset=\"https:\/\/static.eldiario.es\/clip\/cb0cc98b-be8b-4482-a0e5-2628136affdc_16-9-discover-aspect-ratio_default_0.webp\" type=\"image\/webp\" \/><img decoding=\"async\" class=\"lazy entered loaded\" src=\"https:\/\/static.eldiario.es\/clip\/cb0cc98b-be8b-4482-a0e5-2628136affdc_16-9-discover-aspect-ratio_default_0.jpg\" alt=\"\" data-src=\"https:\/\/static.eldiario.es\/clip\/cb0cc98b-be8b-4482-a0e5-2628136affdc_16-9-discover-aspect-ratio_default_0.jpg\" data-ll-status=\"loaded\" \/><\/picture><\/figure>\n<h2 class=\"article-text\">\u00bfC\u00f3mo podemos celebrarlo?<\/h2>\n<p class=\"article-text\">La mejor forma de celebrar este d\u00eda, es\u00a0respetando a todos los seres vivos que conviven con nosotros en el planeta. Tambi\u00e9n asistiendo o realizando actividades educativas que promuevan en las generaciones m\u00e1s j\u00f3venes un sano inter\u00e9s por los animales.<\/p>\n<p>&nbsp;<\/p>\n<p class=\"article-text\"><strong><em>NB &#8211; <\/em>elDiarioAR<\/strong><\/p>\n<div class=\"info-wrapper\">\n<div class=\"date-comments-wrapper\"><\/div>\n<\/div>\n<div class=\"twitter-wrapper\"><\/div>\n<\/div>\n<\/div>\n<\/div>\n<\/div>\n","protected":false},"excerpt":{"rendered":"<p>La fecha recuerda a uno de los santos m\u00e1s populares de la Iglesia Cat\u00f3lica, cuyo nombre fue adoptado por Bergoglio al ser nombrado Papa.<\/p>\n","protected":false},"author":3,"featured_media":126134,"comment_status":"closed","ping_status":"closed","sticky":false,"template":"","format":"standard","meta":{"footnotes":""},"categories":[26],"tags":[48],"class_list":["post-126133","post","type-post","status-publish","format-standard","has-post-thumbnail","hentry","category-sociedad","tag-destacada"],"yoast_head":"<!-- This site is optimized with the Yoast SEO plugin v25.9 - https:\/\/yoast.com\/wordpress\/plugins\/seo\/ -->\n<title>D\u00eda Mundial de los Animales: \u00bfpor qu\u00e9 se celebra el 4 de octubre? - Noticias Radio Reflejos<\/title>\n<meta name=\"robots\" content=\"index, follow, max-snippet:-1, max-image-preview:large, max-video-preview:-1\" \/>\n<link rel=\"canonical\" href=\"https:\/\/www.noticiasradioreflejos.com.ar\/2021\/dia-mundial-de-los-animales-por-que-se-celebra-el-4-de-octubre\/\" \/>\n<meta property=\"og:locale\" content=\"es_ES\" \/>\n<meta property=\"og:type\" content=\"article\" \/>\n<meta property=\"og:title\" content=\"D\u00eda Mundial de los Animales: \u00bfpor qu\u00e9 se celebra el 4 de octubre? - Noticias Radio Reflejos\" \/>\n<meta property=\"og:description\" content=\"La fecha recuerda a uno de los santos m\u00e1s populares de la Iglesia Cat\u00f3lica, cuyo nombre fue adoptado por Bergoglio al ser nombrado Papa.\" \/>\n<meta property=\"og:url\" content=\"https:\/\/www.noticiasradioreflejos.com.ar\/2021\/dia-mundial-de-los-animales-por-que-se-celebra-el-4-de-octubre\/\" \/>\n<meta property=\"og:site_name\" content=\"Noticias Radio Reflejos\" \/>\n<meta property=\"article:published_time\" content=\"2025-10-04T11:36:04+00:00\" \/>\n<meta property=\"og:image\" content=\"https:\/\/www.noticiasradioreflejos.com.ar\/2021\/wp-content\/uploads\/2025\/10\/Animales-dia.jpg\" \/>\n\t<meta property=\"og:image:width\" content=\"1200\" \/>\n\t<meta property=\"og:image:height\" content=\"664\" \/>\n\t<meta property=\"og:image:type\" content=\"image\/jpeg\" \/>\n<meta name=\"author\" content=\"Arnaldo Botto\" \/>\n<meta name=\"twitter:card\" content=\"summary_large_image\" \/>\n<script type=\"application\/ld+json\" class=\"yoast-schema-graph\">{\"@context\":\"https:\/\/schema.org\",\"@graph\":[{\"@type\":\"WebPage\",\"@id\":\"https:\/\/www.noticiasradioreflejos.com.ar\/2021\/dia-mundial-de-los-animales-por-que-se-celebra-el-4-de-octubre\/\",\"url\":\"https:\/\/www.noticiasradioreflejos.com.ar\/2021\/dia-mundial-de-los-animales-por-que-se-celebra-el-4-de-octubre\/\",\"name\":\"D\u00eda Mundial de los Animales: \u00bfpor qu\u00e9 se celebra el 4 de octubre? - Noticias Radio Reflejos\",\"isPartOf\":{\"@id\":\"https:\/\/www.noticiasradioreflejos.com.ar\/2021\/#website\"},\"primaryImageOfPage\":{\"@id\":\"https:\/\/www.noticiasradioreflejos.com.ar\/2021\/dia-mundial-de-los-animales-por-que-se-celebra-el-4-de-octubre\/#primaryimage\"},\"image\":{\"@id\":\"https:\/\/www.noticiasradioreflejos.com.ar\/2021\/dia-mundial-de-los-animales-por-que-se-celebra-el-4-de-octubre\/#primaryimage\"},\"thumbnailUrl\":\"https:\/\/www.noticiasradioreflejos.com.ar\/2021\/wp-content\/uploads\/2025\/10\/Animales-dia.jpg\",\"datePublished\":\"2025-10-04T11:36:04+00:00\",\"author\":{\"@id\":\"https:\/\/www.noticiasradioreflejos.com.ar\/2021\/#\/schema\/person\/ad82545263dcc5ec0996818884fd5fb1\"},\"breadcrumb\":{\"@id\":\"https:\/\/www.noticiasradioreflejos.com.ar\/2021\/dia-mundial-de-los-animales-por-que-se-celebra-el-4-de-octubre\/#breadcrumb\"},\"inLanguage\":\"es\",\"potentialAction\":[{\"@type\":\"ReadAction\",\"target\":[\"https:\/\/www.noticiasradioreflejos.com.ar\/2021\/dia-mundial-de-los-animales-por-que-se-celebra-el-4-de-octubre\/\"]}]},{\"@type\":\"ImageObject\",\"inLanguage\":\"es\",\"@id\":\"https:\/\/www.noticiasradioreflejos.com.ar\/2021\/dia-mundial-de-los-animales-por-que-se-celebra-el-4-de-octubre\/#primaryimage\",\"url\":\"https:\/\/www.noticiasradioreflejos.com.ar\/2021\/wp-content\/uploads\/2025\/10\/Animales-dia.jpg\",\"contentUrl\":\"https:\/\/www.noticiasradioreflejos.com.ar\/2021\/wp-content\/uploads\/2025\/10\/Animales-dia.jpg\",\"width\":1200,\"height\":664},{\"@type\":\"BreadcrumbList\",\"@id\":\"https:\/\/www.noticiasradioreflejos.com.ar\/2021\/dia-mundial-de-los-animales-por-que-se-celebra-el-4-de-octubre\/#breadcrumb\",\"itemListElement\":[{\"@type\":\"ListItem\",\"position\":1,\"name\":\"Portada\",\"item\":\"https:\/\/www.noticiasradioreflejos.com.ar\/2021\/\"},{\"@type\":\"ListItem\",\"position\":2,\"name\":\"D\u00eda Mundial de los Animales: \u00bfpor qu\u00e9 se celebra el 4 de octubre?\"}]},{\"@type\":\"WebSite\",\"@id\":\"https:\/\/www.noticiasradioreflejos.com.ar\/2021\/#website\",\"url\":\"https:\/\/www.noticiasradioreflejos.com.ar\/2021\/\",\"name\":\"Noticias Radio Reflejos\",\"description\":\"Las noticias de mi comarca\",\"potentialAction\":[{\"@type\":\"SearchAction\",\"target\":{\"@type\":\"EntryPoint\",\"urlTemplate\":\"https:\/\/www.noticiasradioreflejos.com.ar\/2021\/?s={search_term_string}\"},\"query-input\":{\"@type\":\"PropertyValueSpecification\",\"valueRequired\":true,\"valueName\":\"search_term_string\"}}],\"inLanguage\":\"es\"},{\"@type\":\"Person\",\"@id\":\"https:\/\/www.noticiasradioreflejos.com.ar\/2021\/#\/schema\/person\/ad82545263dcc5ec0996818884fd5fb1\",\"name\":\"Arnaldo Botto\",\"image\":{\"@type\":\"ImageObject\",\"inLanguage\":\"es\",\"@id\":\"https:\/\/www.noticiasradioreflejos.com.ar\/2021\/#\/schema\/person\/image\/\",\"url\":\"https:\/\/secure.gravatar.com\/avatar\/55cb5e37c1efa326397366e6974cb338056df65cb50e7d64d1cf314e87504837?s=96&d=mm&r=g\",\"contentUrl\":\"https:\/\/secure.gravatar.com\/avatar\/55cb5e37c1efa326397366e6974cb338056df65cb50e7d64d1cf314e87504837?s=96&d=mm&r=g\",\"caption\":\"Arnaldo Botto\"},\"url\":\"https:\/\/www.noticiasradioreflejos.com.ar\/2021\/author\/arnaldo\/\"}]}<\/script>\n<!-- \/ Yoast SEO plugin. -->","yoast_head_json":{"title":"D\u00eda Mundial de los Animales: \u00bfpor qu\u00e9 se celebra el 4 de octubre? - Noticias Radio Reflejos","robots":{"index":"index","follow":"follow","max-snippet":"max-snippet:-1","max-image-preview":"max-image-preview:large","max-video-preview":"max-video-preview:-1"},"canonical":"https:\/\/www.noticiasradioreflejos.com.ar\/2021\/dia-mundial-de-los-animales-por-que-se-celebra-el-4-de-octubre\/","og_locale":"es_ES","og_type":"article","og_title":"D\u00eda Mundial de los Animales: \u00bfpor qu\u00e9 se celebra el 4 de octubre? - Noticias Radio Reflejos","og_description":"La fecha recuerda a uno de los santos m\u00e1s populares de la Iglesia Cat\u00f3lica, cuyo nombre fue adoptado por Bergoglio al ser nombrado Papa.","og_url":"https:\/\/www.noticiasradioreflejos.com.ar\/2021\/dia-mundial-de-los-animales-por-que-se-celebra-el-4-de-octubre\/","og_site_name":"Noticias Radio Reflejos","article_published_time":"2025-10-04T11:36:04+00:00","og_image":[{"width":1200,"height":664,"url":"https:\/\/www.noticiasradioreflejos.com.ar\/2021\/wp-content\/uploads\/2025\/10\/Animales-dia.jpg","type":"image\/jpeg"}],"author":"Arnaldo Botto","twitter_card":"summary_large_image","schema":{"@context":"https:\/\/schema.org","@graph":[{"@type":"WebPage","@id":"https:\/\/www.noticiasradioreflejos.com.ar\/2021\/dia-mundial-de-los-animales-por-que-se-celebra-el-4-de-octubre\/","url":"https:\/\/www.noticiasradioreflejos.com.ar\/2021\/dia-mundial-de-los-animales-por-que-se-celebra-el-4-de-octubre\/","name":"D\u00eda Mundial de los Animales: \u00bfpor qu\u00e9 se celebra el 4 de octubre? - Noticias Radio Reflejos","isPartOf":{"@id":"https:\/\/www.noticiasradioreflejos.com.ar\/2021\/#website"},"primaryImageOfPage":{"@id":"https:\/\/www.noticiasradioreflejos.com.ar\/2021\/dia-mundial-de-los-animales-por-que-se-celebra-el-4-de-octubre\/#primaryimage"},"image":{"@id":"https:\/\/www.noticiasradioreflejos.com.ar\/2021\/dia-mundial-de-los-animales-por-que-se-celebra-el-4-de-octubre\/#primaryimage"},"thumbnailUrl":"https:\/\/www.noticiasradioreflejos.com.ar\/2021\/wp-content\/uploads\/2025\/10\/Animales-dia.jpg","datePublished":"2025-10-04T11:36:04+00:00","author":{"@id":"https:\/\/www.noticiasradioreflejos.com.ar\/2021\/#\/schema\/person\/ad82545263dcc5ec0996818884fd5fb1"},"breadcrumb":{"@id":"https:\/\/www.noticiasradioreflejos.com.ar\/2021\/dia-mundial-de-los-animales-por-que-se-celebra-el-4-de-octubre\/#breadcrumb"},"inLanguage":"es","potentialAction":[{"@type":"ReadAction","target":["https:\/\/www.noticiasradioreflejos.com.ar\/2021\/dia-mundial-de-los-animales-por-que-se-celebra-el-4-de-octubre\/"]}]},{"@type":"ImageObject","inLanguage":"es","@id":"https:\/\/www.noticiasradioreflejos.com.ar\/2021\/dia-mundial-de-los-animales-por-que-se-celebra-el-4-de-octubre\/#primaryimage","url":"https:\/\/www.noticiasradioreflejos.com.ar\/2021\/wp-content\/uploads\/2025\/10\/Animales-dia.jpg","contentUrl":"https:\/\/www.noticiasradioreflejos.com.ar\/2021\/wp-content\/uploads\/2025\/10\/Animales-dia.jpg","width":1200,"height":664},{"@type":"BreadcrumbList","@id":"https:\/\/www.noticiasradioreflejos.com.ar\/2021\/dia-mundial-de-los-animales-por-que-se-celebra-el-4-de-octubre\/#breadcrumb","itemListElement":[{"@type":"ListItem","position":1,"name":"Portada","item":"https:\/\/www.noticiasradioreflejos.com.ar\/2021\/"},{"@type":"ListItem","position":2,"name":"D\u00eda Mundial de los Animales: \u00bfpor qu\u00e9 se celebra el 4 de octubre?"}]},{"@type":"WebSite","@id":"https:\/\/www.noticiasradioreflejos.com.ar\/2021\/#website","url":"https:\/\/www.noticiasradioreflejos.com.ar\/2021\/","name":"Noticias Radio Reflejos","description":"Las noticias de mi comarca","potentialAction":[{"@type":"SearchAction","target":{"@type":"EntryPoint","urlTemplate":"https:\/\/www.noticiasradioreflejos.com.ar\/2021\/?s={search_term_string}"},"query-input":{"@type":"PropertyValueSpecification","valueRequired":true,"valueName":"search_term_string"}}],"inLanguage":"es"},{"@type":"Person","@id":"https:\/\/www.noticiasradioreflejos.com.ar\/2021\/#\/schema\/person\/ad82545263dcc5ec0996818884fd5fb1","name":"Arnaldo Botto","image":{"@type":"ImageObject","inLanguage":"es","@id":"https:\/\/www.noticiasradioreflejos.com.ar\/2021\/#\/schema\/person\/image\/","url":"https:\/\/secure.gravatar.com\/avatar\/55cb5e37c1efa326397366e6974cb338056df65cb50e7d64d1cf314e87504837?s=96&d=mm&r=g","contentUrl":"https:\/\/secure.gravatar.com\/avatar\/55cb5e37c1efa326397366e6974cb338056df65cb50e7d64d1cf314e87504837?s=96&d=mm&r=g","caption":"Arnaldo Botto"},"url":"https:\/\/www.noticiasradioreflejos.com.ar\/2021\/author\/arnaldo\/"}]}},"_links":{"self":[{"href":"https:\/\/www.noticiasradioreflejos.com.ar\/2021\/wp-json\/wp\/v2\/posts\/126133","targetHints":{"allow":["GET"]}}],"collection":[{"href":"https:\/\/www.noticiasradioreflejos.com.ar\/2021\/wp-json\/wp\/v2\/posts"}],"about":[{"href":"https:\/\/www.noticiasradioreflejos.com.ar\/2021\/wp-json\/wp\/v2\/types\/post"}],"author":[{"embeddable":true,"href":"https:\/\/www.noticiasradioreflejos.com.ar\/2021\/wp-json\/wp\/v2\/users\/3"}],"replies":[{"embeddable":true,"href":"https:\/\/www.noticiasradioreflejos.com.ar\/2021\/wp-json\/wp\/v2\/comments?post=126133"}],"version-history":[{"count":1,"href":"https:\/\/www.noticiasradioreflejos.com.ar\/2021\/wp-json\/wp\/v2\/posts\/126133\/revisions"}],"predecessor-version":[{"id":126135,"href":"https:\/\/www.noticiasradioreflejos.com.ar\/2021\/wp-json\/wp\/v2\/posts\/126133\/revisions\/126135"}],"wp:featuredmedia":[{"embeddable":true,"href":"https:\/\/www.noticiasradioreflejos.com.ar\/2021\/wp-json\/wp\/v2\/media\/126134"}],"wp:attachment":[{"href":"https:\/\/www.noticiasradioreflejos.com.ar\/2021\/wp-json\/wp\/v2\/media?parent=126133"}],"wp:term":[{"taxonomy":"category","embeddable":true,"href":"https:\/\/www.noticiasradioreflejos.com.ar\/2021\/wp-json\/wp\/v2\/categories?post=126133"},{"taxonomy":"post_tag","embeddable":true,"href":"https:\/\/www.noticiasradioreflejos.com.ar\/2021\/wp-json\/wp\/v2\/tags?post=126133"}],"curies":[{"name":"wp","href":"https:\/\/api.w.org\/{rel}","templated":true}]}}