{"id":126121,"date":"2025-10-03T15:13:57","date_gmt":"2025-10-03T18:13:57","guid":{"rendered":"https:\/\/www.noticiasradioreflejos.com.ar\/2021\/?p=126121"},"modified":"2025-10-03T15:14:00","modified_gmt":"2025-10-03T18:14:00","slug":"a-las-tierras-de-ivaschuk-un-viaje-de-identidad-y-memoria-en-clave-de-bioclown","status":"publish","type":"post","link":"https:\/\/www.noticiasradioreflejos.com.ar\/2021\/a-las-tierras-de-ivaschuk-un-viaje-de-identidad-y-memoria-en-clave-de-bioclown\/","title":{"rendered":"\u00abA las tierras de Ivaschuk\u00bb: un viaje de identidad y memoria en clave de bioclown"},"content":{"rendered":"<p>La obra de Natalia Kaczmaruk Sismonda, que se presentar\u00e1 en Sierra de la Ventana, combina lo c\u00f3mico con tem\u00e1ticas profundas en un unipersonal inspirado en su propia historia\u00bb<!--more--><\/p>\n<p>La obra \u00abA las tierras de Ivaschuk\u00bb se presentar\u00e1 el d\u00eda s\u00e1bado en el Teatro Rodolfo Funke Tornquist y el domingo en el Centro Cultural de Sierra de la Ventana. Se trata de un show de bioclown, inspirado en experiencias de vida Natalia Kaczmaruk, la artista que le pondr\u00e1 el cuerpo al unipersonal. La propuesta esta llevada al lenguaje Clown, que tiene que ver con lo c\u00f3mico y la payaser\u00eda mientras se abordan tem\u00e1ticas como la identidad y la memoria.<\/p>\n<p>&nbsp;<\/p>\n<p><a href=\"https:\/\/www.noticiasradioreflejos.com.ar\/2021\/a-las-tierras-de-ivaschuk-un-viaje-de-identidad-y-memoria-en-clave-de-bioclown\/img-20251003-wa0055\/\" rel=\"attachment wp-att-126129\"><img loading=\"lazy\" decoding=\"async\" class=\"aligncenter size-full wp-image-126129\" src=\"https:\/\/www.noticiasradioreflejos.com.ar\/2021\/wp-content\/uploads\/2025\/10\/IMG-20251003-WA0055.jpg\" alt=\"\" width=\"1066\" height=\"1600\" srcset=\"https:\/\/www.noticiasradioreflejos.com.ar\/2021\/wp-content\/uploads\/2025\/10\/IMG-20251003-WA0055.jpg 1066w, https:\/\/www.noticiasradioreflejos.com.ar\/2021\/wp-content\/uploads\/2025\/10\/IMG-20251003-WA0055-200x300.jpg 200w, https:\/\/www.noticiasradioreflejos.com.ar\/2021\/wp-content\/uploads\/2025\/10\/IMG-20251003-WA0055-682x1024.jpg 682w, https:\/\/www.noticiasradioreflejos.com.ar\/2021\/wp-content\/uploads\/2025\/10\/IMG-20251003-WA0055-768x1153.jpg 768w, https:\/\/www.noticiasradioreflejos.com.ar\/2021\/wp-content\/uploads\/2025\/10\/IMG-20251003-WA0055-1023x1536.jpg 1023w, https:\/\/www.noticiasradioreflejos.com.ar\/2021\/wp-content\/uploads\/2025\/10\/IMG-20251003-WA0055-750x1126.jpg 750w\" sizes=\"auto, (max-width: 1066px) 100vw, 1066px\" \/><\/a><\/p>\n<p>Natalia comenta que el show cuenta \u00abla historia de c\u00f3mo fui encontrando las tierras de mi abuela en Nover\u00e1 y todos los personajes que fueron apareciendo en el camino. Si bien es una historia personal, a la vez es super colectiva, est\u00e1 bueno que las infancias sepan de esto en un lenguaje que les sea cercano\u00bb.<\/p>\n<p>La entrevistada estuvo componiendo la obra unos 7 meses, que es lo que le llev\u00f3 escribirla. Luego, tard\u00f3 unos dos meses m\u00e1s en hacer la puesta en escena, para estrenarla en Jun\u00edn, Pcia. de Buenos Aires, en el a\u00f1o 2024. \u00abFue una gran oportunidad de transformar el presente y llevarnos a mundos para imaginar y para reir\u00bb comparte.<\/p>\n<p>Hasta la fecha, \u00abA las tierras de Ivaschuk\u00bb lleva 60 puestas en escena y durante la semana pr\u00f3xima se presentar\u00e1 en Tres Arroyos, Olavarr\u00eda y Monte Hermoso.<\/p>\n<p>La funci\u00f3n del d\u00eda s\u00e1bado 4 de octubre ser\u00e1 en el Teatro Rodolfo Funke de Tornquist, a partir de las 19 horas. El d\u00eda domingo, ser\u00e1 a las 19hs en el Centro Cultural.<\/p>\n<audio class=\"wp-audio-shortcode\" id=\"audio-126121-1\" preload=\"none\" style=\"width: 100%;\" controls=\"controls\"><source type=\"audio\/mpeg\" src=\"https:\/\/www.noticiasradioreflejos.com.ar\/2021\/wp-content\/uploads\/2025\/10\/Natalia-Kaczmaruk-Sismonda-03-10.mp3?_=1\" \/><a href=\"https:\/\/www.noticiasradioreflejos.com.ar\/2021\/wp-content\/uploads\/2025\/10\/Natalia-Kaczmaruk-Sismonda-03-10.mp3\">https:\/\/www.noticiasradioreflejos.com.ar\/2021\/wp-content\/uploads\/2025\/10\/Natalia-Kaczmaruk-Sismonda-03-10.mp3<\/a><\/audio>\n<p><a href=\"https:\/\/www.noticiasradioreflejos.com.ar\/2021\/a-las-tierras-de-ivaschuk-un-viaje-de-identidad-y-memoria-en-clave-de-bioclown\/img-20251003-wa0056\/\" rel=\"attachment wp-att-126130\"><img loading=\"lazy\" decoding=\"async\" class=\"aligncenter size-full wp-image-126130\" src=\"https:\/\/www.noticiasradioreflejos.com.ar\/2021\/wp-content\/uploads\/2025\/10\/IMG-20251003-WA0056.jpg\" alt=\"\" width=\"1599\" height=\"899\" srcset=\"https:\/\/www.noticiasradioreflejos.com.ar\/2021\/wp-content\/uploads\/2025\/10\/IMG-20251003-WA0056.jpg 1599w, https:\/\/www.noticiasradioreflejos.com.ar\/2021\/wp-content\/uploads\/2025\/10\/IMG-20251003-WA0056-300x169.jpg 300w, https:\/\/www.noticiasradioreflejos.com.ar\/2021\/wp-content\/uploads\/2025\/10\/IMG-20251003-WA0056-1024x576.jpg 1024w, https:\/\/www.noticiasradioreflejos.com.ar\/2021\/wp-content\/uploads\/2025\/10\/IMG-20251003-WA0056-768x432.jpg 768w, https:\/\/www.noticiasradioreflejos.com.ar\/2021\/wp-content\/uploads\/2025\/10\/IMG-20251003-WA0056-1536x864.jpg 1536w, https:\/\/www.noticiasradioreflejos.com.ar\/2021\/wp-content\/uploads\/2025\/10\/IMG-20251003-WA0056-750x422.jpg 750w, https:\/\/www.noticiasradioreflejos.com.ar\/2021\/wp-content\/uploads\/2025\/10\/IMG-20251003-WA0056-1140x641.jpg 1140w\" sizes=\"auto, (max-width: 1599px) 100vw, 1599px\" \/><\/a><\/p>\n<p>&nbsp;<\/p>\n","protected":false},"excerpt":{"rendered":"<p>La obra de Natalia Kaczmaruk Sismonda, que se presentar\u00e1 en Sierra de la Ventana, combina lo c\u00f3mico con tem\u00e1ticas profundas en un unipersonal inspirado en su propia historia\u00bb<\/p>\n","protected":false},"author":3,"featured_media":126128,"comment_status":"closed","ping_status":"closed","sticky":false,"template":"","format":"standard","meta":{"footnotes":""},"categories":[35],"tags":[48],"class_list":["post-126121","post","type-post","status-publish","format-standard","has-post-thumbnail","hentry","category-cultura","tag-destacada"],"yoast_head":"<!-- This site is optimized with the Yoast SEO plugin v25.9 - https:\/\/yoast.com\/wordpress\/plugins\/seo\/ -->\n<title>&quot;A las tierras de Ivaschuk&quot;: un viaje de identidad y memoria en clave de bioclown - Noticias Radio Reflejos<\/title>\n<meta name=\"robots\" content=\"index, follow, max-snippet:-1, max-image-preview:large, max-video-preview:-1\" \/>\n<link rel=\"canonical\" href=\"https:\/\/www.noticiasradioreflejos.com.ar\/2021\/a-las-tierras-de-ivaschuk-un-viaje-de-identidad-y-memoria-en-clave-de-bioclown\/\" \/>\n<meta property=\"og:locale\" content=\"es_ES\" \/>\n<meta property=\"og:type\" content=\"article\" \/>\n<meta property=\"og:title\" content=\"&quot;A las tierras de Ivaschuk&quot;: un viaje de identidad y memoria en clave de bioclown - Noticias Radio Reflejos\" \/>\n<meta property=\"og:description\" content=\"La obra de Natalia Kaczmaruk Sismonda, que se presentar\u00e1 en Sierra de la Ventana, combina lo c\u00f3mico con tem\u00e1ticas profundas en un unipersonal inspirado en su propia historia\u00bb\" \/>\n<meta property=\"og:url\" content=\"https:\/\/www.noticiasradioreflejos.com.ar\/2021\/a-las-tierras-de-ivaschuk-un-viaje-de-identidad-y-memoria-en-clave-de-bioclown\/\" \/>\n<meta property=\"og:site_name\" content=\"Noticias Radio Reflejos\" \/>\n<meta property=\"article:published_time\" content=\"2025-10-03T18:13:57+00:00\" \/>\n<meta property=\"article:modified_time\" content=\"2025-10-03T18:14:00+00:00\" \/>\n<meta property=\"og:image\" content=\"https:\/\/www.noticiasradioreflejos.com.ar\/2021\/wp-content\/uploads\/2025\/10\/IMG-20251003-WA0053.jpg\" \/>\n\t<meta property=\"og:image:width\" content=\"1080\" \/>\n\t<meta property=\"og:image:height\" content=\"720\" \/>\n\t<meta property=\"og:image:type\" content=\"image\/jpeg\" \/>\n<meta name=\"author\" content=\"Arnaldo Botto\" \/>\n<meta name=\"twitter:card\" content=\"summary_large_image\" \/>\n<script type=\"application\/ld+json\" class=\"yoast-schema-graph\">{\"@context\":\"https:\/\/schema.org\",\"@graph\":[{\"@type\":\"WebPage\",\"@id\":\"https:\/\/www.noticiasradioreflejos.com.ar\/2021\/a-las-tierras-de-ivaschuk-un-viaje-de-identidad-y-memoria-en-clave-de-bioclown\/\",\"url\":\"https:\/\/www.noticiasradioreflejos.com.ar\/2021\/a-las-tierras-de-ivaschuk-un-viaje-de-identidad-y-memoria-en-clave-de-bioclown\/\",\"name\":\"\\\"A las tierras de Ivaschuk\\\": un viaje de identidad y memoria en clave de bioclown - Noticias Radio Reflejos\",\"isPartOf\":{\"@id\":\"https:\/\/www.noticiasradioreflejos.com.ar\/2021\/#website\"},\"primaryImageOfPage\":{\"@id\":\"https:\/\/www.noticiasradioreflejos.com.ar\/2021\/a-las-tierras-de-ivaschuk-un-viaje-de-identidad-y-memoria-en-clave-de-bioclown\/#primaryimage\"},\"image\":{\"@id\":\"https:\/\/www.noticiasradioreflejos.com.ar\/2021\/a-las-tierras-de-ivaschuk-un-viaje-de-identidad-y-memoria-en-clave-de-bioclown\/#primaryimage\"},\"thumbnailUrl\":\"https:\/\/www.noticiasradioreflejos.com.ar\/2021\/wp-content\/uploads\/2025\/10\/IMG-20251003-WA0053.jpg\",\"datePublished\":\"2025-10-03T18:13:57+00:00\",\"dateModified\":\"2025-10-03T18:14:00+00:00\",\"author\":{\"@id\":\"https:\/\/www.noticiasradioreflejos.com.ar\/2021\/#\/schema\/person\/ad82545263dcc5ec0996818884fd5fb1\"},\"breadcrumb\":{\"@id\":\"https:\/\/www.noticiasradioreflejos.com.ar\/2021\/a-las-tierras-de-ivaschuk-un-viaje-de-identidad-y-memoria-en-clave-de-bioclown\/#breadcrumb\"},\"inLanguage\":\"es\",\"potentialAction\":[{\"@type\":\"ReadAction\",\"target\":[\"https:\/\/www.noticiasradioreflejos.com.ar\/2021\/a-las-tierras-de-ivaschuk-un-viaje-de-identidad-y-memoria-en-clave-de-bioclown\/\"]}]},{\"@type\":\"ImageObject\",\"inLanguage\":\"es\",\"@id\":\"https:\/\/www.noticiasradioreflejos.com.ar\/2021\/a-las-tierras-de-ivaschuk-un-viaje-de-identidad-y-memoria-en-clave-de-bioclown\/#primaryimage\",\"url\":\"https:\/\/www.noticiasradioreflejos.com.ar\/2021\/wp-content\/uploads\/2025\/10\/IMG-20251003-WA0053.jpg\",\"contentUrl\":\"https:\/\/www.noticiasradioreflejos.com.ar\/2021\/wp-content\/uploads\/2025\/10\/IMG-20251003-WA0053.jpg\",\"width\":1080,\"height\":720},{\"@type\":\"BreadcrumbList\",\"@id\":\"https:\/\/www.noticiasradioreflejos.com.ar\/2021\/a-las-tierras-de-ivaschuk-un-viaje-de-identidad-y-memoria-en-clave-de-bioclown\/#breadcrumb\",\"itemListElement\":[{\"@type\":\"ListItem\",\"position\":1,\"name\":\"Portada\",\"item\":\"https:\/\/www.noticiasradioreflejos.com.ar\/2021\/\"},{\"@type\":\"ListItem\",\"position\":2,\"name\":\"\u00abA las tierras de Ivaschuk\u00bb: un viaje de identidad y memoria en clave de bioclown\"}]},{\"@type\":\"WebSite\",\"@id\":\"https:\/\/www.noticiasradioreflejos.com.ar\/2021\/#website\",\"url\":\"https:\/\/www.noticiasradioreflejos.com.ar\/2021\/\",\"name\":\"Noticias Radio Reflejos\",\"description\":\"Las noticias de mi comarca\",\"potentialAction\":[{\"@type\":\"SearchAction\",\"target\":{\"@type\":\"EntryPoint\",\"urlTemplate\":\"https:\/\/www.noticiasradioreflejos.com.ar\/2021\/?s={search_term_string}\"},\"query-input\":{\"@type\":\"PropertyValueSpecification\",\"valueRequired\":true,\"valueName\":\"search_term_string\"}}],\"inLanguage\":\"es\"},{\"@type\":\"Person\",\"@id\":\"https:\/\/www.noticiasradioreflejos.com.ar\/2021\/#\/schema\/person\/ad82545263dcc5ec0996818884fd5fb1\",\"name\":\"Arnaldo Botto\",\"image\":{\"@type\":\"ImageObject\",\"inLanguage\":\"es\",\"@id\":\"https:\/\/www.noticiasradioreflejos.com.ar\/2021\/#\/schema\/person\/image\/\",\"url\":\"https:\/\/secure.gravatar.com\/avatar\/55cb5e37c1efa326397366e6974cb338056df65cb50e7d64d1cf314e87504837?s=96&d=mm&r=g\",\"contentUrl\":\"https:\/\/secure.gravatar.com\/avatar\/55cb5e37c1efa326397366e6974cb338056df65cb50e7d64d1cf314e87504837?s=96&d=mm&r=g\",\"caption\":\"Arnaldo Botto\"},\"url\":\"https:\/\/www.noticiasradioreflejos.com.ar\/2021\/author\/arnaldo\/\"}]}<\/script>\n<!-- \/ Yoast SEO plugin. -->","yoast_head_json":{"title":"\"A las tierras de Ivaschuk\": un viaje de identidad y memoria en clave de bioclown - Noticias Radio Reflejos","robots":{"index":"index","follow":"follow","max-snippet":"max-snippet:-1","max-image-preview":"max-image-preview:large","max-video-preview":"max-video-preview:-1"},"canonical":"https:\/\/www.noticiasradioreflejos.com.ar\/2021\/a-las-tierras-de-ivaschuk-un-viaje-de-identidad-y-memoria-en-clave-de-bioclown\/","og_locale":"es_ES","og_type":"article","og_title":"\"A las tierras de Ivaschuk\": un viaje de identidad y memoria en clave de bioclown - Noticias Radio Reflejos","og_description":"La obra de Natalia Kaczmaruk Sismonda, que se presentar\u00e1 en Sierra de la Ventana, combina lo c\u00f3mico con tem\u00e1ticas profundas en un unipersonal inspirado en su propia historia\u00bb","og_url":"https:\/\/www.noticiasradioreflejos.com.ar\/2021\/a-las-tierras-de-ivaschuk-un-viaje-de-identidad-y-memoria-en-clave-de-bioclown\/","og_site_name":"Noticias Radio Reflejos","article_published_time":"2025-10-03T18:13:57+00:00","article_modified_time":"2025-10-03T18:14:00+00:00","og_image":[{"width":1080,"height":720,"url":"https:\/\/www.noticiasradioreflejos.com.ar\/2021\/wp-content\/uploads\/2025\/10\/IMG-20251003-WA0053.jpg","type":"image\/jpeg"}],"author":"Arnaldo Botto","twitter_card":"summary_large_image","schema":{"@context":"https:\/\/schema.org","@graph":[{"@type":"WebPage","@id":"https:\/\/www.noticiasradioreflejos.com.ar\/2021\/a-las-tierras-de-ivaschuk-un-viaje-de-identidad-y-memoria-en-clave-de-bioclown\/","url":"https:\/\/www.noticiasradioreflejos.com.ar\/2021\/a-las-tierras-de-ivaschuk-un-viaje-de-identidad-y-memoria-en-clave-de-bioclown\/","name":"\"A las tierras de Ivaschuk\": un viaje de identidad y memoria en clave de bioclown - Noticias Radio Reflejos","isPartOf":{"@id":"https:\/\/www.noticiasradioreflejos.com.ar\/2021\/#website"},"primaryImageOfPage":{"@id":"https:\/\/www.noticiasradioreflejos.com.ar\/2021\/a-las-tierras-de-ivaschuk-un-viaje-de-identidad-y-memoria-en-clave-de-bioclown\/#primaryimage"},"image":{"@id":"https:\/\/www.noticiasradioreflejos.com.ar\/2021\/a-las-tierras-de-ivaschuk-un-viaje-de-identidad-y-memoria-en-clave-de-bioclown\/#primaryimage"},"thumbnailUrl":"https:\/\/www.noticiasradioreflejos.com.ar\/2021\/wp-content\/uploads\/2025\/10\/IMG-20251003-WA0053.jpg","datePublished":"2025-10-03T18:13:57+00:00","dateModified":"2025-10-03T18:14:00+00:00","author":{"@id":"https:\/\/www.noticiasradioreflejos.com.ar\/2021\/#\/schema\/person\/ad82545263dcc5ec0996818884fd5fb1"},"breadcrumb":{"@id":"https:\/\/www.noticiasradioreflejos.com.ar\/2021\/a-las-tierras-de-ivaschuk-un-viaje-de-identidad-y-memoria-en-clave-de-bioclown\/#breadcrumb"},"inLanguage":"es","potentialAction":[{"@type":"ReadAction","target":["https:\/\/www.noticiasradioreflejos.com.ar\/2021\/a-las-tierras-de-ivaschuk-un-viaje-de-identidad-y-memoria-en-clave-de-bioclown\/"]}]},{"@type":"ImageObject","inLanguage":"es","@id":"https:\/\/www.noticiasradioreflejos.com.ar\/2021\/a-las-tierras-de-ivaschuk-un-viaje-de-identidad-y-memoria-en-clave-de-bioclown\/#primaryimage","url":"https:\/\/www.noticiasradioreflejos.com.ar\/2021\/wp-content\/uploads\/2025\/10\/IMG-20251003-WA0053.jpg","contentUrl":"https:\/\/www.noticiasradioreflejos.com.ar\/2021\/wp-content\/uploads\/2025\/10\/IMG-20251003-WA0053.jpg","width":1080,"height":720},{"@type":"BreadcrumbList","@id":"https:\/\/www.noticiasradioreflejos.com.ar\/2021\/a-las-tierras-de-ivaschuk-un-viaje-de-identidad-y-memoria-en-clave-de-bioclown\/#breadcrumb","itemListElement":[{"@type":"ListItem","position":1,"name":"Portada","item":"https:\/\/www.noticiasradioreflejos.com.ar\/2021\/"},{"@type":"ListItem","position":2,"name":"\u00abA las tierras de Ivaschuk\u00bb: un viaje de identidad y memoria en clave de bioclown"}]},{"@type":"WebSite","@id":"https:\/\/www.noticiasradioreflejos.com.ar\/2021\/#website","url":"https:\/\/www.noticiasradioreflejos.com.ar\/2021\/","name":"Noticias Radio Reflejos","description":"Las noticias de mi comarca","potentialAction":[{"@type":"SearchAction","target":{"@type":"EntryPoint","urlTemplate":"https:\/\/www.noticiasradioreflejos.com.ar\/2021\/?s={search_term_string}"},"query-input":{"@type":"PropertyValueSpecification","valueRequired":true,"valueName":"search_term_string"}}],"inLanguage":"es"},{"@type":"Person","@id":"https:\/\/www.noticiasradioreflejos.com.ar\/2021\/#\/schema\/person\/ad82545263dcc5ec0996818884fd5fb1","name":"Arnaldo Botto","image":{"@type":"ImageObject","inLanguage":"es","@id":"https:\/\/www.noticiasradioreflejos.com.ar\/2021\/#\/schema\/person\/image\/","url":"https:\/\/secure.gravatar.com\/avatar\/55cb5e37c1efa326397366e6974cb338056df65cb50e7d64d1cf314e87504837?s=96&d=mm&r=g","contentUrl":"https:\/\/secure.gravatar.com\/avatar\/55cb5e37c1efa326397366e6974cb338056df65cb50e7d64d1cf314e87504837?s=96&d=mm&r=g","caption":"Arnaldo Botto"},"url":"https:\/\/www.noticiasradioreflejos.com.ar\/2021\/author\/arnaldo\/"}]}},"_links":{"self":[{"href":"https:\/\/www.noticiasradioreflejos.com.ar\/2021\/wp-json\/wp\/v2\/posts\/126121","targetHints":{"allow":["GET"]}}],"collection":[{"href":"https:\/\/www.noticiasradioreflejos.com.ar\/2021\/wp-json\/wp\/v2\/posts"}],"about":[{"href":"https:\/\/www.noticiasradioreflejos.com.ar\/2021\/wp-json\/wp\/v2\/types\/post"}],"author":[{"embeddable":true,"href":"https:\/\/www.noticiasradioreflejos.com.ar\/2021\/wp-json\/wp\/v2\/users\/3"}],"replies":[{"embeddable":true,"href":"https:\/\/www.noticiasradioreflejos.com.ar\/2021\/wp-json\/wp\/v2\/comments?post=126121"}],"version-history":[{"count":4,"href":"https:\/\/www.noticiasradioreflejos.com.ar\/2021\/wp-json\/wp\/v2\/posts\/126121\/revisions"}],"predecessor-version":[{"id":126132,"href":"https:\/\/www.noticiasradioreflejos.com.ar\/2021\/wp-json\/wp\/v2\/posts\/126121\/revisions\/126132"}],"wp:featuredmedia":[{"embeddable":true,"href":"https:\/\/www.noticiasradioreflejos.com.ar\/2021\/wp-json\/wp\/v2\/media\/126128"}],"wp:attachment":[{"href":"https:\/\/www.noticiasradioreflejos.com.ar\/2021\/wp-json\/wp\/v2\/media?parent=126121"}],"wp:term":[{"taxonomy":"category","embeddable":true,"href":"https:\/\/www.noticiasradioreflejos.com.ar\/2021\/wp-json\/wp\/v2\/categories?post=126121"},{"taxonomy":"post_tag","embeddable":true,"href":"https:\/\/www.noticiasradioreflejos.com.ar\/2021\/wp-json\/wp\/v2\/tags?post=126121"}],"curies":[{"name":"wp","href":"https:\/\/api.w.org\/{rel}","templated":true}]}}