{"id":126115,"date":"2025-10-03T11:08:00","date_gmt":"2025-10-03T14:08:00","guid":{"rendered":"https:\/\/www.noticiasradioreflejos.com.ar\/2021\/?p=126115"},"modified":"2025-10-03T11:08:00","modified_gmt":"2025-10-03T14:08:00","slug":"inauguraron-en-brasil-una-fabrica-de-mosquitos-modificados-para-combatir-el-dengue","status":"publish","type":"post","link":"https:\/\/www.noticiasradioreflejos.com.ar\/2021\/inauguraron-en-brasil-una-fabrica-de-mosquitos-modificados-para-combatir-el-dengue\/","title":{"rendered":"Inauguraron en Brasil una f\u00e1brica de mosquitos modificados para combatir el dengue"},"content":{"rendered":"<p>Se trata de un proyecto de la empresa brit\u00e1nica Oxitec, especializada en el control biol\u00f3gico de plagas.<!--more--><\/p>\n<div class=\"columns\" data-tadevel-template=\"web\/article-columns\">\n<div class=\"column-main\">\n<div class=\"article-body\" data-tadevel-template=\"web\/article-body\">\n<div class=\"article-body-content\">\n<p>La empresa brit\u00e1nica Oxitec, especializada en el control biol\u00f3gico de plagas, inaugur\u00f3 en\u00a0<a href=\"https:\/\/noticiasargentinas.com\/internacionales\/brasil-lanza-un-plan-nacional-para-enfrentar-la-contaminacion-de-plastico-en-el-mar_a68dfbb2369dedc471a9bb4b7\"><strong>Brasil<\/strong><\/a><strong>\u00a0<\/strong>una f\u00e1brica con capacidad para producir hasta 190 millones de mosquitos modificados por semana, con el objetivo de bloquear la transmisi\u00f3n de enfermedades como el\u00a0<strong>dengue, el zika y la chikungu\u00f1a.\u00a0<\/strong>La nueva instalaci\u00f3n, ubicada en la ciudad de Campinas, en el estado de Sao Paulo (sureste), fue dise\u00f1ada para producir a gran escala dos tipos de tecnolog\u00edas: los mosquitos Wolbachia y los de la l\u00ednea Aedes do Bem.<\/p>\n<p>Seg\u00fan un comunicado de la empresa, se trata de una capacidad de producci\u00f3n\u00a0<i><strong>\u201csin precedentes\u201d,<\/strong><\/i>\u00a0que permitir\u00e1 una r\u00e1pida expansi\u00f3n tanto en Brasil como en otros pa\u00edses. Se\u00f1al\u00f3 que estas tecnolog\u00edas demostraron ser eficaces para reducir significativamente la transmisi\u00f3n del dengue y eliminar poblaciones del mosquito\u00a0<mark>Aedes aegypti,\u00a0<\/mark>principal vector de estas enfermedades.<\/p>\n<p><strong>La f\u00e1brica podr\u00e1 suministrar hasta 190 millones de huevos de mosquitos con Wolbachia por semana,<\/strong>\u00a0una cantidad que, de acuerdo con Oxitec, permitir\u00e1 proteger a hasta 100 millones de personas al a\u00f1o. Adem\u00e1s, tambi\u00e9n se est\u00e1n produciendo ejemplares de la l\u00ednea Aedes do Bem con una capacidad semanal a\u00fan mayor, ofreciendo as\u00ed una opci\u00f3n de control biol\u00f3gico para gobiernos, empresas y familias.<\/p>\n<p>Desde 2022,<strong>\u00a0los mosquitos Aedes do Bem,<\/strong>\u00a0capaces de reducir las poblaciones de Aedes aegypti en m\u00e1s de un 95 % en zonas urbanas, est\u00e1n siendo implementadas en diversas ciudades brasile\u00f1as como parte de las estrategias para combatir el dengue. En tanto, la tecnolog\u00eda Wolbachia, que utiliza una bacteria presente naturalmente en muchos insectos para reducir la capacidad del Aedes aegypti de transmitir enfermedades, demostr\u00f3 reducir la transmisi\u00f3n del dengue en m\u00e1s del 75 %, seg\u00fan resultados de proyectos piloto en grandes \u00e1reas urbanas, seg\u00fan el informe de la agencia de noticias Xinhua.<\/p>\n<p>Aunque\u00a0<strong>esta tecnolog\u00eda a\u00fan est\u00e1 en proceso de aprobaci\u00f3n por parte de la Agencia Nacional de Vigilancia Sanitaria (Anvisa),<\/strong>\u00a0ya fue formalmente reconocida por la Organizaci\u00f3n Mundial de la Salud (OMS) y adoptada por el Ministerio de Salud de Brasil como parte del Programa Nacional de Control del Dengue (PNCD).<i>\u00a0\u201cCon el nuevo complejo de Oxitec en Campinas, estamos equipados para responder de inmediato a los planos de expansi\u00f3n de Wolbachia del Ministerio de Salud, asegurando que la tecnolog\u00eda pueda llegar r\u00e1pidamente a las comunidades de todo el pa\u00eds\u201d,<\/i>\u00a0explic\u00f3 Natalia Verza Ferreira, directora ejecutiva de la filial brasile\u00f1a de Oxitec, citada en el comunicado.<\/p>\n<\/div>\n<\/div>\n<\/div>\n<\/div>\n","protected":false},"excerpt":{"rendered":"<p>Se trata de un proyecto de la empresa brit\u00e1nica Oxitec, especializada en el control biol\u00f3gico de plagas.<\/p>\n","protected":false},"author":3,"featured_media":96925,"comment_status":"closed","ping_status":"closed","sticky":false,"template":"","format":"standard","meta":{"footnotes":""},"categories":[46],"tags":[],"class_list":["post-126115","post","type-post","status-publish","format-standard","has-post-thumbnail","hentry","category-ciencia-y-tecnologia"],"yoast_head":"<!-- This site is optimized with the Yoast SEO plugin v25.9 - https:\/\/yoast.com\/wordpress\/plugins\/seo\/ -->\n<title>Inauguraron en Brasil una f\u00e1brica de mosquitos modificados para combatir el dengue - Noticias Radio Reflejos<\/title>\n<meta name=\"robots\" content=\"index, follow, max-snippet:-1, max-image-preview:large, max-video-preview:-1\" \/>\n<link rel=\"canonical\" href=\"https:\/\/www.noticiasradioreflejos.com.ar\/2021\/inauguraron-en-brasil-una-fabrica-de-mosquitos-modificados-para-combatir-el-dengue\/\" \/>\n<meta property=\"og:locale\" content=\"es_ES\" \/>\n<meta property=\"og:type\" content=\"article\" \/>\n<meta property=\"og:title\" content=\"Inauguraron en Brasil una f\u00e1brica de mosquitos modificados para combatir el dengue - Noticias Radio Reflejos\" \/>\n<meta property=\"og:description\" content=\"Se trata de un proyecto de la empresa brit\u00e1nica Oxitec, especializada en el control biol\u00f3gico de plagas.\" \/>\n<meta property=\"og:url\" content=\"https:\/\/www.noticiasradioreflejos.com.ar\/2021\/inauguraron-en-brasil-una-fabrica-de-mosquitos-modificados-para-combatir-el-dengue\/\" \/>\n<meta property=\"og:site_name\" content=\"Noticias Radio Reflejos\" \/>\n<meta property=\"article:published_time\" content=\"2025-10-03T14:08:00+00:00\" \/>\n<meta property=\"og:image\" content=\"https:\/\/www.noticiasradioreflejos.com.ar\/2021\/wp-content\/uploads\/2023\/12\/Dengue-1-1.jpg\" \/>\n\t<meta property=\"og:image:width\" content=\"768\" \/>\n\t<meta property=\"og:image:height\" content=\"432\" \/>\n\t<meta property=\"og:image:type\" content=\"image\/jpeg\" \/>\n<meta name=\"author\" content=\"Arnaldo Botto\" \/>\n<meta name=\"twitter:card\" content=\"summary_large_image\" \/>\n<script type=\"application\/ld+json\" class=\"yoast-schema-graph\">{\"@context\":\"https:\/\/schema.org\",\"@graph\":[{\"@type\":\"WebPage\",\"@id\":\"https:\/\/www.noticiasradioreflejos.com.ar\/2021\/inauguraron-en-brasil-una-fabrica-de-mosquitos-modificados-para-combatir-el-dengue\/\",\"url\":\"https:\/\/www.noticiasradioreflejos.com.ar\/2021\/inauguraron-en-brasil-una-fabrica-de-mosquitos-modificados-para-combatir-el-dengue\/\",\"name\":\"Inauguraron en Brasil una f\u00e1brica de mosquitos modificados para combatir el dengue - Noticias Radio Reflejos\",\"isPartOf\":{\"@id\":\"https:\/\/www.noticiasradioreflejos.com.ar\/2021\/#website\"},\"primaryImageOfPage\":{\"@id\":\"https:\/\/www.noticiasradioreflejos.com.ar\/2021\/inauguraron-en-brasil-una-fabrica-de-mosquitos-modificados-para-combatir-el-dengue\/#primaryimage\"},\"image\":{\"@id\":\"https:\/\/www.noticiasradioreflejos.com.ar\/2021\/inauguraron-en-brasil-una-fabrica-de-mosquitos-modificados-para-combatir-el-dengue\/#primaryimage\"},\"thumbnailUrl\":\"https:\/\/www.noticiasradioreflejos.com.ar\/2021\/wp-content\/uploads\/2023\/12\/Dengue-1-1.jpg\",\"datePublished\":\"2025-10-03T14:08:00+00:00\",\"author\":{\"@id\":\"https:\/\/www.noticiasradioreflejos.com.ar\/2021\/#\/schema\/person\/ad82545263dcc5ec0996818884fd5fb1\"},\"breadcrumb\":{\"@id\":\"https:\/\/www.noticiasradioreflejos.com.ar\/2021\/inauguraron-en-brasil-una-fabrica-de-mosquitos-modificados-para-combatir-el-dengue\/#breadcrumb\"},\"inLanguage\":\"es\",\"potentialAction\":[{\"@type\":\"ReadAction\",\"target\":[\"https:\/\/www.noticiasradioreflejos.com.ar\/2021\/inauguraron-en-brasil-una-fabrica-de-mosquitos-modificados-para-combatir-el-dengue\/\"]}]},{\"@type\":\"ImageObject\",\"inLanguage\":\"es\",\"@id\":\"https:\/\/www.noticiasradioreflejos.com.ar\/2021\/inauguraron-en-brasil-una-fabrica-de-mosquitos-modificados-para-combatir-el-dengue\/#primaryimage\",\"url\":\"https:\/\/www.noticiasradioreflejos.com.ar\/2021\/wp-content\/uploads\/2023\/12\/Dengue-1-1.jpg\",\"contentUrl\":\"https:\/\/www.noticiasradioreflejos.com.ar\/2021\/wp-content\/uploads\/2023\/12\/Dengue-1-1.jpg\",\"width\":768,\"height\":432},{\"@type\":\"BreadcrumbList\",\"@id\":\"https:\/\/www.noticiasradioreflejos.com.ar\/2021\/inauguraron-en-brasil-una-fabrica-de-mosquitos-modificados-para-combatir-el-dengue\/#breadcrumb\",\"itemListElement\":[{\"@type\":\"ListItem\",\"position\":1,\"name\":\"Portada\",\"item\":\"https:\/\/www.noticiasradioreflejos.com.ar\/2021\/\"},{\"@type\":\"ListItem\",\"position\":2,\"name\":\"Inauguraron en Brasil una f\u00e1brica de mosquitos modificados para combatir el dengue\"}]},{\"@type\":\"WebSite\",\"@id\":\"https:\/\/www.noticiasradioreflejos.com.ar\/2021\/#website\",\"url\":\"https:\/\/www.noticiasradioreflejos.com.ar\/2021\/\",\"name\":\"Noticias Radio Reflejos\",\"description\":\"Las noticias de mi comarca\",\"potentialAction\":[{\"@type\":\"SearchAction\",\"target\":{\"@type\":\"EntryPoint\",\"urlTemplate\":\"https:\/\/www.noticiasradioreflejos.com.ar\/2021\/?s={search_term_string}\"},\"query-input\":{\"@type\":\"PropertyValueSpecification\",\"valueRequired\":true,\"valueName\":\"search_term_string\"}}],\"inLanguage\":\"es\"},{\"@type\":\"Person\",\"@id\":\"https:\/\/www.noticiasradioreflejos.com.ar\/2021\/#\/schema\/person\/ad82545263dcc5ec0996818884fd5fb1\",\"name\":\"Arnaldo Botto\",\"image\":{\"@type\":\"ImageObject\",\"inLanguage\":\"es\",\"@id\":\"https:\/\/www.noticiasradioreflejos.com.ar\/2021\/#\/schema\/person\/image\/\",\"url\":\"https:\/\/secure.gravatar.com\/avatar\/55cb5e37c1efa326397366e6974cb338056df65cb50e7d64d1cf314e87504837?s=96&d=mm&r=g\",\"contentUrl\":\"https:\/\/secure.gravatar.com\/avatar\/55cb5e37c1efa326397366e6974cb338056df65cb50e7d64d1cf314e87504837?s=96&d=mm&r=g\",\"caption\":\"Arnaldo Botto\"},\"url\":\"https:\/\/www.noticiasradioreflejos.com.ar\/2021\/author\/arnaldo\/\"}]}<\/script>\n<!-- \/ Yoast SEO plugin. -->","yoast_head_json":{"title":"Inauguraron en Brasil una f\u00e1brica de mosquitos modificados para combatir el dengue - Noticias Radio Reflejos","robots":{"index":"index","follow":"follow","max-snippet":"max-snippet:-1","max-image-preview":"max-image-preview:large","max-video-preview":"max-video-preview:-1"},"canonical":"https:\/\/www.noticiasradioreflejos.com.ar\/2021\/inauguraron-en-brasil-una-fabrica-de-mosquitos-modificados-para-combatir-el-dengue\/","og_locale":"es_ES","og_type":"article","og_title":"Inauguraron en Brasil una f\u00e1brica de mosquitos modificados para combatir el dengue - Noticias Radio Reflejos","og_description":"Se trata de un proyecto de la empresa brit\u00e1nica Oxitec, especializada en el control biol\u00f3gico de plagas.","og_url":"https:\/\/www.noticiasradioreflejos.com.ar\/2021\/inauguraron-en-brasil-una-fabrica-de-mosquitos-modificados-para-combatir-el-dengue\/","og_site_name":"Noticias Radio Reflejos","article_published_time":"2025-10-03T14:08:00+00:00","og_image":[{"width":768,"height":432,"url":"https:\/\/www.noticiasradioreflejos.com.ar\/2021\/wp-content\/uploads\/2023\/12\/Dengue-1-1.jpg","type":"image\/jpeg"}],"author":"Arnaldo Botto","twitter_card":"summary_large_image","schema":{"@context":"https:\/\/schema.org","@graph":[{"@type":"WebPage","@id":"https:\/\/www.noticiasradioreflejos.com.ar\/2021\/inauguraron-en-brasil-una-fabrica-de-mosquitos-modificados-para-combatir-el-dengue\/","url":"https:\/\/www.noticiasradioreflejos.com.ar\/2021\/inauguraron-en-brasil-una-fabrica-de-mosquitos-modificados-para-combatir-el-dengue\/","name":"Inauguraron en Brasil una f\u00e1brica de mosquitos modificados para combatir el dengue - Noticias Radio Reflejos","isPartOf":{"@id":"https:\/\/www.noticiasradioreflejos.com.ar\/2021\/#website"},"primaryImageOfPage":{"@id":"https:\/\/www.noticiasradioreflejos.com.ar\/2021\/inauguraron-en-brasil-una-fabrica-de-mosquitos-modificados-para-combatir-el-dengue\/#primaryimage"},"image":{"@id":"https:\/\/www.noticiasradioreflejos.com.ar\/2021\/inauguraron-en-brasil-una-fabrica-de-mosquitos-modificados-para-combatir-el-dengue\/#primaryimage"},"thumbnailUrl":"https:\/\/www.noticiasradioreflejos.com.ar\/2021\/wp-content\/uploads\/2023\/12\/Dengue-1-1.jpg","datePublished":"2025-10-03T14:08:00+00:00","author":{"@id":"https:\/\/www.noticiasradioreflejos.com.ar\/2021\/#\/schema\/person\/ad82545263dcc5ec0996818884fd5fb1"},"breadcrumb":{"@id":"https:\/\/www.noticiasradioreflejos.com.ar\/2021\/inauguraron-en-brasil-una-fabrica-de-mosquitos-modificados-para-combatir-el-dengue\/#breadcrumb"},"inLanguage":"es","potentialAction":[{"@type":"ReadAction","target":["https:\/\/www.noticiasradioreflejos.com.ar\/2021\/inauguraron-en-brasil-una-fabrica-de-mosquitos-modificados-para-combatir-el-dengue\/"]}]},{"@type":"ImageObject","inLanguage":"es","@id":"https:\/\/www.noticiasradioreflejos.com.ar\/2021\/inauguraron-en-brasil-una-fabrica-de-mosquitos-modificados-para-combatir-el-dengue\/#primaryimage","url":"https:\/\/www.noticiasradioreflejos.com.ar\/2021\/wp-content\/uploads\/2023\/12\/Dengue-1-1.jpg","contentUrl":"https:\/\/www.noticiasradioreflejos.com.ar\/2021\/wp-content\/uploads\/2023\/12\/Dengue-1-1.jpg","width":768,"height":432},{"@type":"BreadcrumbList","@id":"https:\/\/www.noticiasradioreflejos.com.ar\/2021\/inauguraron-en-brasil-una-fabrica-de-mosquitos-modificados-para-combatir-el-dengue\/#breadcrumb","itemListElement":[{"@type":"ListItem","position":1,"name":"Portada","item":"https:\/\/www.noticiasradioreflejos.com.ar\/2021\/"},{"@type":"ListItem","position":2,"name":"Inauguraron en Brasil una f\u00e1brica de mosquitos modificados para combatir el dengue"}]},{"@type":"WebSite","@id":"https:\/\/www.noticiasradioreflejos.com.ar\/2021\/#website","url":"https:\/\/www.noticiasradioreflejos.com.ar\/2021\/","name":"Noticias Radio Reflejos","description":"Las noticias de mi comarca","potentialAction":[{"@type":"SearchAction","target":{"@type":"EntryPoint","urlTemplate":"https:\/\/www.noticiasradioreflejos.com.ar\/2021\/?s={search_term_string}"},"query-input":{"@type":"PropertyValueSpecification","valueRequired":true,"valueName":"search_term_string"}}],"inLanguage":"es"},{"@type":"Person","@id":"https:\/\/www.noticiasradioreflejos.com.ar\/2021\/#\/schema\/person\/ad82545263dcc5ec0996818884fd5fb1","name":"Arnaldo Botto","image":{"@type":"ImageObject","inLanguage":"es","@id":"https:\/\/www.noticiasradioreflejos.com.ar\/2021\/#\/schema\/person\/image\/","url":"https:\/\/secure.gravatar.com\/avatar\/55cb5e37c1efa326397366e6974cb338056df65cb50e7d64d1cf314e87504837?s=96&d=mm&r=g","contentUrl":"https:\/\/secure.gravatar.com\/avatar\/55cb5e37c1efa326397366e6974cb338056df65cb50e7d64d1cf314e87504837?s=96&d=mm&r=g","caption":"Arnaldo Botto"},"url":"https:\/\/www.noticiasradioreflejos.com.ar\/2021\/author\/arnaldo\/"}]}},"_links":{"self":[{"href":"https:\/\/www.noticiasradioreflejos.com.ar\/2021\/wp-json\/wp\/v2\/posts\/126115","targetHints":{"allow":["GET"]}}],"collection":[{"href":"https:\/\/www.noticiasradioreflejos.com.ar\/2021\/wp-json\/wp\/v2\/posts"}],"about":[{"href":"https:\/\/www.noticiasradioreflejos.com.ar\/2021\/wp-json\/wp\/v2\/types\/post"}],"author":[{"embeddable":true,"href":"https:\/\/www.noticiasradioreflejos.com.ar\/2021\/wp-json\/wp\/v2\/users\/3"}],"replies":[{"embeddable":true,"href":"https:\/\/www.noticiasradioreflejos.com.ar\/2021\/wp-json\/wp\/v2\/comments?post=126115"}],"version-history":[{"count":1,"href":"https:\/\/www.noticiasradioreflejos.com.ar\/2021\/wp-json\/wp\/v2\/posts\/126115\/revisions"}],"predecessor-version":[{"id":126116,"href":"https:\/\/www.noticiasradioreflejos.com.ar\/2021\/wp-json\/wp\/v2\/posts\/126115\/revisions\/126116"}],"wp:featuredmedia":[{"embeddable":true,"href":"https:\/\/www.noticiasradioreflejos.com.ar\/2021\/wp-json\/wp\/v2\/media\/96925"}],"wp:attachment":[{"href":"https:\/\/www.noticiasradioreflejos.com.ar\/2021\/wp-json\/wp\/v2\/media?parent=126115"}],"wp:term":[{"taxonomy":"category","embeddable":true,"href":"https:\/\/www.noticiasradioreflejos.com.ar\/2021\/wp-json\/wp\/v2\/categories?post=126115"},{"taxonomy":"post_tag","embeddable":true,"href":"https:\/\/www.noticiasradioreflejos.com.ar\/2021\/wp-json\/wp\/v2\/tags?post=126115"}],"curies":[{"name":"wp","href":"https:\/\/api.w.org\/{rel}","templated":true}]}}