{"id":126105,"date":"2025-10-03T10:08:27","date_gmt":"2025-10-03T13:08:27","guid":{"rendered":"https:\/\/www.noticiasradioreflejos.com.ar\/2021\/?p=126105"},"modified":"2025-10-03T10:08:44","modified_gmt":"2025-10-03T13:08:44","slug":"cineclub-en-coopersive-hoy-luna-de-avellaneda","status":"publish","type":"post","link":"https:\/\/www.noticiasradioreflejos.com.ar\/2021\/cineclub-en-coopersive-hoy-luna-de-avellaneda\/","title":{"rendered":"Cineclub en Coopersive: hoy Luna de Avellaneda"},"content":{"rendered":"<p>A partir de las 20,30 hs en el SUM .<!--more--><\/p>\n<p>Luna de Avellaneda es un emblem\u00e1tico\u00a0club\u00a0de barrio que ha vivido en el pasado una \u00e9poca de esplendor y que en la actualidad se encuentra inmerso en una\u00a0crisis\u00a0que pone en peligro su existencia. Al parecer, la \u00fanica salida posible es que se convierta en un\u00a0casino, nada m\u00e1s alejado de los\u00a0ideales\u00a0y de los fines de sus\u00a0fundadores\u00a0en la d\u00e9cada de 1940: un club social, deportivo y cultural.<sup id=\"cite_ref-pagina12_3-0\" class=\"mw-references reference separada\"><\/sup>\u200b<\/p>\n<p>Rom\u00e1n Maldonado (Ricardo Dar\u00edn), junto a Amadeo Grimberg (Eduardo Blanco) y Graciela (Mercedes Mor\u00e1n) luchar\u00e1n por la supervivencia del club. Paralelamente se relata la crisis matrimonial que vive Rom\u00e1n con su mujer Ver\u00f3nica (Silvia Kutika), el inestable romance entre Amadeo y Cristina (Valeria Bertuccelli), la nueva profesora de danza del club, y los problemas de Graciela con su exmarido.<sup id=\"cite_ref-pagina12_3-1\" class=\"mw-references reference separada\"><a href=\"https:\/\/es.wikipedia.org\/wiki\/Luna_de_Avellaneda#cite_note-pagina12-3\"><span class=\"cite-bracket\">[<\/span>3<span class=\"cite-bracket\">]<\/span><\/a><\/sup>\u200b<\/p>\n<div class=\"mw-heading mw-heading3\">\n<h3 id=\"Inspirada_en_hechos_reales\">Inspirada en hechos reales<\/h3>\n<\/div>\n<p>La pel\u00edcula est\u00e1 inspirada en un club real, el Club Juventud Unida de Llavallol, de la provincia de\u00a0Buenos Aires, en la cual se film\u00f3 gran parte de sus escenas;\u00a0<sup id=\"cite_ref-5\" class=\"mw-references reference separada\"><a href=\"https:\/\/es.wikipedia.org\/wiki\/Luna_de_Avellaneda#cite_note-5\"><span class=\"cite-bracket\">[<\/span>5<span class=\"cite-bracket\">]<\/span><\/a><\/sup>\u200b y tambi\u00e9n en situaciones reales que ocurrieron en\u00a0Argentina\u00a0en los tiempos de la\u00a0<a title=\"Crisis de diciembre de 2001 en Argentina\" href=\"https:\/\/es.wikipedia.org\/wiki\/Crisis_de_diciembre_de_2001_en_Argentina\">crisis d<\/a>e 2001, que son representados en la pel\u00edcula en forma de dramas cotidianos que sufr\u00eda la sociedad cuyo poder de compra y subsistencia se desplomaba cuando los ingresos no alcanzaban para pagar siquiera los servicios (gas, agua, electricidad), mientras que el club lucha, intentando resistir, contra los embates de la econom\u00eda atosigado por las deudas.<\/p>\n<p>&nbsp;<\/p>\n<p><a href=\"https:\/\/www.noticiasradioreflejos.com.ar\/2021\/cineclub-en-coopersive-hoy-luna-de-avellaneda\/whatsapp-image-2025-10-01-at-09-23-47\/\" rel=\"attachment wp-att-126106\"><img loading=\"lazy\" decoding=\"async\" class=\"aligncenter  wp-image-126106\" src=\"https:\/\/www.noticiasradioreflejos.com.ar\/2021\/wp-content\/uploads\/2025\/10\/WhatsApp-Image-2025-10-01-at-09.23.47.jpeg\" alt=\"\" width=\"610\" height=\"1084\" \/><\/a><\/p>\n","protected":false},"excerpt":{"rendered":"<p>A partir de las 20,30 hs en el SUM .<\/p>\n","protected":false},"author":3,"featured_media":0,"comment_status":"closed","ping_status":"closed","sticky":false,"template":"","format":"standard","meta":{"footnotes":""},"categories":[35],"tags":[],"class_list":["post-126105","post","type-post","status-publish","format-standard","hentry","category-cultura"],"yoast_head":"<!-- This site is optimized with the Yoast SEO plugin v25.9 - https:\/\/yoast.com\/wordpress\/plugins\/seo\/ -->\n<title>Cineclub en Coopersive: hoy Luna de Avellaneda - Noticias Radio Reflejos<\/title>\n<meta name=\"robots\" content=\"index, follow, max-snippet:-1, max-image-preview:large, max-video-preview:-1\" \/>\n<link rel=\"canonical\" href=\"https:\/\/www.noticiasradioreflejos.com.ar\/2021\/cineclub-en-coopersive-hoy-luna-de-avellaneda\/\" \/>\n<meta property=\"og:locale\" content=\"es_ES\" \/>\n<meta property=\"og:type\" content=\"article\" \/>\n<meta property=\"og:title\" content=\"Cineclub en Coopersive: hoy Luna de Avellaneda - Noticias Radio Reflejos\" \/>\n<meta property=\"og:description\" content=\"A partir de las 20,30 hs en el SUM .\" \/>\n<meta property=\"og:url\" content=\"https:\/\/www.noticiasradioreflejos.com.ar\/2021\/cineclub-en-coopersive-hoy-luna-de-avellaneda\/\" \/>\n<meta property=\"og:site_name\" content=\"Noticias Radio Reflejos\" \/>\n<meta property=\"article:published_time\" content=\"2025-10-03T13:08:27+00:00\" \/>\n<meta property=\"article:modified_time\" content=\"2025-10-03T13:08:44+00:00\" \/>\n<meta property=\"og:image\" content=\"https:\/\/www.noticiasradioreflejos.com.ar\/2021\/wp-content\/uploads\/2025\/10\/WhatsApp-Image-2025-10-01-at-09.23.47.jpeg\" \/>\n\t<meta property=\"og:image:width\" content=\"900\" \/>\n\t<meta property=\"og:image:height\" content=\"1600\" \/>\n\t<meta property=\"og:image:type\" content=\"image\/jpeg\" \/>\n<meta name=\"author\" content=\"Arnaldo Botto\" \/>\n<meta name=\"twitter:card\" content=\"summary_large_image\" \/>\n<script type=\"application\/ld+json\" class=\"yoast-schema-graph\">{\"@context\":\"https:\/\/schema.org\",\"@graph\":[{\"@type\":\"WebPage\",\"@id\":\"https:\/\/www.noticiasradioreflejos.com.ar\/2021\/cineclub-en-coopersive-hoy-luna-de-avellaneda\/\",\"url\":\"https:\/\/www.noticiasradioreflejos.com.ar\/2021\/cineclub-en-coopersive-hoy-luna-de-avellaneda\/\",\"name\":\"Cineclub en Coopersive: hoy Luna de Avellaneda - Noticias Radio Reflejos\",\"isPartOf\":{\"@id\":\"https:\/\/www.noticiasradioreflejos.com.ar\/2021\/#website\"},\"primaryImageOfPage\":{\"@id\":\"https:\/\/www.noticiasradioreflejos.com.ar\/2021\/cineclub-en-coopersive-hoy-luna-de-avellaneda\/#primaryimage\"},\"image\":{\"@id\":\"https:\/\/www.noticiasradioreflejos.com.ar\/2021\/cineclub-en-coopersive-hoy-luna-de-avellaneda\/#primaryimage\"},\"thumbnailUrl\":\"https:\/\/www.noticiasradioreflejos.com.ar\/2021\/wp-content\/uploads\/2025\/10\/WhatsApp-Image-2025-10-01-at-09.23.47.jpeg\",\"datePublished\":\"2025-10-03T13:08:27+00:00\",\"dateModified\":\"2025-10-03T13:08:44+00:00\",\"author\":{\"@id\":\"https:\/\/www.noticiasradioreflejos.com.ar\/2021\/#\/schema\/person\/ad82545263dcc5ec0996818884fd5fb1\"},\"breadcrumb\":{\"@id\":\"https:\/\/www.noticiasradioreflejos.com.ar\/2021\/cineclub-en-coopersive-hoy-luna-de-avellaneda\/#breadcrumb\"},\"inLanguage\":\"es\",\"potentialAction\":[{\"@type\":\"ReadAction\",\"target\":[\"https:\/\/www.noticiasradioreflejos.com.ar\/2021\/cineclub-en-coopersive-hoy-luna-de-avellaneda\/\"]}]},{\"@type\":\"ImageObject\",\"inLanguage\":\"es\",\"@id\":\"https:\/\/www.noticiasradioreflejos.com.ar\/2021\/cineclub-en-coopersive-hoy-luna-de-avellaneda\/#primaryimage\",\"url\":\"\",\"contentUrl\":\"\"},{\"@type\":\"BreadcrumbList\",\"@id\":\"https:\/\/www.noticiasradioreflejos.com.ar\/2021\/cineclub-en-coopersive-hoy-luna-de-avellaneda\/#breadcrumb\",\"itemListElement\":[{\"@type\":\"ListItem\",\"position\":1,\"name\":\"Portada\",\"item\":\"https:\/\/www.noticiasradioreflejos.com.ar\/2021\/\"},{\"@type\":\"ListItem\",\"position\":2,\"name\":\"Cineclub en Coopersive: hoy Luna de Avellaneda\"}]},{\"@type\":\"WebSite\",\"@id\":\"https:\/\/www.noticiasradioreflejos.com.ar\/2021\/#website\",\"url\":\"https:\/\/www.noticiasradioreflejos.com.ar\/2021\/\",\"name\":\"Noticias Radio Reflejos\",\"description\":\"Las noticias de mi comarca\",\"potentialAction\":[{\"@type\":\"SearchAction\",\"target\":{\"@type\":\"EntryPoint\",\"urlTemplate\":\"https:\/\/www.noticiasradioreflejos.com.ar\/2021\/?s={search_term_string}\"},\"query-input\":{\"@type\":\"PropertyValueSpecification\",\"valueRequired\":true,\"valueName\":\"search_term_string\"}}],\"inLanguage\":\"es\"},{\"@type\":\"Person\",\"@id\":\"https:\/\/www.noticiasradioreflejos.com.ar\/2021\/#\/schema\/person\/ad82545263dcc5ec0996818884fd5fb1\",\"name\":\"Arnaldo Botto\",\"image\":{\"@type\":\"ImageObject\",\"inLanguage\":\"es\",\"@id\":\"https:\/\/www.noticiasradioreflejos.com.ar\/2021\/#\/schema\/person\/image\/\",\"url\":\"https:\/\/secure.gravatar.com\/avatar\/55cb5e37c1efa326397366e6974cb338056df65cb50e7d64d1cf314e87504837?s=96&d=mm&r=g\",\"contentUrl\":\"https:\/\/secure.gravatar.com\/avatar\/55cb5e37c1efa326397366e6974cb338056df65cb50e7d64d1cf314e87504837?s=96&d=mm&r=g\",\"caption\":\"Arnaldo Botto\"},\"url\":\"https:\/\/www.noticiasradioreflejos.com.ar\/2021\/author\/arnaldo\/\"}]}<\/script>\n<!-- \/ Yoast SEO plugin. -->","yoast_head_json":{"title":"Cineclub en Coopersive: hoy Luna de Avellaneda - Noticias Radio Reflejos","robots":{"index":"index","follow":"follow","max-snippet":"max-snippet:-1","max-image-preview":"max-image-preview:large","max-video-preview":"max-video-preview:-1"},"canonical":"https:\/\/www.noticiasradioreflejos.com.ar\/2021\/cineclub-en-coopersive-hoy-luna-de-avellaneda\/","og_locale":"es_ES","og_type":"article","og_title":"Cineclub en Coopersive: hoy Luna de Avellaneda - Noticias Radio Reflejos","og_description":"A partir de las 20,30 hs en el SUM .","og_url":"https:\/\/www.noticiasradioreflejos.com.ar\/2021\/cineclub-en-coopersive-hoy-luna-de-avellaneda\/","og_site_name":"Noticias Radio Reflejos","article_published_time":"2025-10-03T13:08:27+00:00","article_modified_time":"2025-10-03T13:08:44+00:00","og_image":[{"width":900,"height":1600,"url":"https:\/\/www.noticiasradioreflejos.com.ar\/2021\/wp-content\/uploads\/2025\/10\/WhatsApp-Image-2025-10-01-at-09.23.47.jpeg","type":"image\/jpeg"}],"author":"Arnaldo Botto","twitter_card":"summary_large_image","schema":{"@context":"https:\/\/schema.org","@graph":[{"@type":"WebPage","@id":"https:\/\/www.noticiasradioreflejos.com.ar\/2021\/cineclub-en-coopersive-hoy-luna-de-avellaneda\/","url":"https:\/\/www.noticiasradioreflejos.com.ar\/2021\/cineclub-en-coopersive-hoy-luna-de-avellaneda\/","name":"Cineclub en Coopersive: hoy Luna de Avellaneda - Noticias Radio Reflejos","isPartOf":{"@id":"https:\/\/www.noticiasradioreflejos.com.ar\/2021\/#website"},"primaryImageOfPage":{"@id":"https:\/\/www.noticiasradioreflejos.com.ar\/2021\/cineclub-en-coopersive-hoy-luna-de-avellaneda\/#primaryimage"},"image":{"@id":"https:\/\/www.noticiasradioreflejos.com.ar\/2021\/cineclub-en-coopersive-hoy-luna-de-avellaneda\/#primaryimage"},"thumbnailUrl":"https:\/\/www.noticiasradioreflejos.com.ar\/2021\/wp-content\/uploads\/2025\/10\/WhatsApp-Image-2025-10-01-at-09.23.47.jpeg","datePublished":"2025-10-03T13:08:27+00:00","dateModified":"2025-10-03T13:08:44+00:00","author":{"@id":"https:\/\/www.noticiasradioreflejos.com.ar\/2021\/#\/schema\/person\/ad82545263dcc5ec0996818884fd5fb1"},"breadcrumb":{"@id":"https:\/\/www.noticiasradioreflejos.com.ar\/2021\/cineclub-en-coopersive-hoy-luna-de-avellaneda\/#breadcrumb"},"inLanguage":"es","potentialAction":[{"@type":"ReadAction","target":["https:\/\/www.noticiasradioreflejos.com.ar\/2021\/cineclub-en-coopersive-hoy-luna-de-avellaneda\/"]}]},{"@type":"ImageObject","inLanguage":"es","@id":"https:\/\/www.noticiasradioreflejos.com.ar\/2021\/cineclub-en-coopersive-hoy-luna-de-avellaneda\/#primaryimage","url":"","contentUrl":""},{"@type":"BreadcrumbList","@id":"https:\/\/www.noticiasradioreflejos.com.ar\/2021\/cineclub-en-coopersive-hoy-luna-de-avellaneda\/#breadcrumb","itemListElement":[{"@type":"ListItem","position":1,"name":"Portada","item":"https:\/\/www.noticiasradioreflejos.com.ar\/2021\/"},{"@type":"ListItem","position":2,"name":"Cineclub en Coopersive: hoy Luna de Avellaneda"}]},{"@type":"WebSite","@id":"https:\/\/www.noticiasradioreflejos.com.ar\/2021\/#website","url":"https:\/\/www.noticiasradioreflejos.com.ar\/2021\/","name":"Noticias Radio Reflejos","description":"Las noticias de mi comarca","potentialAction":[{"@type":"SearchAction","target":{"@type":"EntryPoint","urlTemplate":"https:\/\/www.noticiasradioreflejos.com.ar\/2021\/?s={search_term_string}"},"query-input":{"@type":"PropertyValueSpecification","valueRequired":true,"valueName":"search_term_string"}}],"inLanguage":"es"},{"@type":"Person","@id":"https:\/\/www.noticiasradioreflejos.com.ar\/2021\/#\/schema\/person\/ad82545263dcc5ec0996818884fd5fb1","name":"Arnaldo Botto","image":{"@type":"ImageObject","inLanguage":"es","@id":"https:\/\/www.noticiasradioreflejos.com.ar\/2021\/#\/schema\/person\/image\/","url":"https:\/\/secure.gravatar.com\/avatar\/55cb5e37c1efa326397366e6974cb338056df65cb50e7d64d1cf314e87504837?s=96&d=mm&r=g","contentUrl":"https:\/\/secure.gravatar.com\/avatar\/55cb5e37c1efa326397366e6974cb338056df65cb50e7d64d1cf314e87504837?s=96&d=mm&r=g","caption":"Arnaldo Botto"},"url":"https:\/\/www.noticiasradioreflejos.com.ar\/2021\/author\/arnaldo\/"}]}},"_links":{"self":[{"href":"https:\/\/www.noticiasradioreflejos.com.ar\/2021\/wp-json\/wp\/v2\/posts\/126105","targetHints":{"allow":["GET"]}}],"collection":[{"href":"https:\/\/www.noticiasradioreflejos.com.ar\/2021\/wp-json\/wp\/v2\/posts"}],"about":[{"href":"https:\/\/www.noticiasradioreflejos.com.ar\/2021\/wp-json\/wp\/v2\/types\/post"}],"author":[{"embeddable":true,"href":"https:\/\/www.noticiasradioreflejos.com.ar\/2021\/wp-json\/wp\/v2\/users\/3"}],"replies":[{"embeddable":true,"href":"https:\/\/www.noticiasradioreflejos.com.ar\/2021\/wp-json\/wp\/v2\/comments?post=126105"}],"version-history":[{"count":2,"href":"https:\/\/www.noticiasradioreflejos.com.ar\/2021\/wp-json\/wp\/v2\/posts\/126105\/revisions"}],"predecessor-version":[{"id":126108,"href":"https:\/\/www.noticiasradioreflejos.com.ar\/2021\/wp-json\/wp\/v2\/posts\/126105\/revisions\/126108"}],"wp:attachment":[{"href":"https:\/\/www.noticiasradioreflejos.com.ar\/2021\/wp-json\/wp\/v2\/media?parent=126105"}],"wp:term":[{"taxonomy":"category","embeddable":true,"href":"https:\/\/www.noticiasradioreflejos.com.ar\/2021\/wp-json\/wp\/v2\/categories?post=126105"},{"taxonomy":"post_tag","embeddable":true,"href":"https:\/\/www.noticiasradioreflejos.com.ar\/2021\/wp-json\/wp\/v2\/tags?post=126105"}],"curies":[{"name":"wp","href":"https:\/\/api.w.org\/{rel}","templated":true}]}}