{"id":126101,"date":"2025-10-03T08:55:51","date_gmt":"2025-10-03T11:55:51","guid":{"rendered":"https:\/\/www.noticiasradioreflejos.com.ar\/2021\/?p=126101"},"modified":"2025-10-03T08:55:51","modified_gmt":"2025-10-03T11:55:51","slug":"el-senado-le-dio-media-sancion-al-proyecto-que-busca-convertir-en-ley-el-sistema-de-alerta-sofia","status":"publish","type":"post","link":"https:\/\/www.noticiasradioreflejos.com.ar\/2021\/el-senado-le-dio-media-sancion-al-proyecto-que-busca-convertir-en-ley-el-sistema-de-alerta-sofia\/","title":{"rendered":"El Senado le dio media sanci\u00f3n al proyecto que busca convertir en ley el Sistema de Alerta Sof\u00eda"},"content":{"rendered":"<p>La iniciativa propone darle un marco normativo a la b\u00fasqueda de personas extraviadas o desaparecidas.<!--more--><\/p>\n<div class=\"columns\" data-tadevel-template=\"web\/article-columns\">\n<div class=\"column-main\">\n<div class=\"article-body\" data-tadevel-template=\"web\/article-body\">\n<div class=\"article-body-content\">\n<p>Se trata de un proyecto presentado por el senador Juan Carlos Romero (Salta), en el que propone darle un marco normativo a la b\u00fasqueda de personas extraviadas o desaparecidas.<\/p>\n<p>El Programa Alerta Sof\u00eda, creado en el a\u00f1o 2019 por el Ministerio de Seguridad de la Naci\u00f3n bajo la gesti\u00f3n de la actual titular de la cartera, Patricia Bullrich, con el objetivo de difundir de manera urgente desapariciones de menores.<\/p>\n<p>Seg\u00fan detalla el dictamen, la ley tiene como objeto \u00abla sistematizaci\u00f3n y centralizaci\u00f3n de la informaci\u00f3n, los procedimientos y los protocolos para la b\u00fasqueda de las personas, tanto menores como adultas, cuyo paradero se desconozca, y de la informaci\u00f3n, los procedimientos y los protocolos para la identificaci\u00f3n de personas de identidad desconocida halladas con vida o fallecidas, promoviendo acciones efectivas, con informaci\u00f3n actualizada y completa sobre todas las novedades ocurridas en territorio nacional\u00bb.<\/p>\n<p>En su art\u00edculo 2, se crea el \u00abRegistro Nacional de B\u00fasqueda de Personas Extraviadas y Desaparecidas y de Identificaci\u00f3n de Personas de Identidad Desconocida Halladas con Vida o Fallecidas, bajo la \u00f3rbita del Ministerio de Seguridad Nacional.<\/p>\n<p>Mientras que el art\u00edculo 6 constituye el Programa de Alerta R\u00e1pida Sof\u00eda que \u00abse activar\u00e1 dentro de las 6 horas de realizada la denuncia en sede policial, Ministerio P\u00fablico o Poder Judicial, por desaparici\u00f3n y\/o extrav\u00edo del menor de 18 a\u00f1os, que se encuentre bajo una situaci\u00f3n de extrema gravedad y urgencia que puede causar da\u00f1os irreparables en la integridad f\u00edsica y biopsicosocial del mismo\u00bb.<\/p>\n<\/div>\n<\/div>\n<\/div>\n<\/div>\n","protected":false},"excerpt":{"rendered":"<p>La iniciativa propone darle un marco normativo a la b\u00fasqueda de personas extraviadas o desaparecidas.<\/p>\n","protected":false},"author":3,"featured_media":126103,"comment_status":"closed","ping_status":"closed","sticky":false,"template":"","format":"standard","meta":{"footnotes":""},"categories":[24],"tags":[],"class_list":["post-126101","post","type-post","status-publish","format-standard","has-post-thumbnail","hentry","category-politica"],"yoast_head":"<!-- This site is optimized with the Yoast SEO plugin v25.9 - https:\/\/yoast.com\/wordpress\/plugins\/seo\/ -->\n<title>El Senado le dio media sanci\u00f3n al proyecto que busca convertir en ley el Sistema de Alerta Sof\u00eda - Noticias Radio Reflejos<\/title>\n<meta name=\"robots\" content=\"index, follow, max-snippet:-1, max-image-preview:large, max-video-preview:-1\" \/>\n<link rel=\"canonical\" href=\"https:\/\/www.noticiasradioreflejos.com.ar\/2021\/el-senado-le-dio-media-sancion-al-proyecto-que-busca-convertir-en-ley-el-sistema-de-alerta-sofia\/\" \/>\n<meta property=\"og:locale\" content=\"es_ES\" \/>\n<meta property=\"og:type\" content=\"article\" \/>\n<meta property=\"og:title\" content=\"El Senado le dio media sanci\u00f3n al proyecto que busca convertir en ley el Sistema de Alerta Sof\u00eda - Noticias Radio Reflejos\" \/>\n<meta property=\"og:description\" content=\"La iniciativa propone darle un marco normativo a la b\u00fasqueda de personas extraviadas o desaparecidas.\" \/>\n<meta property=\"og:url\" content=\"https:\/\/www.noticiasradioreflejos.com.ar\/2021\/el-senado-le-dio-media-sancion-al-proyecto-que-busca-convertir-en-ley-el-sistema-de-alerta-sofia\/\" \/>\n<meta property=\"og:site_name\" content=\"Noticias Radio Reflejos\" \/>\n<meta property=\"article:published_time\" content=\"2025-10-03T11:55:51+00:00\" \/>\n<meta property=\"og:image\" content=\"https:\/\/www.noticiasradioreflejos.com.ar\/2021\/wp-content\/uploads\/2025\/10\/Ley-sofia.jpg\" \/>\n\t<meta property=\"og:image:width\" content=\"1024\" \/>\n\t<meta property=\"og:image:height\" content=\"538\" \/>\n\t<meta property=\"og:image:type\" content=\"image\/jpeg\" \/>\n<meta name=\"author\" content=\"Arnaldo Botto\" \/>\n<meta name=\"twitter:card\" content=\"summary_large_image\" \/>\n<script type=\"application\/ld+json\" class=\"yoast-schema-graph\">{\"@context\":\"https:\/\/schema.org\",\"@graph\":[{\"@type\":\"WebPage\",\"@id\":\"https:\/\/www.noticiasradioreflejos.com.ar\/2021\/el-senado-le-dio-media-sancion-al-proyecto-que-busca-convertir-en-ley-el-sistema-de-alerta-sofia\/\",\"url\":\"https:\/\/www.noticiasradioreflejos.com.ar\/2021\/el-senado-le-dio-media-sancion-al-proyecto-que-busca-convertir-en-ley-el-sistema-de-alerta-sofia\/\",\"name\":\"El Senado le dio media sanci\u00f3n al proyecto que busca convertir en ley el Sistema de Alerta Sof\u00eda - Noticias Radio Reflejos\",\"isPartOf\":{\"@id\":\"https:\/\/www.noticiasradioreflejos.com.ar\/2021\/#website\"},\"primaryImageOfPage\":{\"@id\":\"https:\/\/www.noticiasradioreflejos.com.ar\/2021\/el-senado-le-dio-media-sancion-al-proyecto-que-busca-convertir-en-ley-el-sistema-de-alerta-sofia\/#primaryimage\"},\"image\":{\"@id\":\"https:\/\/www.noticiasradioreflejos.com.ar\/2021\/el-senado-le-dio-media-sancion-al-proyecto-que-busca-convertir-en-ley-el-sistema-de-alerta-sofia\/#primaryimage\"},\"thumbnailUrl\":\"https:\/\/www.noticiasradioreflejos.com.ar\/2021\/wp-content\/uploads\/2025\/10\/Ley-sofia.jpg\",\"datePublished\":\"2025-10-03T11:55:51+00:00\",\"author\":{\"@id\":\"https:\/\/www.noticiasradioreflejos.com.ar\/2021\/#\/schema\/person\/ad82545263dcc5ec0996818884fd5fb1\"},\"breadcrumb\":{\"@id\":\"https:\/\/www.noticiasradioreflejos.com.ar\/2021\/el-senado-le-dio-media-sancion-al-proyecto-que-busca-convertir-en-ley-el-sistema-de-alerta-sofia\/#breadcrumb\"},\"inLanguage\":\"es\",\"potentialAction\":[{\"@type\":\"ReadAction\",\"target\":[\"https:\/\/www.noticiasradioreflejos.com.ar\/2021\/el-senado-le-dio-media-sancion-al-proyecto-que-busca-convertir-en-ley-el-sistema-de-alerta-sofia\/\"]}]},{\"@type\":\"ImageObject\",\"inLanguage\":\"es\",\"@id\":\"https:\/\/www.noticiasradioreflejos.com.ar\/2021\/el-senado-le-dio-media-sancion-al-proyecto-que-busca-convertir-en-ley-el-sistema-de-alerta-sofia\/#primaryimage\",\"url\":\"https:\/\/www.noticiasradioreflejos.com.ar\/2021\/wp-content\/uploads\/2025\/10\/Ley-sofia.jpg\",\"contentUrl\":\"https:\/\/www.noticiasradioreflejos.com.ar\/2021\/wp-content\/uploads\/2025\/10\/Ley-sofia.jpg\",\"width\":1024,\"height\":538},{\"@type\":\"BreadcrumbList\",\"@id\":\"https:\/\/www.noticiasradioreflejos.com.ar\/2021\/el-senado-le-dio-media-sancion-al-proyecto-que-busca-convertir-en-ley-el-sistema-de-alerta-sofia\/#breadcrumb\",\"itemListElement\":[{\"@type\":\"ListItem\",\"position\":1,\"name\":\"Portada\",\"item\":\"https:\/\/www.noticiasradioreflejos.com.ar\/2021\/\"},{\"@type\":\"ListItem\",\"position\":2,\"name\":\"El Senado le dio media sanci\u00f3n al proyecto que busca convertir en ley el Sistema de Alerta Sof\u00eda\"}]},{\"@type\":\"WebSite\",\"@id\":\"https:\/\/www.noticiasradioreflejos.com.ar\/2021\/#website\",\"url\":\"https:\/\/www.noticiasradioreflejos.com.ar\/2021\/\",\"name\":\"Noticias Radio Reflejos\",\"description\":\"Las noticias de mi comarca\",\"potentialAction\":[{\"@type\":\"SearchAction\",\"target\":{\"@type\":\"EntryPoint\",\"urlTemplate\":\"https:\/\/www.noticiasradioreflejos.com.ar\/2021\/?s={search_term_string}\"},\"query-input\":{\"@type\":\"PropertyValueSpecification\",\"valueRequired\":true,\"valueName\":\"search_term_string\"}}],\"inLanguage\":\"es\"},{\"@type\":\"Person\",\"@id\":\"https:\/\/www.noticiasradioreflejos.com.ar\/2021\/#\/schema\/person\/ad82545263dcc5ec0996818884fd5fb1\",\"name\":\"Arnaldo Botto\",\"image\":{\"@type\":\"ImageObject\",\"inLanguage\":\"es\",\"@id\":\"https:\/\/www.noticiasradioreflejos.com.ar\/2021\/#\/schema\/person\/image\/\",\"url\":\"https:\/\/secure.gravatar.com\/avatar\/55cb5e37c1efa326397366e6974cb338056df65cb50e7d64d1cf314e87504837?s=96&d=mm&r=g\",\"contentUrl\":\"https:\/\/secure.gravatar.com\/avatar\/55cb5e37c1efa326397366e6974cb338056df65cb50e7d64d1cf314e87504837?s=96&d=mm&r=g\",\"caption\":\"Arnaldo Botto\"},\"url\":\"https:\/\/www.noticiasradioreflejos.com.ar\/2021\/author\/arnaldo\/\"}]}<\/script>\n<!-- \/ Yoast SEO plugin. -->","yoast_head_json":{"title":"El Senado le dio media sanci\u00f3n al proyecto que busca convertir en ley el Sistema de Alerta Sof\u00eda - Noticias Radio Reflejos","robots":{"index":"index","follow":"follow","max-snippet":"max-snippet:-1","max-image-preview":"max-image-preview:large","max-video-preview":"max-video-preview:-1"},"canonical":"https:\/\/www.noticiasradioreflejos.com.ar\/2021\/el-senado-le-dio-media-sancion-al-proyecto-que-busca-convertir-en-ley-el-sistema-de-alerta-sofia\/","og_locale":"es_ES","og_type":"article","og_title":"El Senado le dio media sanci\u00f3n al proyecto que busca convertir en ley el Sistema de Alerta Sof\u00eda - Noticias Radio Reflejos","og_description":"La iniciativa propone darle un marco normativo a la b\u00fasqueda de personas extraviadas o desaparecidas.","og_url":"https:\/\/www.noticiasradioreflejos.com.ar\/2021\/el-senado-le-dio-media-sancion-al-proyecto-que-busca-convertir-en-ley-el-sistema-de-alerta-sofia\/","og_site_name":"Noticias Radio Reflejos","article_published_time":"2025-10-03T11:55:51+00:00","og_image":[{"width":1024,"height":538,"url":"https:\/\/www.noticiasradioreflejos.com.ar\/2021\/wp-content\/uploads\/2025\/10\/Ley-sofia.jpg","type":"image\/jpeg"}],"author":"Arnaldo Botto","twitter_card":"summary_large_image","schema":{"@context":"https:\/\/schema.org","@graph":[{"@type":"WebPage","@id":"https:\/\/www.noticiasradioreflejos.com.ar\/2021\/el-senado-le-dio-media-sancion-al-proyecto-que-busca-convertir-en-ley-el-sistema-de-alerta-sofia\/","url":"https:\/\/www.noticiasradioreflejos.com.ar\/2021\/el-senado-le-dio-media-sancion-al-proyecto-que-busca-convertir-en-ley-el-sistema-de-alerta-sofia\/","name":"El Senado le dio media sanci\u00f3n al proyecto que busca convertir en ley el Sistema de Alerta Sof\u00eda - Noticias Radio Reflejos","isPartOf":{"@id":"https:\/\/www.noticiasradioreflejos.com.ar\/2021\/#website"},"primaryImageOfPage":{"@id":"https:\/\/www.noticiasradioreflejos.com.ar\/2021\/el-senado-le-dio-media-sancion-al-proyecto-que-busca-convertir-en-ley-el-sistema-de-alerta-sofia\/#primaryimage"},"image":{"@id":"https:\/\/www.noticiasradioreflejos.com.ar\/2021\/el-senado-le-dio-media-sancion-al-proyecto-que-busca-convertir-en-ley-el-sistema-de-alerta-sofia\/#primaryimage"},"thumbnailUrl":"https:\/\/www.noticiasradioreflejos.com.ar\/2021\/wp-content\/uploads\/2025\/10\/Ley-sofia.jpg","datePublished":"2025-10-03T11:55:51+00:00","author":{"@id":"https:\/\/www.noticiasradioreflejos.com.ar\/2021\/#\/schema\/person\/ad82545263dcc5ec0996818884fd5fb1"},"breadcrumb":{"@id":"https:\/\/www.noticiasradioreflejos.com.ar\/2021\/el-senado-le-dio-media-sancion-al-proyecto-que-busca-convertir-en-ley-el-sistema-de-alerta-sofia\/#breadcrumb"},"inLanguage":"es","potentialAction":[{"@type":"ReadAction","target":["https:\/\/www.noticiasradioreflejos.com.ar\/2021\/el-senado-le-dio-media-sancion-al-proyecto-que-busca-convertir-en-ley-el-sistema-de-alerta-sofia\/"]}]},{"@type":"ImageObject","inLanguage":"es","@id":"https:\/\/www.noticiasradioreflejos.com.ar\/2021\/el-senado-le-dio-media-sancion-al-proyecto-que-busca-convertir-en-ley-el-sistema-de-alerta-sofia\/#primaryimage","url":"https:\/\/www.noticiasradioreflejos.com.ar\/2021\/wp-content\/uploads\/2025\/10\/Ley-sofia.jpg","contentUrl":"https:\/\/www.noticiasradioreflejos.com.ar\/2021\/wp-content\/uploads\/2025\/10\/Ley-sofia.jpg","width":1024,"height":538},{"@type":"BreadcrumbList","@id":"https:\/\/www.noticiasradioreflejos.com.ar\/2021\/el-senado-le-dio-media-sancion-al-proyecto-que-busca-convertir-en-ley-el-sistema-de-alerta-sofia\/#breadcrumb","itemListElement":[{"@type":"ListItem","position":1,"name":"Portada","item":"https:\/\/www.noticiasradioreflejos.com.ar\/2021\/"},{"@type":"ListItem","position":2,"name":"El Senado le dio media sanci\u00f3n al proyecto que busca convertir en ley el Sistema de Alerta Sof\u00eda"}]},{"@type":"WebSite","@id":"https:\/\/www.noticiasradioreflejos.com.ar\/2021\/#website","url":"https:\/\/www.noticiasradioreflejos.com.ar\/2021\/","name":"Noticias Radio Reflejos","description":"Las noticias de mi comarca","potentialAction":[{"@type":"SearchAction","target":{"@type":"EntryPoint","urlTemplate":"https:\/\/www.noticiasradioreflejos.com.ar\/2021\/?s={search_term_string}"},"query-input":{"@type":"PropertyValueSpecification","valueRequired":true,"valueName":"search_term_string"}}],"inLanguage":"es"},{"@type":"Person","@id":"https:\/\/www.noticiasradioreflejos.com.ar\/2021\/#\/schema\/person\/ad82545263dcc5ec0996818884fd5fb1","name":"Arnaldo Botto","image":{"@type":"ImageObject","inLanguage":"es","@id":"https:\/\/www.noticiasradioreflejos.com.ar\/2021\/#\/schema\/person\/image\/","url":"https:\/\/secure.gravatar.com\/avatar\/55cb5e37c1efa326397366e6974cb338056df65cb50e7d64d1cf314e87504837?s=96&d=mm&r=g","contentUrl":"https:\/\/secure.gravatar.com\/avatar\/55cb5e37c1efa326397366e6974cb338056df65cb50e7d64d1cf314e87504837?s=96&d=mm&r=g","caption":"Arnaldo Botto"},"url":"https:\/\/www.noticiasradioreflejos.com.ar\/2021\/author\/arnaldo\/"}]}},"_links":{"self":[{"href":"https:\/\/www.noticiasradioreflejos.com.ar\/2021\/wp-json\/wp\/v2\/posts\/126101","targetHints":{"allow":["GET"]}}],"collection":[{"href":"https:\/\/www.noticiasradioreflejos.com.ar\/2021\/wp-json\/wp\/v2\/posts"}],"about":[{"href":"https:\/\/www.noticiasradioreflejos.com.ar\/2021\/wp-json\/wp\/v2\/types\/post"}],"author":[{"embeddable":true,"href":"https:\/\/www.noticiasradioreflejos.com.ar\/2021\/wp-json\/wp\/v2\/users\/3"}],"replies":[{"embeddable":true,"href":"https:\/\/www.noticiasradioreflejos.com.ar\/2021\/wp-json\/wp\/v2\/comments?post=126101"}],"version-history":[{"count":1,"href":"https:\/\/www.noticiasradioreflejos.com.ar\/2021\/wp-json\/wp\/v2\/posts\/126101\/revisions"}],"predecessor-version":[{"id":126104,"href":"https:\/\/www.noticiasradioreflejos.com.ar\/2021\/wp-json\/wp\/v2\/posts\/126101\/revisions\/126104"}],"wp:featuredmedia":[{"embeddable":true,"href":"https:\/\/www.noticiasradioreflejos.com.ar\/2021\/wp-json\/wp\/v2\/media\/126103"}],"wp:attachment":[{"href":"https:\/\/www.noticiasradioreflejos.com.ar\/2021\/wp-json\/wp\/v2\/media?parent=126101"}],"wp:term":[{"taxonomy":"category","embeddable":true,"href":"https:\/\/www.noticiasradioreflejos.com.ar\/2021\/wp-json\/wp\/v2\/categories?post=126101"},{"taxonomy":"post_tag","embeddable":true,"href":"https:\/\/www.noticiasradioreflejos.com.ar\/2021\/wp-json\/wp\/v2\/tags?post=126101"}],"curies":[{"name":"wp","href":"https:\/\/api.w.org\/{rel}","templated":true}]}}