{"id":126098,"date":"2025-10-03T07:58:32","date_gmt":"2025-10-03T10:58:32","guid":{"rendered":"https:\/\/www.noticiasradioreflejos.com.ar\/2021\/?p=126098"},"modified":"2025-10-03T07:58:32","modified_gmt":"2025-10-03T10:58:32","slug":"dia-mundial-de-la-sonrisa-por-que-se-celebra-este-3-de-octubre","status":"publish","type":"post","link":"https:\/\/www.noticiasradioreflejos.com.ar\/2021\/dia-mundial-de-la-sonrisa-por-que-se-celebra-este-3-de-octubre\/","title":{"rendered":"D\u00eda Mundial de la Sonrisa: \u00bfpor qu\u00e9 se celebra este 3 de octubre?"},"content":{"rendered":"<p>El D\u00eda Mundial de la Sonrisa se celebra cada a\u00f1o el primer viernes del mes de octubre. La idea surgi\u00f3 de Harvey Ball, artista comercial, creador de la Smiley Face.<!--more--><\/p>\n<p>En el a\u00f1o 1999 <strong>Harvey Ball<\/strong>, creador del s\u00edmbolo iconogr\u00e1fico Smiley Face o Carita Feliz, decidi\u00f3 proclamar el\u00a0<strong>D\u00eda Mundial de la Sonrisa<\/strong>\u00a0para el primer viernes de octubre, una fecha pensada para ser feliz y llevar alegr\u00eda a otros, aunque sea por un d\u00eda.<\/p>\n<div class=\"partner-wrapper article-page__body-row\">\n<div class=\"second-col\">\n<figure><picture class=\"news-image\"><source srcset=\"https:\/\/static.eldiario.es\/clip\/ce0f572c-2073-4e50-b080-fe9f87bd1d38_source-aspect-ratio_50p_0.webp\" type=\"image\/webp\" media=\"(max-width: 576px)\" \/><source srcset=\"https:\/\/static.eldiario.es\/clip\/ce0f572c-2073-4e50-b080-fe9f87bd1d38_source-aspect-ratio_50p_0.jpg\" type=\"image\/jpg\" media=\"(max-width: 576px)\" \/><source srcset=\"https:\/\/static.eldiario.es\/clip\/ce0f572c-2073-4e50-b080-fe9f87bd1d38_source-aspect-ratio_75p_0.webp\" type=\"image\/webp\" media=\"(max-width: 767px)\" \/><source srcset=\"https:\/\/static.eldiario.es\/clip\/ce0f572c-2073-4e50-b080-fe9f87bd1d38_source-aspect-ratio_75p_0.jpg\" type=\"image\/jpg\" media=\"(max-width: 767px)\" \/><source srcset=\"https:\/\/static.eldiario.es\/clip\/ce0f572c-2073-4e50-b080-fe9f87bd1d38_source-aspect-ratio_default_0.webp\" type=\"image\/webp\" media=\"(min-width: 768px)\" \/><source srcset=\"https:\/\/static.eldiario.es\/clip\/ce0f572c-2073-4e50-b080-fe9f87bd1d38_source-aspect-ratio_default_0.jpg\" type=\"image\/jpg\" media=\"(min-width: 768px)\" \/><source srcset=\"https:\/\/static.eldiario.es\/clip\/ce0f572c-2073-4e50-b080-fe9f87bd1d38_source-aspect-ratio_default_0.webp\" type=\"image\/webp\" \/><img decoding=\"async\" class=\"lazy entered loaded\" src=\"https:\/\/static.eldiario.es\/clip\/ce0f572c-2073-4e50-b080-fe9f87bd1d38_source-aspect-ratio_default_0.jpg\" alt=\"La famosa Smiley Face\" data-src=\"https:\/\/static.eldiario.es\/clip\/ce0f572c-2073-4e50-b080-fe9f87bd1d38_source-aspect-ratio_default_0.jpg\" data-ll-status=\"loaded\" \/><\/picture><\/figure>\n<\/div>\n<\/div>\n<p><em><span class=\"title\">La famosa Smiley Face\u00a0<span class=\"author\">Freepick<\/span><\/span><\/em><\/p>\n<p>&nbsp;<\/p>\n<p class=\"article-text\">Harvey falleci\u00f3 en el a\u00f1o 2001, pero desde entonces se cre\u00f3 la\u00a0<em><strong>Harvey Ball World Smile Foundation<\/strong><\/em>\u00a0en su honor. Organizaci\u00f3n que todos los a\u00f1os realiza actividades y recauda fondos para obras ben\u00e9ficas que lleven alegr\u00eda a todas las personas alrededor del planeta.<\/p>\n<h2 class=\"article-text\">Beneficios de la sonrisa<\/h2>\n<p class=\"article-text\">Y es que\u00a0<strong>la sonrisa es un gesto que produce muchos beneficios<\/strong>. Al sonre\u00edr, nuestro cuerpo libera endorfinas y serotoninas, dos hormonas que nos hacen sentir m\u00e1s felices, menos estresados y mejorar nuestro estado de \u00e1nimo.<\/p>\n<p class=\"article-text\"><strong>Sonre\u00edr es parte del lenguaje universal, es gratis y nos ayuda en muchos \u00e1mbitos de la vida<\/strong>: en la seducci\u00f3n, en la vida profesional, en nuestra autoestima. Genera seguridad en uno mismo y en los dem\u00e1s. Y es contagiosa.<\/p>\n<h2 class=\"article-text\">Algunas frases que se han popularizado en el D\u00eda Mundial de la Sonrisa.<\/h2>\n<p class=\"article-text\">Cada a\u00f1o millones de personas aprovechan el\u00a0<strong>D\u00eda Mundial de la Sonrisa<\/strong>, para compartir frases famosas sobre la sonrisa. Te compartimos algunas de las m\u00e1s populares.<\/p>\n<div class=\"list\">\n<ul>\n<li><em>La sonrisa cuesta menos que la electricidad y da m\u00e1s luz.<\/em>\u00a0&#8211; Proverbio escoc\u00e9s.<\/li>\n<li><em>Una gran sonrisa es un bello rostro de gigante.<\/em>\u00a0&#8211; Charles Baudelaire.<\/li>\n<li><em>Es m\u00e1s f\u00e1cil obtener lo que se desea con una sonrisa que con la punta de la espada.<\/em>\u00a0&#8211; William Shakespeare.<\/li>\n<li><em>El ni\u00f1o reconoce a la madre por la sonrisa.<\/em>\u00a0&#8211; Leon Tolstoi.<\/li>\n<li><em>El maquillaje que embellece m\u00e1s es una sonrisa sincera.<\/em>\u00a0&#8211; An\u00f3nimo.<\/li>\n<\/ul>\n<\/div>\n<h2 class=\"article-text\">\u00bfC\u00f3mo celebrar el D\u00eda Mundial de la Sonrisa?<\/h2>\n<p class=\"article-text\">Como el objetivo de este d\u00eda es\u00a0<strong>llevar alegr\u00eda a todo aquel que la necesite<\/strong>, podemos desde hacer obras caritativas hasta dedicarle toda una tarde a un amigo que sabemos que est\u00e1 atravesando por un mal momento. O simplemente sonre\u00ed siempre que tengas ganas. Te sentir\u00e1s mejor y har\u00e1s sentir mejor al que est\u00e1 a tu lado.<\/p>\n<div id=\"container-after-news-outlook\"><\/div>\n<p class=\"article-text\">Otra buena manera es compartir frases graciosas, im\u00e1genes y videos que promuevan la alegr\u00eda en otros. Aprovechemos al m\u00e1ximo la conectividad y contagiemos una sonrisa de forma viral. Usa los hashtag\u00a0<strong>#WorldSmileDay<\/strong>\u00a0<strong>#DiaMundialDeLaSonrisa<\/strong>.<\/p>\n<p>&nbsp;<\/p>\n<p class=\"article-text\"><em><strong>CRM &#8211; elDiarioAR<\/strong><\/em><\/p>\n","protected":false},"excerpt":{"rendered":"<p>El D\u00eda Mundial de la Sonrisa se celebra cada a\u00f1o el primer viernes del mes de octubre. La idea surgi\u00f3 de Harvey Ball, artista comercial, creador de la Smiley Face.<\/p>\n","protected":false},"author":3,"featured_media":126099,"comment_status":"closed","ping_status":"closed","sticky":false,"template":"","format":"standard","meta":{"footnotes":""},"categories":[26],"tags":[],"class_list":["post-126098","post","type-post","status-publish","format-standard","has-post-thumbnail","hentry","category-sociedad"],"yoast_head":"<!-- This site is optimized with the Yoast SEO plugin v25.9 - https:\/\/yoast.com\/wordpress\/plugins\/seo\/ -->\n<title>D\u00eda Mundial de la Sonrisa: \u00bfpor qu\u00e9 se celebra este 3 de octubre? - Noticias Radio Reflejos<\/title>\n<meta name=\"robots\" content=\"index, follow, max-snippet:-1, max-image-preview:large, max-video-preview:-1\" \/>\n<link rel=\"canonical\" href=\"https:\/\/www.noticiasradioreflejos.com.ar\/2021\/dia-mundial-de-la-sonrisa-por-que-se-celebra-este-3-de-octubre\/\" \/>\n<meta property=\"og:locale\" content=\"es_ES\" \/>\n<meta property=\"og:type\" content=\"article\" \/>\n<meta property=\"og:title\" content=\"D\u00eda Mundial de la Sonrisa: \u00bfpor qu\u00e9 se celebra este 3 de octubre? - Noticias Radio Reflejos\" \/>\n<meta property=\"og:description\" content=\"El D\u00eda Mundial de la Sonrisa se celebra cada a\u00f1o el primer viernes del mes de octubre. La idea surgi\u00f3 de Harvey Ball, artista comercial, creador de la Smiley Face.\" \/>\n<meta property=\"og:url\" content=\"https:\/\/www.noticiasradioreflejos.com.ar\/2021\/dia-mundial-de-la-sonrisa-por-que-se-celebra-este-3-de-octubre\/\" \/>\n<meta property=\"og:site_name\" content=\"Noticias Radio Reflejos\" \/>\n<meta property=\"article:published_time\" content=\"2025-10-03T10:58:32+00:00\" \/>\n<meta property=\"og:image\" content=\"https:\/\/www.noticiasradioreflejos.com.ar\/2021\/wp-content\/uploads\/2025\/10\/sonrisas.jpg\" \/>\n\t<meta property=\"og:image:width\" content=\"1200\" \/>\n\t<meta property=\"og:image:height\" content=\"675\" \/>\n\t<meta property=\"og:image:type\" content=\"image\/jpeg\" \/>\n<meta name=\"author\" content=\"Arnaldo Botto\" \/>\n<meta name=\"twitter:card\" content=\"summary_large_image\" \/>\n<script type=\"application\/ld+json\" class=\"yoast-schema-graph\">{\"@context\":\"https:\/\/schema.org\",\"@graph\":[{\"@type\":\"WebPage\",\"@id\":\"https:\/\/www.noticiasradioreflejos.com.ar\/2021\/dia-mundial-de-la-sonrisa-por-que-se-celebra-este-3-de-octubre\/\",\"url\":\"https:\/\/www.noticiasradioreflejos.com.ar\/2021\/dia-mundial-de-la-sonrisa-por-que-se-celebra-este-3-de-octubre\/\",\"name\":\"D\u00eda Mundial de la Sonrisa: \u00bfpor qu\u00e9 se celebra este 3 de octubre? - Noticias Radio Reflejos\",\"isPartOf\":{\"@id\":\"https:\/\/www.noticiasradioreflejos.com.ar\/2021\/#website\"},\"primaryImageOfPage\":{\"@id\":\"https:\/\/www.noticiasradioreflejos.com.ar\/2021\/dia-mundial-de-la-sonrisa-por-que-se-celebra-este-3-de-octubre\/#primaryimage\"},\"image\":{\"@id\":\"https:\/\/www.noticiasradioreflejos.com.ar\/2021\/dia-mundial-de-la-sonrisa-por-que-se-celebra-este-3-de-octubre\/#primaryimage\"},\"thumbnailUrl\":\"https:\/\/www.noticiasradioreflejos.com.ar\/2021\/wp-content\/uploads\/2025\/10\/sonrisas.jpg\",\"datePublished\":\"2025-10-03T10:58:32+00:00\",\"author\":{\"@id\":\"https:\/\/www.noticiasradioreflejos.com.ar\/2021\/#\/schema\/person\/ad82545263dcc5ec0996818884fd5fb1\"},\"breadcrumb\":{\"@id\":\"https:\/\/www.noticiasradioreflejos.com.ar\/2021\/dia-mundial-de-la-sonrisa-por-que-se-celebra-este-3-de-octubre\/#breadcrumb\"},\"inLanguage\":\"es\",\"potentialAction\":[{\"@type\":\"ReadAction\",\"target\":[\"https:\/\/www.noticiasradioreflejos.com.ar\/2021\/dia-mundial-de-la-sonrisa-por-que-se-celebra-este-3-de-octubre\/\"]}]},{\"@type\":\"ImageObject\",\"inLanguage\":\"es\",\"@id\":\"https:\/\/www.noticiasradioreflejos.com.ar\/2021\/dia-mundial-de-la-sonrisa-por-que-se-celebra-este-3-de-octubre\/#primaryimage\",\"url\":\"https:\/\/www.noticiasradioreflejos.com.ar\/2021\/wp-content\/uploads\/2025\/10\/sonrisas.jpg\",\"contentUrl\":\"https:\/\/www.noticiasradioreflejos.com.ar\/2021\/wp-content\/uploads\/2025\/10\/sonrisas.jpg\",\"width\":1200,\"height\":675},{\"@type\":\"BreadcrumbList\",\"@id\":\"https:\/\/www.noticiasradioreflejos.com.ar\/2021\/dia-mundial-de-la-sonrisa-por-que-se-celebra-este-3-de-octubre\/#breadcrumb\",\"itemListElement\":[{\"@type\":\"ListItem\",\"position\":1,\"name\":\"Portada\",\"item\":\"https:\/\/www.noticiasradioreflejos.com.ar\/2021\/\"},{\"@type\":\"ListItem\",\"position\":2,\"name\":\"D\u00eda Mundial de la Sonrisa: \u00bfpor qu\u00e9 se celebra este 3 de octubre?\"}]},{\"@type\":\"WebSite\",\"@id\":\"https:\/\/www.noticiasradioreflejos.com.ar\/2021\/#website\",\"url\":\"https:\/\/www.noticiasradioreflejos.com.ar\/2021\/\",\"name\":\"Noticias Radio Reflejos\",\"description\":\"Las noticias de mi comarca\",\"potentialAction\":[{\"@type\":\"SearchAction\",\"target\":{\"@type\":\"EntryPoint\",\"urlTemplate\":\"https:\/\/www.noticiasradioreflejos.com.ar\/2021\/?s={search_term_string}\"},\"query-input\":{\"@type\":\"PropertyValueSpecification\",\"valueRequired\":true,\"valueName\":\"search_term_string\"}}],\"inLanguage\":\"es\"},{\"@type\":\"Person\",\"@id\":\"https:\/\/www.noticiasradioreflejos.com.ar\/2021\/#\/schema\/person\/ad82545263dcc5ec0996818884fd5fb1\",\"name\":\"Arnaldo Botto\",\"image\":{\"@type\":\"ImageObject\",\"inLanguage\":\"es\",\"@id\":\"https:\/\/www.noticiasradioreflejos.com.ar\/2021\/#\/schema\/person\/image\/\",\"url\":\"https:\/\/secure.gravatar.com\/avatar\/55cb5e37c1efa326397366e6974cb338056df65cb50e7d64d1cf314e87504837?s=96&d=mm&r=g\",\"contentUrl\":\"https:\/\/secure.gravatar.com\/avatar\/55cb5e37c1efa326397366e6974cb338056df65cb50e7d64d1cf314e87504837?s=96&d=mm&r=g\",\"caption\":\"Arnaldo Botto\"},\"url\":\"https:\/\/www.noticiasradioreflejos.com.ar\/2021\/author\/arnaldo\/\"}]}<\/script>\n<!-- \/ Yoast SEO plugin. -->","yoast_head_json":{"title":"D\u00eda Mundial de la Sonrisa: \u00bfpor qu\u00e9 se celebra este 3 de octubre? - Noticias Radio Reflejos","robots":{"index":"index","follow":"follow","max-snippet":"max-snippet:-1","max-image-preview":"max-image-preview:large","max-video-preview":"max-video-preview:-1"},"canonical":"https:\/\/www.noticiasradioreflejos.com.ar\/2021\/dia-mundial-de-la-sonrisa-por-que-se-celebra-este-3-de-octubre\/","og_locale":"es_ES","og_type":"article","og_title":"D\u00eda Mundial de la Sonrisa: \u00bfpor qu\u00e9 se celebra este 3 de octubre? - Noticias Radio Reflejos","og_description":"El D\u00eda Mundial de la Sonrisa se celebra cada a\u00f1o el primer viernes del mes de octubre. La idea surgi\u00f3 de Harvey Ball, artista comercial, creador de la Smiley Face.","og_url":"https:\/\/www.noticiasradioreflejos.com.ar\/2021\/dia-mundial-de-la-sonrisa-por-que-se-celebra-este-3-de-octubre\/","og_site_name":"Noticias Radio Reflejos","article_published_time":"2025-10-03T10:58:32+00:00","og_image":[{"width":1200,"height":675,"url":"https:\/\/www.noticiasradioreflejos.com.ar\/2021\/wp-content\/uploads\/2025\/10\/sonrisas.jpg","type":"image\/jpeg"}],"author":"Arnaldo Botto","twitter_card":"summary_large_image","schema":{"@context":"https:\/\/schema.org","@graph":[{"@type":"WebPage","@id":"https:\/\/www.noticiasradioreflejos.com.ar\/2021\/dia-mundial-de-la-sonrisa-por-que-se-celebra-este-3-de-octubre\/","url":"https:\/\/www.noticiasradioreflejos.com.ar\/2021\/dia-mundial-de-la-sonrisa-por-que-se-celebra-este-3-de-octubre\/","name":"D\u00eda Mundial de la Sonrisa: \u00bfpor qu\u00e9 se celebra este 3 de octubre? - Noticias Radio Reflejos","isPartOf":{"@id":"https:\/\/www.noticiasradioreflejos.com.ar\/2021\/#website"},"primaryImageOfPage":{"@id":"https:\/\/www.noticiasradioreflejos.com.ar\/2021\/dia-mundial-de-la-sonrisa-por-que-se-celebra-este-3-de-octubre\/#primaryimage"},"image":{"@id":"https:\/\/www.noticiasradioreflejos.com.ar\/2021\/dia-mundial-de-la-sonrisa-por-que-se-celebra-este-3-de-octubre\/#primaryimage"},"thumbnailUrl":"https:\/\/www.noticiasradioreflejos.com.ar\/2021\/wp-content\/uploads\/2025\/10\/sonrisas.jpg","datePublished":"2025-10-03T10:58:32+00:00","author":{"@id":"https:\/\/www.noticiasradioreflejos.com.ar\/2021\/#\/schema\/person\/ad82545263dcc5ec0996818884fd5fb1"},"breadcrumb":{"@id":"https:\/\/www.noticiasradioreflejos.com.ar\/2021\/dia-mundial-de-la-sonrisa-por-que-se-celebra-este-3-de-octubre\/#breadcrumb"},"inLanguage":"es","potentialAction":[{"@type":"ReadAction","target":["https:\/\/www.noticiasradioreflejos.com.ar\/2021\/dia-mundial-de-la-sonrisa-por-que-se-celebra-este-3-de-octubre\/"]}]},{"@type":"ImageObject","inLanguage":"es","@id":"https:\/\/www.noticiasradioreflejos.com.ar\/2021\/dia-mundial-de-la-sonrisa-por-que-se-celebra-este-3-de-octubre\/#primaryimage","url":"https:\/\/www.noticiasradioreflejos.com.ar\/2021\/wp-content\/uploads\/2025\/10\/sonrisas.jpg","contentUrl":"https:\/\/www.noticiasradioreflejos.com.ar\/2021\/wp-content\/uploads\/2025\/10\/sonrisas.jpg","width":1200,"height":675},{"@type":"BreadcrumbList","@id":"https:\/\/www.noticiasradioreflejos.com.ar\/2021\/dia-mundial-de-la-sonrisa-por-que-se-celebra-este-3-de-octubre\/#breadcrumb","itemListElement":[{"@type":"ListItem","position":1,"name":"Portada","item":"https:\/\/www.noticiasradioreflejos.com.ar\/2021\/"},{"@type":"ListItem","position":2,"name":"D\u00eda Mundial de la Sonrisa: \u00bfpor qu\u00e9 se celebra este 3 de octubre?"}]},{"@type":"WebSite","@id":"https:\/\/www.noticiasradioreflejos.com.ar\/2021\/#website","url":"https:\/\/www.noticiasradioreflejos.com.ar\/2021\/","name":"Noticias Radio Reflejos","description":"Las noticias de mi comarca","potentialAction":[{"@type":"SearchAction","target":{"@type":"EntryPoint","urlTemplate":"https:\/\/www.noticiasradioreflejos.com.ar\/2021\/?s={search_term_string}"},"query-input":{"@type":"PropertyValueSpecification","valueRequired":true,"valueName":"search_term_string"}}],"inLanguage":"es"},{"@type":"Person","@id":"https:\/\/www.noticiasradioreflejos.com.ar\/2021\/#\/schema\/person\/ad82545263dcc5ec0996818884fd5fb1","name":"Arnaldo Botto","image":{"@type":"ImageObject","inLanguage":"es","@id":"https:\/\/www.noticiasradioreflejos.com.ar\/2021\/#\/schema\/person\/image\/","url":"https:\/\/secure.gravatar.com\/avatar\/55cb5e37c1efa326397366e6974cb338056df65cb50e7d64d1cf314e87504837?s=96&d=mm&r=g","contentUrl":"https:\/\/secure.gravatar.com\/avatar\/55cb5e37c1efa326397366e6974cb338056df65cb50e7d64d1cf314e87504837?s=96&d=mm&r=g","caption":"Arnaldo Botto"},"url":"https:\/\/www.noticiasradioreflejos.com.ar\/2021\/author\/arnaldo\/"}]}},"_links":{"self":[{"href":"https:\/\/www.noticiasradioreflejos.com.ar\/2021\/wp-json\/wp\/v2\/posts\/126098","targetHints":{"allow":["GET"]}}],"collection":[{"href":"https:\/\/www.noticiasradioreflejos.com.ar\/2021\/wp-json\/wp\/v2\/posts"}],"about":[{"href":"https:\/\/www.noticiasradioreflejos.com.ar\/2021\/wp-json\/wp\/v2\/types\/post"}],"author":[{"embeddable":true,"href":"https:\/\/www.noticiasradioreflejos.com.ar\/2021\/wp-json\/wp\/v2\/users\/3"}],"replies":[{"embeddable":true,"href":"https:\/\/www.noticiasradioreflejos.com.ar\/2021\/wp-json\/wp\/v2\/comments?post=126098"}],"version-history":[{"count":1,"href":"https:\/\/www.noticiasradioreflejos.com.ar\/2021\/wp-json\/wp\/v2\/posts\/126098\/revisions"}],"predecessor-version":[{"id":126100,"href":"https:\/\/www.noticiasradioreflejos.com.ar\/2021\/wp-json\/wp\/v2\/posts\/126098\/revisions\/126100"}],"wp:featuredmedia":[{"embeddable":true,"href":"https:\/\/www.noticiasradioreflejos.com.ar\/2021\/wp-json\/wp\/v2\/media\/126099"}],"wp:attachment":[{"href":"https:\/\/www.noticiasradioreflejos.com.ar\/2021\/wp-json\/wp\/v2\/media?parent=126098"}],"wp:term":[{"taxonomy":"category","embeddable":true,"href":"https:\/\/www.noticiasradioreflejos.com.ar\/2021\/wp-json\/wp\/v2\/categories?post=126098"},{"taxonomy":"post_tag","embeddable":true,"href":"https:\/\/www.noticiasradioreflejos.com.ar\/2021\/wp-json\/wp\/v2\/tags?post=126098"}],"curies":[{"name":"wp","href":"https:\/\/api.w.org\/{rel}","templated":true}]}}