{"id":126095,"date":"2025-10-03T07:54:15","date_gmt":"2025-10-03T10:54:15","guid":{"rendered":"https:\/\/www.noticiasradioreflejos.com.ar\/2021\/?p=126095"},"modified":"2025-10-03T07:54:42","modified_gmt":"2025-10-03T10:54:42","slug":"ipc-online-corrigio-el-numero-de-la-inflacion-de-septiembre-subio-casi-un-punto-mas","status":"publish","type":"post","link":"https:\/\/www.noticiasradioreflejos.com.ar\/2021\/ipc-online-corrigio-el-numero-de-la-inflacion-de-septiembre-subio-casi-un-punto-mas\/","title":{"rendered":"IPC Online corrigi\u00f3 el n\u00famero de la inflaci\u00f3n de septiembre: subi\u00f3 casi un punto m\u00e1s"},"content":{"rendered":"<p>No se hab\u00eda incluido el aumento de la nafta \u00abpor un error\u00bb, por lo que el \u00edndice alcanz\u00f3 el 2,29%, en lugar de 1,4%.<!--more--><\/p>\n<div class=\"noticia-main-container\">\n<div class=\"noticia__desarrollo\">\n<p>Seg\u00fan indic\u00f3 la entidad local, \u201c<em>debido a un inconveniente en la carga de datos de \u00faltimo momento, fue necesario realizar una reestimaci\u00f3n de la medici\u00f3n correspondiente. El problema radic\u00f3 en la ausencia de informaci\u00f3n actualizada relativa a los precios de los combustibles, lo cual afect\u00f3 parcialmente los resultados inicialmente difundidos\u201d.<\/em><\/p>\n<p>En efecto, la categor\u00eda\u00a0<strong>Transporte y comunicaciones encabez\u00f3 las subas con un 6,13%<\/strong>; cuando marc\u00f3\u00a0<strong>2,10%\u00a0<\/strong>cuando se inform\u00f3 en un primer momento. En detalle,\u00a0<em>Combustibles<\/em>\u00a0tuvo un alza de 3,35%.<\/p>\n<figure class=\"wp-block-image size-full is-resized\"><img loading=\"lazy\" decoding=\"async\" class=\"wp-image-192696\" src=\"https:\/\/frenteacano.com.ar\/wp-content\/uploads\/2025\/10\/image-2.webp\" sizes=\"auto, (max-width: 538px) 100vw, 538px\" srcset=\"https:\/\/frenteacano.com.ar\/wp-content\/uploads\/2025\/10\/image-2.webp 538w, https:\/\/frenteacano.com.ar\/wp-content\/uploads\/2025\/10\/image-2-300x186.webp 300w\" alt=\"\" width=\"538\" height=\"334\" \/><\/figure>\n<p>As\u00ed las cosas, la inflaci\u00f3n\u00a0<strong>interanual es de 28,43%<\/strong>\u00a0y la acumulada\u00a0<strong>en lo que va del a\u00f1o 20,55%<\/strong>.<\/p>\n<p>Como se hab\u00eda subrayado en el informe anterior, \u201cse registra efecto arrastre del mes de agosto y ajustes intersemanales en la primera semana con una \u00faltima semana de subas en\u00a0<em>Alimentos y bebidas<\/em>. Entre las bajas registradas se destacan carne vacuna y aviar\u201d.<\/p>\n<\/div>\n<\/div>\n<p>&nbsp;<\/p>\n<p><strong>Fuente Frente a CANO<\/strong><\/p>\n","protected":false},"excerpt":{"rendered":"<p>No se hab\u00eda incluido el aumento de la nafta \u00abpor un error\u00bb, por lo que el \u00edndice alcanz\u00f3 el 2,29%, en lugar de 1,4%.<\/p>\n","protected":false},"author":3,"featured_media":112039,"comment_status":"closed","ping_status":"closed","sticky":false,"template":"","format":"standard","meta":{"footnotes":""},"categories":[36],"tags":[],"class_list":["post-126095","post","type-post","status-publish","format-standard","has-post-thumbnail","hentry","category-economia"],"yoast_head":"<!-- This site is optimized with the Yoast SEO plugin v25.9 - https:\/\/yoast.com\/wordpress\/plugins\/seo\/ -->\n<title>IPC Online corrigi\u00f3 el n\u00famero de la inflaci\u00f3n de septiembre: subi\u00f3 casi un punto m\u00e1s - Noticias Radio Reflejos<\/title>\n<meta name=\"robots\" content=\"index, follow, max-snippet:-1, max-image-preview:large, max-video-preview:-1\" \/>\n<link rel=\"canonical\" href=\"https:\/\/www.noticiasradioreflejos.com.ar\/2021\/ipc-online-corrigio-el-numero-de-la-inflacion-de-septiembre-subio-casi-un-punto-mas\/\" \/>\n<meta property=\"og:locale\" content=\"es_ES\" \/>\n<meta property=\"og:type\" content=\"article\" \/>\n<meta property=\"og:title\" content=\"IPC Online corrigi\u00f3 el n\u00famero de la inflaci\u00f3n de septiembre: subi\u00f3 casi un punto m\u00e1s - Noticias Radio Reflejos\" \/>\n<meta property=\"og:description\" content=\"No se hab\u00eda incluido el aumento de la nafta \u00abpor un error\u00bb, por lo que el \u00edndice alcanz\u00f3 el 2,29%, en lugar de 1,4%.\" \/>\n<meta property=\"og:url\" content=\"https:\/\/www.noticiasradioreflejos.com.ar\/2021\/ipc-online-corrigio-el-numero-de-la-inflacion-de-septiembre-subio-casi-un-punto-mas\/\" \/>\n<meta property=\"og:site_name\" content=\"Noticias Radio Reflejos\" \/>\n<meta property=\"article:published_time\" content=\"2025-10-03T10:54:15+00:00\" \/>\n<meta property=\"article:modified_time\" content=\"2025-10-03T10:54:42+00:00\" \/>\n<meta property=\"og:image\" content=\"https:\/\/www.noticiasradioreflejos.com.ar\/2021\/wp-content\/uploads\/2025\/01\/autoservi-combustibles.jpg\" \/>\n\t<meta property=\"og:image:width\" content=\"768\" \/>\n\t<meta property=\"og:image:height\" content=\"432\" \/>\n\t<meta property=\"og:image:type\" content=\"image\/jpeg\" \/>\n<meta name=\"author\" content=\"Arnaldo Botto\" \/>\n<meta name=\"twitter:card\" content=\"summary_large_image\" \/>\n<script type=\"application\/ld+json\" class=\"yoast-schema-graph\">{\"@context\":\"https:\/\/schema.org\",\"@graph\":[{\"@type\":\"WebPage\",\"@id\":\"https:\/\/www.noticiasradioreflejos.com.ar\/2021\/ipc-online-corrigio-el-numero-de-la-inflacion-de-septiembre-subio-casi-un-punto-mas\/\",\"url\":\"https:\/\/www.noticiasradioreflejos.com.ar\/2021\/ipc-online-corrigio-el-numero-de-la-inflacion-de-septiembre-subio-casi-un-punto-mas\/\",\"name\":\"IPC Online corrigi\u00f3 el n\u00famero de la inflaci\u00f3n de septiembre: subi\u00f3 casi un punto m\u00e1s - Noticias Radio Reflejos\",\"isPartOf\":{\"@id\":\"https:\/\/www.noticiasradioreflejos.com.ar\/2021\/#website\"},\"primaryImageOfPage\":{\"@id\":\"https:\/\/www.noticiasradioreflejos.com.ar\/2021\/ipc-online-corrigio-el-numero-de-la-inflacion-de-septiembre-subio-casi-un-punto-mas\/#primaryimage\"},\"image\":{\"@id\":\"https:\/\/www.noticiasradioreflejos.com.ar\/2021\/ipc-online-corrigio-el-numero-de-la-inflacion-de-septiembre-subio-casi-un-punto-mas\/#primaryimage\"},\"thumbnailUrl\":\"https:\/\/www.noticiasradioreflejos.com.ar\/2021\/wp-content\/uploads\/2025\/01\/autoservi-combustibles.jpg\",\"datePublished\":\"2025-10-03T10:54:15+00:00\",\"dateModified\":\"2025-10-03T10:54:42+00:00\",\"author\":{\"@id\":\"https:\/\/www.noticiasradioreflejos.com.ar\/2021\/#\/schema\/person\/ad82545263dcc5ec0996818884fd5fb1\"},\"breadcrumb\":{\"@id\":\"https:\/\/www.noticiasradioreflejos.com.ar\/2021\/ipc-online-corrigio-el-numero-de-la-inflacion-de-septiembre-subio-casi-un-punto-mas\/#breadcrumb\"},\"inLanguage\":\"es\",\"potentialAction\":[{\"@type\":\"ReadAction\",\"target\":[\"https:\/\/www.noticiasradioreflejos.com.ar\/2021\/ipc-online-corrigio-el-numero-de-la-inflacion-de-septiembre-subio-casi-un-punto-mas\/\"]}]},{\"@type\":\"ImageObject\",\"inLanguage\":\"es\",\"@id\":\"https:\/\/www.noticiasradioreflejos.com.ar\/2021\/ipc-online-corrigio-el-numero-de-la-inflacion-de-septiembre-subio-casi-un-punto-mas\/#primaryimage\",\"url\":\"https:\/\/www.noticiasradioreflejos.com.ar\/2021\/wp-content\/uploads\/2025\/01\/autoservi-combustibles.jpg\",\"contentUrl\":\"https:\/\/www.noticiasradioreflejos.com.ar\/2021\/wp-content\/uploads\/2025\/01\/autoservi-combustibles.jpg\",\"width\":768,\"height\":432},{\"@type\":\"BreadcrumbList\",\"@id\":\"https:\/\/www.noticiasradioreflejos.com.ar\/2021\/ipc-online-corrigio-el-numero-de-la-inflacion-de-septiembre-subio-casi-un-punto-mas\/#breadcrumb\",\"itemListElement\":[{\"@type\":\"ListItem\",\"position\":1,\"name\":\"Portada\",\"item\":\"https:\/\/www.noticiasradioreflejos.com.ar\/2021\/\"},{\"@type\":\"ListItem\",\"position\":2,\"name\":\"IPC Online corrigi\u00f3 el n\u00famero de la inflaci\u00f3n de septiembre: subi\u00f3 casi un punto m\u00e1s\"}]},{\"@type\":\"WebSite\",\"@id\":\"https:\/\/www.noticiasradioreflejos.com.ar\/2021\/#website\",\"url\":\"https:\/\/www.noticiasradioreflejos.com.ar\/2021\/\",\"name\":\"Noticias Radio Reflejos\",\"description\":\"Las noticias de mi comarca\",\"potentialAction\":[{\"@type\":\"SearchAction\",\"target\":{\"@type\":\"EntryPoint\",\"urlTemplate\":\"https:\/\/www.noticiasradioreflejos.com.ar\/2021\/?s={search_term_string}\"},\"query-input\":{\"@type\":\"PropertyValueSpecification\",\"valueRequired\":true,\"valueName\":\"search_term_string\"}}],\"inLanguage\":\"es\"},{\"@type\":\"Person\",\"@id\":\"https:\/\/www.noticiasradioreflejos.com.ar\/2021\/#\/schema\/person\/ad82545263dcc5ec0996818884fd5fb1\",\"name\":\"Arnaldo Botto\",\"image\":{\"@type\":\"ImageObject\",\"inLanguage\":\"es\",\"@id\":\"https:\/\/www.noticiasradioreflejos.com.ar\/2021\/#\/schema\/person\/image\/\",\"url\":\"https:\/\/secure.gravatar.com\/avatar\/55cb5e37c1efa326397366e6974cb338056df65cb50e7d64d1cf314e87504837?s=96&d=mm&r=g\",\"contentUrl\":\"https:\/\/secure.gravatar.com\/avatar\/55cb5e37c1efa326397366e6974cb338056df65cb50e7d64d1cf314e87504837?s=96&d=mm&r=g\",\"caption\":\"Arnaldo Botto\"},\"url\":\"https:\/\/www.noticiasradioreflejos.com.ar\/2021\/author\/arnaldo\/\"}]}<\/script>\n<!-- \/ Yoast SEO plugin. -->","yoast_head_json":{"title":"IPC Online corrigi\u00f3 el n\u00famero de la inflaci\u00f3n de septiembre: subi\u00f3 casi un punto m\u00e1s - Noticias Radio Reflejos","robots":{"index":"index","follow":"follow","max-snippet":"max-snippet:-1","max-image-preview":"max-image-preview:large","max-video-preview":"max-video-preview:-1"},"canonical":"https:\/\/www.noticiasradioreflejos.com.ar\/2021\/ipc-online-corrigio-el-numero-de-la-inflacion-de-septiembre-subio-casi-un-punto-mas\/","og_locale":"es_ES","og_type":"article","og_title":"IPC Online corrigi\u00f3 el n\u00famero de la inflaci\u00f3n de septiembre: subi\u00f3 casi un punto m\u00e1s - Noticias Radio Reflejos","og_description":"No se hab\u00eda incluido el aumento de la nafta \u00abpor un error\u00bb, por lo que el \u00edndice alcanz\u00f3 el 2,29%, en lugar de 1,4%.","og_url":"https:\/\/www.noticiasradioreflejos.com.ar\/2021\/ipc-online-corrigio-el-numero-de-la-inflacion-de-septiembre-subio-casi-un-punto-mas\/","og_site_name":"Noticias Radio Reflejos","article_published_time":"2025-10-03T10:54:15+00:00","article_modified_time":"2025-10-03T10:54:42+00:00","og_image":[{"width":768,"height":432,"url":"https:\/\/www.noticiasradioreflejos.com.ar\/2021\/wp-content\/uploads\/2025\/01\/autoservi-combustibles.jpg","type":"image\/jpeg"}],"author":"Arnaldo Botto","twitter_card":"summary_large_image","schema":{"@context":"https:\/\/schema.org","@graph":[{"@type":"WebPage","@id":"https:\/\/www.noticiasradioreflejos.com.ar\/2021\/ipc-online-corrigio-el-numero-de-la-inflacion-de-septiembre-subio-casi-un-punto-mas\/","url":"https:\/\/www.noticiasradioreflejos.com.ar\/2021\/ipc-online-corrigio-el-numero-de-la-inflacion-de-septiembre-subio-casi-un-punto-mas\/","name":"IPC Online corrigi\u00f3 el n\u00famero de la inflaci\u00f3n de septiembre: subi\u00f3 casi un punto m\u00e1s - Noticias Radio Reflejos","isPartOf":{"@id":"https:\/\/www.noticiasradioreflejos.com.ar\/2021\/#website"},"primaryImageOfPage":{"@id":"https:\/\/www.noticiasradioreflejos.com.ar\/2021\/ipc-online-corrigio-el-numero-de-la-inflacion-de-septiembre-subio-casi-un-punto-mas\/#primaryimage"},"image":{"@id":"https:\/\/www.noticiasradioreflejos.com.ar\/2021\/ipc-online-corrigio-el-numero-de-la-inflacion-de-septiembre-subio-casi-un-punto-mas\/#primaryimage"},"thumbnailUrl":"https:\/\/www.noticiasradioreflejos.com.ar\/2021\/wp-content\/uploads\/2025\/01\/autoservi-combustibles.jpg","datePublished":"2025-10-03T10:54:15+00:00","dateModified":"2025-10-03T10:54:42+00:00","author":{"@id":"https:\/\/www.noticiasradioreflejos.com.ar\/2021\/#\/schema\/person\/ad82545263dcc5ec0996818884fd5fb1"},"breadcrumb":{"@id":"https:\/\/www.noticiasradioreflejos.com.ar\/2021\/ipc-online-corrigio-el-numero-de-la-inflacion-de-septiembre-subio-casi-un-punto-mas\/#breadcrumb"},"inLanguage":"es","potentialAction":[{"@type":"ReadAction","target":["https:\/\/www.noticiasradioreflejos.com.ar\/2021\/ipc-online-corrigio-el-numero-de-la-inflacion-de-septiembre-subio-casi-un-punto-mas\/"]}]},{"@type":"ImageObject","inLanguage":"es","@id":"https:\/\/www.noticiasradioreflejos.com.ar\/2021\/ipc-online-corrigio-el-numero-de-la-inflacion-de-septiembre-subio-casi-un-punto-mas\/#primaryimage","url":"https:\/\/www.noticiasradioreflejos.com.ar\/2021\/wp-content\/uploads\/2025\/01\/autoservi-combustibles.jpg","contentUrl":"https:\/\/www.noticiasradioreflejos.com.ar\/2021\/wp-content\/uploads\/2025\/01\/autoservi-combustibles.jpg","width":768,"height":432},{"@type":"BreadcrumbList","@id":"https:\/\/www.noticiasradioreflejos.com.ar\/2021\/ipc-online-corrigio-el-numero-de-la-inflacion-de-septiembre-subio-casi-un-punto-mas\/#breadcrumb","itemListElement":[{"@type":"ListItem","position":1,"name":"Portada","item":"https:\/\/www.noticiasradioreflejos.com.ar\/2021\/"},{"@type":"ListItem","position":2,"name":"IPC Online corrigi\u00f3 el n\u00famero de la inflaci\u00f3n de septiembre: subi\u00f3 casi un punto m\u00e1s"}]},{"@type":"WebSite","@id":"https:\/\/www.noticiasradioreflejos.com.ar\/2021\/#website","url":"https:\/\/www.noticiasradioreflejos.com.ar\/2021\/","name":"Noticias Radio Reflejos","description":"Las noticias de mi comarca","potentialAction":[{"@type":"SearchAction","target":{"@type":"EntryPoint","urlTemplate":"https:\/\/www.noticiasradioreflejos.com.ar\/2021\/?s={search_term_string}"},"query-input":{"@type":"PropertyValueSpecification","valueRequired":true,"valueName":"search_term_string"}}],"inLanguage":"es"},{"@type":"Person","@id":"https:\/\/www.noticiasradioreflejos.com.ar\/2021\/#\/schema\/person\/ad82545263dcc5ec0996818884fd5fb1","name":"Arnaldo Botto","image":{"@type":"ImageObject","inLanguage":"es","@id":"https:\/\/www.noticiasradioreflejos.com.ar\/2021\/#\/schema\/person\/image\/","url":"https:\/\/secure.gravatar.com\/avatar\/55cb5e37c1efa326397366e6974cb338056df65cb50e7d64d1cf314e87504837?s=96&d=mm&r=g","contentUrl":"https:\/\/secure.gravatar.com\/avatar\/55cb5e37c1efa326397366e6974cb338056df65cb50e7d64d1cf314e87504837?s=96&d=mm&r=g","caption":"Arnaldo Botto"},"url":"https:\/\/www.noticiasradioreflejos.com.ar\/2021\/author\/arnaldo\/"}]}},"_links":{"self":[{"href":"https:\/\/www.noticiasradioreflejos.com.ar\/2021\/wp-json\/wp\/v2\/posts\/126095","targetHints":{"allow":["GET"]}}],"collection":[{"href":"https:\/\/www.noticiasradioreflejos.com.ar\/2021\/wp-json\/wp\/v2\/posts"}],"about":[{"href":"https:\/\/www.noticiasradioreflejos.com.ar\/2021\/wp-json\/wp\/v2\/types\/post"}],"author":[{"embeddable":true,"href":"https:\/\/www.noticiasradioreflejos.com.ar\/2021\/wp-json\/wp\/v2\/users\/3"}],"replies":[{"embeddable":true,"href":"https:\/\/www.noticiasradioreflejos.com.ar\/2021\/wp-json\/wp\/v2\/comments?post=126095"}],"version-history":[{"count":2,"href":"https:\/\/www.noticiasradioreflejos.com.ar\/2021\/wp-json\/wp\/v2\/posts\/126095\/revisions"}],"predecessor-version":[{"id":126097,"href":"https:\/\/www.noticiasradioreflejos.com.ar\/2021\/wp-json\/wp\/v2\/posts\/126095\/revisions\/126097"}],"wp:featuredmedia":[{"embeddable":true,"href":"https:\/\/www.noticiasradioreflejos.com.ar\/2021\/wp-json\/wp\/v2\/media\/112039"}],"wp:attachment":[{"href":"https:\/\/www.noticiasradioreflejos.com.ar\/2021\/wp-json\/wp\/v2\/media?parent=126095"}],"wp:term":[{"taxonomy":"category","embeddable":true,"href":"https:\/\/www.noticiasradioreflejos.com.ar\/2021\/wp-json\/wp\/v2\/categories?post=126095"},{"taxonomy":"post_tag","embeddable":true,"href":"https:\/\/www.noticiasradioreflejos.com.ar\/2021\/wp-json\/wp\/v2\/tags?post=126095"}],"curies":[{"name":"wp","href":"https:\/\/api.w.org\/{rel}","templated":true}]}}