{"id":126091,"date":"2025-10-03T07:47:06","date_gmt":"2025-10-03T10:47:06","guid":{"rendered":"https:\/\/www.noticiasradioreflejos.com.ar\/2021\/?p=126091"},"modified":"2025-10-03T07:47:07","modified_gmt":"2025-10-03T10:47:07","slug":"milei-salio-a-respaldar-a-espert-en-medio-del-escandalo-es-una-inmunda-y-burda-operacion-del-kirchnerismo","status":"publish","type":"post","link":"https:\/\/www.noticiasradioreflejos.com.ar\/2021\/milei-salio-a-respaldar-a-espert-en-medio-del-escandalo-es-una-inmunda-y-burda-operacion-del-kirchnerismo\/","title":{"rendered":"Milei sali\u00f3 a respaldar a Espert en medio del esc\u00e1ndalo: \u201cEs una inmunda y burda operaci\u00f3n del kirchnerismo\u201d"},"content":{"rendered":"<p>El Presidente utiliz\u00f3 sus redes para defender al primer candidato a diputado en Provincia. \u201cComo todo ladr\u00f3n, creen a otros de su misma condici\u00f3n\u201d, sentenci\u00f3.<!--more--><\/p>\n<div class=\"columns\" data-tadevel-template=\"web\/article-columns\">\n<div class=\"column-main\">\n<div class=\"article-body\" data-tadevel-template=\"web\/article-body\">\n<div class=\"article-body-content\">\n<p>En medio de la tormenta pol\u00edtica por las denuncias que vinculan a\u00a0<strong>Jos\u00e9 Luis Espert<\/strong>\u00a0con un empresario acusado de narcotr\u00e1fico, el presidente\u00a0<strong>Javier Milei<\/strong>\u00a0sali\u00f3 a jugar una carta fuerte y le brind\u00f3 un contundente respaldo a su primer candidato a diputado en la provincia de Buenos Aires. A trav\u00e9s de sus redes sociales, el mandatario calific\u00f3 el esc\u00e1ndalo como una \u00abinmunda y burda operaci\u00f3n montada por el kirchnerismo\u00bb.<\/p>\n<p>El jefe de Estado comparti\u00f3 el video en el que Espert da su versi\u00f3n de los hechos y lo acompa\u00f1\u00f3 con un mensaje lapidario contra la oposici\u00f3n.<\/p>\n<p><a href=\"https:\/\/www.noticiasradioreflejos.com.ar\/2021\/milei-salio-a-respaldar-a-espert-en-medio-del-escandalo-es-una-inmunda-y-burda-operacion-del-kirchnerismo\/sin-titulo-9\/\" rel=\"attachment wp-att-126092\"><img loading=\"lazy\" decoding=\"async\" class=\"aligncenter size-full wp-image-126092\" src=\"https:\/\/www.noticiasradioreflejos.com.ar\/2021\/wp-content\/uploads\/2025\/10\/Sin-titulo.jpg\" alt=\"\" width=\"808\" height=\"720\" srcset=\"https:\/\/www.noticiasradioreflejos.com.ar\/2021\/wp-content\/uploads\/2025\/10\/Sin-titulo.jpg 808w, https:\/\/www.noticiasradioreflejos.com.ar\/2021\/wp-content\/uploads\/2025\/10\/Sin-titulo-300x267.jpg 300w, https:\/\/www.noticiasradioreflejos.com.ar\/2021\/wp-content\/uploads\/2025\/10\/Sin-titulo-768x684.jpg 768w, https:\/\/www.noticiasradioreflejos.com.ar\/2021\/wp-content\/uploads\/2025\/10\/Sin-titulo-750x668.jpg 750w\" sizes=\"auto, (max-width: 808px) 100vw, 808px\" \/><\/a><\/p>\n<p><em>\u00abEl PROFE @jlespert desmontando la inmunda y burda operaci\u00f3n montada por el kirchnerismo\u00bb, comienza el tuit del Presidente.<\/em><\/p>\n<p>Y concluye con una dura acusaci\u00f3n: \u00ab<strong>Los kirchneristas est\u00e1n tapados de causas de corrupci\u00f3n y como todo ladr\u00f3n creen a otros de su misma condici\u00f3n. Fin.<\/strong>\u00ab.<\/p>\n<p>El respaldo expl\u00edcito de Milei llega en el momento m\u00e1s delicado para Espert, quien en su propio video de descargo admiti\u00f3 haber sido \u00abingenuo\u00bb pero neg\u00f3 ser un \u00abdelincuente\u00bb por su relaci\u00f3n con el empresario Federico \u00abFred\u00bb Machado. Con este mensaje, el Presidente busca cerrar filas, blindar a su candidato y enmarcar la denuncia como una mera \u00aboperaci\u00f3n\u00bb electoral de sus adversarios pol\u00edticos.<\/p>\n<\/div>\n<\/div>\n<\/div>\n<\/div>\n","protected":false},"excerpt":{"rendered":"<p>El Presidente utiliz\u00f3 sus redes para defender al primer candidato a diputado en Provincia. \u201cComo todo ladr\u00f3n, creen a otros de su misma condici\u00f3n\u201d, sentenci\u00f3.<\/p>\n","protected":false},"author":3,"featured_media":125860,"comment_status":"closed","ping_status":"closed","sticky":false,"template":"","format":"standard","meta":{"footnotes":""},"categories":[24],"tags":[],"class_list":["post-126091","post","type-post","status-publish","format-standard","has-post-thumbnail","hentry","category-politica"],"yoast_head":"<!-- This site is optimized with the Yoast SEO plugin v25.9 - https:\/\/yoast.com\/wordpress\/plugins\/seo\/ -->\n<title>Milei sali\u00f3 a respaldar a Espert en medio del esc\u00e1ndalo: \u201cEs una inmunda y burda operaci\u00f3n del kirchnerismo\u201d - Noticias Radio Reflejos<\/title>\n<meta name=\"robots\" content=\"index, follow, max-snippet:-1, max-image-preview:large, max-video-preview:-1\" \/>\n<link rel=\"canonical\" href=\"https:\/\/www.noticiasradioreflejos.com.ar\/2021\/milei-salio-a-respaldar-a-espert-en-medio-del-escandalo-es-una-inmunda-y-burda-operacion-del-kirchnerismo\/\" \/>\n<meta property=\"og:locale\" content=\"es_ES\" \/>\n<meta property=\"og:type\" content=\"article\" \/>\n<meta property=\"og:title\" content=\"Milei sali\u00f3 a respaldar a Espert en medio del esc\u00e1ndalo: \u201cEs una inmunda y burda operaci\u00f3n del kirchnerismo\u201d - Noticias Radio Reflejos\" \/>\n<meta property=\"og:description\" content=\"El Presidente utiliz\u00f3 sus redes para defender al primer candidato a diputado en Provincia. \u201cComo todo ladr\u00f3n, creen a otros de su misma condici\u00f3n\u201d, sentenci\u00f3.\" \/>\n<meta property=\"og:url\" content=\"https:\/\/www.noticiasradioreflejos.com.ar\/2021\/milei-salio-a-respaldar-a-espert-en-medio-del-escandalo-es-una-inmunda-y-burda-operacion-del-kirchnerismo\/\" \/>\n<meta property=\"og:site_name\" content=\"Noticias Radio Reflejos\" \/>\n<meta property=\"article:published_time\" content=\"2025-10-03T10:47:06+00:00\" \/>\n<meta property=\"article:modified_time\" content=\"2025-10-03T10:47:07+00:00\" \/>\n<meta property=\"og:image\" content=\"https:\/\/www.noticiasradioreflejos.com.ar\/2021\/wp-content\/uploads\/2025\/09\/mileis-espert.jpg\" \/>\n\t<meta property=\"og:image:width\" content=\"1198\" \/>\n\t<meta property=\"og:image:height\" content=\"651\" \/>\n\t<meta property=\"og:image:type\" content=\"image\/jpeg\" \/>\n<meta name=\"author\" content=\"Arnaldo Botto\" \/>\n<meta name=\"twitter:card\" content=\"summary_large_image\" \/>\n<script type=\"application\/ld+json\" class=\"yoast-schema-graph\">{\"@context\":\"https:\/\/schema.org\",\"@graph\":[{\"@type\":\"WebPage\",\"@id\":\"https:\/\/www.noticiasradioreflejos.com.ar\/2021\/milei-salio-a-respaldar-a-espert-en-medio-del-escandalo-es-una-inmunda-y-burda-operacion-del-kirchnerismo\/\",\"url\":\"https:\/\/www.noticiasradioreflejos.com.ar\/2021\/milei-salio-a-respaldar-a-espert-en-medio-del-escandalo-es-una-inmunda-y-burda-operacion-del-kirchnerismo\/\",\"name\":\"Milei sali\u00f3 a respaldar a Espert en medio del esc\u00e1ndalo: \u201cEs una inmunda y burda operaci\u00f3n del kirchnerismo\u201d - Noticias Radio Reflejos\",\"isPartOf\":{\"@id\":\"https:\/\/www.noticiasradioreflejos.com.ar\/2021\/#website\"},\"primaryImageOfPage\":{\"@id\":\"https:\/\/www.noticiasradioreflejos.com.ar\/2021\/milei-salio-a-respaldar-a-espert-en-medio-del-escandalo-es-una-inmunda-y-burda-operacion-del-kirchnerismo\/#primaryimage\"},\"image\":{\"@id\":\"https:\/\/www.noticiasradioreflejos.com.ar\/2021\/milei-salio-a-respaldar-a-espert-en-medio-del-escandalo-es-una-inmunda-y-burda-operacion-del-kirchnerismo\/#primaryimage\"},\"thumbnailUrl\":\"https:\/\/www.noticiasradioreflejos.com.ar\/2021\/wp-content\/uploads\/2025\/09\/mileis-espert.jpg\",\"datePublished\":\"2025-10-03T10:47:06+00:00\",\"dateModified\":\"2025-10-03T10:47:07+00:00\",\"author\":{\"@id\":\"https:\/\/www.noticiasradioreflejos.com.ar\/2021\/#\/schema\/person\/ad82545263dcc5ec0996818884fd5fb1\"},\"breadcrumb\":{\"@id\":\"https:\/\/www.noticiasradioreflejos.com.ar\/2021\/milei-salio-a-respaldar-a-espert-en-medio-del-escandalo-es-una-inmunda-y-burda-operacion-del-kirchnerismo\/#breadcrumb\"},\"inLanguage\":\"es\",\"potentialAction\":[{\"@type\":\"ReadAction\",\"target\":[\"https:\/\/www.noticiasradioreflejos.com.ar\/2021\/milei-salio-a-respaldar-a-espert-en-medio-del-escandalo-es-una-inmunda-y-burda-operacion-del-kirchnerismo\/\"]}]},{\"@type\":\"ImageObject\",\"inLanguage\":\"es\",\"@id\":\"https:\/\/www.noticiasradioreflejos.com.ar\/2021\/milei-salio-a-respaldar-a-espert-en-medio-del-escandalo-es-una-inmunda-y-burda-operacion-del-kirchnerismo\/#primaryimage\",\"url\":\"https:\/\/www.noticiasradioreflejos.com.ar\/2021\/wp-content\/uploads\/2025\/09\/mileis-espert.jpg\",\"contentUrl\":\"https:\/\/www.noticiasradioreflejos.com.ar\/2021\/wp-content\/uploads\/2025\/09\/mileis-espert.jpg\",\"width\":1198,\"height\":651},{\"@type\":\"BreadcrumbList\",\"@id\":\"https:\/\/www.noticiasradioreflejos.com.ar\/2021\/milei-salio-a-respaldar-a-espert-en-medio-del-escandalo-es-una-inmunda-y-burda-operacion-del-kirchnerismo\/#breadcrumb\",\"itemListElement\":[{\"@type\":\"ListItem\",\"position\":1,\"name\":\"Portada\",\"item\":\"https:\/\/www.noticiasradioreflejos.com.ar\/2021\/\"},{\"@type\":\"ListItem\",\"position\":2,\"name\":\"Milei sali\u00f3 a respaldar a Espert en medio del esc\u00e1ndalo: \u201cEs una inmunda y burda operaci\u00f3n del kirchnerismo\u201d\"}]},{\"@type\":\"WebSite\",\"@id\":\"https:\/\/www.noticiasradioreflejos.com.ar\/2021\/#website\",\"url\":\"https:\/\/www.noticiasradioreflejos.com.ar\/2021\/\",\"name\":\"Noticias Radio Reflejos\",\"description\":\"Las noticias de mi comarca\",\"potentialAction\":[{\"@type\":\"SearchAction\",\"target\":{\"@type\":\"EntryPoint\",\"urlTemplate\":\"https:\/\/www.noticiasradioreflejos.com.ar\/2021\/?s={search_term_string}\"},\"query-input\":{\"@type\":\"PropertyValueSpecification\",\"valueRequired\":true,\"valueName\":\"search_term_string\"}}],\"inLanguage\":\"es\"},{\"@type\":\"Person\",\"@id\":\"https:\/\/www.noticiasradioreflejos.com.ar\/2021\/#\/schema\/person\/ad82545263dcc5ec0996818884fd5fb1\",\"name\":\"Arnaldo Botto\",\"image\":{\"@type\":\"ImageObject\",\"inLanguage\":\"es\",\"@id\":\"https:\/\/www.noticiasradioreflejos.com.ar\/2021\/#\/schema\/person\/image\/\",\"url\":\"https:\/\/secure.gravatar.com\/avatar\/55cb5e37c1efa326397366e6974cb338056df65cb50e7d64d1cf314e87504837?s=96&d=mm&r=g\",\"contentUrl\":\"https:\/\/secure.gravatar.com\/avatar\/55cb5e37c1efa326397366e6974cb338056df65cb50e7d64d1cf314e87504837?s=96&d=mm&r=g\",\"caption\":\"Arnaldo Botto\"},\"url\":\"https:\/\/www.noticiasradioreflejos.com.ar\/2021\/author\/arnaldo\/\"}]}<\/script>\n<!-- \/ Yoast SEO plugin. -->","yoast_head_json":{"title":"Milei sali\u00f3 a respaldar a Espert en medio del esc\u00e1ndalo: \u201cEs una inmunda y burda operaci\u00f3n del kirchnerismo\u201d - Noticias Radio Reflejos","robots":{"index":"index","follow":"follow","max-snippet":"max-snippet:-1","max-image-preview":"max-image-preview:large","max-video-preview":"max-video-preview:-1"},"canonical":"https:\/\/www.noticiasradioreflejos.com.ar\/2021\/milei-salio-a-respaldar-a-espert-en-medio-del-escandalo-es-una-inmunda-y-burda-operacion-del-kirchnerismo\/","og_locale":"es_ES","og_type":"article","og_title":"Milei sali\u00f3 a respaldar a Espert en medio del esc\u00e1ndalo: \u201cEs una inmunda y burda operaci\u00f3n del kirchnerismo\u201d - Noticias Radio Reflejos","og_description":"El Presidente utiliz\u00f3 sus redes para defender al primer candidato a diputado en Provincia. \u201cComo todo ladr\u00f3n, creen a otros de su misma condici\u00f3n\u201d, sentenci\u00f3.","og_url":"https:\/\/www.noticiasradioreflejos.com.ar\/2021\/milei-salio-a-respaldar-a-espert-en-medio-del-escandalo-es-una-inmunda-y-burda-operacion-del-kirchnerismo\/","og_site_name":"Noticias Radio Reflejos","article_published_time":"2025-10-03T10:47:06+00:00","article_modified_time":"2025-10-03T10:47:07+00:00","og_image":[{"width":1198,"height":651,"url":"https:\/\/www.noticiasradioreflejos.com.ar\/2021\/wp-content\/uploads\/2025\/09\/mileis-espert.jpg","type":"image\/jpeg"}],"author":"Arnaldo Botto","twitter_card":"summary_large_image","schema":{"@context":"https:\/\/schema.org","@graph":[{"@type":"WebPage","@id":"https:\/\/www.noticiasradioreflejos.com.ar\/2021\/milei-salio-a-respaldar-a-espert-en-medio-del-escandalo-es-una-inmunda-y-burda-operacion-del-kirchnerismo\/","url":"https:\/\/www.noticiasradioreflejos.com.ar\/2021\/milei-salio-a-respaldar-a-espert-en-medio-del-escandalo-es-una-inmunda-y-burda-operacion-del-kirchnerismo\/","name":"Milei sali\u00f3 a respaldar a Espert en medio del esc\u00e1ndalo: \u201cEs una inmunda y burda operaci\u00f3n del kirchnerismo\u201d - Noticias Radio Reflejos","isPartOf":{"@id":"https:\/\/www.noticiasradioreflejos.com.ar\/2021\/#website"},"primaryImageOfPage":{"@id":"https:\/\/www.noticiasradioreflejos.com.ar\/2021\/milei-salio-a-respaldar-a-espert-en-medio-del-escandalo-es-una-inmunda-y-burda-operacion-del-kirchnerismo\/#primaryimage"},"image":{"@id":"https:\/\/www.noticiasradioreflejos.com.ar\/2021\/milei-salio-a-respaldar-a-espert-en-medio-del-escandalo-es-una-inmunda-y-burda-operacion-del-kirchnerismo\/#primaryimage"},"thumbnailUrl":"https:\/\/www.noticiasradioreflejos.com.ar\/2021\/wp-content\/uploads\/2025\/09\/mileis-espert.jpg","datePublished":"2025-10-03T10:47:06+00:00","dateModified":"2025-10-03T10:47:07+00:00","author":{"@id":"https:\/\/www.noticiasradioreflejos.com.ar\/2021\/#\/schema\/person\/ad82545263dcc5ec0996818884fd5fb1"},"breadcrumb":{"@id":"https:\/\/www.noticiasradioreflejos.com.ar\/2021\/milei-salio-a-respaldar-a-espert-en-medio-del-escandalo-es-una-inmunda-y-burda-operacion-del-kirchnerismo\/#breadcrumb"},"inLanguage":"es","potentialAction":[{"@type":"ReadAction","target":["https:\/\/www.noticiasradioreflejos.com.ar\/2021\/milei-salio-a-respaldar-a-espert-en-medio-del-escandalo-es-una-inmunda-y-burda-operacion-del-kirchnerismo\/"]}]},{"@type":"ImageObject","inLanguage":"es","@id":"https:\/\/www.noticiasradioreflejos.com.ar\/2021\/milei-salio-a-respaldar-a-espert-en-medio-del-escandalo-es-una-inmunda-y-burda-operacion-del-kirchnerismo\/#primaryimage","url":"https:\/\/www.noticiasradioreflejos.com.ar\/2021\/wp-content\/uploads\/2025\/09\/mileis-espert.jpg","contentUrl":"https:\/\/www.noticiasradioreflejos.com.ar\/2021\/wp-content\/uploads\/2025\/09\/mileis-espert.jpg","width":1198,"height":651},{"@type":"BreadcrumbList","@id":"https:\/\/www.noticiasradioreflejos.com.ar\/2021\/milei-salio-a-respaldar-a-espert-en-medio-del-escandalo-es-una-inmunda-y-burda-operacion-del-kirchnerismo\/#breadcrumb","itemListElement":[{"@type":"ListItem","position":1,"name":"Portada","item":"https:\/\/www.noticiasradioreflejos.com.ar\/2021\/"},{"@type":"ListItem","position":2,"name":"Milei sali\u00f3 a respaldar a Espert en medio del esc\u00e1ndalo: \u201cEs una inmunda y burda operaci\u00f3n del kirchnerismo\u201d"}]},{"@type":"WebSite","@id":"https:\/\/www.noticiasradioreflejos.com.ar\/2021\/#website","url":"https:\/\/www.noticiasradioreflejos.com.ar\/2021\/","name":"Noticias Radio Reflejos","description":"Las noticias de mi comarca","potentialAction":[{"@type":"SearchAction","target":{"@type":"EntryPoint","urlTemplate":"https:\/\/www.noticiasradioreflejos.com.ar\/2021\/?s={search_term_string}"},"query-input":{"@type":"PropertyValueSpecification","valueRequired":true,"valueName":"search_term_string"}}],"inLanguage":"es"},{"@type":"Person","@id":"https:\/\/www.noticiasradioreflejos.com.ar\/2021\/#\/schema\/person\/ad82545263dcc5ec0996818884fd5fb1","name":"Arnaldo Botto","image":{"@type":"ImageObject","inLanguage":"es","@id":"https:\/\/www.noticiasradioreflejos.com.ar\/2021\/#\/schema\/person\/image\/","url":"https:\/\/secure.gravatar.com\/avatar\/55cb5e37c1efa326397366e6974cb338056df65cb50e7d64d1cf314e87504837?s=96&d=mm&r=g","contentUrl":"https:\/\/secure.gravatar.com\/avatar\/55cb5e37c1efa326397366e6974cb338056df65cb50e7d64d1cf314e87504837?s=96&d=mm&r=g","caption":"Arnaldo Botto"},"url":"https:\/\/www.noticiasradioreflejos.com.ar\/2021\/author\/arnaldo\/"}]}},"_links":{"self":[{"href":"https:\/\/www.noticiasradioreflejos.com.ar\/2021\/wp-json\/wp\/v2\/posts\/126091","targetHints":{"allow":["GET"]}}],"collection":[{"href":"https:\/\/www.noticiasradioreflejos.com.ar\/2021\/wp-json\/wp\/v2\/posts"}],"about":[{"href":"https:\/\/www.noticiasradioreflejos.com.ar\/2021\/wp-json\/wp\/v2\/types\/post"}],"author":[{"embeddable":true,"href":"https:\/\/www.noticiasradioreflejos.com.ar\/2021\/wp-json\/wp\/v2\/users\/3"}],"replies":[{"embeddable":true,"href":"https:\/\/www.noticiasradioreflejos.com.ar\/2021\/wp-json\/wp\/v2\/comments?post=126091"}],"version-history":[{"count":2,"href":"https:\/\/www.noticiasradioreflejos.com.ar\/2021\/wp-json\/wp\/v2\/posts\/126091\/revisions"}],"predecessor-version":[{"id":126094,"href":"https:\/\/www.noticiasradioreflejos.com.ar\/2021\/wp-json\/wp\/v2\/posts\/126091\/revisions\/126094"}],"wp:featuredmedia":[{"embeddable":true,"href":"https:\/\/www.noticiasradioreflejos.com.ar\/2021\/wp-json\/wp\/v2\/media\/125860"}],"wp:attachment":[{"href":"https:\/\/www.noticiasradioreflejos.com.ar\/2021\/wp-json\/wp\/v2\/media?parent=126091"}],"wp:term":[{"taxonomy":"category","embeddable":true,"href":"https:\/\/www.noticiasradioreflejos.com.ar\/2021\/wp-json\/wp\/v2\/categories?post=126091"},{"taxonomy":"post_tag","embeddable":true,"href":"https:\/\/www.noticiasradioreflejos.com.ar\/2021\/wp-json\/wp\/v2\/tags?post=126091"}],"curies":[{"name":"wp","href":"https:\/\/api.w.org\/{rel}","templated":true}]}}