{"id":126088,"date":"2025-10-03T07:36:51","date_gmt":"2025-10-03T10:36:51","guid":{"rendered":"https:\/\/www.noticiasradioreflejos.com.ar\/2021\/?p=126088"},"modified":"2025-10-03T07:36:51","modified_gmt":"2025-10-03T10:36:51","slug":"otro-knockout-en-el-congreso-el-senado-volteo-los-vetos-a-la-emergencia-pediatrica-y-al-financiamiento-universitario","status":"publish","type":"post","link":"https:\/\/www.noticiasradioreflejos.com.ar\/2021\/otro-knockout-en-el-congreso-el-senado-volteo-los-vetos-a-la-emergencia-pediatrica-y-al-financiamiento-universitario\/","title":{"rendered":"Otro knockout en el Congreso: el Senado volte\u00f3 los vetos a la emergencia pedi\u00e1trica y al financiamiento universitario"},"content":{"rendered":"<p>Con una contundente mayor\u00eda las iniciativas se convierten autom\u00e1ticamente en ley. Cr\u00f3nica de una derrota anunciada. Las cr\u00edticas al Gobierno y los comentarios sobre la relaci\u00f3n de Jos\u00e9 Luis Espert con \u201cFred\u201d Machado. Un Senado hostil que anticipa nuevas derrotas.<!--more--><\/p>\n<p><strong>Javier Milei <\/strong>no tiene quien los proteja en el Congreso. Ni el espaldarazo de\u00a0<strong>Donald Trump<\/strong>, ni la promesa de abrir la billetera despu\u00e9s de octubre pudieron evitar el golpe final del Senado. Fue una derrota anunciada, y el Gobierno nada pudo hacer para evitar que el Congreso le volteara, una vez m\u00e1s, dos vetos presidenciales. La emergencia pedi\u00e1trica en el Hospital Garrahan y la ley de financiamiento universitario se convirtieron en ley y, ahora, el Gobierno tendr\u00e1 que promulgarlas.<\/p>\n<p>Este Gobierno est\u00e1 sin rumbo, est\u00e1 perdido\u201d. Con esta frase, demoledora, un importante senador del peronismo prepar\u00f3 el terreno para lo que todos sab\u00edan que vendr\u00eda despu\u00e9s: la\u00a0<strong>derrota contundente, devastadora<\/strong>, del intento de Milei de\u00a0<a class=\"link\" href=\"https:\/\/www.eldiarioar.com\/politica\/milei-veto-financiamiento-educativo-emergencia-pediatrica-fondos-universidades-prepara-rechazo-garrahan-atn_1_12593762.html\" data-mrf-recirculation=\"links-noticia\" data-mrf-link=\"https:\/\/www.eldiarioar.com\/politica\/milei-veto-financiamiento-educativo-emergencia-pediatrica-fondos-universidades-prepara-rechazo-garrahan-atn_1_12593762.html\">vetar la declaraci\u00f3n de emergencia en el Hospital Garrahan y de la actualizaci\u00f3n presupuestaria de las universidades nacionales.\u00a0<\/a><\/p>\n<p>&nbsp;<\/p>\n<figure class=\"embed-container embed-container--type-youtube ratio\"><script src=\"https:\/\/www.youtube.com\/iframe_api\"><\/script><script type=\"module\">window.marfeel.cmd.push(['multimedia', function(multimedia) { multimedia.initializeItem('yt-tBO4_rpfLn8-6026', 'youtube', 'tBO4_rpfLn8', document.getElementById('yt-tBO4_rpfLn8-6026')); }]);<\/script><iframe id=\"yt-tBO4_rpfLn8-6026\" title=\"VOTACI\u00d3N INSISTENCIA EN EMERGENCIA PEDI\u00c1TRICA - SESI\u00d3N 02-10-25\" src=\"https:\/\/www.youtube.com\/embed\/tBO4_rpfLn8?enablejsapi=1\" frameborder=\"0\" data-gtm-yt-inspected-34399851_303=\"true\" data-gtm-yt-inspected-34399851_396=\"true\" data-gtm-yt-inspected-41=\"true\" data-mce-fragment=\"1\"><\/iframe><\/figure>\n<p class=\"article-text\">Con 59 votos a favor, 7 en contra y 3 abstenciones, el Senado termin\u00f3 de voltear el veto a la ley que establece una recomposici\u00f3n salarial para los trabajadores del Hospital Garrahan y de todos los residentes, as\u00ed como el financiamiento del hospital. Solo votaron en contra los libertarios y la soldada bullrichista,\u00a0<strong>Carmen \u00c1lvarez Rivero<\/strong>. El PRO, mientras tanto, opt\u00f3 por abstenerse: hubo dos senadores &#8211;<strong>Mart\u00edn Goerling<\/strong>\u00a0y<strong>\u00a0Mar\u00eda Victoria Huala<\/strong>&#8211; que hab\u00edan votado a favor de la ley en agosto y que esta vez, en cambio, prefirieron abstenerse.<\/p>\n<figure><picture class=\"news-image\"><source srcset=\"https:\/\/static.eldiario.es\/clip\/53d61819-cf82-45bf-9d1f-4ff18f0dcf86_16-9-discover-aspect-ratio_50p_0.webp\" type=\"image\/webp\" media=\"(max-width: 576px)\" \/><source srcset=\"https:\/\/static.eldiario.es\/clip\/53d61819-cf82-45bf-9d1f-4ff18f0dcf86_16-9-discover-aspect-ratio_50p_0.jpg\" type=\"image\/jpg\" media=\"(max-width: 576px)\" \/><source srcset=\"https:\/\/static.eldiario.es\/clip\/53d61819-cf82-45bf-9d1f-4ff18f0dcf86_16-9-discover-aspect-ratio_75p_0.webp\" type=\"image\/webp\" media=\"(max-width: 767px)\" \/><source srcset=\"https:\/\/static.eldiario.es\/clip\/53d61819-cf82-45bf-9d1f-4ff18f0dcf86_16-9-discover-aspect-ratio_75p_0.jpg\" type=\"image\/jpg\" media=\"(max-width: 767px)\" \/><source srcset=\"https:\/\/static.eldiario.es\/clip\/53d61819-cf82-45bf-9d1f-4ff18f0dcf86_16-9-discover-aspect-ratio_default_0.webp\" type=\"image\/webp\" media=\"(min-width: 768px)\" \/><source srcset=\"https:\/\/static.eldiario.es\/clip\/53d61819-cf82-45bf-9d1f-4ff18f0dcf86_16-9-discover-aspect-ratio_default_0.jpg\" type=\"image\/jpg\" media=\"(min-width: 768px)\" \/><source srcset=\"https:\/\/static.eldiario.es\/clip\/53d61819-cf82-45bf-9d1f-4ff18f0dcf86_16-9-discover-aspect-ratio_default_0.webp\" type=\"image\/webp\" \/><img decoding=\"async\" class=\"lazy entered loaded\" src=\"https:\/\/static.eldiario.es\/clip\/53d61819-cf82-45bf-9d1f-4ff18f0dcf86_16-9-discover-aspect-ratio_default_0.jpg\" alt=\"El Senado volte\u00f3 los dos vetos presidenciales\" data-src=\"https:\/\/static.eldiario.es\/clip\/53d61819-cf82-45bf-9d1f-4ff18f0dcf86_16-9-discover-aspect-ratio_default_0.jpg\" data-ll-status=\"loaded\" \/><\/picture><figcaption class=\"image-footer\"><em><span class=\"title\">El Senado volte\u00f3 los dos vetos presidenciales\u00a0<span class=\"author\">HSN<\/span><\/span><\/em><\/figcaption><\/figure>\n<p>&nbsp;<\/p>\n<p class=\"article-text\">La ley que apunta a garantizar el financiamiento de las universidades nacionales, mientras tanto, fue sancionada con 58 votos a favor, 7 en contra y 4 abstenciones. La radical\u00a0<strong>Carolina Losada<\/strong>, que hab\u00eda sido duramente cuestionada por votar en contra de la ley en agosto, esta vez opt\u00f3 por abstenerse.<\/p>\n<p class=\"article-text\">Tampoco hubo grandes defensas a la decisi\u00f3n del Ejecutivo de vetar las leyes. Solo el jefe de bancada libertaria,\u00a0<strong>Ezequiel Atauche<\/strong>, y la soldada bullrichista,\u00a0<strong>Carmen \u00c1lvarez Rivero<\/strong>. \u201cUtilizan la salud de los ni\u00f1os como bandera electoral, como ataque al Gobierno. Utilizar a los ni\u00f1os para hacer pol\u00edtica para hacer pol\u00edtica deber\u00eda darles verg\u00fcenza\u201d, se quej\u00f3 Atauche, que m\u00e1s que defender los vetos opt\u00f3 por disparar contra el kirchnerismo.<\/p>\n<figure class=\"embed-container embed-container--type-youtube ratio\"><script src=\"https:\/\/www.youtube.com\/iframe_api\"><\/script><script type=\"module\">window.marfeel.cmd.push(['multimedia', function(multimedia) { multimedia.initializeItem('yt-kwuVUb-cBU8-1227', 'youtube', 'kwuVUb-cBU8', document.getElementById('yt-kwuVUb-cBU8-1227')); }]);<\/script><iframe id=\"yt-kwuVUb-cBU8-1227\" title=\"SENADOR EZEQUIEL ATAUCHE 2 - SESI\u00d3N 02-10-25\" src=\"https:\/\/www.youtube.com\/embed\/kwuVUb-cBU8?enablejsapi=1\" frameborder=\"0\" data-gtm-yt-inspected-34399851_303=\"true\" data-gtm-yt-inspected-34399851_396=\"true\" data-gtm-yt-inspected-41=\"true\" data-mce-fragment=\"1\"><\/iframe><\/figure>\n<p>&nbsp;<\/p>\n<p class=\"article-text\">El senador libertario acus\u00f3, incluso, al kirchnerismo de impulsar un \u201cgolpe\u201d contra el Gobierno. Le respondi\u00f3 el riojano peronista\u00a0<strong>Fernando Rejal<\/strong>: \u201c<strong>Pero si ah\u00ed est\u00e1 la vice presidenta<\/strong>\u201d, grit\u00f3, fuera del micr\u00f3fono, se\u00f1alando a Victoria Villarruel. Se re\u00eda: los peronistas ser\u00edan los \u00fanicos que aplaudir\u00edan el discurso de Atauche al final.<\/p>\n<figure><picture class=\"news-image\"><source srcset=\"https:\/\/static.eldiario.es\/clip\/ff04ff2c-b7e1-4d4a-815c-f0662831b67a_16-9-discover-aspect-ratio_50p_0.webp\" type=\"image\/webp\" media=\"(max-width: 576px)\" \/><source srcset=\"https:\/\/static.eldiario.es\/clip\/ff04ff2c-b7e1-4d4a-815c-f0662831b67a_16-9-discover-aspect-ratio_50p_0.jpg\" type=\"image\/jpg\" media=\"(max-width: 576px)\" \/><source srcset=\"https:\/\/static.eldiario.es\/clip\/ff04ff2c-b7e1-4d4a-815c-f0662831b67a_16-9-discover-aspect-ratio_75p_0.webp\" type=\"image\/webp\" media=\"(max-width: 767px)\" \/><source srcset=\"https:\/\/static.eldiario.es\/clip\/ff04ff2c-b7e1-4d4a-815c-f0662831b67a_16-9-discover-aspect-ratio_75p_0.jpg\" type=\"image\/jpg\" media=\"(max-width: 767px)\" \/><source srcset=\"https:\/\/static.eldiario.es\/clip\/ff04ff2c-b7e1-4d4a-815c-f0662831b67a_16-9-discover-aspect-ratio_default_0.webp\" type=\"image\/webp\" media=\"(min-width: 768px)\" \/><source srcset=\"https:\/\/static.eldiario.es\/clip\/ff04ff2c-b7e1-4d4a-815c-f0662831b67a_16-9-discover-aspect-ratio_default_0.jpg\" type=\"image\/jpg\" media=\"(min-width: 768px)\" \/><source srcset=\"https:\/\/static.eldiario.es\/clip\/ff04ff2c-b7e1-4d4a-815c-f0662831b67a_16-9-discover-aspect-ratio_default_0.webp\" type=\"image\/webp\" \/><img decoding=\"async\" class=\"lazy entered loaded\" src=\"https:\/\/static.eldiario.es\/clip\/ff04ff2c-b7e1-4d4a-815c-f0662831b67a_16-9-discover-aspect-ratio_default_0.jpg\" alt=\"Jos\u00e9 Mayans dialoga con Carolina Losada\" data-src=\"https:\/\/static.eldiario.es\/clip\/ff04ff2c-b7e1-4d4a-815c-f0662831b67a_16-9-discover-aspect-ratio_default_0.jpg\" data-ll-status=\"loaded\" \/><\/picture><figcaption class=\"image-footer\"><em><span class=\"title\">Jos\u00e9 Mayans dialoga con Carolina Losada\u00a0<span class=\"author\">SENADO ARGENTINA<\/span><\/span><\/em><\/figcaption><\/figure>\n<p>&nbsp;<\/p>\n<p class=\"article-text\">El resto de los discursos, en cambio, fueron todos dardos contra el Gobierno. Hasta los radicales que jugaron como aliados del oficialismo hasta hace dos meses, como\u00a0<strong>Eduardo Vischi<\/strong>, cuestionaron la decisi\u00f3n de Milei. \u201cEs el r\u00e9cord de la insensibilidad de un gobierno que prioriza las matem\u00e1ticas y no sabe como hacer para que cierren las cuentas cuidando a los sectores m\u00e1s vulnerables\u201d, dispar\u00f3 el jefe de la bancada radical.<\/p>\n<p class=\"article-text\">La mayor\u00eda aprovech\u00f3 para referirse al tema que estaba en boca de todos: el v\u00ednculo de\u00a0<strong>Jos\u00e9 Luis Espert\u00a0<\/strong>con el empresario investigado por narcotr\u00e1fico, \u201cFred\u201d Machado\u201c. \u201dDicen que no hay plata. Yo voy a decir: un m\u00e9dico residente, no un becario como dice el jefe de gabinete, gana alrededor de 800 d\u00f3lares.\u00a0<strong>Un Fred Machado paga 20 a\u00f1os de un residente<\/strong>\u201c, ironiz\u00f3\u00a0<strong>Mart\u00edn Lousteau<\/strong>.<\/p>\n<p class=\"article-text\"><strong>Jos\u00e9 Mayans<\/strong>, por otro lado, opt\u00f3 por apuntar contra\u00a0<strong>Karina Milei<\/strong>, a quien llam\u00f3<strong>\u00a0\u201cla m\u00e1s corrupta de la historia argentina\u201d<\/strong>. \u201cEl programa econ\u00f3mico del presidente ya fracas\u00f3. \u00bfC\u00f3mo termina esto? M\u00e1s de 16 mil empresas cerradas. M\u00e1s de 200 mil puestos de trabajo perdidos. Todo es ca\u00edda. Ca\u00edda en el consumo, ca\u00edda en la producci\u00f3n industrial. El programa econ\u00f3mico es un verdadero desastre\u201d, agreg\u00f3 el jefe de bancada peronista.<\/p>\n<figure class=\"embed-container embed-container--type-twitter \">\n<div class=\"twitter-tweet twitter-tweet-rendered\"><iframe id=\"twitter-widget-0\" class=\"\" title=\"X Post\" src=\"https:\/\/platform.twitter.com\/embed\/Tweet.html?dnt=false&amp;embedId=twitter-widget-0&amp;features=eyJ0ZndfdGltZWxpbmVfbGlzdCI6eyJidWNrZXQiOltdLCJ2ZXJzaW9uIjpudWxsfSwidGZ3X2ZvbGxvd2VyX2NvdW50X3N1bnNldCI6eyJidWNrZXQiOnRydWUsInZlcnNpb24iOm51bGx9LCJ0ZndfdHdlZXRfZWRpdF9iYWNrZW5kIjp7ImJ1Y2tldCI6Im9uIiwidmVyc2lvbiI6bnVsbH0sInRmd19yZWZzcmNfc2Vzc2lvbiI6eyJidWNrZXQiOiJvbiIsInZlcnNpb24iOm51bGx9LCJ0ZndfZm9zbnJfc29mdF9pbnRlcnZlbnRpb25zX2VuYWJsZWQiOnsiYnVja2V0Ijoib24iLCJ2ZXJzaW9uIjpudWxsfSwidGZ3X21peGVkX21lZGlhXzE1ODk3Ijp7ImJ1Y2tldCI6InRyZWF0bWVudCIsInZlcnNpb24iOm51bGx9LCJ0ZndfZXhwZXJpbWVudHNfY29va2llX2V4cGlyYXRpb24iOnsiYnVja2V0IjoxMjA5NjAwLCJ2ZXJzaW9uIjpudWxsfSwidGZ3X3Nob3dfYmlyZHdhdGNoX3Bpdm90c19lbmFibGVkIjp7ImJ1Y2tldCI6Im9uIiwidmVyc2lvbiI6bnVsbH0sInRmd19kdXBsaWNhdGVfc2NyaWJlc190b19zZXR0aW5ncyI6eyJidWNrZXQiOiJvbiIsInZlcnNpb24iOm51bGx9LCJ0ZndfdXNlX3Byb2ZpbGVfaW1hZ2Vfc2hhcGVfZW5hYmxlZCI6eyJidWNrZXQiOiJvbiIsInZlcnNpb24iOm51bGx9LCJ0ZndfdmlkZW9faGxzX2R5bmFtaWNfbWFuaWZlc3RzXzE1MDgyIjp7ImJ1Y2tldCI6InRydWVfYml0cmF0ZSIsInZlcnNpb24iOm51bGx9LCJ0ZndfbGVnYWN5X3RpbWVsaW5lX3N1bnNldCI6eyJidWNrZXQiOnRydWUsInZlcnNpb24iOm51bGx9LCJ0ZndfdHdlZXRfZWRpdF9mcm9udGVuZCI6eyJidWNrZXQiOiJvbiIsInZlcnNpb24iOm51bGx9fQ%3D%3D&amp;frame=false&amp;hideCard=false&amp;hideThread=false&amp;id=1973866780734206293&amp;lang=es&amp;origin=https%3A%2F%2Fwww.eldiarioar.com%2Fpolitica%2Fknockout-congreso-senado-volteo-vetos-emergencia-pediatrica-financiamiento-universitario_1_12653171.html&amp;sessionId=6f01655e9bf3f7e6bfd971d19f1a3fbbc0dfba32&amp;theme=light&amp;widgetsVersion=2615f7e52b7e0%3A1702314776716&amp;width=550px\" frameborder=\"0\" scrolling=\"no\" allowfullscreen=\"allowfullscreen\" data-gtm-yt-inspected-34399851_303=\"true\" data-gtm-yt-inspected-34399851_396=\"true\" data-gtm-yt-inspected-41=\"true\" data-tweet-id=\"1973866780734206293\" data-mce-fragment=\"1\"><\/iframe><\/div>\n<\/figure>\n<p class=\"article-text\">Pese a la debilidad del oficialismo, la oposici\u00f3n rumiaba una inc\u00f3gnita:\u00a0<strong>\u00bfsuspender\u00eda la aplicaci\u00f3n de las leyes Milei como hab\u00eda hecho con la emergencia en discapacidad?<\/strong>\u00a0\u201cNo hacerlo en tiempo de elecciones ser\u00eda un desastre, ya les entr\u00f3 la bala de Discapacidad\u201d, razonaba un senador radical. La oposici\u00f3n m\u00e1s dura, sin embargo, es m\u00e1s esc\u00e9ptica: est\u00e1n convencidos de que el presidente volver\u00e1 a deso\u00edr al Congreso.<\/p>\n<p class=\"article-text\">Por este motivo es que, luego de la votaci\u00f3n,<strong>\u00a0el Senado buscar\u00e1 enviarle una advertencia a Guillermo Francos<\/strong>. El objetivo es aprobar un proyecto de declaraci\u00f3n contra el jefe de Gabinete para obligarlo a que cumpla con la emergencia en discapacidad. Es el paso previo a una moci\u00f3n de censura, pero que apunta al mismo fin: presionar al Ejecutivo para que cumpla con las leyes que sanciona con el Congreso.<\/p>\n<h2 class=\"article-text\">El Senado, esa fuente inagotable de problemas<\/h2>\n<p class=\"article-text\">No por anunciada la derrota fue menos aplastante. El problema no era solo\u00a0<strong>la vulnerabilidad expuesta del Gobierno en el Senado<\/strong>, en donde\u00a0<strong>Victoria Villarruel<\/strong>\u00a0tiene mejor v\u00ednculo con los senadores peronistas que con los propios de LLA. El problema era que esa vulnerabilidad no ten\u00eda fecha de vencimiento en la brevedad: a diferencia de la C\u00e1mara de Diputados, en donde el Gobierno aspira a sumar aliados en las filas de Provincias Unidas, el Senado continuar\u00e1 siendo un terreno hostil para Milei.<\/p>\n<p class=\"article-text\">La mayor\u00eda de las encuestas coinciden en un punto:\u00a0<strong>incluso en los escenario m\u00e1s optimistas para el Gobierno, LLA no contar\u00e1 con un tercio vetador en el Senado a partir de diciembre<\/strong>. Podr\u00e1 acercarse y tejer acuerdos con algunos de los ex aliados radicales a los que ofendi\u00f3, luego de dejarlos afuera de las listas electorales. Pero ser\u00e1n acuerdos que depender\u00e1n de alianzas transitorias, sujetas a la imagen de Milei y la sostenibilidad del Gobierno. Alianzas que, como se comprob\u00f3 en el \u00faltimo par de meses, ya no ser\u00e1n autom\u00e1ticas. Ni gratuitas.<\/p>\n<figure><picture class=\"news-image\"><source srcset=\"https:\/\/static.eldiario.es\/clip\/dfc42cf3-7681-4fbc-9af8-1367bb01c13f_16-9-discover-aspect-ratio_50p_0.webp\" type=\"image\/webp\" media=\"(max-width: 576px)\" \/><source srcset=\"https:\/\/static.eldiario.es\/clip\/dfc42cf3-7681-4fbc-9af8-1367bb01c13f_16-9-discover-aspect-ratio_50p_0.jpg\" type=\"image\/jpg\" media=\"(max-width: 576px)\" \/><source srcset=\"https:\/\/static.eldiario.es\/clip\/dfc42cf3-7681-4fbc-9af8-1367bb01c13f_16-9-discover-aspect-ratio_75p_0.webp\" type=\"image\/webp\" media=\"(max-width: 767px)\" \/><source srcset=\"https:\/\/static.eldiario.es\/clip\/dfc42cf3-7681-4fbc-9af8-1367bb01c13f_16-9-discover-aspect-ratio_75p_0.jpg\" type=\"image\/jpg\" media=\"(max-width: 767px)\" \/><source srcset=\"https:\/\/static.eldiario.es\/clip\/dfc42cf3-7681-4fbc-9af8-1367bb01c13f_16-9-discover-aspect-ratio_default_0.webp\" type=\"image\/webp\" media=\"(min-width: 768px)\" \/><source srcset=\"https:\/\/static.eldiario.es\/clip\/dfc42cf3-7681-4fbc-9af8-1367bb01c13f_16-9-discover-aspect-ratio_default_0.jpg\" type=\"image\/jpg\" media=\"(min-width: 768px)\" \/><source srcset=\"https:\/\/static.eldiario.es\/clip\/dfc42cf3-7681-4fbc-9af8-1367bb01c13f_16-9-discover-aspect-ratio_default_0.webp\" type=\"image\/webp\" \/><img decoding=\"async\" class=\"lazy entered loaded\" src=\"https:\/\/static.eldiario.es\/clip\/dfc42cf3-7681-4fbc-9af8-1367bb01c13f_16-9-discover-aspect-ratio_default_0.jpg\" alt=\"Victoria Villarruel presidi\u00f3 la sesi\u00f3n\" data-src=\"https:\/\/static.eldiario.es\/clip\/dfc42cf3-7681-4fbc-9af8-1367bb01c13f_16-9-discover-aspect-ratio_default_0.jpg\" data-ll-status=\"loaded\" \/><\/picture><figcaption class=\"image-footer\"><em><span class=\"title\">Victoria Villarruel presidi\u00f3 la sesi\u00f3n\u00a0<span class=\"author\">SENADO ARGENTINA<\/span><\/span><\/em><\/figcaption><\/figure>\n<p>&nbsp;<\/p>\n<p class=\"article-text\">Mayans, quien se hizo con el control del Senado hace ya un tiempo, es el primero que lo anticipa.<strong>\u00a0Est\u00e1 convencido de que al Gobierno le ir\u00e1 mal en las elecciones<\/strong>\u00a0y que, pese a que algunos gobernadores querr\u00e1n volver a congraciarse con Milei, el Senado continuar\u00e1 siendo tierra de la oposici\u00f3n. Imagina un futuro turbulento, no solo a partir de diciembre, sino que antes.<\/p>\n<p class=\"article-text\">El jefe de bancada del peronismo tiene un objetivo antes de las elecciones del 26 de octubre:\u00a0<strong>darle media sanci\u00f3n a un proyecto que impide la privatizaci\u00f3n de Nucleoel\u00e9ctrica<\/strong>. Habilitado por la Ley Bases, el Gobierno avanz\u00f3 en un proceso de privatizaci\u00f3n del 44% de las acciones de la empresa que controla las centrales nucleares Atucha I, Atucha II y Embalse. Mayans pretende impedir la venta del paquete accionario y est\u00e1 juntando votos entre muchos de los senadores que votaron, hace m\u00e1s de un a\u00f1o, la Ley Bases.<\/p>\n<div id=\"container-after-news-outlook\"><\/div>\n<figure class=\"embed-container embed-container--type-youtube ratio\"><script src=\"https:\/\/www.youtube.com\/iframe_api\"><\/script><script type=\"module\">window.marfeel.cmd.push(['multimedia', function(multimedia) { multimedia.initializeItem('yt-QqKCkzLw09E-2579', 'youtube', 'QqKCkzLw09E', document.getElementById('yt-QqKCkzLw09E-2579')); }]);<\/script><iframe id=\"yt-QqKCkzLw09E-2579\" title=\"SENADOR JOS\u00c9 MAYANS 4 - SESI\u00d3N 02-10-25\" src=\"https:\/\/www.youtube.com\/embed\/QqKCkzLw09E?enablejsapi=1\" frameborder=\"0\" data-gtm-yt-inspected-34399851_303=\"true\" data-gtm-yt-inspected-34399851_396=\"true\" data-gtm-yt-inspected-41=\"true\" data-mce-fragment=\"1\"><\/iframe><\/figure>\n<p class=\"article-text\">Intent\u00f3 avanzar en la sesi\u00f3n del jueves, pero no consigui\u00f3 los dos tercios para tratarlo sobre tablas. Volver\u00e1 a intentarlo en una pr\u00f3xima sesi\u00f3n, y ya cuenta con el respaldo de gran parte del radicalismo. Ser\u00e1 el colmo de las derrotas para el Gobierno, que ya vio como le volteaban sus vetos y le rechazaban algunos de sus decretos.\u00a0<strong>Nunca antes, sin embargo, el Congreso le volte\u00f3 una privatizaci\u00f3n<\/strong>. Ser\u00e1 la primera.<\/p>\n<p>&nbsp;<\/p>\n<div class=\"featured-avatar\"><picture class=\"rounded-img avatar\"><img loading=\"lazy\" decoding=\"async\" class=\"lazy entered loaded alignnone\" src=\"https:\/\/static.eldiario.es\/clip\/75e1980f-f322-40b6-9c84-fe86f295ade9_avatar-200-aspect-ratio_default_0.jpg\" alt=\"Mar\u00eda Cafferata\" width=\"91\" height=\"91\" data-src=\"https:\/\/static.eldiario.es\/clip\/75e1980f-f322-40b6-9c84-fe86f295ade9_avatar-200-aspect-ratio_default_0.jpg\" data-ll-status=\"loaded\" \/><\/picture><\/div>\n<div class=\"featured-data\">\n<div class=\"featured-name__wrapper\"><a class=\"featured-name\" href=\"https:\/\/www.eldiarioar.com\/autores\/maria-cafferata\/\">Mar\u00eda Cafferata &#8211; elDiarioAR<\/a><\/div>\n<div>\n<div><a class=\"twitter-account\" href=\"https:\/\/twitter.com\/@merycaffe\" target=\"_blank\" rel=\"noopener\"><i class=\"fab fa-twitter\"><\/i>\u00a0<span class=\"featured-twitter\">@merycaffe<\/span><\/a><\/div>\n<\/div>\n<\/div>\n","protected":false},"excerpt":{"rendered":"<p>Con una contundente mayor\u00eda las iniciativas se convierten autom\u00e1ticamente en ley. Cr\u00f3nica de una derrota anunciada. Las cr\u00edticas al Gobierno y los comentarios sobre la relaci\u00f3n de Jos\u00e9 Luis Espert con \u201cFred\u201d Machado. Un Senado hostil que anticipa nuevas derrotas.<\/p>\n","protected":false},"author":3,"featured_media":0,"comment_status":"closed","ping_status":"closed","sticky":false,"template":"","format":"standard","meta":{"footnotes":""},"categories":[24],"tags":[],"class_list":["post-126088","post","type-post","status-publish","format-standard","hentry","category-politica"],"yoast_head":"<!-- This site is optimized with the Yoast SEO plugin v25.9 - https:\/\/yoast.com\/wordpress\/plugins\/seo\/ -->\n<title>Otro knockout en el Congreso: el Senado volte\u00f3 los vetos a la emergencia pedi\u00e1trica y al financiamiento universitario - Noticias Radio Reflejos<\/title>\n<meta name=\"robots\" content=\"index, follow, max-snippet:-1, max-image-preview:large, max-video-preview:-1\" \/>\n<link rel=\"canonical\" href=\"https:\/\/www.noticiasradioreflejos.com.ar\/2021\/otro-knockout-en-el-congreso-el-senado-volteo-los-vetos-a-la-emergencia-pediatrica-y-al-financiamiento-universitario\/\" \/>\n<meta property=\"og:locale\" content=\"es_ES\" \/>\n<meta property=\"og:type\" content=\"article\" \/>\n<meta property=\"og:title\" content=\"Otro knockout en el Congreso: el Senado volte\u00f3 los vetos a la emergencia pedi\u00e1trica y al financiamiento universitario - Noticias Radio Reflejos\" \/>\n<meta property=\"og:description\" content=\"Con una contundente mayor\u00eda las iniciativas se convierten autom\u00e1ticamente en ley. Cr\u00f3nica de una derrota anunciada. Las cr\u00edticas al Gobierno y los comentarios sobre la relaci\u00f3n de Jos\u00e9 Luis Espert con \u201cFred\u201d Machado. Un Senado hostil que anticipa nuevas derrotas.\" \/>\n<meta property=\"og:url\" content=\"https:\/\/www.noticiasradioreflejos.com.ar\/2021\/otro-knockout-en-el-congreso-el-senado-volteo-los-vetos-a-la-emergencia-pediatrica-y-al-financiamiento-universitario\/\" \/>\n<meta property=\"og:site_name\" content=\"Noticias Radio Reflejos\" \/>\n<meta property=\"article:published_time\" content=\"2025-10-03T10:36:51+00:00\" \/>\n<meta property=\"og:image\" content=\"https:\/\/www.noticiasradioreflejos.com.ar\/2021\/wp-content\/uploads\/2025\/10\/Senado-Arg.jpg\" \/>\n\t<meta property=\"og:image:width\" content=\"1200\" \/>\n\t<meta property=\"og:image:height\" content=\"675\" \/>\n\t<meta property=\"og:image:type\" content=\"image\/jpeg\" \/>\n<meta name=\"author\" content=\"Arnaldo Botto\" \/>\n<meta name=\"twitter:card\" content=\"summary_large_image\" \/>\n<script type=\"application\/ld+json\" class=\"yoast-schema-graph\">{\"@context\":\"https:\/\/schema.org\",\"@graph\":[{\"@type\":\"WebPage\",\"@id\":\"https:\/\/www.noticiasradioreflejos.com.ar\/2021\/otro-knockout-en-el-congreso-el-senado-volteo-los-vetos-a-la-emergencia-pediatrica-y-al-financiamiento-universitario\/\",\"url\":\"https:\/\/www.noticiasradioreflejos.com.ar\/2021\/otro-knockout-en-el-congreso-el-senado-volteo-los-vetos-a-la-emergencia-pediatrica-y-al-financiamiento-universitario\/\",\"name\":\"Otro knockout en el Congreso: el Senado volte\u00f3 los vetos a la emergencia pedi\u00e1trica y al financiamiento universitario - Noticias Radio Reflejos\",\"isPartOf\":{\"@id\":\"https:\/\/www.noticiasradioreflejos.com.ar\/2021\/#website\"},\"primaryImageOfPage\":{\"@id\":\"https:\/\/www.noticiasradioreflejos.com.ar\/2021\/otro-knockout-en-el-congreso-el-senado-volteo-los-vetos-a-la-emergencia-pediatrica-y-al-financiamiento-universitario\/#primaryimage\"},\"image\":{\"@id\":\"https:\/\/www.noticiasradioreflejos.com.ar\/2021\/otro-knockout-en-el-congreso-el-senado-volteo-los-vetos-a-la-emergencia-pediatrica-y-al-financiamiento-universitario\/#primaryimage\"},\"thumbnailUrl\":\"https:\/\/static.eldiario.es\/clip\/53d61819-cf82-45bf-9d1f-4ff18f0dcf86_16-9-discover-aspect-ratio_default_0.jpg\",\"datePublished\":\"2025-10-03T10:36:51+00:00\",\"author\":{\"@id\":\"https:\/\/www.noticiasradioreflejos.com.ar\/2021\/#\/schema\/person\/ad82545263dcc5ec0996818884fd5fb1\"},\"breadcrumb\":{\"@id\":\"https:\/\/www.noticiasradioreflejos.com.ar\/2021\/otro-knockout-en-el-congreso-el-senado-volteo-los-vetos-a-la-emergencia-pediatrica-y-al-financiamiento-universitario\/#breadcrumb\"},\"inLanguage\":\"es\",\"potentialAction\":[{\"@type\":\"ReadAction\",\"target\":[\"https:\/\/www.noticiasradioreflejos.com.ar\/2021\/otro-knockout-en-el-congreso-el-senado-volteo-los-vetos-a-la-emergencia-pediatrica-y-al-financiamiento-universitario\/\"]}]},{\"@type\":\"ImageObject\",\"inLanguage\":\"es\",\"@id\":\"https:\/\/www.noticiasradioreflejos.com.ar\/2021\/otro-knockout-en-el-congreso-el-senado-volteo-los-vetos-a-la-emergencia-pediatrica-y-al-financiamiento-universitario\/#primaryimage\",\"url\":\"https:\/\/static.eldiario.es\/clip\/53d61819-cf82-45bf-9d1f-4ff18f0dcf86_16-9-discover-aspect-ratio_default_0.jpg\",\"contentUrl\":\"https:\/\/static.eldiario.es\/clip\/53d61819-cf82-45bf-9d1f-4ff18f0dcf86_16-9-discover-aspect-ratio_default_0.jpg\"},{\"@type\":\"BreadcrumbList\",\"@id\":\"https:\/\/www.noticiasradioreflejos.com.ar\/2021\/otro-knockout-en-el-congreso-el-senado-volteo-los-vetos-a-la-emergencia-pediatrica-y-al-financiamiento-universitario\/#breadcrumb\",\"itemListElement\":[{\"@type\":\"ListItem\",\"position\":1,\"name\":\"Portada\",\"item\":\"https:\/\/www.noticiasradioreflejos.com.ar\/2021\/\"},{\"@type\":\"ListItem\",\"position\":2,\"name\":\"Otro knockout en el Congreso: el Senado volte\u00f3 los vetos a la emergencia pedi\u00e1trica y al financiamiento universitario\"}]},{\"@type\":\"WebSite\",\"@id\":\"https:\/\/www.noticiasradioreflejos.com.ar\/2021\/#website\",\"url\":\"https:\/\/www.noticiasradioreflejos.com.ar\/2021\/\",\"name\":\"Noticias Radio Reflejos\",\"description\":\"Las noticias de mi comarca\",\"potentialAction\":[{\"@type\":\"SearchAction\",\"target\":{\"@type\":\"EntryPoint\",\"urlTemplate\":\"https:\/\/www.noticiasradioreflejos.com.ar\/2021\/?s={search_term_string}\"},\"query-input\":{\"@type\":\"PropertyValueSpecification\",\"valueRequired\":true,\"valueName\":\"search_term_string\"}}],\"inLanguage\":\"es\"},{\"@type\":\"Person\",\"@id\":\"https:\/\/www.noticiasradioreflejos.com.ar\/2021\/#\/schema\/person\/ad82545263dcc5ec0996818884fd5fb1\",\"name\":\"Arnaldo Botto\",\"image\":{\"@type\":\"ImageObject\",\"inLanguage\":\"es\",\"@id\":\"https:\/\/www.noticiasradioreflejos.com.ar\/2021\/#\/schema\/person\/image\/\",\"url\":\"https:\/\/secure.gravatar.com\/avatar\/55cb5e37c1efa326397366e6974cb338056df65cb50e7d64d1cf314e87504837?s=96&d=mm&r=g\",\"contentUrl\":\"https:\/\/secure.gravatar.com\/avatar\/55cb5e37c1efa326397366e6974cb338056df65cb50e7d64d1cf314e87504837?s=96&d=mm&r=g\",\"caption\":\"Arnaldo Botto\"},\"url\":\"https:\/\/www.noticiasradioreflejos.com.ar\/2021\/author\/arnaldo\/\"}]}<\/script>\n<!-- \/ Yoast SEO plugin. -->","yoast_head_json":{"title":"Otro knockout en el Congreso: el Senado volte\u00f3 los vetos a la emergencia pedi\u00e1trica y al financiamiento universitario - Noticias Radio Reflejos","robots":{"index":"index","follow":"follow","max-snippet":"max-snippet:-1","max-image-preview":"max-image-preview:large","max-video-preview":"max-video-preview:-1"},"canonical":"https:\/\/www.noticiasradioreflejos.com.ar\/2021\/otro-knockout-en-el-congreso-el-senado-volteo-los-vetos-a-la-emergencia-pediatrica-y-al-financiamiento-universitario\/","og_locale":"es_ES","og_type":"article","og_title":"Otro knockout en el Congreso: el Senado volte\u00f3 los vetos a la emergencia pedi\u00e1trica y al financiamiento universitario - Noticias Radio Reflejos","og_description":"Con una contundente mayor\u00eda las iniciativas se convierten autom\u00e1ticamente en ley. Cr\u00f3nica de una derrota anunciada. Las cr\u00edticas al Gobierno y los comentarios sobre la relaci\u00f3n de Jos\u00e9 Luis Espert con \u201cFred\u201d Machado. Un Senado hostil que anticipa nuevas derrotas.","og_url":"https:\/\/www.noticiasradioreflejos.com.ar\/2021\/otro-knockout-en-el-congreso-el-senado-volteo-los-vetos-a-la-emergencia-pediatrica-y-al-financiamiento-universitario\/","og_site_name":"Noticias Radio Reflejos","article_published_time":"2025-10-03T10:36:51+00:00","og_image":[{"width":1200,"height":675,"url":"https:\/\/www.noticiasradioreflejos.com.ar\/2021\/wp-content\/uploads\/2025\/10\/Senado-Arg.jpg","type":"image\/jpeg"}],"author":"Arnaldo Botto","twitter_card":"summary_large_image","schema":{"@context":"https:\/\/schema.org","@graph":[{"@type":"WebPage","@id":"https:\/\/www.noticiasradioreflejos.com.ar\/2021\/otro-knockout-en-el-congreso-el-senado-volteo-los-vetos-a-la-emergencia-pediatrica-y-al-financiamiento-universitario\/","url":"https:\/\/www.noticiasradioreflejos.com.ar\/2021\/otro-knockout-en-el-congreso-el-senado-volteo-los-vetos-a-la-emergencia-pediatrica-y-al-financiamiento-universitario\/","name":"Otro knockout en el Congreso: el Senado volte\u00f3 los vetos a la emergencia pedi\u00e1trica y al financiamiento universitario - Noticias Radio Reflejos","isPartOf":{"@id":"https:\/\/www.noticiasradioreflejos.com.ar\/2021\/#website"},"primaryImageOfPage":{"@id":"https:\/\/www.noticiasradioreflejos.com.ar\/2021\/otro-knockout-en-el-congreso-el-senado-volteo-los-vetos-a-la-emergencia-pediatrica-y-al-financiamiento-universitario\/#primaryimage"},"image":{"@id":"https:\/\/www.noticiasradioreflejos.com.ar\/2021\/otro-knockout-en-el-congreso-el-senado-volteo-los-vetos-a-la-emergencia-pediatrica-y-al-financiamiento-universitario\/#primaryimage"},"thumbnailUrl":"https:\/\/static.eldiario.es\/clip\/53d61819-cf82-45bf-9d1f-4ff18f0dcf86_16-9-discover-aspect-ratio_default_0.jpg","datePublished":"2025-10-03T10:36:51+00:00","author":{"@id":"https:\/\/www.noticiasradioreflejos.com.ar\/2021\/#\/schema\/person\/ad82545263dcc5ec0996818884fd5fb1"},"breadcrumb":{"@id":"https:\/\/www.noticiasradioreflejos.com.ar\/2021\/otro-knockout-en-el-congreso-el-senado-volteo-los-vetos-a-la-emergencia-pediatrica-y-al-financiamiento-universitario\/#breadcrumb"},"inLanguage":"es","potentialAction":[{"@type":"ReadAction","target":["https:\/\/www.noticiasradioreflejos.com.ar\/2021\/otro-knockout-en-el-congreso-el-senado-volteo-los-vetos-a-la-emergencia-pediatrica-y-al-financiamiento-universitario\/"]}]},{"@type":"ImageObject","inLanguage":"es","@id":"https:\/\/www.noticiasradioreflejos.com.ar\/2021\/otro-knockout-en-el-congreso-el-senado-volteo-los-vetos-a-la-emergencia-pediatrica-y-al-financiamiento-universitario\/#primaryimage","url":"https:\/\/static.eldiario.es\/clip\/53d61819-cf82-45bf-9d1f-4ff18f0dcf86_16-9-discover-aspect-ratio_default_0.jpg","contentUrl":"https:\/\/static.eldiario.es\/clip\/53d61819-cf82-45bf-9d1f-4ff18f0dcf86_16-9-discover-aspect-ratio_default_0.jpg"},{"@type":"BreadcrumbList","@id":"https:\/\/www.noticiasradioreflejos.com.ar\/2021\/otro-knockout-en-el-congreso-el-senado-volteo-los-vetos-a-la-emergencia-pediatrica-y-al-financiamiento-universitario\/#breadcrumb","itemListElement":[{"@type":"ListItem","position":1,"name":"Portada","item":"https:\/\/www.noticiasradioreflejos.com.ar\/2021\/"},{"@type":"ListItem","position":2,"name":"Otro knockout en el Congreso: el Senado volte\u00f3 los vetos a la emergencia pedi\u00e1trica y al financiamiento universitario"}]},{"@type":"WebSite","@id":"https:\/\/www.noticiasradioreflejos.com.ar\/2021\/#website","url":"https:\/\/www.noticiasradioreflejos.com.ar\/2021\/","name":"Noticias Radio Reflejos","description":"Las noticias de mi comarca","potentialAction":[{"@type":"SearchAction","target":{"@type":"EntryPoint","urlTemplate":"https:\/\/www.noticiasradioreflejos.com.ar\/2021\/?s={search_term_string}"},"query-input":{"@type":"PropertyValueSpecification","valueRequired":true,"valueName":"search_term_string"}}],"inLanguage":"es"},{"@type":"Person","@id":"https:\/\/www.noticiasradioreflejos.com.ar\/2021\/#\/schema\/person\/ad82545263dcc5ec0996818884fd5fb1","name":"Arnaldo Botto","image":{"@type":"ImageObject","inLanguage":"es","@id":"https:\/\/www.noticiasradioreflejos.com.ar\/2021\/#\/schema\/person\/image\/","url":"https:\/\/secure.gravatar.com\/avatar\/55cb5e37c1efa326397366e6974cb338056df65cb50e7d64d1cf314e87504837?s=96&d=mm&r=g","contentUrl":"https:\/\/secure.gravatar.com\/avatar\/55cb5e37c1efa326397366e6974cb338056df65cb50e7d64d1cf314e87504837?s=96&d=mm&r=g","caption":"Arnaldo Botto"},"url":"https:\/\/www.noticiasradioreflejos.com.ar\/2021\/author\/arnaldo\/"}]}},"_links":{"self":[{"href":"https:\/\/www.noticiasradioreflejos.com.ar\/2021\/wp-json\/wp\/v2\/posts\/126088","targetHints":{"allow":["GET"]}}],"collection":[{"href":"https:\/\/www.noticiasradioreflejos.com.ar\/2021\/wp-json\/wp\/v2\/posts"}],"about":[{"href":"https:\/\/www.noticiasradioreflejos.com.ar\/2021\/wp-json\/wp\/v2\/types\/post"}],"author":[{"embeddable":true,"href":"https:\/\/www.noticiasradioreflejos.com.ar\/2021\/wp-json\/wp\/v2\/users\/3"}],"replies":[{"embeddable":true,"href":"https:\/\/www.noticiasradioreflejos.com.ar\/2021\/wp-json\/wp\/v2\/comments?post=126088"}],"version-history":[{"count":1,"href":"https:\/\/www.noticiasradioreflejos.com.ar\/2021\/wp-json\/wp\/v2\/posts\/126088\/revisions"}],"predecessor-version":[{"id":126090,"href":"https:\/\/www.noticiasradioreflejos.com.ar\/2021\/wp-json\/wp\/v2\/posts\/126088\/revisions\/126090"}],"wp:attachment":[{"href":"https:\/\/www.noticiasradioreflejos.com.ar\/2021\/wp-json\/wp\/v2\/media?parent=126088"}],"wp:term":[{"taxonomy":"category","embeddable":true,"href":"https:\/\/www.noticiasradioreflejos.com.ar\/2021\/wp-json\/wp\/v2\/categories?post=126088"},{"taxonomy":"post_tag","embeddable":true,"href":"https:\/\/www.noticiasradioreflejos.com.ar\/2021\/wp-json\/wp\/v2\/tags?post=126088"}],"curies":[{"name":"wp","href":"https:\/\/api.w.org\/{rel}","templated":true}]}}