{"id":126085,"date":"2025-10-03T07:32:26","date_gmt":"2025-10-03T10:32:26","guid":{"rendered":"https:\/\/www.noticiasradioreflejos.com.ar\/2021\/?p=126085"},"modified":"2025-10-03T07:32:26","modified_gmt":"2025-10-03T10:32:26","slug":"sin-manos-para-el-endeudamiento-en-la-legislatura","status":"publish","type":"post","link":"https:\/\/www.noticiasradioreflejos.com.ar\/2021\/sin-manos-para-el-endeudamiento-en-la-legislatura\/","title":{"rendered":"Sin manos para el endeudamiento en la Legislatura."},"content":{"rendered":"<p>Se trata de un pedido de financiamiento por el equivalente a 1.045 millones de d\u00f3lares. La oposici\u00f3n y parte del oficialismo pretende una discusi\u00f3n integral con el Presupuesto 2026, fondos para intendentes y cargos en la Corte.<!--more--><\/p>\n<div class=\"section-2-col article-main-image\">\n<div class=\"col 2-col\">\n<div class=\"article-main-media-image__container\">\n<div class=\"image-wrapper\"><\/div>\n<\/div>\n<\/div>\n<\/div>\n<div class=\"section-2-col article-main-content\">\n<div class=\"col 1-col cxense-articles\">Enredado en su propio laberinto y con una oposici\u00f3n que mayoritariamente se plant\u00f3 en la negativa, el tratamiento del proyecto de ley que habilita al gobernador<b>\u00a0Axel Kicillof<\/b>\u00a0a tomar deuda por el equivalente a 1.045 millones de d\u00f3lares qued\u00f3 trunco en el Senado.<\/div>\n<div class=\"col 2-col\">\n<div class=\"article-main-content article-text \">\n<p>Este jueves se llev\u00f3 a cabo una sesi\u00f3n ordinaria, la primera desde finales de junio cuando se aprob\u00f3 la reelecci\u00f3n indefinida de los legisladores. En el encuentro, que inici\u00f3 m\u00e1s de tres horas despu\u00e9s de la convocatoria oficial, se trataron temas de bajo vuelo pol\u00edtico, aunque de sumo inter\u00e9s para los bloques parlamentarios.<\/p>\n<div id=\"talkFireEvent\"><\/div>\n<p>La previa fue un cruce fuerte de cumbres y contracumbres, negociaciones e intentos fallidos por sacar adelante algo que tiene trabas por todos lados. Fue un revival de la eterna discusi\u00f3n por el fallido Presupuesto 2025. \u201cEsto es muy simple, el gobernador pone los cargos sobre la mesa y sale por unanimidad en las dos C\u00e1maras\u201d, dijo a\u00a0<b>Buenos Aires\/12<\/b>\u00a0un hombre del\u00a0<b>PRO\u00a0<\/b>al tanto de las conversaciones.<\/p>\n<div id=\"ad-slot-video_inread\" class=\"ad-slot-video_inread ad-slot\" data-adtype=\"video_inread\" data-google-query-id=\"CKCV_Izph5ADFQxL3QIdbCAxHg\">\n<div id=\"google_ads_iframe_\/349353471\/p12\/nota_video_inread_0__container__\"><iframe id=\"google_ads_iframe_\/349353471\/p12\/nota_video_inread_0\" tabindex=\"0\" title=\"3rd party ad content\" name=\"google_ads_iframe_\/349353471\/p12\/nota_video_inread_0\" width=\"1\" height=\"1\" frameborder=\"0\" marginwidth=\"0\" marginheight=\"0\" scrolling=\"no\" aria-label=\"Advertisement\" data-load-complete=\"true\" data-google-container-id=\"3\" data-mce-fragment=\"1\"><\/iframe><\/div>\n<\/div>\n<div class=\"slot-available\"><\/div>\n<p>Desde hace algunas semanas, la vicegobernadora<b>\u00a0Ver\u00f3nica Magario\u00a0<\/b>y la secretaria General de Gobierno,\u00a0<b>Agustina Vila<\/b>, hab\u00edan iniciado las conversaciones con algunos sectores dialoguistas de la oposici\u00f3n para tratar de avanzar con el proyecto que Kicillof hab\u00eda enviado en mayo. Desde la Gobernaci\u00f3n aseguraron a este medio que el deseo del mandatario era que se aprobara \u201cs\u00ed o s\u00ed\u201d este jueves, aunque deslizaron \u201cno controlar la Legislatura\u201d, en referencia al poder compartido entre el PJ bonaerense y el Frente Renovador.<\/p>\n<p>Desde el otro lado de la Plaza San Mart\u00edn, respondieron que por m\u00e1s di\u00e1logos que se puedan encarar con la oposici\u00f3n, llega un momento de limitaci\u00f3n al poder de oferta que tiene la Legislatura y expusieron que es el Poder Ejecutivo el que debe abrir el juego.<\/p>\n<p>El peronismo no conten\u00eda una unificaci\u00f3n de ideas sobre c\u00f3mo accionar, incluso al interior del propio bloque de\u00a0<b>Uni\u00f3n por la Patria<\/b>. Mientras un sector pretend\u00eda dar el visto bueno al proyecto en estas condiciones, otros expusieron su intenci\u00f3n de que se debata el paquete completo que incluya al\u00a0<b>Presupuesto 2026<\/b>, la<b>\u00a0Ley Fiscal<\/b>\u00a0y la toma de deuda.<\/p>\n<div class=\"slot-available\"><\/div>\n<p>En la oposici\u00f3n dialoguista tambi\u00e9n hab\u00eda reclamos puntuales. Este grupo lo conforman Somos Buenos Aires, unos cuatro legisladores del PRO, tres de Uni\u00f3n y Libertad y el monobloque Derecha Popular. Con ellos, el peronismo unificado llegar\u00eda a los dos tercios, pero con condiciones.<\/p>\n<p>Desde este sector, principalmente, se reclam\u00f3 por un fondo fijo destinado a los municipios. Cabe recordar que la propuesta del Poder Ejecutivo destina un 8 por ciento de la deuda que se vaya a tomar a las comunas, lo que no determina en concreto el monto con el que podr\u00edan contar los intendentes.<\/p>\n<p>Mientras en el Senado intentaban avanzar con la b\u00fasqueda de voluntades, del otro lado del Palacio Legislativo, el viejo Juntos por el Cambio cerraba filas. Seg\u00fan pudo conocer\u00a0<b>Buenos Aires\/12<\/b>, al mediod\u00eda hubo una reuni\u00f3n entre los presidentes de bloque del PRO, Mat\u00edas Ranzaini, de la UCR+Cambio Federal,\u00a0<b>Diego Garciarena<\/b>\u00a0y de la Coalici\u00f3n C\u00edvica,<b>\u00a0Maricel Etchecoin<\/b>, donde fijaron postura de un debate unificado y que contenga todas las discusiones pendientes, fundamentalmente los cargos.<\/p>\n<div class=\"slot-available\"><\/div>\n<p>En ese encuentro hicieron las cuentas y llegaron a contar 33 voluntades en contra de dar respaldo al proyecto, lo que dejar\u00eda al oficialismo sin alcanzar la mayor\u00eda especial. As\u00ed se lo comunicaron al presidente de la C\u00e1mara de Diputados,\u00a0<b>Alexis Guerrera<\/b>, con la intenci\u00f3n de que el dirigente massista lo comunicara al Poder Ejecutivo.<\/p>\n<p>Por caso, el dirigente radical que responde al senador nacional<b>\u00a0Maximiliano Abad<\/b>, enfatiz\u00f3 en la necesidad de dar la discusi\u00f3n conjunta y dijo que es \u201cimprescindible\u201d establecer un fondo de libre disponibilidad para los 135 municipios, distribuibles por CUD y que tenga un monto determinado, actualizable y con plazos de desembolso concretos, tal como hab\u00eda ocurrido durante el debate presupuestario de 2023.<\/p>\n<p>Asimismo, plante\u00f3 la necesidad de \u201cbuscar consensos\u201d para completa la integraci\u00f3n de la\u00a0<b>Suprema Corte de Justicia<\/b>, dado que que hoy funciona en minor\u00eda con tres miembros sobre los siete que deber\u00eda tener. Tambi\u00e9n pidi\u00f3 la \u201cnormalizaci\u00f3n\u201d del directorio del\u00a0<b>Banco Provincia<\/b>\u00a0y de todos los organismos que requieran acuerdo de la\u00a0<b>Legislatura<\/b>.<\/p>\n<div class=\"slot-available\"><\/div>\n<p>\u201cLa oposici\u00f3n puede desear lo que desee y se puede escuchar lo que pronuncie\u201d, dijo el gobernador ante la consulta de este medio a comienzos de la semana, echando por tierra el debate. Los proyectos de Presupuesto y ley Fiscal todav\u00eda no fueron girados al Poder Legislativo.<\/p>\n<p>A\u00fan as\u00ed, este jueves mientras el inicio de la sesi\u00f3n se dilataba, un importante dirigente del peronismo sosten\u00eda conversaciones con nombres de peso de la Legislatura para intentar dejar vivo el expediente y que, con viento a favor, se pueda debatir \u201cen espejo\u201d, es decir, en las dos C\u00e1maras, la semana que viene. Muchos lo ve\u00edan con dificultad si no se pon\u00eda el fondo especial o los cargos como prenda de negociaci\u00f3n.<\/p>\n<p>M\u00e1s all\u00e1 de eso, en diferentes terminales de la Legislatura eval\u00faan c\u00f3mo ser\u00e1 esa discusi\u00f3n, dada la atomizaci\u00f3n de la oposici\u00f3n y tambi\u00e9n la aparici\u00f3n de nuevos actores en la disputa de poder, como\u00a0<b>La Libertad Avanza<\/b>. \u201cLos cargos que est\u00e1n ocupados ahora responden a gente que ya es Windows 95 en la pol\u00edtica provincial y nacional\u201d, ironiz\u00f3 una voz que camina mucho por los pasillos legislativos.<\/p>\n<div class=\"slot-available\"><\/div>\n<p>Por ejemplo, en el directorio del BaPro hay nombres del PRO que se ubicaron all\u00ed cuando el partido a\u00fan era un actor de peso y por pedido de\u00a0<b>Horacio Rodr\u00edguez Larreta<\/b>, hoy corrido de las discusiones; o de\u00a0<b>Patricia Bullrich<\/b>. Tambi\u00e9n se sabe que se liberar\u00e1 el lugar que ocupa el massista\u00a0<b>Sebasti\u00e1n Galmarini<\/b>, que asumir\u00e1 como diputado nacional en diciembre. Lo concreto es que la oposici\u00f3n est\u00e1 partida y la selecci\u00f3n de los interlocutores deber\u00e1 llevarse adelante con cautela y paciencia.<\/p>\n<p>No termina all\u00ed, sino que hay sectores del propio oficialismo que pretenden que el gobernador ponga en marcha las negociaciones por los lugares en esos organismos, especialmente en la Suprema Corte. As\u00ed las cosas, el tiempo corre, los recursos se limitan y las necesidades de cerrar el a\u00f1o con las manos llenas -o al menos un premio consuelo- prevalecen en oficialistas y opositores.<\/p>\n<div class=\"slot-available\"><\/div>\n<h2>Los puntos clave del proyecto de la pol\u00e9mica<\/h2>\n<p>El proyecto que el gobernador ingres\u00f3 a la Legislatura a trav\u00e9s del Senado pide en sus primeros art\u00edculos la autorizaci\u00f3n para tomar deuda por el equivalente a 1.045 millones de d\u00f3lares y para la emisi\u00f3n de Letras del Tesoro por el equivalente en pesos a 250 millones de d\u00f3lares.<\/p>\n<div class=\"slot-available\"><\/div>\n<p>Seg\u00fan Kicillof, el dinero ser\u00e1 utilizado para hacer frente a deudas anteriores de la administraci\u00f3n bonaerense, como tambi\u00e9n a financiar obras de infraestructura. Indic\u00f3 que la administraci\u00f3n de Vidal tuvo autorizaci\u00f3n para tomar deudas por montos mayores a 3.500 millones de d\u00f3lares.<\/p>\n<p>El proyecto incluye, adem\u00e1s, la declaraci\u00f3n hasta el 31 de diciembre de 2026 de siete emergencias, que hab\u00edan vencido en marzo \u00faltimo. Se trata de aquellas en materia penitenciaria, de seguridad p\u00fablica, de infraestructura, h\u00e1bitat, vivienda, servicios p\u00fablicos y energ\u00e9tica. Esto permite a las carteras afectadas, poder tomar medidas y realizar contrataciones de un modo m\u00e1s laxo que en las situaciones regulares.<\/p>\n<p>En ese contexto, encomienda al\u00a0<b>Ministerio de Infraestructura y Servicios P\u00fablicos<\/b>\u00a0a llevar adelante el proceso que culmine con la implementaci\u00f3n de la revisi\u00f3n tarifaria integral del servicio de energ\u00eda el\u00e9ctrica, \u201cque le permita alcanzar los acuerdos de entendimiento para resolver de modo arm\u00f3nico las cuestiones suscitadas con las empresas concesionarias durante la emergencia energ\u00e9tica, confiera sustentabilidad a la prestaci\u00f3n del servicio con la normalizaci\u00f3n de la etapa de transici\u00f3n tarifaria\u201d.<\/p>\n<div class=\"slot-available\"><\/div>\n<p>El texto contempla tambi\u00e9n la creaci\u00f3n de 489 cargos para el Poder Judicial, 1.500 para el Servicio Penitenciario y otros 260 para el \u00e1rea de Ni\u00f1ez y Adolescencia, al tiempo que suma 5 mil horas c\u00e1tedra para la escuela secundaria.<\/p>\n<\/div>\n<\/div>\n<\/div>\n","protected":false},"excerpt":{"rendered":"<p>Se trata de un pedido de financiamiento por el equivalente a 1.045 millones de d\u00f3lares. La oposici\u00f3n y parte del oficialismo pretende una discusi\u00f3n integral con el Presupuesto 2026, fondos para intendentes y cargos en la Corte.<\/p>\n","protected":false},"author":3,"featured_media":126086,"comment_status":"closed","ping_status":"closed","sticky":false,"template":"","format":"standard","meta":{"footnotes":""},"categories":[24],"tags":[],"class_list":["post-126085","post","type-post","status-publish","format-standard","has-post-thumbnail","hentry","category-politica"],"yoast_head":"<!-- This site is optimized with the Yoast SEO plugin v25.9 - https:\/\/yoast.com\/wordpress\/plugins\/seo\/ -->\n<title>Sin manos para el endeudamiento en la Legislatura. - Noticias Radio Reflejos<\/title>\n<meta name=\"robots\" content=\"index, follow, max-snippet:-1, max-image-preview:large, max-video-preview:-1\" \/>\n<link rel=\"canonical\" href=\"https:\/\/www.noticiasradioreflejos.com.ar\/2021\/sin-manos-para-el-endeudamiento-en-la-legislatura\/\" \/>\n<meta property=\"og:locale\" content=\"es_ES\" \/>\n<meta property=\"og:type\" content=\"article\" \/>\n<meta property=\"og:title\" content=\"Sin manos para el endeudamiento en la Legislatura. - Noticias Radio Reflejos\" \/>\n<meta property=\"og:description\" content=\"Se trata de un pedido de financiamiento por el equivalente a 1.045 millones de d\u00f3lares. La oposici\u00f3n y parte del oficialismo pretende una discusi\u00f3n integral con el Presupuesto 2026, fondos para intendentes y cargos en la Corte.\" \/>\n<meta property=\"og:url\" content=\"https:\/\/www.noticiasradioreflejos.com.ar\/2021\/sin-manos-para-el-endeudamiento-en-la-legislatura\/\" \/>\n<meta property=\"og:site_name\" content=\"Noticias Radio Reflejos\" \/>\n<meta property=\"article:published_time\" content=\"2025-10-03T10:32:26+00:00\" \/>\n<meta property=\"og:image\" content=\"https:\/\/www.noticiasradioreflejos.com.ar\/2021\/wp-content\/uploads\/2025\/10\/senado-bs-as.jpg\" \/>\n\t<meta property=\"og:image:width\" content=\"700\" \/>\n\t<meta property=\"og:image:height\" content=\"467\" \/>\n\t<meta property=\"og:image:type\" content=\"image\/jpeg\" \/>\n<meta name=\"author\" content=\"Arnaldo Botto\" \/>\n<meta name=\"twitter:card\" content=\"summary_large_image\" \/>\n<script type=\"application\/ld+json\" class=\"yoast-schema-graph\">{\"@context\":\"https:\/\/schema.org\",\"@graph\":[{\"@type\":\"WebPage\",\"@id\":\"https:\/\/www.noticiasradioreflejos.com.ar\/2021\/sin-manos-para-el-endeudamiento-en-la-legislatura\/\",\"url\":\"https:\/\/www.noticiasradioreflejos.com.ar\/2021\/sin-manos-para-el-endeudamiento-en-la-legislatura\/\",\"name\":\"Sin manos para el endeudamiento en la Legislatura. - Noticias Radio Reflejos\",\"isPartOf\":{\"@id\":\"https:\/\/www.noticiasradioreflejos.com.ar\/2021\/#website\"},\"primaryImageOfPage\":{\"@id\":\"https:\/\/www.noticiasradioreflejos.com.ar\/2021\/sin-manos-para-el-endeudamiento-en-la-legislatura\/#primaryimage\"},\"image\":{\"@id\":\"https:\/\/www.noticiasradioreflejos.com.ar\/2021\/sin-manos-para-el-endeudamiento-en-la-legislatura\/#primaryimage\"},\"thumbnailUrl\":\"https:\/\/www.noticiasradioreflejos.com.ar\/2021\/wp-content\/uploads\/2025\/10\/senado-bs-as.jpg\",\"datePublished\":\"2025-10-03T10:32:26+00:00\",\"author\":{\"@id\":\"https:\/\/www.noticiasradioreflejos.com.ar\/2021\/#\/schema\/person\/ad82545263dcc5ec0996818884fd5fb1\"},\"breadcrumb\":{\"@id\":\"https:\/\/www.noticiasradioreflejos.com.ar\/2021\/sin-manos-para-el-endeudamiento-en-la-legislatura\/#breadcrumb\"},\"inLanguage\":\"es\",\"potentialAction\":[{\"@type\":\"ReadAction\",\"target\":[\"https:\/\/www.noticiasradioreflejos.com.ar\/2021\/sin-manos-para-el-endeudamiento-en-la-legislatura\/\"]}]},{\"@type\":\"ImageObject\",\"inLanguage\":\"es\",\"@id\":\"https:\/\/www.noticiasradioreflejos.com.ar\/2021\/sin-manos-para-el-endeudamiento-en-la-legislatura\/#primaryimage\",\"url\":\"https:\/\/www.noticiasradioreflejos.com.ar\/2021\/wp-content\/uploads\/2025\/10\/senado-bs-as.jpg\",\"contentUrl\":\"https:\/\/www.noticiasradioreflejos.com.ar\/2021\/wp-content\/uploads\/2025\/10\/senado-bs-as.jpg\",\"width\":700,\"height\":467},{\"@type\":\"BreadcrumbList\",\"@id\":\"https:\/\/www.noticiasradioreflejos.com.ar\/2021\/sin-manos-para-el-endeudamiento-en-la-legislatura\/#breadcrumb\",\"itemListElement\":[{\"@type\":\"ListItem\",\"position\":1,\"name\":\"Portada\",\"item\":\"https:\/\/www.noticiasradioreflejos.com.ar\/2021\/\"},{\"@type\":\"ListItem\",\"position\":2,\"name\":\"Sin manos para el endeudamiento en la Legislatura.\"}]},{\"@type\":\"WebSite\",\"@id\":\"https:\/\/www.noticiasradioreflejos.com.ar\/2021\/#website\",\"url\":\"https:\/\/www.noticiasradioreflejos.com.ar\/2021\/\",\"name\":\"Noticias Radio Reflejos\",\"description\":\"Las noticias de mi comarca\",\"potentialAction\":[{\"@type\":\"SearchAction\",\"target\":{\"@type\":\"EntryPoint\",\"urlTemplate\":\"https:\/\/www.noticiasradioreflejos.com.ar\/2021\/?s={search_term_string}\"},\"query-input\":{\"@type\":\"PropertyValueSpecification\",\"valueRequired\":true,\"valueName\":\"search_term_string\"}}],\"inLanguage\":\"es\"},{\"@type\":\"Person\",\"@id\":\"https:\/\/www.noticiasradioreflejos.com.ar\/2021\/#\/schema\/person\/ad82545263dcc5ec0996818884fd5fb1\",\"name\":\"Arnaldo Botto\",\"image\":{\"@type\":\"ImageObject\",\"inLanguage\":\"es\",\"@id\":\"https:\/\/www.noticiasradioreflejos.com.ar\/2021\/#\/schema\/person\/image\/\",\"url\":\"https:\/\/secure.gravatar.com\/avatar\/55cb5e37c1efa326397366e6974cb338056df65cb50e7d64d1cf314e87504837?s=96&d=mm&r=g\",\"contentUrl\":\"https:\/\/secure.gravatar.com\/avatar\/55cb5e37c1efa326397366e6974cb338056df65cb50e7d64d1cf314e87504837?s=96&d=mm&r=g\",\"caption\":\"Arnaldo Botto\"},\"url\":\"https:\/\/www.noticiasradioreflejos.com.ar\/2021\/author\/arnaldo\/\"}]}<\/script>\n<!-- \/ Yoast SEO plugin. -->","yoast_head_json":{"title":"Sin manos para el endeudamiento en la Legislatura. - Noticias Radio Reflejos","robots":{"index":"index","follow":"follow","max-snippet":"max-snippet:-1","max-image-preview":"max-image-preview:large","max-video-preview":"max-video-preview:-1"},"canonical":"https:\/\/www.noticiasradioreflejos.com.ar\/2021\/sin-manos-para-el-endeudamiento-en-la-legislatura\/","og_locale":"es_ES","og_type":"article","og_title":"Sin manos para el endeudamiento en la Legislatura. - Noticias Radio Reflejos","og_description":"Se trata de un pedido de financiamiento por el equivalente a 1.045 millones de d\u00f3lares. La oposici\u00f3n y parte del oficialismo pretende una discusi\u00f3n integral con el Presupuesto 2026, fondos para intendentes y cargos en la Corte.","og_url":"https:\/\/www.noticiasradioreflejos.com.ar\/2021\/sin-manos-para-el-endeudamiento-en-la-legislatura\/","og_site_name":"Noticias Radio Reflejos","article_published_time":"2025-10-03T10:32:26+00:00","og_image":[{"width":700,"height":467,"url":"https:\/\/www.noticiasradioreflejos.com.ar\/2021\/wp-content\/uploads\/2025\/10\/senado-bs-as.jpg","type":"image\/jpeg"}],"author":"Arnaldo Botto","twitter_card":"summary_large_image","schema":{"@context":"https:\/\/schema.org","@graph":[{"@type":"WebPage","@id":"https:\/\/www.noticiasradioreflejos.com.ar\/2021\/sin-manos-para-el-endeudamiento-en-la-legislatura\/","url":"https:\/\/www.noticiasradioreflejos.com.ar\/2021\/sin-manos-para-el-endeudamiento-en-la-legislatura\/","name":"Sin manos para el endeudamiento en la Legislatura. - Noticias Radio Reflejos","isPartOf":{"@id":"https:\/\/www.noticiasradioreflejos.com.ar\/2021\/#website"},"primaryImageOfPage":{"@id":"https:\/\/www.noticiasradioreflejos.com.ar\/2021\/sin-manos-para-el-endeudamiento-en-la-legislatura\/#primaryimage"},"image":{"@id":"https:\/\/www.noticiasradioreflejos.com.ar\/2021\/sin-manos-para-el-endeudamiento-en-la-legislatura\/#primaryimage"},"thumbnailUrl":"https:\/\/www.noticiasradioreflejos.com.ar\/2021\/wp-content\/uploads\/2025\/10\/senado-bs-as.jpg","datePublished":"2025-10-03T10:32:26+00:00","author":{"@id":"https:\/\/www.noticiasradioreflejos.com.ar\/2021\/#\/schema\/person\/ad82545263dcc5ec0996818884fd5fb1"},"breadcrumb":{"@id":"https:\/\/www.noticiasradioreflejos.com.ar\/2021\/sin-manos-para-el-endeudamiento-en-la-legislatura\/#breadcrumb"},"inLanguage":"es","potentialAction":[{"@type":"ReadAction","target":["https:\/\/www.noticiasradioreflejos.com.ar\/2021\/sin-manos-para-el-endeudamiento-en-la-legislatura\/"]}]},{"@type":"ImageObject","inLanguage":"es","@id":"https:\/\/www.noticiasradioreflejos.com.ar\/2021\/sin-manos-para-el-endeudamiento-en-la-legislatura\/#primaryimage","url":"https:\/\/www.noticiasradioreflejos.com.ar\/2021\/wp-content\/uploads\/2025\/10\/senado-bs-as.jpg","contentUrl":"https:\/\/www.noticiasradioreflejos.com.ar\/2021\/wp-content\/uploads\/2025\/10\/senado-bs-as.jpg","width":700,"height":467},{"@type":"BreadcrumbList","@id":"https:\/\/www.noticiasradioreflejos.com.ar\/2021\/sin-manos-para-el-endeudamiento-en-la-legislatura\/#breadcrumb","itemListElement":[{"@type":"ListItem","position":1,"name":"Portada","item":"https:\/\/www.noticiasradioreflejos.com.ar\/2021\/"},{"@type":"ListItem","position":2,"name":"Sin manos para el endeudamiento en la Legislatura."}]},{"@type":"WebSite","@id":"https:\/\/www.noticiasradioreflejos.com.ar\/2021\/#website","url":"https:\/\/www.noticiasradioreflejos.com.ar\/2021\/","name":"Noticias Radio Reflejos","description":"Las noticias de mi comarca","potentialAction":[{"@type":"SearchAction","target":{"@type":"EntryPoint","urlTemplate":"https:\/\/www.noticiasradioreflejos.com.ar\/2021\/?s={search_term_string}"},"query-input":{"@type":"PropertyValueSpecification","valueRequired":true,"valueName":"search_term_string"}}],"inLanguage":"es"},{"@type":"Person","@id":"https:\/\/www.noticiasradioreflejos.com.ar\/2021\/#\/schema\/person\/ad82545263dcc5ec0996818884fd5fb1","name":"Arnaldo Botto","image":{"@type":"ImageObject","inLanguage":"es","@id":"https:\/\/www.noticiasradioreflejos.com.ar\/2021\/#\/schema\/person\/image\/","url":"https:\/\/secure.gravatar.com\/avatar\/55cb5e37c1efa326397366e6974cb338056df65cb50e7d64d1cf314e87504837?s=96&d=mm&r=g","contentUrl":"https:\/\/secure.gravatar.com\/avatar\/55cb5e37c1efa326397366e6974cb338056df65cb50e7d64d1cf314e87504837?s=96&d=mm&r=g","caption":"Arnaldo Botto"},"url":"https:\/\/www.noticiasradioreflejos.com.ar\/2021\/author\/arnaldo\/"}]}},"_links":{"self":[{"href":"https:\/\/www.noticiasradioreflejos.com.ar\/2021\/wp-json\/wp\/v2\/posts\/126085","targetHints":{"allow":["GET"]}}],"collection":[{"href":"https:\/\/www.noticiasradioreflejos.com.ar\/2021\/wp-json\/wp\/v2\/posts"}],"about":[{"href":"https:\/\/www.noticiasradioreflejos.com.ar\/2021\/wp-json\/wp\/v2\/types\/post"}],"author":[{"embeddable":true,"href":"https:\/\/www.noticiasradioreflejos.com.ar\/2021\/wp-json\/wp\/v2\/users\/3"}],"replies":[{"embeddable":true,"href":"https:\/\/www.noticiasradioreflejos.com.ar\/2021\/wp-json\/wp\/v2\/comments?post=126085"}],"version-history":[{"count":1,"href":"https:\/\/www.noticiasradioreflejos.com.ar\/2021\/wp-json\/wp\/v2\/posts\/126085\/revisions"}],"predecessor-version":[{"id":126087,"href":"https:\/\/www.noticiasradioreflejos.com.ar\/2021\/wp-json\/wp\/v2\/posts\/126085\/revisions\/126087"}],"wp:featuredmedia":[{"embeddable":true,"href":"https:\/\/www.noticiasradioreflejos.com.ar\/2021\/wp-json\/wp\/v2\/media\/126086"}],"wp:attachment":[{"href":"https:\/\/www.noticiasradioreflejos.com.ar\/2021\/wp-json\/wp\/v2\/media?parent=126085"}],"wp:term":[{"taxonomy":"category","embeddable":true,"href":"https:\/\/www.noticiasradioreflejos.com.ar\/2021\/wp-json\/wp\/v2\/categories?post=126085"},{"taxonomy":"post_tag","embeddable":true,"href":"https:\/\/www.noticiasradioreflejos.com.ar\/2021\/wp-json\/wp\/v2\/tags?post=126085"}],"curies":[{"name":"wp","href":"https:\/\/api.w.org\/{rel}","templated":true}]}}