{"id":126082,"date":"2025-10-03T07:27:44","date_gmt":"2025-10-03T10:27:44","guid":{"rendered":"https:\/\/www.noticiasradioreflejos.com.ar\/2021\/?p=126082"},"modified":"2025-10-03T07:27:44","modified_gmt":"2025-10-03T10:27:44","slug":"aparece-la-primera-foto-de-espert-junto-a-fred-machado-tomada-en-bahia-blanca","status":"publish","type":"post","link":"https:\/\/www.noticiasradioreflejos.com.ar\/2021\/aparece-la-primera-foto-de-espert-junto-a-fred-machado-tomada-en-bahia-blanca\/","title":{"rendered":"Aparece la primera foto de Espert junto a \u201cFred\u201d Machado tomada en Bah\u00eda Blanca."},"content":{"rendered":"<p>Es del viaje que hizo en 2019 a Viedma para presentar su libro durante la campa\u00f1a presidencial en la que que sali\u00f3 \u00faltimo.<!--more--><\/p>\n<p>Sobre la relaci\u00f3n entre ambos sobran los testimonios y ellos mismo la reconocen. Sin embargo, este jueves se conoci\u00f3 la primera foto en la que Jos\u00e9 Luis Espert aparece junto Federico \u201cFred\u201d Machado, el empresario argentino sobre el que pesa un pedido de extradici\u00f3n de la justicia de los Estados Unidos a quien acusa por narcotr\u00e1fico y que, seg\u00fan revel\u00f3\u00a0<strong>elDiarioAR<\/strong>\u00a0este domingo, habr\u00eda derivado US$200.000 a la cuenta del candidato de La Libertad Avanza en 2020.<\/p>\n<p>&nbsp;<\/p>\n<div class=\"content-container col-12 col-lg-8\">\n<div class=\"c-content\">\n<div class=\"partner-wrapper opening\" data-mrf-recirculation=\"Apertura\">\n<div class=\"second-col\">\n<figure class=\"ni-figure\"><picture class=\"news-image\"><source srcset=\"https:\/\/static.eldiario.es\/clip\/ad7989f5-fa26-4d1a-b9b6-8359595c22d9_16-9-discover-aspect-ratio_50p_0.webp\" type=\"image\/webp\" media=\"(max-width: 576px)\" \/><source srcset=\"https:\/\/static.eldiario.es\/clip\/ad7989f5-fa26-4d1a-b9b6-8359595c22d9_16-9-discover-aspect-ratio_50p_0.jpg\" type=\"image\/jpg\" media=\"(max-width: 576px)\" \/><source srcset=\"https:\/\/static.eldiario.es\/clip\/ad7989f5-fa26-4d1a-b9b6-8359595c22d9_16-9-discover-aspect-ratio_75p_0.webp\" type=\"image\/webp\" media=\"(max-width: 767px)\" \/><source srcset=\"https:\/\/static.eldiario.es\/clip\/ad7989f5-fa26-4d1a-b9b6-8359595c22d9_16-9-discover-aspect-ratio_75p_0.jpg\" type=\"image\/jpg\" media=\"(max-width: 767px)\" \/><source srcset=\"https:\/\/static.eldiario.es\/clip\/ad7989f5-fa26-4d1a-b9b6-8359595c22d9_16-9-discover-aspect-ratio_default_0.webp\" type=\"image\/webp\" \/><source srcset=\"https:\/\/static.eldiario.es\/clip\/ad7989f5-fa26-4d1a-b9b6-8359595c22d9_16-9-discover-aspect-ratio_default_0.jpg\" type=\"image\/jpg\" \/><\/picture><\/figure>\n<\/div>\n<\/div>\n<\/div>\n<\/div>\n<p><span class=\"title\"><img decoding=\"async\" src=\"https:\/\/static.eldiario.es\/clip\/ad7989f5-fa26-4d1a-b9b6-8359595c22d9_16-9-discover-aspect-ratio_default_0.jpg\" alt=\"Jos\u00e9 Luis Espert y Federico &quot;Fred&quot; Machado, de camisa blanca y saco negro en una escala en Bah\u00eda Blanca.\" \/><em>Jos\u00e9 Luis Espert y Federico \u00abFred\u00bb Machado, de camisa blanca y saco negro en una escala en Bah\u00eda Blanca.\u00a0<span class=\"author\">La Naci\u00f3n<\/span><\/em><\/span><\/p>\n<div class=\"news-info\" data-mrf-recirculation=\"firma\">\n<div class=\"info-wrapper\">\n<div class=\"date-comments-wrapper\"><\/div>\n<\/div>\n<div class=\"twitter-wrapper\"><\/div>\n<\/div>\n<div class=\"partner-wrapper article-page__body-row\">\n<div class=\"second-col\">\n<p class=\"article-text\">La foto fue publicada por\u00a0<a class=\"link\" href=\"https:\/\/www.lanacion.com.ar\/lifestyle\/jose-luis-espert-y-fred-machado-la-primera-foto-del-candidato-oficialista-junto-al-polemico-nid02102025\/\" target=\"_blank\" rel=\"noopener\" data-mrf-recirculation=\"links-noticia\" data-mrf-link=\"https:\/\/www.lanacion.com.ar\/lifestyle\/jose-luis-espert-y-fred-machado-la-primera-foto-del-candidato-oficialista-junto-al-polemico-nid02102025\/\">La Naci\u00f3n<\/a>\u00a0y fue tomada\u00a0<strong>el 18 de abril de 2019 en el aeropuerto de Bah\u00eda Blanca.\u00a0<\/strong>De acuerdo con esa informaci\u00f3n la fotograf\u00eda se hizo durante una escala en el vuelo que iba de Buenos Aires a Viedma durante la campa\u00f1a presidencial en la que Espert sac\u00f3 1,47% de los votos y termin\u00f3 \u00faltimo. All\u00ed Machado aparece enfrentado al diputado liberal con camisa blanca y saco negro.<\/p>\n<div id=\"container-after-news-outlook\"><\/div>\n<p class=\"article-text\">Espert hab\u00eda viajado para presentar su libro\u00a0\u201cLa sociedad c\u00f3mplice\u201d en el Hotel Austral, en la capital de R\u00edo Negro. De aquel viaje qued\u00f3 grabajda la conferencia donde dice la frase que hoy se le volvi\u00f3 en contra: \u201cMuchas gracias a todos por estar aqu\u00ed, muchas gracias por la invitaci\u00f3n que me formularon para venir a verlos y\u00a0gracias a Fred Machado por el excelente vuelo que hemos tenido\u201d.<\/p>\n<figure class=\"embed-container embed-container--type-youtube ratio\"><script src=\"https:\/\/www.youtube.com\/iframe_api\"><\/script><script type=\"module\">window.marfeel.cmd.push(['multimedia', function(multimedia) { multimedia.initializeItem('yt-lB3nvIbL9Yw-6712', 'youtube', 'lB3nvIbL9Yw', document.getElementById('yt-lB3nvIbL9Yw-6712')); }]);<\/script><iframe id=\"yt-lB3nvIbL9Yw-6712\" title=\"Conferencia de ESPERT en Viedma (18\/04\/2019)\" src=\"https:\/\/www.youtube.com\/embed\/lB3nvIbL9Yw?enablejsapi=1\" frameborder=\"0\" data-gtm-yt-inspected-34399851_303=\"true\" data-gtm-yt-inspected-34399851_396=\"true\" data-gtm-yt-inspected-41=\"true\" data-mce-fragment=\"1\"><\/iframe><\/figure>\n<p class=\"article-text\">Seg\u00fan se\u00f1ala La Naci\u00f3n, en la foto aparecen adem\u00e1s de Espert y Machado el consultor pol\u00edtico\u00a0Nazareno Etchepare y el ciudadano colombiano, de Cali, residente en Miami,\u00a0Iv\u00e1n Sherman. En el centro y con el rostro pixelado aparece un veterano de Malvinas que acept\u00f3 tomarse una foto con el grupo y compartir un caf\u00e9. Machado, quien en Estados Unidos se form\u00f3 como piloto, tiene admiraci\u00f3n por los ex combatientes.<\/p>\n<\/div>\n<\/div>\n","protected":false},"excerpt":{"rendered":"<p>Es del viaje que hizo en 2019 a Viedma para presentar su libro durante la campa\u00f1a presidencial en la que que sali\u00f3 \u00faltimo.<\/p>\n","protected":false},"author":3,"featured_media":0,"comment_status":"closed","ping_status":"closed","sticky":false,"template":"","format":"standard","meta":{"footnotes":""},"categories":[24],"tags":[],"class_list":["post-126082","post","type-post","status-publish","format-standard","hentry","category-politica"],"yoast_head":"<!-- This site is optimized with the Yoast SEO plugin v25.9 - https:\/\/yoast.com\/wordpress\/plugins\/seo\/ -->\n<title>Aparece la primera foto de Espert junto a \u201cFred\u201d Machado tomada en Bah\u00eda Blanca. - Noticias Radio Reflejos<\/title>\n<meta name=\"robots\" content=\"index, follow, max-snippet:-1, max-image-preview:large, max-video-preview:-1\" \/>\n<link rel=\"canonical\" href=\"https:\/\/www.noticiasradioreflejos.com.ar\/2021\/aparece-la-primera-foto-de-espert-junto-a-fred-machado-tomada-en-bahia-blanca\/\" \/>\n<meta property=\"og:locale\" content=\"es_ES\" \/>\n<meta property=\"og:type\" content=\"article\" \/>\n<meta property=\"og:title\" content=\"Aparece la primera foto de Espert junto a \u201cFred\u201d Machado tomada en Bah\u00eda Blanca. - Noticias Radio Reflejos\" \/>\n<meta property=\"og:description\" content=\"Es del viaje que hizo en 2019 a Viedma para presentar su libro durante la campa\u00f1a presidencial en la que que sali\u00f3 \u00faltimo.\" \/>\n<meta property=\"og:url\" content=\"https:\/\/www.noticiasradioreflejos.com.ar\/2021\/aparece-la-primera-foto-de-espert-junto-a-fred-machado-tomada-en-bahia-blanca\/\" \/>\n<meta property=\"og:site_name\" content=\"Noticias Radio Reflejos\" \/>\n<meta property=\"article:published_time\" content=\"2025-10-03T10:27:44+00:00\" \/>\n<meta property=\"og:image\" content=\"https:\/\/www.noticiasradioreflejos.com.ar\/2021\/wp-content\/uploads\/2025\/10\/Espoert-Fred-Machado.jpg\" \/>\n\t<meta property=\"og:image:width\" content=\"1200\" \/>\n\t<meta property=\"og:image:height\" content=\"675\" \/>\n\t<meta property=\"og:image:type\" content=\"image\/jpeg\" \/>\n<meta name=\"author\" content=\"Arnaldo Botto\" \/>\n<meta name=\"twitter:card\" content=\"summary_large_image\" \/>\n<script type=\"application\/ld+json\" class=\"yoast-schema-graph\">{\"@context\":\"https:\/\/schema.org\",\"@graph\":[{\"@type\":\"WebPage\",\"@id\":\"https:\/\/www.noticiasradioreflejos.com.ar\/2021\/aparece-la-primera-foto-de-espert-junto-a-fred-machado-tomada-en-bahia-blanca\/\",\"url\":\"https:\/\/www.noticiasradioreflejos.com.ar\/2021\/aparece-la-primera-foto-de-espert-junto-a-fred-machado-tomada-en-bahia-blanca\/\",\"name\":\"Aparece la primera foto de Espert junto a \u201cFred\u201d Machado tomada en Bah\u00eda Blanca. - Noticias Radio Reflejos\",\"isPartOf\":{\"@id\":\"https:\/\/www.noticiasradioreflejos.com.ar\/2021\/#website\"},\"primaryImageOfPage\":{\"@id\":\"https:\/\/www.noticiasradioreflejos.com.ar\/2021\/aparece-la-primera-foto-de-espert-junto-a-fred-machado-tomada-en-bahia-blanca\/#primaryimage\"},\"image\":{\"@id\":\"https:\/\/www.noticiasradioreflejos.com.ar\/2021\/aparece-la-primera-foto-de-espert-junto-a-fred-machado-tomada-en-bahia-blanca\/#primaryimage\"},\"thumbnailUrl\":\"https:\/\/static.eldiario.es\/clip\/ad7989f5-fa26-4d1a-b9b6-8359595c22d9_16-9-discover-aspect-ratio_default_0.jpg\",\"datePublished\":\"2025-10-03T10:27:44+00:00\",\"author\":{\"@id\":\"https:\/\/www.noticiasradioreflejos.com.ar\/2021\/#\/schema\/person\/ad82545263dcc5ec0996818884fd5fb1\"},\"breadcrumb\":{\"@id\":\"https:\/\/www.noticiasradioreflejos.com.ar\/2021\/aparece-la-primera-foto-de-espert-junto-a-fred-machado-tomada-en-bahia-blanca\/#breadcrumb\"},\"inLanguage\":\"es\",\"potentialAction\":[{\"@type\":\"ReadAction\",\"target\":[\"https:\/\/www.noticiasradioreflejos.com.ar\/2021\/aparece-la-primera-foto-de-espert-junto-a-fred-machado-tomada-en-bahia-blanca\/\"]}]},{\"@type\":\"ImageObject\",\"inLanguage\":\"es\",\"@id\":\"https:\/\/www.noticiasradioreflejos.com.ar\/2021\/aparece-la-primera-foto-de-espert-junto-a-fred-machado-tomada-en-bahia-blanca\/#primaryimage\",\"url\":\"https:\/\/static.eldiario.es\/clip\/ad7989f5-fa26-4d1a-b9b6-8359595c22d9_16-9-discover-aspect-ratio_default_0.jpg\",\"contentUrl\":\"https:\/\/static.eldiario.es\/clip\/ad7989f5-fa26-4d1a-b9b6-8359595c22d9_16-9-discover-aspect-ratio_default_0.jpg\"},{\"@type\":\"BreadcrumbList\",\"@id\":\"https:\/\/www.noticiasradioreflejos.com.ar\/2021\/aparece-la-primera-foto-de-espert-junto-a-fred-machado-tomada-en-bahia-blanca\/#breadcrumb\",\"itemListElement\":[{\"@type\":\"ListItem\",\"position\":1,\"name\":\"Portada\",\"item\":\"https:\/\/www.noticiasradioreflejos.com.ar\/2021\/\"},{\"@type\":\"ListItem\",\"position\":2,\"name\":\"Aparece la primera foto de Espert junto a \u201cFred\u201d Machado tomada en Bah\u00eda Blanca.\"}]},{\"@type\":\"WebSite\",\"@id\":\"https:\/\/www.noticiasradioreflejos.com.ar\/2021\/#website\",\"url\":\"https:\/\/www.noticiasradioreflejos.com.ar\/2021\/\",\"name\":\"Noticias Radio Reflejos\",\"description\":\"Las noticias de mi comarca\",\"potentialAction\":[{\"@type\":\"SearchAction\",\"target\":{\"@type\":\"EntryPoint\",\"urlTemplate\":\"https:\/\/www.noticiasradioreflejos.com.ar\/2021\/?s={search_term_string}\"},\"query-input\":{\"@type\":\"PropertyValueSpecification\",\"valueRequired\":true,\"valueName\":\"search_term_string\"}}],\"inLanguage\":\"es\"},{\"@type\":\"Person\",\"@id\":\"https:\/\/www.noticiasradioreflejos.com.ar\/2021\/#\/schema\/person\/ad82545263dcc5ec0996818884fd5fb1\",\"name\":\"Arnaldo Botto\",\"image\":{\"@type\":\"ImageObject\",\"inLanguage\":\"es\",\"@id\":\"https:\/\/www.noticiasradioreflejos.com.ar\/2021\/#\/schema\/person\/image\/\",\"url\":\"https:\/\/secure.gravatar.com\/avatar\/55cb5e37c1efa326397366e6974cb338056df65cb50e7d64d1cf314e87504837?s=96&d=mm&r=g\",\"contentUrl\":\"https:\/\/secure.gravatar.com\/avatar\/55cb5e37c1efa326397366e6974cb338056df65cb50e7d64d1cf314e87504837?s=96&d=mm&r=g\",\"caption\":\"Arnaldo Botto\"},\"url\":\"https:\/\/www.noticiasradioreflejos.com.ar\/2021\/author\/arnaldo\/\"}]}<\/script>\n<!-- \/ Yoast SEO plugin. -->","yoast_head_json":{"title":"Aparece la primera foto de Espert junto a \u201cFred\u201d Machado tomada en Bah\u00eda Blanca. - Noticias Radio Reflejos","robots":{"index":"index","follow":"follow","max-snippet":"max-snippet:-1","max-image-preview":"max-image-preview:large","max-video-preview":"max-video-preview:-1"},"canonical":"https:\/\/www.noticiasradioreflejos.com.ar\/2021\/aparece-la-primera-foto-de-espert-junto-a-fred-machado-tomada-en-bahia-blanca\/","og_locale":"es_ES","og_type":"article","og_title":"Aparece la primera foto de Espert junto a \u201cFred\u201d Machado tomada en Bah\u00eda Blanca. - Noticias Radio Reflejos","og_description":"Es del viaje que hizo en 2019 a Viedma para presentar su libro durante la campa\u00f1a presidencial en la que que sali\u00f3 \u00faltimo.","og_url":"https:\/\/www.noticiasradioreflejos.com.ar\/2021\/aparece-la-primera-foto-de-espert-junto-a-fred-machado-tomada-en-bahia-blanca\/","og_site_name":"Noticias Radio Reflejos","article_published_time":"2025-10-03T10:27:44+00:00","og_image":[{"width":1200,"height":675,"url":"https:\/\/www.noticiasradioreflejos.com.ar\/2021\/wp-content\/uploads\/2025\/10\/Espoert-Fred-Machado.jpg","type":"image\/jpeg"}],"author":"Arnaldo Botto","twitter_card":"summary_large_image","schema":{"@context":"https:\/\/schema.org","@graph":[{"@type":"WebPage","@id":"https:\/\/www.noticiasradioreflejos.com.ar\/2021\/aparece-la-primera-foto-de-espert-junto-a-fred-machado-tomada-en-bahia-blanca\/","url":"https:\/\/www.noticiasradioreflejos.com.ar\/2021\/aparece-la-primera-foto-de-espert-junto-a-fred-machado-tomada-en-bahia-blanca\/","name":"Aparece la primera foto de Espert junto a \u201cFred\u201d Machado tomada en Bah\u00eda Blanca. - Noticias Radio Reflejos","isPartOf":{"@id":"https:\/\/www.noticiasradioreflejos.com.ar\/2021\/#website"},"primaryImageOfPage":{"@id":"https:\/\/www.noticiasradioreflejos.com.ar\/2021\/aparece-la-primera-foto-de-espert-junto-a-fred-machado-tomada-en-bahia-blanca\/#primaryimage"},"image":{"@id":"https:\/\/www.noticiasradioreflejos.com.ar\/2021\/aparece-la-primera-foto-de-espert-junto-a-fred-machado-tomada-en-bahia-blanca\/#primaryimage"},"thumbnailUrl":"https:\/\/static.eldiario.es\/clip\/ad7989f5-fa26-4d1a-b9b6-8359595c22d9_16-9-discover-aspect-ratio_default_0.jpg","datePublished":"2025-10-03T10:27:44+00:00","author":{"@id":"https:\/\/www.noticiasradioreflejos.com.ar\/2021\/#\/schema\/person\/ad82545263dcc5ec0996818884fd5fb1"},"breadcrumb":{"@id":"https:\/\/www.noticiasradioreflejos.com.ar\/2021\/aparece-la-primera-foto-de-espert-junto-a-fred-machado-tomada-en-bahia-blanca\/#breadcrumb"},"inLanguage":"es","potentialAction":[{"@type":"ReadAction","target":["https:\/\/www.noticiasradioreflejos.com.ar\/2021\/aparece-la-primera-foto-de-espert-junto-a-fred-machado-tomada-en-bahia-blanca\/"]}]},{"@type":"ImageObject","inLanguage":"es","@id":"https:\/\/www.noticiasradioreflejos.com.ar\/2021\/aparece-la-primera-foto-de-espert-junto-a-fred-machado-tomada-en-bahia-blanca\/#primaryimage","url":"https:\/\/static.eldiario.es\/clip\/ad7989f5-fa26-4d1a-b9b6-8359595c22d9_16-9-discover-aspect-ratio_default_0.jpg","contentUrl":"https:\/\/static.eldiario.es\/clip\/ad7989f5-fa26-4d1a-b9b6-8359595c22d9_16-9-discover-aspect-ratio_default_0.jpg"},{"@type":"BreadcrumbList","@id":"https:\/\/www.noticiasradioreflejos.com.ar\/2021\/aparece-la-primera-foto-de-espert-junto-a-fred-machado-tomada-en-bahia-blanca\/#breadcrumb","itemListElement":[{"@type":"ListItem","position":1,"name":"Portada","item":"https:\/\/www.noticiasradioreflejos.com.ar\/2021\/"},{"@type":"ListItem","position":2,"name":"Aparece la primera foto de Espert junto a \u201cFred\u201d Machado tomada en Bah\u00eda Blanca."}]},{"@type":"WebSite","@id":"https:\/\/www.noticiasradioreflejos.com.ar\/2021\/#website","url":"https:\/\/www.noticiasradioreflejos.com.ar\/2021\/","name":"Noticias Radio Reflejos","description":"Las noticias de mi comarca","potentialAction":[{"@type":"SearchAction","target":{"@type":"EntryPoint","urlTemplate":"https:\/\/www.noticiasradioreflejos.com.ar\/2021\/?s={search_term_string}"},"query-input":{"@type":"PropertyValueSpecification","valueRequired":true,"valueName":"search_term_string"}}],"inLanguage":"es"},{"@type":"Person","@id":"https:\/\/www.noticiasradioreflejos.com.ar\/2021\/#\/schema\/person\/ad82545263dcc5ec0996818884fd5fb1","name":"Arnaldo Botto","image":{"@type":"ImageObject","inLanguage":"es","@id":"https:\/\/www.noticiasradioreflejos.com.ar\/2021\/#\/schema\/person\/image\/","url":"https:\/\/secure.gravatar.com\/avatar\/55cb5e37c1efa326397366e6974cb338056df65cb50e7d64d1cf314e87504837?s=96&d=mm&r=g","contentUrl":"https:\/\/secure.gravatar.com\/avatar\/55cb5e37c1efa326397366e6974cb338056df65cb50e7d64d1cf314e87504837?s=96&d=mm&r=g","caption":"Arnaldo Botto"},"url":"https:\/\/www.noticiasradioreflejos.com.ar\/2021\/author\/arnaldo\/"}]}},"_links":{"self":[{"href":"https:\/\/www.noticiasradioreflejos.com.ar\/2021\/wp-json\/wp\/v2\/posts\/126082","targetHints":{"allow":["GET"]}}],"collection":[{"href":"https:\/\/www.noticiasradioreflejos.com.ar\/2021\/wp-json\/wp\/v2\/posts"}],"about":[{"href":"https:\/\/www.noticiasradioreflejos.com.ar\/2021\/wp-json\/wp\/v2\/types\/post"}],"author":[{"embeddable":true,"href":"https:\/\/www.noticiasradioreflejos.com.ar\/2021\/wp-json\/wp\/v2\/users\/3"}],"replies":[{"embeddable":true,"href":"https:\/\/www.noticiasradioreflejos.com.ar\/2021\/wp-json\/wp\/v2\/comments?post=126082"}],"version-history":[{"count":1,"href":"https:\/\/www.noticiasradioreflejos.com.ar\/2021\/wp-json\/wp\/v2\/posts\/126082\/revisions"}],"predecessor-version":[{"id":126084,"href":"https:\/\/www.noticiasradioreflejos.com.ar\/2021\/wp-json\/wp\/v2\/posts\/126082\/revisions\/126084"}],"wp:attachment":[{"href":"https:\/\/www.noticiasradioreflejos.com.ar\/2021\/wp-json\/wp\/v2\/media?parent=126082"}],"wp:term":[{"taxonomy":"category","embeddable":true,"href":"https:\/\/www.noticiasradioreflejos.com.ar\/2021\/wp-json\/wp\/v2\/categories?post=126082"},{"taxonomy":"post_tag","embeddable":true,"href":"https:\/\/www.noticiasradioreflejos.com.ar\/2021\/wp-json\/wp\/v2\/tags?post=126082"}],"curies":[{"name":"wp","href":"https:\/\/api.w.org\/{rel}","templated":true}]}}