{"id":126079,"date":"2025-10-03T07:23:22","date_gmt":"2025-10-03T10:23:22","guid":{"rendered":"https:\/\/www.noticiasradioreflejos.com.ar\/2021\/?p=126079"},"modified":"2025-10-03T07:23:22","modified_gmt":"2025-10-03T10:23:22","slug":"campana-un-metro-cuadrado-de-hormigon-union-lanzo-la-construccion-de-sus-canchas-de-padel","status":"publish","type":"post","link":"https:\/\/www.noticiasradioreflejos.com.ar\/2021\/campana-un-metro-cuadrado-de-hormigon-union-lanzo-la-construccion-de-sus-canchas-de-padel\/","title":{"rendered":"Campa\u00f1a \u2018Un metro cuadrado de hormig\u00f3n\u2019: Uni\u00f3n lanz\u00f3 la construcci\u00f3n de sus canchas de padel"},"content":{"rendered":"<p>El Club Uni\u00f3n inici\u00f3 la construcci\u00f3n de su complejo de canchas de padel en su predio deportivo.<\/p>\n<p><!--more--><\/p>\n<p>En los \u00faltimos d\u00edas, ejecut\u00f3 trabajos de movimientos de suelo y compactaci\u00f3n de las bases y este mi\u00e9rcoles comenz\u00f3 la instalaci\u00f3n del tinglado de 26 por 22 m, donde se emplazar\u00e1n las dos canchas de padel de blindex con vista 360\u00b0.<\/p>\n<p>En ese marco, la instituci\u00f3n lanz\u00f3 la campa\u00f1a \u2018Un metro cuadrado de hormigon\u2019, que tiene el objetivo de lograr completar los 600 m2 de hormig\u00f3n que requiere el Proyecto \u2018Uni\u00f3n Padel Center\u2019.<\/p>\n<p>Para ello, se encuentran a la venta los metros cuadrados a un valor de $30.000, que se adquieren en la Secretar\u00eda del Club (Av. Belgrano y 12 de Octubre), de lunes a viernes de 17.30 a 20.30 h. El pago se puede hacer mediante una transferencia al alias club.union.deportes.<\/p>\n<p>\u00a1Sumate y escrib\u00ed tu historia en este nuevo sue\u00f1o que ya est\u00e1 en marcha!<\/p>\n<p>&nbsp;<\/p>\n","protected":false},"excerpt":{"rendered":"<p>El Club Uni\u00f3n inici\u00f3 la construcci\u00f3n de su complejo de canchas de padel en su predio deportivo.<\/p>\n","protected":false},"author":3,"featured_media":0,"comment_status":"closed","ping_status":"closed","sticky":false,"template":"","format":"standard","meta":{"footnotes":""},"categories":[27],"tags":[],"class_list":["post-126079","post","type-post","status-publish","format-standard","hentry","category-deportes"],"yoast_head":"<!-- This site is optimized with the Yoast SEO plugin v25.9 - https:\/\/yoast.com\/wordpress\/plugins\/seo\/ -->\n<title>Campa\u00f1a \u2018Un metro cuadrado de hormig\u00f3n\u2019: Uni\u00f3n lanz\u00f3 la construcci\u00f3n de sus canchas de padel - Noticias Radio Reflejos<\/title>\n<meta name=\"robots\" content=\"index, follow, max-snippet:-1, max-image-preview:large, max-video-preview:-1\" \/>\n<link rel=\"canonical\" href=\"https:\/\/www.noticiasradioreflejos.com.ar\/2021\/campana-un-metro-cuadrado-de-hormigon-union-lanzo-la-construccion-de-sus-canchas-de-padel\/\" \/>\n<meta property=\"og:locale\" content=\"es_ES\" \/>\n<meta property=\"og:type\" content=\"article\" \/>\n<meta property=\"og:title\" content=\"Campa\u00f1a \u2018Un metro cuadrado de hormig\u00f3n\u2019: Uni\u00f3n lanz\u00f3 la construcci\u00f3n de sus canchas de padel - Noticias Radio Reflejos\" \/>\n<meta property=\"og:description\" content=\"El Club Uni\u00f3n inici\u00f3 la construcci\u00f3n de su complejo de canchas de padel en su predio deportivo.\" \/>\n<meta property=\"og:url\" content=\"https:\/\/www.noticiasradioreflejos.com.ar\/2021\/campana-un-metro-cuadrado-de-hormigon-union-lanzo-la-construccion-de-sus-canchas-de-padel\/\" \/>\n<meta property=\"og:site_name\" content=\"Noticias Radio Reflejos\" \/>\n<meta property=\"article:published_time\" content=\"2025-10-03T10:23:22+00:00\" \/>\n<meta property=\"og:image\" content=\"https:\/\/www.noticiasradioreflejos.com.ar\/2021\/wp-content\/uploads\/2025\/10\/01-feed_comunicado_padel00-819x1024.png\" \/>\n\t<meta property=\"og:image:width\" content=\"819\" \/>\n\t<meta property=\"og:image:height\" content=\"1024\" \/>\n\t<meta property=\"og:image:type\" content=\"image\/png\" \/>\n<meta name=\"author\" content=\"Arnaldo Botto\" \/>\n<meta name=\"twitter:card\" content=\"summary_large_image\" \/>\n<script type=\"application\/ld+json\" class=\"yoast-schema-graph\">{\"@context\":\"https:\/\/schema.org\",\"@graph\":[{\"@type\":\"WebPage\",\"@id\":\"https:\/\/www.noticiasradioreflejos.com.ar\/2021\/campana-un-metro-cuadrado-de-hormigon-union-lanzo-la-construccion-de-sus-canchas-de-padel\/\",\"url\":\"https:\/\/www.noticiasradioreflejos.com.ar\/2021\/campana-un-metro-cuadrado-de-hormigon-union-lanzo-la-construccion-de-sus-canchas-de-padel\/\",\"name\":\"Campa\u00f1a \u2018Un metro cuadrado de hormig\u00f3n\u2019: Uni\u00f3n lanz\u00f3 la construcci\u00f3n de sus canchas de padel - Noticias Radio Reflejos\",\"isPartOf\":{\"@id\":\"https:\/\/www.noticiasradioreflejos.com.ar\/2021\/#website\"},\"datePublished\":\"2025-10-03T10:23:22+00:00\",\"author\":{\"@id\":\"https:\/\/www.noticiasradioreflejos.com.ar\/2021\/#\/schema\/person\/ad82545263dcc5ec0996818884fd5fb1\"},\"breadcrumb\":{\"@id\":\"https:\/\/www.noticiasradioreflejos.com.ar\/2021\/campana-un-metro-cuadrado-de-hormigon-union-lanzo-la-construccion-de-sus-canchas-de-padel\/#breadcrumb\"},\"inLanguage\":\"es\",\"potentialAction\":[{\"@type\":\"ReadAction\",\"target\":[\"https:\/\/www.noticiasradioreflejos.com.ar\/2021\/campana-un-metro-cuadrado-de-hormigon-union-lanzo-la-construccion-de-sus-canchas-de-padel\/\"]}]},{\"@type\":\"BreadcrumbList\",\"@id\":\"https:\/\/www.noticiasradioreflejos.com.ar\/2021\/campana-un-metro-cuadrado-de-hormigon-union-lanzo-la-construccion-de-sus-canchas-de-padel\/#breadcrumb\",\"itemListElement\":[{\"@type\":\"ListItem\",\"position\":1,\"name\":\"Portada\",\"item\":\"https:\/\/www.noticiasradioreflejos.com.ar\/2021\/\"},{\"@type\":\"ListItem\",\"position\":2,\"name\":\"Campa\u00f1a \u2018Un metro cuadrado de hormig\u00f3n\u2019: Uni\u00f3n lanz\u00f3 la construcci\u00f3n de sus canchas de padel\"}]},{\"@type\":\"WebSite\",\"@id\":\"https:\/\/www.noticiasradioreflejos.com.ar\/2021\/#website\",\"url\":\"https:\/\/www.noticiasradioreflejos.com.ar\/2021\/\",\"name\":\"Noticias Radio Reflejos\",\"description\":\"Las noticias de mi comarca\",\"potentialAction\":[{\"@type\":\"SearchAction\",\"target\":{\"@type\":\"EntryPoint\",\"urlTemplate\":\"https:\/\/www.noticiasradioreflejos.com.ar\/2021\/?s={search_term_string}\"},\"query-input\":{\"@type\":\"PropertyValueSpecification\",\"valueRequired\":true,\"valueName\":\"search_term_string\"}}],\"inLanguage\":\"es\"},{\"@type\":\"Person\",\"@id\":\"https:\/\/www.noticiasradioreflejos.com.ar\/2021\/#\/schema\/person\/ad82545263dcc5ec0996818884fd5fb1\",\"name\":\"Arnaldo Botto\",\"image\":{\"@type\":\"ImageObject\",\"inLanguage\":\"es\",\"@id\":\"https:\/\/www.noticiasradioreflejos.com.ar\/2021\/#\/schema\/person\/image\/\",\"url\":\"https:\/\/secure.gravatar.com\/avatar\/55cb5e37c1efa326397366e6974cb338056df65cb50e7d64d1cf314e87504837?s=96&d=mm&r=g\",\"contentUrl\":\"https:\/\/secure.gravatar.com\/avatar\/55cb5e37c1efa326397366e6974cb338056df65cb50e7d64d1cf314e87504837?s=96&d=mm&r=g\",\"caption\":\"Arnaldo Botto\"},\"url\":\"https:\/\/www.noticiasradioreflejos.com.ar\/2021\/author\/arnaldo\/\"}]}<\/script>\n<!-- \/ Yoast SEO plugin. -->","yoast_head_json":{"title":"Campa\u00f1a \u2018Un metro cuadrado de hormig\u00f3n\u2019: Uni\u00f3n lanz\u00f3 la construcci\u00f3n de sus canchas de padel - Noticias Radio Reflejos","robots":{"index":"index","follow":"follow","max-snippet":"max-snippet:-1","max-image-preview":"max-image-preview:large","max-video-preview":"max-video-preview:-1"},"canonical":"https:\/\/www.noticiasradioreflejos.com.ar\/2021\/campana-un-metro-cuadrado-de-hormigon-union-lanzo-la-construccion-de-sus-canchas-de-padel\/","og_locale":"es_ES","og_type":"article","og_title":"Campa\u00f1a \u2018Un metro cuadrado de hormig\u00f3n\u2019: Uni\u00f3n lanz\u00f3 la construcci\u00f3n de sus canchas de padel - Noticias Radio Reflejos","og_description":"El Club Uni\u00f3n inici\u00f3 la construcci\u00f3n de su complejo de canchas de padel en su predio deportivo.","og_url":"https:\/\/www.noticiasradioreflejos.com.ar\/2021\/campana-un-metro-cuadrado-de-hormigon-union-lanzo-la-construccion-de-sus-canchas-de-padel\/","og_site_name":"Noticias Radio Reflejos","article_published_time":"2025-10-03T10:23:22+00:00","og_image":[{"width":819,"height":1024,"url":"https:\/\/www.noticiasradioreflejos.com.ar\/2021\/wp-content\/uploads\/2025\/10\/01-feed_comunicado_padel00-819x1024.png","type":"image\/png"}],"author":"Arnaldo Botto","twitter_card":"summary_large_image","schema":{"@context":"https:\/\/schema.org","@graph":[{"@type":"WebPage","@id":"https:\/\/www.noticiasradioreflejos.com.ar\/2021\/campana-un-metro-cuadrado-de-hormigon-union-lanzo-la-construccion-de-sus-canchas-de-padel\/","url":"https:\/\/www.noticiasradioreflejos.com.ar\/2021\/campana-un-metro-cuadrado-de-hormigon-union-lanzo-la-construccion-de-sus-canchas-de-padel\/","name":"Campa\u00f1a \u2018Un metro cuadrado de hormig\u00f3n\u2019: Uni\u00f3n lanz\u00f3 la construcci\u00f3n de sus canchas de padel - Noticias Radio Reflejos","isPartOf":{"@id":"https:\/\/www.noticiasradioreflejos.com.ar\/2021\/#website"},"datePublished":"2025-10-03T10:23:22+00:00","author":{"@id":"https:\/\/www.noticiasradioreflejos.com.ar\/2021\/#\/schema\/person\/ad82545263dcc5ec0996818884fd5fb1"},"breadcrumb":{"@id":"https:\/\/www.noticiasradioreflejos.com.ar\/2021\/campana-un-metro-cuadrado-de-hormigon-union-lanzo-la-construccion-de-sus-canchas-de-padel\/#breadcrumb"},"inLanguage":"es","potentialAction":[{"@type":"ReadAction","target":["https:\/\/www.noticiasradioreflejos.com.ar\/2021\/campana-un-metro-cuadrado-de-hormigon-union-lanzo-la-construccion-de-sus-canchas-de-padel\/"]}]},{"@type":"BreadcrumbList","@id":"https:\/\/www.noticiasradioreflejos.com.ar\/2021\/campana-un-metro-cuadrado-de-hormigon-union-lanzo-la-construccion-de-sus-canchas-de-padel\/#breadcrumb","itemListElement":[{"@type":"ListItem","position":1,"name":"Portada","item":"https:\/\/www.noticiasradioreflejos.com.ar\/2021\/"},{"@type":"ListItem","position":2,"name":"Campa\u00f1a \u2018Un metro cuadrado de hormig\u00f3n\u2019: Uni\u00f3n lanz\u00f3 la construcci\u00f3n de sus canchas de padel"}]},{"@type":"WebSite","@id":"https:\/\/www.noticiasradioreflejos.com.ar\/2021\/#website","url":"https:\/\/www.noticiasradioreflejos.com.ar\/2021\/","name":"Noticias Radio Reflejos","description":"Las noticias de mi comarca","potentialAction":[{"@type":"SearchAction","target":{"@type":"EntryPoint","urlTemplate":"https:\/\/www.noticiasradioreflejos.com.ar\/2021\/?s={search_term_string}"},"query-input":{"@type":"PropertyValueSpecification","valueRequired":true,"valueName":"search_term_string"}}],"inLanguage":"es"},{"@type":"Person","@id":"https:\/\/www.noticiasradioreflejos.com.ar\/2021\/#\/schema\/person\/ad82545263dcc5ec0996818884fd5fb1","name":"Arnaldo Botto","image":{"@type":"ImageObject","inLanguage":"es","@id":"https:\/\/www.noticiasradioreflejos.com.ar\/2021\/#\/schema\/person\/image\/","url":"https:\/\/secure.gravatar.com\/avatar\/55cb5e37c1efa326397366e6974cb338056df65cb50e7d64d1cf314e87504837?s=96&d=mm&r=g","contentUrl":"https:\/\/secure.gravatar.com\/avatar\/55cb5e37c1efa326397366e6974cb338056df65cb50e7d64d1cf314e87504837?s=96&d=mm&r=g","caption":"Arnaldo Botto"},"url":"https:\/\/www.noticiasradioreflejos.com.ar\/2021\/author\/arnaldo\/"}]}},"_links":{"self":[{"href":"https:\/\/www.noticiasradioreflejos.com.ar\/2021\/wp-json\/wp\/v2\/posts\/126079","targetHints":{"allow":["GET"]}}],"collection":[{"href":"https:\/\/www.noticiasradioreflejos.com.ar\/2021\/wp-json\/wp\/v2\/posts"}],"about":[{"href":"https:\/\/www.noticiasradioreflejos.com.ar\/2021\/wp-json\/wp\/v2\/types\/post"}],"author":[{"embeddable":true,"href":"https:\/\/www.noticiasradioreflejos.com.ar\/2021\/wp-json\/wp\/v2\/users\/3"}],"replies":[{"embeddable":true,"href":"https:\/\/www.noticiasradioreflejos.com.ar\/2021\/wp-json\/wp\/v2\/comments?post=126079"}],"version-history":[{"count":1,"href":"https:\/\/www.noticiasradioreflejos.com.ar\/2021\/wp-json\/wp\/v2\/posts\/126079\/revisions"}],"predecessor-version":[{"id":126081,"href":"https:\/\/www.noticiasradioreflejos.com.ar\/2021\/wp-json\/wp\/v2\/posts\/126079\/revisions\/126081"}],"wp:attachment":[{"href":"https:\/\/www.noticiasradioreflejos.com.ar\/2021\/wp-json\/wp\/v2\/media?parent=126079"}],"wp:term":[{"taxonomy":"category","embeddable":true,"href":"https:\/\/www.noticiasradioreflejos.com.ar\/2021\/wp-json\/wp\/v2\/categories?post=126079"},{"taxonomy":"post_tag","embeddable":true,"href":"https:\/\/www.noticiasradioreflejos.com.ar\/2021\/wp-json\/wp\/v2\/tags?post=126079"}],"curies":[{"name":"wp","href":"https:\/\/api.w.org\/{rel}","templated":true}]}}