{"id":126075,"date":"2025-10-03T07:20:57","date_gmt":"2025-10-03T10:20:57","guid":{"rendered":"https:\/\/www.noticiasradioreflejos.com.ar\/2021\/?p=126075"},"modified":"2025-10-03T07:20:57","modified_gmt":"2025-10-03T10:20:57","slug":"espert-reconocio-que-recibio-200-mil-dolares-pero-no-baja-su-candidatura","status":"publish","type":"post","link":"https:\/\/www.noticiasradioreflejos.com.ar\/2021\/espert-reconocio-que-recibio-200-mil-dolares-pero-no-baja-su-candidatura\/","title":{"rendered":"Espert reconoci\u00f3 que recibi\u00f3 200 mil d\u00f3lares, pero no baja su candidatura"},"content":{"rendered":"<p>Public\u00f3 un video en redes sociales esta noche tras una reuni\u00f3n en Casa Rosada y con su c\u00edrculo \u00edntimo. Milei de inmediato sali\u00f3 a defender al candidato.<!--more-->Luego de que se conocieran\u00a0<a href=\"https:\/\/www.ambito.com\/politica\/documentos-oficiales-del-bank-of-america-confirman-que-jose-luis-espert-recibio-us200000-empresas-fred-machado-n6197820\" target=\"_blank\" rel=\"noreferrer noopener\">documentos oficiales del Bank of America<\/a>\u00a0que dan cuenta de una transferencia por\u00a0<strong>u$s200.000<\/strong>\u00a0proveniente de empresas de Fred Machado, el diputado de La Libertad Avanza,\u00a0<strong>Jos\u00e9 Luis Espert,<\/strong>\u00a0reconoci\u00f3 haber recibido el dinero, aunque, en su defensa, argument\u00f3 que el giro fue declarado en su momento. Durante el d\u00eda circularon versiones que indicaban una baja de su candidatura, finalmente continuar\u00e1 en carrera para octubre.<\/p>\n<p>El candidato libertario grab\u00f3 y public\u00f3 en redes sociales un video, que cont\u00f3 con la supervisi\u00f3n de Casa Rosada, en el que admiti\u00f3 la informaci\u00f3n que consta en los registros de la causa judicial que se lleva adelante en Texas, EEUU, en los que se da cuenta del env\u00edo de dinero desde compa\u00f1\u00edas afines al empresario argentino acusado por narcotr\u00e1fico a manos del economista.<\/p>\n<div class=\"twitter-tweet twitter-tweet-rendered\"><iframe id=\"twitter-widget-0\" class=\"\" title=\"X Post\" src=\"https:\/\/platform.twitter.com\/embed\/Tweet.html?dnt=false&amp;embedId=twitter-widget-0&amp;features=eyJ0ZndfdGltZWxpbmVfbGlzdCI6eyJidWNrZXQiOltdLCJ2ZXJzaW9uIjpudWxsfSwidGZ3X2ZvbGxvd2VyX2NvdW50X3N1bnNldCI6eyJidWNrZXQiOnRydWUsInZlcnNpb24iOm51bGx9LCJ0ZndfdHdlZXRfZWRpdF9iYWNrZW5kIjp7ImJ1Y2tldCI6Im9uIiwidmVyc2lvbiI6bnVsbH0sInRmd19yZWZzcmNfc2Vzc2lvbiI6eyJidWNrZXQiOiJvbiIsInZlcnNpb24iOm51bGx9LCJ0ZndfZm9zbnJfc29mdF9pbnRlcnZlbnRpb25zX2VuYWJsZWQiOnsiYnVja2V0Ijoib24iLCJ2ZXJzaW9uIjpudWxsfSwidGZ3X21peGVkX21lZGlhXzE1ODk3Ijp7ImJ1Y2tldCI6InRyZWF0bWVudCIsInZlcnNpb24iOm51bGx9LCJ0ZndfZXhwZXJpbWVudHNfY29va2llX2V4cGlyYXRpb24iOnsiYnVja2V0IjoxMjA5NjAwLCJ2ZXJzaW9uIjpudWxsfSwidGZ3X3Nob3dfYmlyZHdhdGNoX3Bpdm90c19lbmFibGVkIjp7ImJ1Y2tldCI6Im9uIiwidmVyc2lvbiI6bnVsbH0sInRmd19kdXBsaWNhdGVfc2NyaWJlc190b19zZXR0aW5ncyI6eyJidWNrZXQiOiJvbiIsInZlcnNpb24iOm51bGx9LCJ0ZndfdXNlX3Byb2ZpbGVfaW1hZ2Vfc2hhcGVfZW5hYmxlZCI6eyJidWNrZXQiOiJvbiIsInZlcnNpb24iOm51bGx9LCJ0ZndfdmlkZW9faGxzX2R5bmFtaWNfbWFuaWZlc3RzXzE1MDgyIjp7ImJ1Y2tldCI6InRydWVfYml0cmF0ZSIsInZlcnNpb24iOm51bGx9LCJ0ZndfbGVnYWN5X3RpbWVsaW5lX3N1bnNldCI6eyJidWNrZXQiOnRydWUsInZlcnNpb24iOm51bGx9LCJ0ZndfdHdlZXRfZWRpdF9mcm9udGVuZCI6eyJidWNrZXQiOiJvbiIsInZlcnNpb24iOm51bGx9fQ%3D%3D&amp;frame=false&amp;hideCard=false&amp;hideThread=false&amp;id=1973940577273299329&amp;lang=es&amp;origin=https%3A%2F%2Ffrenteacano.com.ar%2Fespert-reconocio-que-recibio-200-mil-dolares-pero-no-baja-su-candidatura%2F&amp;sessionId=6f3f482b571a12310b1171f84803d1cb0389dc01&amp;theme=light&amp;widgetsVersion=2615f7e52b7e0%3A1702314776716&amp;width=550px\" frameborder=\"0\" scrolling=\"no\" allowfullscreen=\"allowfullscreen\" data-tweet-id=\"1973940577273299329\" data-mce-fragment=\"1\"><\/iframe><\/div>\n<p>El diputado afirm\u00f3 que se trata de\u00a0<strong>\u201casuntos de la actividad privada\u201d<\/strong>\u00a0y que\u00a0<strong>\u201cno se trat\u00f3 de un pago del se\u00f1or Machado sino de una empresa que solicitaba mis servicios profesionales\u201d<\/strong>, aunque, tambi\u00e9n reconoci\u00f3 que la firma est\u00e1\u00a0<strong>\u201cvinculada a Machado\u201d<\/strong>. La firma, de la cual no hizo menci\u00f3n, conforma el entramado societario del acusado por EEUU.<\/p>\n<p>La publicaci\u00f3n del video tiene lugar apenas horas despu\u00e9s de que se conocieran p\u00fablicamente los\u00a0<strong>registros bancarios<\/strong>\u00a0de la entidad financiera m\u00e1s grande de Estados Unidos que confirman el giro de dinero a manos de Espert desde un entramado societario vinculado a Machado, acusado por la Justicia de EEUU por narcotr\u00e1fico y lavado de dinero en Texas.<\/p>\n<p><strong>La documentaci\u00f3n consta como evidencia en el juicio celebrado en 2023 en Texas<\/strong>\u00a0en el que result\u00f3 condenada\u00a0<strong>Debra Mercer-Erwin, socia del empresario argentino<\/strong>, quien se encuentra detenido en R\u00edo Negro a la espera de que la Corte Suprema resuelva el pedido de extradici\u00f3n solicitado por EEUU.<\/p>\n<p>\u201cLa<strong>\u00a0informaci\u00f3n contable la aporta el Bank of America<\/strong>, que est\u00e1 dentro de la causa radicada en los Estados Unidos. No es una contabilidad paralela, y menciona a Jos\u00e9 Luis Espert. No habla del partido, habla del diputado y de un movimiento por u$s200.000 directo desde una empresa de Fred Machado\u201d, cont\u00f3 esta noche el periodista Andr\u00e9s Lerner, en el programa Minuto Uno que se emite por C5N.<\/p>\n<p>Pocos minutos despu\u00e9s, tambi\u00e9n mediante las redes sociales, el presidente Javier Milei sali\u00f3 a bancar fuertemente la explicaci\u00f3n del diputado.<\/p>\n<div class=\"twitter-tweet twitter-tweet-rendered\"><iframe id=\"twitter-widget-1\" class=\"\" title=\"X Post\" src=\"https:\/\/platform.twitter.com\/embed\/Tweet.html?dnt=false&amp;embedId=twitter-widget-1&amp;features=eyJ0ZndfdGltZWxpbmVfbGlzdCI6eyJidWNrZXQiOltdLCJ2ZXJzaW9uIjpudWxsfSwidGZ3X2ZvbGxvd2VyX2NvdW50X3N1bnNldCI6eyJidWNrZXQiOnRydWUsInZlcnNpb24iOm51bGx9LCJ0ZndfdHdlZXRfZWRpdF9iYWNrZW5kIjp7ImJ1Y2tldCI6Im9uIiwidmVyc2lvbiI6bnVsbH0sInRmd19yZWZzcmNfc2Vzc2lvbiI6eyJidWNrZXQiOiJvbiIsInZlcnNpb24iOm51bGx9LCJ0ZndfZm9zbnJfc29mdF9pbnRlcnZlbnRpb25zX2VuYWJsZWQiOnsiYnVja2V0Ijoib24iLCJ2ZXJzaW9uIjpudWxsfSwidGZ3X21peGVkX21lZGlhXzE1ODk3Ijp7ImJ1Y2tldCI6InRyZWF0bWVudCIsInZlcnNpb24iOm51bGx9LCJ0ZndfZXhwZXJpbWVudHNfY29va2llX2V4cGlyYXRpb24iOnsiYnVja2V0IjoxMjA5NjAwLCJ2ZXJzaW9uIjpudWxsfSwidGZ3X3Nob3dfYmlyZHdhdGNoX3Bpdm90c19lbmFibGVkIjp7ImJ1Y2tldCI6Im9uIiwidmVyc2lvbiI6bnVsbH0sInRmd19kdXBsaWNhdGVfc2NyaWJlc190b19zZXR0aW5ncyI6eyJidWNrZXQiOiJvbiIsInZlcnNpb24iOm51bGx9LCJ0ZndfdXNlX3Byb2ZpbGVfaW1hZ2Vfc2hhcGVfZW5hYmxlZCI6eyJidWNrZXQiOiJvbiIsInZlcnNpb24iOm51bGx9LCJ0ZndfdmlkZW9faGxzX2R5bmFtaWNfbWFuaWZlc3RzXzE1MDgyIjp7ImJ1Y2tldCI6InRydWVfYml0cmF0ZSIsInZlcnNpb24iOm51bGx9LCJ0ZndfbGVnYWN5X3RpbWVsaW5lX3N1bnNldCI6eyJidWNrZXQiOnRydWUsInZlcnNpb24iOm51bGx9LCJ0ZndfdHdlZXRfZWRpdF9mcm9udGVuZCI6eyJidWNrZXQiOiJvbiIsInZlcnNpb24iOm51bGx9fQ%3D%3D&amp;frame=false&amp;hideCard=false&amp;hideThread=false&amp;id=1973942265719787959&amp;lang=es&amp;origin=https%3A%2F%2Ffrenteacano.com.ar%2Fespert-reconocio-que-recibio-200-mil-dolares-pero-no-baja-su-candidatura%2F&amp;sessionId=6f3f482b571a12310b1171f84803d1cb0389dc01&amp;theme=light&amp;widgetsVersion=2615f7e52b7e0%3A1702314776716&amp;width=550px\" frameborder=\"0\" scrolling=\"no\" allowfullscreen=\"allowfullscreen\" data-tweet-id=\"1973942265719787959\" data-mce-fragment=\"1\"><\/iframe><\/div>\n<p>Fuente: Ambito<\/p>\n","protected":false},"excerpt":{"rendered":"<p>Public\u00f3 un video en redes sociales esta noche tras una reuni\u00f3n en Casa Rosada y con su c\u00edrculo \u00edntimo. Milei de inmediato sali\u00f3 a defender al candidato.<\/p>\n","protected":false},"author":3,"featured_media":126076,"comment_status":"closed","ping_status":"closed","sticky":false,"template":"","format":"standard","meta":{"footnotes":""},"categories":[24],"tags":[],"class_list":["post-126075","post","type-post","status-publish","format-standard","has-post-thumbnail","hentry","category-politica"],"yoast_head":"<!-- This site is optimized with the Yoast SEO plugin v25.9 - https:\/\/yoast.com\/wordpress\/plugins\/seo\/ -->\n<title>Espert reconoci\u00f3 que recibi\u00f3 200 mil d\u00f3lares, pero no baja su candidatura - Noticias Radio Reflejos<\/title>\n<meta name=\"robots\" content=\"index, follow, max-snippet:-1, max-image-preview:large, max-video-preview:-1\" \/>\n<link rel=\"canonical\" href=\"https:\/\/www.noticiasradioreflejos.com.ar\/2021\/espert-reconocio-que-recibio-200-mil-dolares-pero-no-baja-su-candidatura\/\" \/>\n<meta property=\"og:locale\" content=\"es_ES\" \/>\n<meta property=\"og:type\" content=\"article\" \/>\n<meta property=\"og:title\" content=\"Espert reconoci\u00f3 que recibi\u00f3 200 mil d\u00f3lares, pero no baja su candidatura - Noticias Radio Reflejos\" \/>\n<meta property=\"og:description\" content=\"Public\u00f3 un video en redes sociales esta noche tras una reuni\u00f3n en Casa Rosada y con su c\u00edrculo \u00edntimo. Milei de inmediato sali\u00f3 a defender al candidato.\" \/>\n<meta property=\"og:url\" content=\"https:\/\/www.noticiasradioreflejos.com.ar\/2021\/espert-reconocio-que-recibio-200-mil-dolares-pero-no-baja-su-candidatura\/\" \/>\n<meta property=\"og:site_name\" content=\"Noticias Radio Reflejos\" \/>\n<meta property=\"article:published_time\" content=\"2025-10-03T10:20:57+00:00\" \/>\n<meta property=\"og:image\" content=\"https:\/\/www.noticiasradioreflejos.com.ar\/2021\/wp-content\/uploads\/2025\/10\/Espert.jpg\" \/>\n\t<meta property=\"og:image:width\" content=\"655\" \/>\n\t<meta property=\"og:image:height\" content=\"368\" \/>\n\t<meta property=\"og:image:type\" content=\"image\/jpeg\" \/>\n<meta name=\"author\" content=\"Arnaldo Botto\" \/>\n<meta name=\"twitter:card\" content=\"summary_large_image\" \/>\n<script type=\"application\/ld+json\" class=\"yoast-schema-graph\">{\"@context\":\"https:\/\/schema.org\",\"@graph\":[{\"@type\":\"WebPage\",\"@id\":\"https:\/\/www.noticiasradioreflejos.com.ar\/2021\/espert-reconocio-que-recibio-200-mil-dolares-pero-no-baja-su-candidatura\/\",\"url\":\"https:\/\/www.noticiasradioreflejos.com.ar\/2021\/espert-reconocio-que-recibio-200-mil-dolares-pero-no-baja-su-candidatura\/\",\"name\":\"Espert reconoci\u00f3 que recibi\u00f3 200 mil d\u00f3lares, pero no baja su candidatura - Noticias Radio Reflejos\",\"isPartOf\":{\"@id\":\"https:\/\/www.noticiasradioreflejos.com.ar\/2021\/#website\"},\"primaryImageOfPage\":{\"@id\":\"https:\/\/www.noticiasradioreflejos.com.ar\/2021\/espert-reconocio-que-recibio-200-mil-dolares-pero-no-baja-su-candidatura\/#primaryimage\"},\"image\":{\"@id\":\"https:\/\/www.noticiasradioreflejos.com.ar\/2021\/espert-reconocio-que-recibio-200-mil-dolares-pero-no-baja-su-candidatura\/#primaryimage\"},\"thumbnailUrl\":\"https:\/\/www.noticiasradioreflejos.com.ar\/2021\/wp-content\/uploads\/2025\/10\/Espert.jpg\",\"datePublished\":\"2025-10-03T10:20:57+00:00\",\"author\":{\"@id\":\"https:\/\/www.noticiasradioreflejos.com.ar\/2021\/#\/schema\/person\/ad82545263dcc5ec0996818884fd5fb1\"},\"breadcrumb\":{\"@id\":\"https:\/\/www.noticiasradioreflejos.com.ar\/2021\/espert-reconocio-que-recibio-200-mil-dolares-pero-no-baja-su-candidatura\/#breadcrumb\"},\"inLanguage\":\"es\",\"potentialAction\":[{\"@type\":\"ReadAction\",\"target\":[\"https:\/\/www.noticiasradioreflejos.com.ar\/2021\/espert-reconocio-que-recibio-200-mil-dolares-pero-no-baja-su-candidatura\/\"]}]},{\"@type\":\"ImageObject\",\"inLanguage\":\"es\",\"@id\":\"https:\/\/www.noticiasradioreflejos.com.ar\/2021\/espert-reconocio-que-recibio-200-mil-dolares-pero-no-baja-su-candidatura\/#primaryimage\",\"url\":\"https:\/\/www.noticiasradioreflejos.com.ar\/2021\/wp-content\/uploads\/2025\/10\/Espert.jpg\",\"contentUrl\":\"https:\/\/www.noticiasradioreflejos.com.ar\/2021\/wp-content\/uploads\/2025\/10\/Espert.jpg\",\"width\":655,\"height\":368},{\"@type\":\"BreadcrumbList\",\"@id\":\"https:\/\/www.noticiasradioreflejos.com.ar\/2021\/espert-reconocio-que-recibio-200-mil-dolares-pero-no-baja-su-candidatura\/#breadcrumb\",\"itemListElement\":[{\"@type\":\"ListItem\",\"position\":1,\"name\":\"Portada\",\"item\":\"https:\/\/www.noticiasradioreflejos.com.ar\/2021\/\"},{\"@type\":\"ListItem\",\"position\":2,\"name\":\"Espert reconoci\u00f3 que recibi\u00f3 200 mil d\u00f3lares, pero no baja su candidatura\"}]},{\"@type\":\"WebSite\",\"@id\":\"https:\/\/www.noticiasradioreflejos.com.ar\/2021\/#website\",\"url\":\"https:\/\/www.noticiasradioreflejos.com.ar\/2021\/\",\"name\":\"Noticias Radio Reflejos\",\"description\":\"Las noticias de mi comarca\",\"potentialAction\":[{\"@type\":\"SearchAction\",\"target\":{\"@type\":\"EntryPoint\",\"urlTemplate\":\"https:\/\/www.noticiasradioreflejos.com.ar\/2021\/?s={search_term_string}\"},\"query-input\":{\"@type\":\"PropertyValueSpecification\",\"valueRequired\":true,\"valueName\":\"search_term_string\"}}],\"inLanguage\":\"es\"},{\"@type\":\"Person\",\"@id\":\"https:\/\/www.noticiasradioreflejos.com.ar\/2021\/#\/schema\/person\/ad82545263dcc5ec0996818884fd5fb1\",\"name\":\"Arnaldo Botto\",\"image\":{\"@type\":\"ImageObject\",\"inLanguage\":\"es\",\"@id\":\"https:\/\/www.noticiasradioreflejos.com.ar\/2021\/#\/schema\/person\/image\/\",\"url\":\"https:\/\/secure.gravatar.com\/avatar\/55cb5e37c1efa326397366e6974cb338056df65cb50e7d64d1cf314e87504837?s=96&d=mm&r=g\",\"contentUrl\":\"https:\/\/secure.gravatar.com\/avatar\/55cb5e37c1efa326397366e6974cb338056df65cb50e7d64d1cf314e87504837?s=96&d=mm&r=g\",\"caption\":\"Arnaldo Botto\"},\"url\":\"https:\/\/www.noticiasradioreflejos.com.ar\/2021\/author\/arnaldo\/\"}]}<\/script>\n<!-- \/ Yoast SEO plugin. -->","yoast_head_json":{"title":"Espert reconoci\u00f3 que recibi\u00f3 200 mil d\u00f3lares, pero no baja su candidatura - Noticias Radio Reflejos","robots":{"index":"index","follow":"follow","max-snippet":"max-snippet:-1","max-image-preview":"max-image-preview:large","max-video-preview":"max-video-preview:-1"},"canonical":"https:\/\/www.noticiasradioreflejos.com.ar\/2021\/espert-reconocio-que-recibio-200-mil-dolares-pero-no-baja-su-candidatura\/","og_locale":"es_ES","og_type":"article","og_title":"Espert reconoci\u00f3 que recibi\u00f3 200 mil d\u00f3lares, pero no baja su candidatura - Noticias Radio Reflejos","og_description":"Public\u00f3 un video en redes sociales esta noche tras una reuni\u00f3n en Casa Rosada y con su c\u00edrculo \u00edntimo. Milei de inmediato sali\u00f3 a defender al candidato.","og_url":"https:\/\/www.noticiasradioreflejos.com.ar\/2021\/espert-reconocio-que-recibio-200-mil-dolares-pero-no-baja-su-candidatura\/","og_site_name":"Noticias Radio Reflejos","article_published_time":"2025-10-03T10:20:57+00:00","og_image":[{"width":655,"height":368,"url":"https:\/\/www.noticiasradioreflejos.com.ar\/2021\/wp-content\/uploads\/2025\/10\/Espert.jpg","type":"image\/jpeg"}],"author":"Arnaldo Botto","twitter_card":"summary_large_image","schema":{"@context":"https:\/\/schema.org","@graph":[{"@type":"WebPage","@id":"https:\/\/www.noticiasradioreflejos.com.ar\/2021\/espert-reconocio-que-recibio-200-mil-dolares-pero-no-baja-su-candidatura\/","url":"https:\/\/www.noticiasradioreflejos.com.ar\/2021\/espert-reconocio-que-recibio-200-mil-dolares-pero-no-baja-su-candidatura\/","name":"Espert reconoci\u00f3 que recibi\u00f3 200 mil d\u00f3lares, pero no baja su candidatura - Noticias Radio Reflejos","isPartOf":{"@id":"https:\/\/www.noticiasradioreflejos.com.ar\/2021\/#website"},"primaryImageOfPage":{"@id":"https:\/\/www.noticiasradioreflejos.com.ar\/2021\/espert-reconocio-que-recibio-200-mil-dolares-pero-no-baja-su-candidatura\/#primaryimage"},"image":{"@id":"https:\/\/www.noticiasradioreflejos.com.ar\/2021\/espert-reconocio-que-recibio-200-mil-dolares-pero-no-baja-su-candidatura\/#primaryimage"},"thumbnailUrl":"https:\/\/www.noticiasradioreflejos.com.ar\/2021\/wp-content\/uploads\/2025\/10\/Espert.jpg","datePublished":"2025-10-03T10:20:57+00:00","author":{"@id":"https:\/\/www.noticiasradioreflejos.com.ar\/2021\/#\/schema\/person\/ad82545263dcc5ec0996818884fd5fb1"},"breadcrumb":{"@id":"https:\/\/www.noticiasradioreflejos.com.ar\/2021\/espert-reconocio-que-recibio-200-mil-dolares-pero-no-baja-su-candidatura\/#breadcrumb"},"inLanguage":"es","potentialAction":[{"@type":"ReadAction","target":["https:\/\/www.noticiasradioreflejos.com.ar\/2021\/espert-reconocio-que-recibio-200-mil-dolares-pero-no-baja-su-candidatura\/"]}]},{"@type":"ImageObject","inLanguage":"es","@id":"https:\/\/www.noticiasradioreflejos.com.ar\/2021\/espert-reconocio-que-recibio-200-mil-dolares-pero-no-baja-su-candidatura\/#primaryimage","url":"https:\/\/www.noticiasradioreflejos.com.ar\/2021\/wp-content\/uploads\/2025\/10\/Espert.jpg","contentUrl":"https:\/\/www.noticiasradioreflejos.com.ar\/2021\/wp-content\/uploads\/2025\/10\/Espert.jpg","width":655,"height":368},{"@type":"BreadcrumbList","@id":"https:\/\/www.noticiasradioreflejos.com.ar\/2021\/espert-reconocio-que-recibio-200-mil-dolares-pero-no-baja-su-candidatura\/#breadcrumb","itemListElement":[{"@type":"ListItem","position":1,"name":"Portada","item":"https:\/\/www.noticiasradioreflejos.com.ar\/2021\/"},{"@type":"ListItem","position":2,"name":"Espert reconoci\u00f3 que recibi\u00f3 200 mil d\u00f3lares, pero no baja su candidatura"}]},{"@type":"WebSite","@id":"https:\/\/www.noticiasradioreflejos.com.ar\/2021\/#website","url":"https:\/\/www.noticiasradioreflejos.com.ar\/2021\/","name":"Noticias Radio Reflejos","description":"Las noticias de mi comarca","potentialAction":[{"@type":"SearchAction","target":{"@type":"EntryPoint","urlTemplate":"https:\/\/www.noticiasradioreflejos.com.ar\/2021\/?s={search_term_string}"},"query-input":{"@type":"PropertyValueSpecification","valueRequired":true,"valueName":"search_term_string"}}],"inLanguage":"es"},{"@type":"Person","@id":"https:\/\/www.noticiasradioreflejos.com.ar\/2021\/#\/schema\/person\/ad82545263dcc5ec0996818884fd5fb1","name":"Arnaldo Botto","image":{"@type":"ImageObject","inLanguage":"es","@id":"https:\/\/www.noticiasradioreflejos.com.ar\/2021\/#\/schema\/person\/image\/","url":"https:\/\/secure.gravatar.com\/avatar\/55cb5e37c1efa326397366e6974cb338056df65cb50e7d64d1cf314e87504837?s=96&d=mm&r=g","contentUrl":"https:\/\/secure.gravatar.com\/avatar\/55cb5e37c1efa326397366e6974cb338056df65cb50e7d64d1cf314e87504837?s=96&d=mm&r=g","caption":"Arnaldo Botto"},"url":"https:\/\/www.noticiasradioreflejos.com.ar\/2021\/author\/arnaldo\/"}]}},"_links":{"self":[{"href":"https:\/\/www.noticiasradioreflejos.com.ar\/2021\/wp-json\/wp\/v2\/posts\/126075","targetHints":{"allow":["GET"]}}],"collection":[{"href":"https:\/\/www.noticiasradioreflejos.com.ar\/2021\/wp-json\/wp\/v2\/posts"}],"about":[{"href":"https:\/\/www.noticiasradioreflejos.com.ar\/2021\/wp-json\/wp\/v2\/types\/post"}],"author":[{"embeddable":true,"href":"https:\/\/www.noticiasradioreflejos.com.ar\/2021\/wp-json\/wp\/v2\/users\/3"}],"replies":[{"embeddable":true,"href":"https:\/\/www.noticiasradioreflejos.com.ar\/2021\/wp-json\/wp\/v2\/comments?post=126075"}],"version-history":[{"count":1,"href":"https:\/\/www.noticiasradioreflejos.com.ar\/2021\/wp-json\/wp\/v2\/posts\/126075\/revisions"}],"predecessor-version":[{"id":126077,"href":"https:\/\/www.noticiasradioreflejos.com.ar\/2021\/wp-json\/wp\/v2\/posts\/126075\/revisions\/126077"}],"wp:featuredmedia":[{"embeddable":true,"href":"https:\/\/www.noticiasradioreflejos.com.ar\/2021\/wp-json\/wp\/v2\/media\/126076"}],"wp:attachment":[{"href":"https:\/\/www.noticiasradioreflejos.com.ar\/2021\/wp-json\/wp\/v2\/media?parent=126075"}],"wp:term":[{"taxonomy":"category","embeddable":true,"href":"https:\/\/www.noticiasradioreflejos.com.ar\/2021\/wp-json\/wp\/v2\/categories?post=126075"},{"taxonomy":"post_tag","embeddable":true,"href":"https:\/\/www.noticiasradioreflejos.com.ar\/2021\/wp-json\/wp\/v2\/tags?post=126075"}],"curies":[{"name":"wp","href":"https:\/\/api.w.org\/{rel}","templated":true}]}}