{"id":125874,"date":"2025-09-30T10:58:16","date_gmt":"2025-09-30T13:58:16","guid":{"rendered":"https:\/\/www.noticiasradioreflejos.com.ar\/2021\/?p=125874"},"modified":"2025-09-30T11:01:34","modified_gmt":"2025-09-30T14:01:34","slug":"vecinas-en-el-aire-paren-de-matarnos-vivas-y-libres-nos-queremos","status":"publish","type":"post","link":"https:\/\/www.noticiasradioreflejos.com.ar\/2021\/vecinas-en-el-aire-paren-de-matarnos-vivas-y-libres-nos-queremos\/","title":{"rendered":"Vecinas en el aire: \u00abPAREN DE MATARNOS VIVAS Y LIBRES NOS QUEREMOS\u00bb"},"content":{"rendered":"<p>Temas abordados hoy martes 30, en la columna radial de <strong><em><a href=\"https:\/\/www.noticiasradioreflejos.com.ar\/2021\/radio-en-vivo\/\">FM Reflejos<\/a>:<\/em><\/strong><!--more--><\/p>\n<p>Este s\u00e1bado pasado hubo Asamblea de Mujeres en Sierra de la Ventana, justamente para expresarnos sobre las distintas violencias que venimos sufriendo y los distintos casos y situaciones que tambi\u00e9n se dan en la Comarca y en el distrito de Tornquist.<\/p>\n<p>Sobre el triple femicidio, tratamos de despejar algunos mitos y lugares comunes que lamentablemente venimos escuchando estos d\u00edas; y hablamos tambi\u00e9n de la pel\u00edcula Bel\u00e9n y el caso que narra, de una joven presa durante mas de 2 a\u00f1os, por haber sufrido un aborto espontaneo.<\/p>\n<p>&nbsp;<\/p>\n<audio class=\"wp-audio-shortcode\" id=\"audio-125874-1\" preload=\"none\" style=\"width: 100%;\" controls=\"controls\"><source type=\"audio\/mpeg\" src=\"https:\/\/www.noticiasradioreflejos.com.ar\/2021\/wp-content\/uploads\/2025\/09\/Vecinas-en-el-aire-30-09.mp3?_=1\" \/><a href=\"https:\/\/www.noticiasradioreflejos.com.ar\/2021\/wp-content\/uploads\/2025\/09\/Vecinas-en-el-aire-30-09.mp3\">https:\/\/www.noticiasradioreflejos.com.ar\/2021\/wp-content\/uploads\/2025\/09\/Vecinas-en-el-aire-30-09.mp3<\/a><\/audio>\n<p>&nbsp;<\/p>\n<h4>referencias:<\/h4>\n<p><a href=\"https:\/\/open.spotify.com\/episode\/1dE3fan7ArkmuKQUalD9wq?si=2FnF-3jUQm-Wh5iiwr-daA&amp;sfnsn=scwspwa\">https:\/\/open.spotify.com\/episode\/1dE3fan7ArkmuKQUalD9wq?si=2FnF-3jUQm-Wh5iiwr-daA&amp;sfnsn=scwspwa<\/a><br \/>\n<a href=\"https:\/\/open.spotify.com\/episode\/7kAxwUDkSx3P3vCX9Hr37E?si=dx3zrR6cQtOiD0NGcCJ83A\">\u00a0https:\/\/open.spotify.com\/episode\/7kAxwUDkSx3P3vCX9Hr37E?si=dx3zrR6cQtOiD0NGcCJ83A<\/a><\/p>\n<p><iframe loading=\"lazy\" title=\"BEL\u00c9N GAN\u00d3 UN PREMIO EN SAN SEBASTI\u00c1N EN MEDIO DE LA MARCHA POR MORENA, BRENDA Y LARA\" src=\"https:\/\/www.youtube.com\/embed\/7atu-dVDIu8\" width=\"330\" height=\"186\" frameborder=\"0\" allowfullscreen=\"allowfullscreen\"><\/iframe><br \/>\n<strong>Libro:<\/strong> Somos Bel\u00e9n, Ana Elena Correa, Editorial: Planeta, Buenos aires 2019 ISBN: 9789504968030<\/p>\n<p>&nbsp;<\/p>\n","protected":false},"excerpt":{"rendered":"<p>Temas abordados hoy martes 30, en la columna radial de FM Reflejos:<\/p>\n","protected":false},"author":3,"featured_media":0,"comment_status":"closed","ping_status":"closed","sticky":false,"template":"","format":"standard","meta":{"footnotes":""},"categories":[60],"tags":[48],"class_list":["post-125874","post","type-post","status-publish","format-standard","hentry","category-programas-radiales","tag-destacada"],"yoast_head":"<!-- This site is optimized with the Yoast SEO plugin v25.9 - https:\/\/yoast.com\/wordpress\/plugins\/seo\/ -->\n<title>Vecinas en el aire: &quot;PAREN DE MATARNOS VIVAS Y LIBRES NOS QUEREMOS&quot; - Noticias Radio Reflejos<\/title>\n<meta name=\"robots\" content=\"index, follow, max-snippet:-1, max-image-preview:large, max-video-preview:-1\" \/>\n<link rel=\"canonical\" href=\"https:\/\/www.noticiasradioreflejos.com.ar\/2021\/vecinas-en-el-aire-paren-de-matarnos-vivas-y-libres-nos-queremos\/\" \/>\n<meta property=\"og:locale\" content=\"es_ES\" \/>\n<meta property=\"og:type\" content=\"article\" \/>\n<meta property=\"og:title\" content=\"Vecinas en el aire: &quot;PAREN DE MATARNOS VIVAS Y LIBRES NOS QUEREMOS&quot; - Noticias Radio Reflejos\" \/>\n<meta property=\"og:description\" content=\"Temas abordados hoy martes 30, en la columna radial de FM Reflejos:\" \/>\n<meta property=\"og:url\" content=\"https:\/\/www.noticiasradioreflejos.com.ar\/2021\/vecinas-en-el-aire-paren-de-matarnos-vivas-y-libres-nos-queremos\/\" \/>\n<meta property=\"og:site_name\" content=\"Noticias Radio Reflejos\" \/>\n<meta property=\"article:published_time\" content=\"2025-09-30T13:58:16+00:00\" \/>\n<meta property=\"article:modified_time\" content=\"2025-09-30T14:01:34+00:00\" \/>\n<meta property=\"og:image\" content=\"https:\/\/www.noticiasradioreflejos.com.ar\/2021\/wp-content\/uploads\/2025\/09\/ni-una-menos.jpeg\" \/>\n\t<meta property=\"og:image:width\" content=\"225\" \/>\n\t<meta property=\"og:image:height\" content=\"225\" \/>\n\t<meta property=\"og:image:type\" content=\"image\/jpeg\" \/>\n<meta name=\"author\" content=\"Arnaldo Botto\" \/>\n<meta name=\"twitter:card\" content=\"summary_large_image\" \/>\n<script type=\"application\/ld+json\" class=\"yoast-schema-graph\">{\"@context\":\"https:\/\/schema.org\",\"@graph\":[{\"@type\":\"WebPage\",\"@id\":\"https:\/\/www.noticiasradioreflejos.com.ar\/2021\/vecinas-en-el-aire-paren-de-matarnos-vivas-y-libres-nos-queremos\/\",\"url\":\"https:\/\/www.noticiasradioreflejos.com.ar\/2021\/vecinas-en-el-aire-paren-de-matarnos-vivas-y-libres-nos-queremos\/\",\"name\":\"Vecinas en el aire: \\\"PAREN DE MATARNOS VIVAS Y LIBRES NOS QUEREMOS\\\" - Noticias Radio Reflejos\",\"isPartOf\":{\"@id\":\"https:\/\/www.noticiasradioreflejos.com.ar\/2021\/#website\"},\"datePublished\":\"2025-09-30T13:58:16+00:00\",\"dateModified\":\"2025-09-30T14:01:34+00:00\",\"author\":{\"@id\":\"https:\/\/www.noticiasradioreflejos.com.ar\/2021\/#\/schema\/person\/ad82545263dcc5ec0996818884fd5fb1\"},\"breadcrumb\":{\"@id\":\"https:\/\/www.noticiasradioreflejos.com.ar\/2021\/vecinas-en-el-aire-paren-de-matarnos-vivas-y-libres-nos-queremos\/#breadcrumb\"},\"inLanguage\":\"es\",\"potentialAction\":[{\"@type\":\"ReadAction\",\"target\":[\"https:\/\/www.noticiasradioreflejos.com.ar\/2021\/vecinas-en-el-aire-paren-de-matarnos-vivas-y-libres-nos-queremos\/\"]}]},{\"@type\":\"BreadcrumbList\",\"@id\":\"https:\/\/www.noticiasradioreflejos.com.ar\/2021\/vecinas-en-el-aire-paren-de-matarnos-vivas-y-libres-nos-queremos\/#breadcrumb\",\"itemListElement\":[{\"@type\":\"ListItem\",\"position\":1,\"name\":\"Portada\",\"item\":\"https:\/\/www.noticiasradioreflejos.com.ar\/2021\/\"},{\"@type\":\"ListItem\",\"position\":2,\"name\":\"Vecinas en el aire: \u00abPAREN DE MATARNOS VIVAS Y LIBRES NOS QUEREMOS\u00bb\"}]},{\"@type\":\"WebSite\",\"@id\":\"https:\/\/www.noticiasradioreflejos.com.ar\/2021\/#website\",\"url\":\"https:\/\/www.noticiasradioreflejos.com.ar\/2021\/\",\"name\":\"Noticias Radio Reflejos\",\"description\":\"Las noticias de mi comarca\",\"potentialAction\":[{\"@type\":\"SearchAction\",\"target\":{\"@type\":\"EntryPoint\",\"urlTemplate\":\"https:\/\/www.noticiasradioreflejos.com.ar\/2021\/?s={search_term_string}\"},\"query-input\":{\"@type\":\"PropertyValueSpecification\",\"valueRequired\":true,\"valueName\":\"search_term_string\"}}],\"inLanguage\":\"es\"},{\"@type\":\"Person\",\"@id\":\"https:\/\/www.noticiasradioreflejos.com.ar\/2021\/#\/schema\/person\/ad82545263dcc5ec0996818884fd5fb1\",\"name\":\"Arnaldo Botto\",\"image\":{\"@type\":\"ImageObject\",\"inLanguage\":\"es\",\"@id\":\"https:\/\/www.noticiasradioreflejos.com.ar\/2021\/#\/schema\/person\/image\/\",\"url\":\"https:\/\/secure.gravatar.com\/avatar\/55cb5e37c1efa326397366e6974cb338056df65cb50e7d64d1cf314e87504837?s=96&d=mm&r=g\",\"contentUrl\":\"https:\/\/secure.gravatar.com\/avatar\/55cb5e37c1efa326397366e6974cb338056df65cb50e7d64d1cf314e87504837?s=96&d=mm&r=g\",\"caption\":\"Arnaldo Botto\"},\"url\":\"https:\/\/www.noticiasradioreflejos.com.ar\/2021\/author\/arnaldo\/\"}]}<\/script>\n<!-- \/ Yoast SEO plugin. -->","yoast_head_json":{"title":"Vecinas en el aire: \"PAREN DE MATARNOS VIVAS Y LIBRES NOS QUEREMOS\" - Noticias Radio Reflejos","robots":{"index":"index","follow":"follow","max-snippet":"max-snippet:-1","max-image-preview":"max-image-preview:large","max-video-preview":"max-video-preview:-1"},"canonical":"https:\/\/www.noticiasradioreflejos.com.ar\/2021\/vecinas-en-el-aire-paren-de-matarnos-vivas-y-libres-nos-queremos\/","og_locale":"es_ES","og_type":"article","og_title":"Vecinas en el aire: \"PAREN DE MATARNOS VIVAS Y LIBRES NOS QUEREMOS\" - Noticias Radio Reflejos","og_description":"Temas abordados hoy martes 30, en la columna radial de FM Reflejos:","og_url":"https:\/\/www.noticiasradioreflejos.com.ar\/2021\/vecinas-en-el-aire-paren-de-matarnos-vivas-y-libres-nos-queremos\/","og_site_name":"Noticias Radio Reflejos","article_published_time":"2025-09-30T13:58:16+00:00","article_modified_time":"2025-09-30T14:01:34+00:00","og_image":[{"width":225,"height":225,"url":"https:\/\/www.noticiasradioreflejos.com.ar\/2021\/wp-content\/uploads\/2025\/09\/ni-una-menos.jpeg","type":"image\/jpeg"}],"author":"Arnaldo Botto","twitter_card":"summary_large_image","schema":{"@context":"https:\/\/schema.org","@graph":[{"@type":"WebPage","@id":"https:\/\/www.noticiasradioreflejos.com.ar\/2021\/vecinas-en-el-aire-paren-de-matarnos-vivas-y-libres-nos-queremos\/","url":"https:\/\/www.noticiasradioreflejos.com.ar\/2021\/vecinas-en-el-aire-paren-de-matarnos-vivas-y-libres-nos-queremos\/","name":"Vecinas en el aire: \"PAREN DE MATARNOS VIVAS Y LIBRES NOS QUEREMOS\" - Noticias Radio Reflejos","isPartOf":{"@id":"https:\/\/www.noticiasradioreflejos.com.ar\/2021\/#website"},"datePublished":"2025-09-30T13:58:16+00:00","dateModified":"2025-09-30T14:01:34+00:00","author":{"@id":"https:\/\/www.noticiasradioreflejos.com.ar\/2021\/#\/schema\/person\/ad82545263dcc5ec0996818884fd5fb1"},"breadcrumb":{"@id":"https:\/\/www.noticiasradioreflejos.com.ar\/2021\/vecinas-en-el-aire-paren-de-matarnos-vivas-y-libres-nos-queremos\/#breadcrumb"},"inLanguage":"es","potentialAction":[{"@type":"ReadAction","target":["https:\/\/www.noticiasradioreflejos.com.ar\/2021\/vecinas-en-el-aire-paren-de-matarnos-vivas-y-libres-nos-queremos\/"]}]},{"@type":"BreadcrumbList","@id":"https:\/\/www.noticiasradioreflejos.com.ar\/2021\/vecinas-en-el-aire-paren-de-matarnos-vivas-y-libres-nos-queremos\/#breadcrumb","itemListElement":[{"@type":"ListItem","position":1,"name":"Portada","item":"https:\/\/www.noticiasradioreflejos.com.ar\/2021\/"},{"@type":"ListItem","position":2,"name":"Vecinas en el aire: \u00abPAREN DE MATARNOS VIVAS Y LIBRES NOS QUEREMOS\u00bb"}]},{"@type":"WebSite","@id":"https:\/\/www.noticiasradioreflejos.com.ar\/2021\/#website","url":"https:\/\/www.noticiasradioreflejos.com.ar\/2021\/","name":"Noticias Radio Reflejos","description":"Las noticias de mi comarca","potentialAction":[{"@type":"SearchAction","target":{"@type":"EntryPoint","urlTemplate":"https:\/\/www.noticiasradioreflejos.com.ar\/2021\/?s={search_term_string}"},"query-input":{"@type":"PropertyValueSpecification","valueRequired":true,"valueName":"search_term_string"}}],"inLanguage":"es"},{"@type":"Person","@id":"https:\/\/www.noticiasradioreflejos.com.ar\/2021\/#\/schema\/person\/ad82545263dcc5ec0996818884fd5fb1","name":"Arnaldo Botto","image":{"@type":"ImageObject","inLanguage":"es","@id":"https:\/\/www.noticiasradioreflejos.com.ar\/2021\/#\/schema\/person\/image\/","url":"https:\/\/secure.gravatar.com\/avatar\/55cb5e37c1efa326397366e6974cb338056df65cb50e7d64d1cf314e87504837?s=96&d=mm&r=g","contentUrl":"https:\/\/secure.gravatar.com\/avatar\/55cb5e37c1efa326397366e6974cb338056df65cb50e7d64d1cf314e87504837?s=96&d=mm&r=g","caption":"Arnaldo Botto"},"url":"https:\/\/www.noticiasradioreflejos.com.ar\/2021\/author\/arnaldo\/"}]}},"_links":{"self":[{"href":"https:\/\/www.noticiasradioreflejos.com.ar\/2021\/wp-json\/wp\/v2\/posts\/125874","targetHints":{"allow":["GET"]}}],"collection":[{"href":"https:\/\/www.noticiasradioreflejos.com.ar\/2021\/wp-json\/wp\/v2\/posts"}],"about":[{"href":"https:\/\/www.noticiasradioreflejos.com.ar\/2021\/wp-json\/wp\/v2\/types\/post"}],"author":[{"embeddable":true,"href":"https:\/\/www.noticiasradioreflejos.com.ar\/2021\/wp-json\/wp\/v2\/users\/3"}],"replies":[{"embeddable":true,"href":"https:\/\/www.noticiasradioreflejos.com.ar\/2021\/wp-json\/wp\/v2\/comments?post=125874"}],"version-history":[{"count":3,"href":"https:\/\/www.noticiasradioreflejos.com.ar\/2021\/wp-json\/wp\/v2\/posts\/125874\/revisions"}],"predecessor-version":[{"id":125881,"href":"https:\/\/www.noticiasradioreflejos.com.ar\/2021\/wp-json\/wp\/v2\/posts\/125874\/revisions\/125881"}],"wp:attachment":[{"href":"https:\/\/www.noticiasradioreflejos.com.ar\/2021\/wp-json\/wp\/v2\/media?parent=125874"}],"wp:term":[{"taxonomy":"category","embeddable":true,"href":"https:\/\/www.noticiasradioreflejos.com.ar\/2021\/wp-json\/wp\/v2\/categories?post=125874"},{"taxonomy":"post_tag","embeddable":true,"href":"https:\/\/www.noticiasradioreflejos.com.ar\/2021\/wp-json\/wp\/v2\/tags?post=125874"}],"curies":[{"name":"wp","href":"https:\/\/api.w.org\/{rel}","templated":true}]}}