{"id":125868,"date":"2025-09-30T08:53:11","date_gmt":"2025-09-30T11:53:11","guid":{"rendered":"https:\/\/www.noticiasradioreflejos.com.ar\/2021\/?p=125868"},"modified":"2025-09-30T08:53:35","modified_gmt":"2025-09-30T11:53:35","slug":"nuevos-descuentos-para-jubilados-que-supermercados-y-como-aprovecharlos","status":"publish","type":"post","link":"https:\/\/www.noticiasradioreflejos.com.ar\/2021\/nuevos-descuentos-para-jubilados-que-supermercados-y-como-aprovecharlos\/","title":{"rendered":"Nuevos descuentos para jubilados: qu\u00e9 supermercados y c\u00f3mo aprovecharlos"},"content":{"rendered":"<p>M\u00e1s de 7 millones de jubilados y pensionados de ANSES podr\u00e1n acceder a descuentos. La medida busca mejorar el poder de compra<!--more--><\/p>\n<p>El Gobierno anunci\u00f3 un programa de beneficios para jubilados y pensionados que incluye rebajas en las principales cadenas de supermercados del pa\u00eds. La ANSES difundi\u00f3 en qu\u00e9 consiste el beneficio: <strong>descuentos y reintegros para jubilados y pensionados<\/strong>\u00a0en m\u00e1s de\u00a0<strong>7.000 comercios y en las principales cadenas de supermercados<\/strong>\u00a0<strong>del pa\u00eds.<\/strong><\/p>\n<div class=\"columns\" data-tadevel-template=\"web\/article-columns\">\n<div class=\"column-main\">\n<div class=\"article-body\" data-tadevel-template=\"web\/article-body\">\n<div class=\"article-body-content\">\n<p>\u201cCon este programa acced\u00e9s a descuentos desde\u00a0<strong>10% en supermercados, en muchos casos sin tope,<\/strong>\u00a0y\u00a0<strong>a<\/strong>\u00a0<strong>un 20% en art\u00edculos de perfumer\u00eda y limpieza<\/strong>. Para obtener estos beneficios en los comercios adheridos, solo ten\u00e9s que pagar con la tarjeta de d\u00e9bito con la que cobr\u00e1s tu jubilaci\u00f3n o pensi\u00f3n\u201d, informa el organismo oficial.<\/p>\n<h3>M\u00e1s beneficios<\/h3>\n<p>Adem\u00e1s, si cobr\u00e1s tus haberes de jubilaci\u00f3n o pensi\u00f3n en el Banco Naci\u00f3n, ten\u00e9s un reintegro\u00a0<strong>del 5% adicional\u00a0<\/strong>(con un tope mensual de $20.000) en tus compras con tarjeta de d\u00e9bito o cr\u00e9dito, usando la app BNA+ MODO, en los supermercados Carrefour, Coto, Josimar, Chango Mas, La An\u00f3nima, Disco, Jumbo, Vea y Dia.<\/p>\n<p>Y si cobr\u00e1s tus\u00a0haberes de jubilaci\u00f3n o pensi\u00f3n en el Banco Galicia, ten\u00e9s\u00a0<strong>hasta un\u00a025% de ahorro y 3 cuotas sin inter\u00e9s<\/strong>\u00a0en compras con tarjetas de d\u00e9bito o cr\u00e9dito (con tope $20.000 mensuales en supermercados, y $12.000 en farmacias y \u00f3pticas).<\/p>\n<h3>Descuentos en supermercados: d\u00f3nde y cu\u00e1nto se ahorra<\/h3>\n<p><strong>Disco, Jumbo y Vea:\u00a0<\/strong>10% en todos los rubros + 20% en perfumer\u00eda y limpieza, sin tope.<\/p>\n<p><strong>Coto y La An\u00f3nima:<\/strong>\u00a010% en todos los rubros, sin tope.<\/p>\n<p><strong>Josimar:<\/strong>\u00a015% en todos los rubros, sin tope.<\/p>\n<p><strong>Carrefour:\u00a0<\/strong>10% en todos los rubros, con tope de $35.000.<\/p>\n<p><strong>D\u00eda:<\/strong>\u00a010% en todos los rubros, con tope de $2.000 por transacci\u00f3n.<\/p>\n<h4>El contexto pol\u00edtico detr\u00e1s del anuncio<\/h4>\n<p>El programa surge tras el veto presidencial a la ley que fijaba un aumento del 7,2% en jubilaciones y la suba del bono a $110.000. Milei defendi\u00f3 la medida como una alternativa \u201ccreativa\u201d para mejorar el consumo sin afectar las cuentas p\u00fablicas.<\/p>\n<h4>Impacto esperado<\/h4>\n<p>Los jubilados destinan gran parte de sus ingresos a alimentos y productos b\u00e1sicos. Con estos descuentos, el Gobierno busca un alivio inmediato en el gasto mensual, especialmente en sectores de bajos ingresos.<\/p>\n<p>La\u00a0<a href=\"https:\/\/www.anses.gob.ar\/beneficios-anses\" target=\"_blank\" rel=\"noopener nofollow\">ANSES dispuso un bot\u00f3n de consulta<\/a>\u00a0para conocer comercios adheridos y si las personas est\u00e1n autorizadas.<\/p>\n<\/div>\n<\/div>\n<\/div>\n<\/div>\n","protected":false},"excerpt":{"rendered":"<p>M\u00e1s de 7 millones de jubilados y pensionados de ANSES podr\u00e1n acceder a descuentos. La medida busca mejorar el poder de compra<\/p>\n","protected":false},"author":3,"featured_media":99590,"comment_status":"closed","ping_status":"closed","sticky":false,"template":"","format":"standard","meta":{"footnotes":""},"categories":[36],"tags":[48],"class_list":["post-125868","post","type-post","status-publish","format-standard","has-post-thumbnail","hentry","category-economia","tag-destacada"],"yoast_head":"<!-- This site is optimized with the Yoast SEO plugin v25.9 - https:\/\/yoast.com\/wordpress\/plugins\/seo\/ -->\n<title>Nuevos descuentos para jubilados: qu\u00e9 supermercados y c\u00f3mo aprovecharlos - Noticias Radio Reflejos<\/title>\n<meta name=\"robots\" content=\"index, follow, max-snippet:-1, max-image-preview:large, max-video-preview:-1\" \/>\n<link rel=\"canonical\" href=\"https:\/\/www.noticiasradioreflejos.com.ar\/2021\/nuevos-descuentos-para-jubilados-que-supermercados-y-como-aprovecharlos\/\" \/>\n<meta property=\"og:locale\" content=\"es_ES\" \/>\n<meta property=\"og:type\" content=\"article\" \/>\n<meta property=\"og:title\" content=\"Nuevos descuentos para jubilados: qu\u00e9 supermercados y c\u00f3mo aprovecharlos - Noticias Radio Reflejos\" \/>\n<meta property=\"og:description\" content=\"M\u00e1s de 7 millones de jubilados y pensionados de ANSES podr\u00e1n acceder a descuentos. La medida busca mejorar el poder de compra\" \/>\n<meta property=\"og:url\" content=\"https:\/\/www.noticiasradioreflejos.com.ar\/2021\/nuevos-descuentos-para-jubilados-que-supermercados-y-como-aprovecharlos\/\" \/>\n<meta property=\"og:site_name\" content=\"Noticias Radio Reflejos\" \/>\n<meta property=\"article:published_time\" content=\"2025-09-30T11:53:11+00:00\" \/>\n<meta property=\"article:modified_time\" content=\"2025-09-30T11:53:35+00:00\" \/>\n<meta property=\"og:image\" content=\"https:\/\/www.noticiasradioreflejos.com.ar\/2021\/wp-content\/uploads\/2024\/03\/Supermercado-inflacion.jpeg\" \/>\n\t<meta property=\"og:image:width\" content=\"960\" \/>\n\t<meta property=\"og:image:height\" content=\"640\" \/>\n\t<meta property=\"og:image:type\" content=\"image\/jpeg\" \/>\n<meta name=\"author\" content=\"Arnaldo Botto\" \/>\n<meta name=\"twitter:card\" content=\"summary_large_image\" \/>\n<script type=\"application\/ld+json\" class=\"yoast-schema-graph\">{\"@context\":\"https:\/\/schema.org\",\"@graph\":[{\"@type\":\"WebPage\",\"@id\":\"https:\/\/www.noticiasradioreflejos.com.ar\/2021\/nuevos-descuentos-para-jubilados-que-supermercados-y-como-aprovecharlos\/\",\"url\":\"https:\/\/www.noticiasradioreflejos.com.ar\/2021\/nuevos-descuentos-para-jubilados-que-supermercados-y-como-aprovecharlos\/\",\"name\":\"Nuevos descuentos para jubilados: qu\u00e9 supermercados y c\u00f3mo aprovecharlos - Noticias Radio Reflejos\",\"isPartOf\":{\"@id\":\"https:\/\/www.noticiasradioreflejos.com.ar\/2021\/#website\"},\"primaryImageOfPage\":{\"@id\":\"https:\/\/www.noticiasradioreflejos.com.ar\/2021\/nuevos-descuentos-para-jubilados-que-supermercados-y-como-aprovecharlos\/#primaryimage\"},\"image\":{\"@id\":\"https:\/\/www.noticiasradioreflejos.com.ar\/2021\/nuevos-descuentos-para-jubilados-que-supermercados-y-como-aprovecharlos\/#primaryimage\"},\"thumbnailUrl\":\"https:\/\/www.noticiasradioreflejos.com.ar\/2021\/wp-content\/uploads\/2024\/03\/Supermercado-inflacion.jpeg\",\"datePublished\":\"2025-09-30T11:53:11+00:00\",\"dateModified\":\"2025-09-30T11:53:35+00:00\",\"author\":{\"@id\":\"https:\/\/www.noticiasradioreflejos.com.ar\/2021\/#\/schema\/person\/ad82545263dcc5ec0996818884fd5fb1\"},\"breadcrumb\":{\"@id\":\"https:\/\/www.noticiasradioreflejos.com.ar\/2021\/nuevos-descuentos-para-jubilados-que-supermercados-y-como-aprovecharlos\/#breadcrumb\"},\"inLanguage\":\"es\",\"potentialAction\":[{\"@type\":\"ReadAction\",\"target\":[\"https:\/\/www.noticiasradioreflejos.com.ar\/2021\/nuevos-descuentos-para-jubilados-que-supermercados-y-como-aprovecharlos\/\"]}]},{\"@type\":\"ImageObject\",\"inLanguage\":\"es\",\"@id\":\"https:\/\/www.noticiasradioreflejos.com.ar\/2021\/nuevos-descuentos-para-jubilados-que-supermercados-y-como-aprovecharlos\/#primaryimage\",\"url\":\"https:\/\/www.noticiasradioreflejos.com.ar\/2021\/wp-content\/uploads\/2024\/03\/Supermercado-inflacion.jpeg\",\"contentUrl\":\"https:\/\/www.noticiasradioreflejos.com.ar\/2021\/wp-content\/uploads\/2024\/03\/Supermercado-inflacion.jpeg\",\"width\":960,\"height\":640},{\"@type\":\"BreadcrumbList\",\"@id\":\"https:\/\/www.noticiasradioreflejos.com.ar\/2021\/nuevos-descuentos-para-jubilados-que-supermercados-y-como-aprovecharlos\/#breadcrumb\",\"itemListElement\":[{\"@type\":\"ListItem\",\"position\":1,\"name\":\"Portada\",\"item\":\"https:\/\/www.noticiasradioreflejos.com.ar\/2021\/\"},{\"@type\":\"ListItem\",\"position\":2,\"name\":\"Nuevos descuentos para jubilados: qu\u00e9 supermercados y c\u00f3mo aprovecharlos\"}]},{\"@type\":\"WebSite\",\"@id\":\"https:\/\/www.noticiasradioreflejos.com.ar\/2021\/#website\",\"url\":\"https:\/\/www.noticiasradioreflejos.com.ar\/2021\/\",\"name\":\"Noticias Radio Reflejos\",\"description\":\"Las noticias de mi comarca\",\"potentialAction\":[{\"@type\":\"SearchAction\",\"target\":{\"@type\":\"EntryPoint\",\"urlTemplate\":\"https:\/\/www.noticiasradioreflejos.com.ar\/2021\/?s={search_term_string}\"},\"query-input\":{\"@type\":\"PropertyValueSpecification\",\"valueRequired\":true,\"valueName\":\"search_term_string\"}}],\"inLanguage\":\"es\"},{\"@type\":\"Person\",\"@id\":\"https:\/\/www.noticiasradioreflejos.com.ar\/2021\/#\/schema\/person\/ad82545263dcc5ec0996818884fd5fb1\",\"name\":\"Arnaldo Botto\",\"image\":{\"@type\":\"ImageObject\",\"inLanguage\":\"es\",\"@id\":\"https:\/\/www.noticiasradioreflejos.com.ar\/2021\/#\/schema\/person\/image\/\",\"url\":\"https:\/\/secure.gravatar.com\/avatar\/55cb5e37c1efa326397366e6974cb338056df65cb50e7d64d1cf314e87504837?s=96&d=mm&r=g\",\"contentUrl\":\"https:\/\/secure.gravatar.com\/avatar\/55cb5e37c1efa326397366e6974cb338056df65cb50e7d64d1cf314e87504837?s=96&d=mm&r=g\",\"caption\":\"Arnaldo Botto\"},\"url\":\"https:\/\/www.noticiasradioreflejos.com.ar\/2021\/author\/arnaldo\/\"}]}<\/script>\n<!-- \/ Yoast SEO plugin. -->","yoast_head_json":{"title":"Nuevos descuentos para jubilados: qu\u00e9 supermercados y c\u00f3mo aprovecharlos - Noticias Radio Reflejos","robots":{"index":"index","follow":"follow","max-snippet":"max-snippet:-1","max-image-preview":"max-image-preview:large","max-video-preview":"max-video-preview:-1"},"canonical":"https:\/\/www.noticiasradioreflejos.com.ar\/2021\/nuevos-descuentos-para-jubilados-que-supermercados-y-como-aprovecharlos\/","og_locale":"es_ES","og_type":"article","og_title":"Nuevos descuentos para jubilados: qu\u00e9 supermercados y c\u00f3mo aprovecharlos - Noticias Radio Reflejos","og_description":"M\u00e1s de 7 millones de jubilados y pensionados de ANSES podr\u00e1n acceder a descuentos. La medida busca mejorar el poder de compra","og_url":"https:\/\/www.noticiasradioreflejos.com.ar\/2021\/nuevos-descuentos-para-jubilados-que-supermercados-y-como-aprovecharlos\/","og_site_name":"Noticias Radio Reflejos","article_published_time":"2025-09-30T11:53:11+00:00","article_modified_time":"2025-09-30T11:53:35+00:00","og_image":[{"width":960,"height":640,"url":"https:\/\/www.noticiasradioreflejos.com.ar\/2021\/wp-content\/uploads\/2024\/03\/Supermercado-inflacion.jpeg","type":"image\/jpeg"}],"author":"Arnaldo Botto","twitter_card":"summary_large_image","schema":{"@context":"https:\/\/schema.org","@graph":[{"@type":"WebPage","@id":"https:\/\/www.noticiasradioreflejos.com.ar\/2021\/nuevos-descuentos-para-jubilados-que-supermercados-y-como-aprovecharlos\/","url":"https:\/\/www.noticiasradioreflejos.com.ar\/2021\/nuevos-descuentos-para-jubilados-que-supermercados-y-como-aprovecharlos\/","name":"Nuevos descuentos para jubilados: qu\u00e9 supermercados y c\u00f3mo aprovecharlos - Noticias Radio Reflejos","isPartOf":{"@id":"https:\/\/www.noticiasradioreflejos.com.ar\/2021\/#website"},"primaryImageOfPage":{"@id":"https:\/\/www.noticiasradioreflejos.com.ar\/2021\/nuevos-descuentos-para-jubilados-que-supermercados-y-como-aprovecharlos\/#primaryimage"},"image":{"@id":"https:\/\/www.noticiasradioreflejos.com.ar\/2021\/nuevos-descuentos-para-jubilados-que-supermercados-y-como-aprovecharlos\/#primaryimage"},"thumbnailUrl":"https:\/\/www.noticiasradioreflejos.com.ar\/2021\/wp-content\/uploads\/2024\/03\/Supermercado-inflacion.jpeg","datePublished":"2025-09-30T11:53:11+00:00","dateModified":"2025-09-30T11:53:35+00:00","author":{"@id":"https:\/\/www.noticiasradioreflejos.com.ar\/2021\/#\/schema\/person\/ad82545263dcc5ec0996818884fd5fb1"},"breadcrumb":{"@id":"https:\/\/www.noticiasradioreflejos.com.ar\/2021\/nuevos-descuentos-para-jubilados-que-supermercados-y-como-aprovecharlos\/#breadcrumb"},"inLanguage":"es","potentialAction":[{"@type":"ReadAction","target":["https:\/\/www.noticiasradioreflejos.com.ar\/2021\/nuevos-descuentos-para-jubilados-que-supermercados-y-como-aprovecharlos\/"]}]},{"@type":"ImageObject","inLanguage":"es","@id":"https:\/\/www.noticiasradioreflejos.com.ar\/2021\/nuevos-descuentos-para-jubilados-que-supermercados-y-como-aprovecharlos\/#primaryimage","url":"https:\/\/www.noticiasradioreflejos.com.ar\/2021\/wp-content\/uploads\/2024\/03\/Supermercado-inflacion.jpeg","contentUrl":"https:\/\/www.noticiasradioreflejos.com.ar\/2021\/wp-content\/uploads\/2024\/03\/Supermercado-inflacion.jpeg","width":960,"height":640},{"@type":"BreadcrumbList","@id":"https:\/\/www.noticiasradioreflejos.com.ar\/2021\/nuevos-descuentos-para-jubilados-que-supermercados-y-como-aprovecharlos\/#breadcrumb","itemListElement":[{"@type":"ListItem","position":1,"name":"Portada","item":"https:\/\/www.noticiasradioreflejos.com.ar\/2021\/"},{"@type":"ListItem","position":2,"name":"Nuevos descuentos para jubilados: qu\u00e9 supermercados y c\u00f3mo aprovecharlos"}]},{"@type":"WebSite","@id":"https:\/\/www.noticiasradioreflejos.com.ar\/2021\/#website","url":"https:\/\/www.noticiasradioreflejos.com.ar\/2021\/","name":"Noticias Radio Reflejos","description":"Las noticias de mi comarca","potentialAction":[{"@type":"SearchAction","target":{"@type":"EntryPoint","urlTemplate":"https:\/\/www.noticiasradioreflejos.com.ar\/2021\/?s={search_term_string}"},"query-input":{"@type":"PropertyValueSpecification","valueRequired":true,"valueName":"search_term_string"}}],"inLanguage":"es"},{"@type":"Person","@id":"https:\/\/www.noticiasradioreflejos.com.ar\/2021\/#\/schema\/person\/ad82545263dcc5ec0996818884fd5fb1","name":"Arnaldo Botto","image":{"@type":"ImageObject","inLanguage":"es","@id":"https:\/\/www.noticiasradioreflejos.com.ar\/2021\/#\/schema\/person\/image\/","url":"https:\/\/secure.gravatar.com\/avatar\/55cb5e37c1efa326397366e6974cb338056df65cb50e7d64d1cf314e87504837?s=96&d=mm&r=g","contentUrl":"https:\/\/secure.gravatar.com\/avatar\/55cb5e37c1efa326397366e6974cb338056df65cb50e7d64d1cf314e87504837?s=96&d=mm&r=g","caption":"Arnaldo Botto"},"url":"https:\/\/www.noticiasradioreflejos.com.ar\/2021\/author\/arnaldo\/"}]}},"_links":{"self":[{"href":"https:\/\/www.noticiasradioreflejos.com.ar\/2021\/wp-json\/wp\/v2\/posts\/125868","targetHints":{"allow":["GET"]}}],"collection":[{"href":"https:\/\/www.noticiasradioreflejos.com.ar\/2021\/wp-json\/wp\/v2\/posts"}],"about":[{"href":"https:\/\/www.noticiasradioreflejos.com.ar\/2021\/wp-json\/wp\/v2\/types\/post"}],"author":[{"embeddable":true,"href":"https:\/\/www.noticiasradioreflejos.com.ar\/2021\/wp-json\/wp\/v2\/users\/3"}],"replies":[{"embeddable":true,"href":"https:\/\/www.noticiasradioreflejos.com.ar\/2021\/wp-json\/wp\/v2\/comments?post=125868"}],"version-history":[{"count":1,"href":"https:\/\/www.noticiasradioreflejos.com.ar\/2021\/wp-json\/wp\/v2\/posts\/125868\/revisions"}],"predecessor-version":[{"id":125869,"href":"https:\/\/www.noticiasradioreflejos.com.ar\/2021\/wp-json\/wp\/v2\/posts\/125868\/revisions\/125869"}],"wp:featuredmedia":[{"embeddable":true,"href":"https:\/\/www.noticiasradioreflejos.com.ar\/2021\/wp-json\/wp\/v2\/media\/99590"}],"wp:attachment":[{"href":"https:\/\/www.noticiasradioreflejos.com.ar\/2021\/wp-json\/wp\/v2\/media?parent=125868"}],"wp:term":[{"taxonomy":"category","embeddable":true,"href":"https:\/\/www.noticiasradioreflejos.com.ar\/2021\/wp-json\/wp\/v2\/categories?post=125868"},{"taxonomy":"post_tag","embeddable":true,"href":"https:\/\/www.noticiasradioreflejos.com.ar\/2021\/wp-json\/wp\/v2\/tags?post=125868"}],"curies":[{"name":"wp","href":"https:\/\/api.w.org\/{rel}","templated":true}]}}