{"id":12581,"date":"2017-07-21T12:26:08","date_gmt":"2017-07-21T15:26:08","guid":{"rendered":"http:\/\/www.noticiasradioreflejos.com.ar\/noticias\/?p=12581"},"modified":"2017-07-21T12:26:08","modified_gmt":"2017-07-21T15:26:08","slug":"asi-paso-la-primera-semana-de-vacaciones-cine-y-kermes","status":"publish","type":"post","link":"https:\/\/www.noticiasradioreflejos.com.ar\/2021\/asi-paso-la-primera-semana-de-vacaciones-cine-y-kermes\/","title":{"rendered":"As\u00ed paso la primera semana de vacaciones: cine y kermes"},"content":{"rendered":"<p>Despu\u00e9s de una nevada maravillosa que inauguro el primer fin de semana de\u00a0vacaciones disfrutamos del cine en Sierra, Tornquist, Tres Picos y Villa Ventana.<br \/>\nLa kermes tambi\u00e9n est\u00e1 de paseo: Saldungaray y Chasic\u00f3 ya jugaron al metegol,\u00a0al b\u00e1squet, al sapo, al castillito inflable y pintaron muy entusiasmados.<br \/>\nHoy viernes Sierra de la Ventana se prepara para la Kermes en el Centro Cultural,\u00a0de 14 a 16.\u00a0Continua por Tres Picos (lunes 24), Villa Ventana (mi\u00e9rcoles 26) y finaliza en\u00a0Tornquist (viernes 28).\u00a0El cine sigue su ruta por Saldungaray (lunes 24 &#8211; Soc. Espa\u00f1ola), Chasic\u00f3\u00a0(mi\u00e9rcoles 26 &#8211; Club San Martin) y m\u00e1s funciones en Tornquist (martes 25 y jueves\u00a027 &#8211; Teatro Funke) \u00a0y Sierra ( s\u00e1bado 22 y 29 y domingo 23 y 30- Bomberos\u00a0Voluntarios).<br \/>\nLos esperamos para compartir&#8230;<br \/>\n\u00a1FELICES VACACIONES! LES DESEA TORNQUIST MUNICIPIO<br \/>\n<img loading=\"lazy\" decoding=\"async\" class=\"aligncenter wp-image-12585 size-large\" src=\"http:\/\/www.noticiasradioreflejos.com.ar\/noticias\/wp-content\/uploads\/2017\/07\/CineYKermes-1024x576.jpg\" alt=\"CineYKermes\" width=\"1024\" height=\"576\" \/> <img loading=\"lazy\" decoding=\"async\" class=\"aligncenter wp-image-12586 size-large\" src=\"http:\/\/www.noticiasradioreflejos.com.ar\/noticias\/wp-content\/uploads\/2017\/07\/CineYKermes2-1024x576.jpg\" alt=\"CineYKermes2\" width=\"1024\" height=\"576\" \/> <img loading=\"lazy\" decoding=\"async\" class=\"aligncenter wp-image-12587 size-large\" src=\"http:\/\/www.noticiasradioreflejos.com.ar\/noticias\/wp-content\/uploads\/2017\/07\/CIneyKermes3-1024x576.jpg\" alt=\"CIneyKermes3\" width=\"1024\" height=\"576\" \/> <img loading=\"lazy\" decoding=\"async\" class=\"aligncenter wp-image-12588 size-large\" src=\"http:\/\/www.noticiasradioreflejos.com.ar\/noticias\/wp-content\/uploads\/2017\/07\/CineYKermes4-1024x576.jpg\" alt=\"CineYKermes4\" width=\"1024\" height=\"576\" \/> <img loading=\"lazy\" decoding=\"async\" class=\"aligncenter wp-image-12589 size-large\" src=\"http:\/\/www.noticiasradioreflejos.com.ar\/noticias\/wp-content\/uploads\/2017\/07\/CineyKermes5-1024x576.jpg\" alt=\"CineyKermes5\" width=\"1024\" height=\"576\" \/> <img loading=\"lazy\" decoding=\"async\" class=\"aligncenter wp-image-12590 size-large\" src=\"http:\/\/www.noticiasradioreflejos.com.ar\/noticias\/wp-content\/uploads\/2017\/07\/CineyKermes7-1024x576.jpg\" alt=\"CineyKermes7\" width=\"1024\" height=\"576\" \/> <img loading=\"lazy\" decoding=\"async\" class=\"aligncenter wp-image-12591 size-large\" src=\"http:\/\/www.noticiasradioreflejos.com.ar\/noticias\/wp-content\/uploads\/2017\/07\/CineyKermes8-1024x576.jpg\" alt=\"CineyKermes8\" width=\"1024\" height=\"576\" \/> <img loading=\"lazy\" decoding=\"async\" class=\"aligncenter wp-image-12593 size-large\" src=\"http:\/\/www.noticiasradioreflejos.com.ar\/noticias\/wp-content\/uploads\/2017\/07\/CineyKermes10-1024x576.jpg\" alt=\"CineyKermes10\" width=\"1024\" height=\"576\" \/> <img loading=\"lazy\" decoding=\"async\" class=\"aligncenter wp-image-12594 size-large\" src=\"http:\/\/www.noticiasradioreflejos.com.ar\/noticias\/wp-content\/uploads\/2017\/07\/CineYKermes-1-1024x576.jpg\" alt=\"CineYKermes&amp;\" width=\"1024\" height=\"576\" \/> <img loading=\"lazy\" decoding=\"async\" class=\"aligncenter wp-image-12595 size-large\" src=\"http:\/\/www.noticiasradioreflejos.com.ar\/noticias\/wp-content\/uploads\/2017\/07\/IMG-20170719-WA0039-1024x768.jpg\" alt=\"IMG-20170719-WA0039\" width=\"1024\" height=\"768\" \/> <img loading=\"lazy\" decoding=\"async\" class=\"aligncenter wp-image-12596 size-large\" src=\"http:\/\/www.noticiasradioreflejos.com.ar\/noticias\/wp-content\/uploads\/2017\/07\/IMG-20170719-WA0031-768x1024.jpg\" alt=\"IMG-20170719-WA0031\" width=\"768\" height=\"1024\" \/> <img loading=\"lazy\" decoding=\"async\" class=\"aligncenter wp-image-12597 size-large\" src=\"http:\/\/www.noticiasradioreflejos.com.ar\/noticias\/wp-content\/uploads\/2017\/07\/IMG-20170719-WA0032-1024x768.jpg\" alt=\"IMG-20170719-WA0032\" width=\"1024\" height=\"768\" \/> <img loading=\"lazy\" decoding=\"async\" class=\"aligncenter wp-image-12598 size-large\" src=\"http:\/\/www.noticiasradioreflejos.com.ar\/noticias\/wp-content\/uploads\/2017\/07\/IMG-20170719-WA0035-768x1024.jpg\" alt=\"IMG-20170719-WA0035\" width=\"768\" height=\"1024\" \/><\/p>\n","protected":false},"excerpt":{"rendered":"<p>Despu\u00e9s de una nevada maravillosa que inauguro el primer fin de semana de vacaciones disfrutamos del cine en Sierra, Tornquist, Tres Picos y Villa Ventana.<\/p>\n","protected":false},"author":1,"featured_media":0,"comment_status":"closed","ping_status":"open","sticky":false,"template":"","format":"standard","meta":{"footnotes":""},"categories":[35],"tags":[],"class_list":["post-12581","post","type-post","status-publish","format-standard","hentry","category-cultura"],"yoast_head":"<!-- This site is optimized with the Yoast SEO plugin v25.9 - https:\/\/yoast.com\/wordpress\/plugins\/seo\/ -->\n<title>As\u00ed paso la primera semana de vacaciones: cine y kermes - Noticias Radio Reflejos<\/title>\n<meta name=\"robots\" content=\"index, follow, max-snippet:-1, max-image-preview:large, max-video-preview:-1\" \/>\n<link rel=\"canonical\" href=\"https:\/\/www.noticiasradioreflejos.com.ar\/2021\/asi-paso-la-primera-semana-de-vacaciones-cine-y-kermes\/\" \/>\n<meta property=\"og:locale\" content=\"es_ES\" \/>\n<meta property=\"og:type\" content=\"article\" \/>\n<meta property=\"og:title\" content=\"As\u00ed paso la primera semana de vacaciones: cine y kermes - Noticias Radio Reflejos\" \/>\n<meta property=\"og:description\" content=\"Despu\u00e9s de una nevada maravillosa que inauguro el primer fin de semana de vacaciones disfrutamos del cine en Sierra, Tornquist, Tres Picos y Villa Ventana.\" \/>\n<meta property=\"og:url\" content=\"https:\/\/www.noticiasradioreflejos.com.ar\/2021\/asi-paso-la-primera-semana-de-vacaciones-cine-y-kermes\/\" \/>\n<meta property=\"og:site_name\" content=\"Noticias Radio Reflejos\" \/>\n<meta property=\"article:published_time\" content=\"2017-07-21T15:26:08+00:00\" \/>\n<meta property=\"og:image\" content=\"https:\/\/www.noticiasradioreflejos.com.ar\/2021\/wp-content\/uploads\/2021\/07\/logosol300x200.png\" \/>\n\t<meta property=\"og:image:width\" content=\"300\" \/>\n\t<meta property=\"og:image:height\" content=\"200\" \/>\n\t<meta property=\"og:image:type\" content=\"image\/png\" \/>\n<meta name=\"author\" content=\"Ulises Nicolini\" \/>\n<meta name=\"twitter:card\" content=\"summary_large_image\" \/>\n<script type=\"application\/ld+json\" class=\"yoast-schema-graph\">{\"@context\":\"https:\/\/schema.org\",\"@graph\":[{\"@type\":\"WebPage\",\"@id\":\"https:\/\/www.noticiasradioreflejos.com.ar\/2021\/asi-paso-la-primera-semana-de-vacaciones-cine-y-kermes\/\",\"url\":\"https:\/\/www.noticiasradioreflejos.com.ar\/2021\/asi-paso-la-primera-semana-de-vacaciones-cine-y-kermes\/\",\"name\":\"As\u00ed paso la primera semana de vacaciones: cine y kermes - Noticias Radio Reflejos\",\"isPartOf\":{\"@id\":\"https:\/\/www.noticiasradioreflejos.com.ar\/2021\/#website\"},\"primaryImageOfPage\":{\"@id\":\"https:\/\/www.noticiasradioreflejos.com.ar\/2021\/asi-paso-la-primera-semana-de-vacaciones-cine-y-kermes\/#primaryimage\"},\"image\":{\"@id\":\"https:\/\/www.noticiasradioreflejos.com.ar\/2021\/asi-paso-la-primera-semana-de-vacaciones-cine-y-kermes\/#primaryimage\"},\"thumbnailUrl\":\"http:\/\/www.noticiasradioreflejos.com.ar\/noticias\/wp-content\/uploads\/2017\/07\/CineYKermes-1024x576.jpg\",\"datePublished\":\"2017-07-21T15:26:08+00:00\",\"author\":{\"@id\":\"https:\/\/www.noticiasradioreflejos.com.ar\/2021\/#\/schema\/person\/63bcc26111c5fc0e3cd7ca4e2bf77a60\"},\"breadcrumb\":{\"@id\":\"https:\/\/www.noticiasradioreflejos.com.ar\/2021\/asi-paso-la-primera-semana-de-vacaciones-cine-y-kermes\/#breadcrumb\"},\"inLanguage\":\"es\",\"potentialAction\":[{\"@type\":\"ReadAction\",\"target\":[\"https:\/\/www.noticiasradioreflejos.com.ar\/2021\/asi-paso-la-primera-semana-de-vacaciones-cine-y-kermes\/\"]}]},{\"@type\":\"ImageObject\",\"inLanguage\":\"es\",\"@id\":\"https:\/\/www.noticiasradioreflejos.com.ar\/2021\/asi-paso-la-primera-semana-de-vacaciones-cine-y-kermes\/#primaryimage\",\"url\":\"http:\/\/www.noticiasradioreflejos.com.ar\/noticias\/wp-content\/uploads\/2017\/07\/CineYKermes-1024x576.jpg\",\"contentUrl\":\"http:\/\/www.noticiasradioreflejos.com.ar\/noticias\/wp-content\/uploads\/2017\/07\/CineYKermes-1024x576.jpg\"},{\"@type\":\"BreadcrumbList\",\"@id\":\"https:\/\/www.noticiasradioreflejos.com.ar\/2021\/asi-paso-la-primera-semana-de-vacaciones-cine-y-kermes\/#breadcrumb\",\"itemListElement\":[{\"@type\":\"ListItem\",\"position\":1,\"name\":\"Portada\",\"item\":\"https:\/\/www.noticiasradioreflejos.com.ar\/2021\/\"},{\"@type\":\"ListItem\",\"position\":2,\"name\":\"As\u00ed paso la primera semana de vacaciones: cine y kermes\"}]},{\"@type\":\"WebSite\",\"@id\":\"https:\/\/www.noticiasradioreflejos.com.ar\/2021\/#website\",\"url\":\"https:\/\/www.noticiasradioreflejos.com.ar\/2021\/\",\"name\":\"Noticias Radio Reflejos\",\"description\":\"Las noticias de mi comarca\",\"potentialAction\":[{\"@type\":\"SearchAction\",\"target\":{\"@type\":\"EntryPoint\",\"urlTemplate\":\"https:\/\/www.noticiasradioreflejos.com.ar\/2021\/?s={search_term_string}\"},\"query-input\":{\"@type\":\"PropertyValueSpecification\",\"valueRequired\":true,\"valueName\":\"search_term_string\"}}],\"inLanguage\":\"es\"},{\"@type\":\"Person\",\"@id\":\"https:\/\/www.noticiasradioreflejos.com.ar\/2021\/#\/schema\/person\/63bcc26111c5fc0e3cd7ca4e2bf77a60\",\"name\":\"Ulises Nicolini\",\"image\":{\"@type\":\"ImageObject\",\"inLanguage\":\"es\",\"@id\":\"https:\/\/www.noticiasradioreflejos.com.ar\/2021\/#\/schema\/person\/image\/\",\"url\":\"https:\/\/secure.gravatar.com\/avatar\/7f2c48bdc33b30088f941fb6082e555f2874c98e20cb159d7b92b50eadfce793?s=96&d=mm&r=g\",\"contentUrl\":\"https:\/\/secure.gravatar.com\/avatar\/7f2c48bdc33b30088f941fb6082e555f2874c98e20cb159d7b92b50eadfce793?s=96&d=mm&r=g\",\"caption\":\"Ulises Nicolini\"},\"sameAs\":[\"http:\/\/www.noticiasradioreflejos.com.ar\/2021\"],\"url\":\"https:\/\/www.noticiasradioreflejos.com.ar\/2021\/author\/admin\/\"}]}<\/script>\n<!-- \/ Yoast SEO plugin. -->","yoast_head_json":{"title":"As\u00ed paso la primera semana de vacaciones: cine y kermes - Noticias Radio Reflejos","robots":{"index":"index","follow":"follow","max-snippet":"max-snippet:-1","max-image-preview":"max-image-preview:large","max-video-preview":"max-video-preview:-1"},"canonical":"https:\/\/www.noticiasradioreflejos.com.ar\/2021\/asi-paso-la-primera-semana-de-vacaciones-cine-y-kermes\/","og_locale":"es_ES","og_type":"article","og_title":"As\u00ed paso la primera semana de vacaciones: cine y kermes - Noticias Radio Reflejos","og_description":"Despu\u00e9s de una nevada maravillosa que inauguro el primer fin de semana de vacaciones disfrutamos del cine en Sierra, Tornquist, Tres Picos y Villa Ventana.","og_url":"https:\/\/www.noticiasradioreflejos.com.ar\/2021\/asi-paso-la-primera-semana-de-vacaciones-cine-y-kermes\/","og_site_name":"Noticias Radio Reflejos","article_published_time":"2017-07-21T15:26:08+00:00","og_image":[{"width":300,"height":200,"url":"https:\/\/www.noticiasradioreflejos.com.ar\/2021\/wp-content\/uploads\/2021\/07\/logosol300x200.png","type":"image\/png"}],"author":"Ulises Nicolini","twitter_card":"summary_large_image","schema":{"@context":"https:\/\/schema.org","@graph":[{"@type":"WebPage","@id":"https:\/\/www.noticiasradioreflejos.com.ar\/2021\/asi-paso-la-primera-semana-de-vacaciones-cine-y-kermes\/","url":"https:\/\/www.noticiasradioreflejos.com.ar\/2021\/asi-paso-la-primera-semana-de-vacaciones-cine-y-kermes\/","name":"As\u00ed paso la primera semana de vacaciones: cine y kermes - Noticias Radio Reflejos","isPartOf":{"@id":"https:\/\/www.noticiasradioreflejos.com.ar\/2021\/#website"},"primaryImageOfPage":{"@id":"https:\/\/www.noticiasradioreflejos.com.ar\/2021\/asi-paso-la-primera-semana-de-vacaciones-cine-y-kermes\/#primaryimage"},"image":{"@id":"https:\/\/www.noticiasradioreflejos.com.ar\/2021\/asi-paso-la-primera-semana-de-vacaciones-cine-y-kermes\/#primaryimage"},"thumbnailUrl":"http:\/\/www.noticiasradioreflejos.com.ar\/noticias\/wp-content\/uploads\/2017\/07\/CineYKermes-1024x576.jpg","datePublished":"2017-07-21T15:26:08+00:00","author":{"@id":"https:\/\/www.noticiasradioreflejos.com.ar\/2021\/#\/schema\/person\/63bcc26111c5fc0e3cd7ca4e2bf77a60"},"breadcrumb":{"@id":"https:\/\/www.noticiasradioreflejos.com.ar\/2021\/asi-paso-la-primera-semana-de-vacaciones-cine-y-kermes\/#breadcrumb"},"inLanguage":"es","potentialAction":[{"@type":"ReadAction","target":["https:\/\/www.noticiasradioreflejos.com.ar\/2021\/asi-paso-la-primera-semana-de-vacaciones-cine-y-kermes\/"]}]},{"@type":"ImageObject","inLanguage":"es","@id":"https:\/\/www.noticiasradioreflejos.com.ar\/2021\/asi-paso-la-primera-semana-de-vacaciones-cine-y-kermes\/#primaryimage","url":"http:\/\/www.noticiasradioreflejos.com.ar\/noticias\/wp-content\/uploads\/2017\/07\/CineYKermes-1024x576.jpg","contentUrl":"http:\/\/www.noticiasradioreflejos.com.ar\/noticias\/wp-content\/uploads\/2017\/07\/CineYKermes-1024x576.jpg"},{"@type":"BreadcrumbList","@id":"https:\/\/www.noticiasradioreflejos.com.ar\/2021\/asi-paso-la-primera-semana-de-vacaciones-cine-y-kermes\/#breadcrumb","itemListElement":[{"@type":"ListItem","position":1,"name":"Portada","item":"https:\/\/www.noticiasradioreflejos.com.ar\/2021\/"},{"@type":"ListItem","position":2,"name":"As\u00ed paso la primera semana de vacaciones: cine y kermes"}]},{"@type":"WebSite","@id":"https:\/\/www.noticiasradioreflejos.com.ar\/2021\/#website","url":"https:\/\/www.noticiasradioreflejos.com.ar\/2021\/","name":"Noticias Radio Reflejos","description":"Las noticias de mi comarca","potentialAction":[{"@type":"SearchAction","target":{"@type":"EntryPoint","urlTemplate":"https:\/\/www.noticiasradioreflejos.com.ar\/2021\/?s={search_term_string}"},"query-input":{"@type":"PropertyValueSpecification","valueRequired":true,"valueName":"search_term_string"}}],"inLanguage":"es"},{"@type":"Person","@id":"https:\/\/www.noticiasradioreflejos.com.ar\/2021\/#\/schema\/person\/63bcc26111c5fc0e3cd7ca4e2bf77a60","name":"Ulises Nicolini","image":{"@type":"ImageObject","inLanguage":"es","@id":"https:\/\/www.noticiasradioreflejos.com.ar\/2021\/#\/schema\/person\/image\/","url":"https:\/\/secure.gravatar.com\/avatar\/7f2c48bdc33b30088f941fb6082e555f2874c98e20cb159d7b92b50eadfce793?s=96&d=mm&r=g","contentUrl":"https:\/\/secure.gravatar.com\/avatar\/7f2c48bdc33b30088f941fb6082e555f2874c98e20cb159d7b92b50eadfce793?s=96&d=mm&r=g","caption":"Ulises Nicolini"},"sameAs":["http:\/\/www.noticiasradioreflejos.com.ar\/2021"],"url":"https:\/\/www.noticiasradioreflejos.com.ar\/2021\/author\/admin\/"}]}},"_links":{"self":[{"href":"https:\/\/www.noticiasradioreflejos.com.ar\/2021\/wp-json\/wp\/v2\/posts\/12581","targetHints":{"allow":["GET"]}}],"collection":[{"href":"https:\/\/www.noticiasradioreflejos.com.ar\/2021\/wp-json\/wp\/v2\/posts"}],"about":[{"href":"https:\/\/www.noticiasradioreflejos.com.ar\/2021\/wp-json\/wp\/v2\/types\/post"}],"author":[{"embeddable":true,"href":"https:\/\/www.noticiasradioreflejos.com.ar\/2021\/wp-json\/wp\/v2\/users\/1"}],"replies":[{"embeddable":true,"href":"https:\/\/www.noticiasradioreflejos.com.ar\/2021\/wp-json\/wp\/v2\/comments?post=12581"}],"version-history":[{"count":0,"href":"https:\/\/www.noticiasradioreflejos.com.ar\/2021\/wp-json\/wp\/v2\/posts\/12581\/revisions"}],"wp:attachment":[{"href":"https:\/\/www.noticiasradioreflejos.com.ar\/2021\/wp-json\/wp\/v2\/media?parent=12581"}],"wp:term":[{"taxonomy":"category","embeddable":true,"href":"https:\/\/www.noticiasradioreflejos.com.ar\/2021\/wp-json\/wp\/v2\/categories?post=12581"},{"taxonomy":"post_tag","embeddable":true,"href":"https:\/\/www.noticiasradioreflejos.com.ar\/2021\/wp-json\/wp\/v2\/tags?post=12581"}],"curies":[{"name":"wp","href":"https:\/\/api.w.org\/{rel}","templated":true}]}}