{"id":125808,"date":"2025-09-29T08:03:39","date_gmt":"2025-09-29T11:03:39","guid":{"rendered":"https:\/\/www.noticiasradioreflejos.com.ar\/2021\/?p=125808"},"modified":"2025-09-29T08:03:39","modified_gmt":"2025-09-29T11:03:39","slug":"se-habria-confirmado-el-vinculo-de-espert-con-un-narcotraficante","status":"publish","type":"post","link":"https:\/\/www.noticiasradioreflejos.com.ar\/2021\/se-habria-confirmado-el-vinculo-de-espert-con-un-narcotraficante\/","title":{"rendered":"Se habr\u00eda confirmado el v\u00ednculo de Espert con un narcotraficante"},"content":{"rendered":"<p>Por documentos oficiales de la justicia de Estados Unidos, el diputado argentino habr\u00eda recibido 200.000 d\u00f3lares el 1 de febrero de 2020 proveniente de Antonio Fred Machado.<!--more--><\/p>\n<p>El 1 de febrero de 2020 recibi\u00f3 un\u00a0<strong>giro de 200.000 d\u00f3lares<\/strong>, proveniente de un viejo conocido que sigue detenido en R\u00edo Negro de donde es oriundo, a la espera de ser extraditado a territorio norteamericano.<\/p>\n<p>La informaci\u00f3n surge de la denuncia penal, a la que accedi\u00f3 PERFIL en exclusiva, que presentar\u00e1 el dirigente y abogado\u00a0<strong>Juan Grabois<\/strong>, para demostrar la vinculaci\u00f3n econ\u00f3mica entre el actual itular de la Comisi\u00f3n de Presupuesto de la C\u00e1mara Baja y el empresario argentino acusado de narcotr\u00e1fico,\u00a0<strong>Antonio Fred Machado.<\/strong><\/p>\n<p>Machado est\u00e1 detenido desde el 16 de abril de 2021, acusado de intregrar \u201cuna conspiraci\u00f3n para producir y distribuir coca\u00edna\u201d. Tambi\u00e9n enfrenta cargos de fraude y lavado de dinero, que ya derivaron en una condena de 16 a\u00f1os de prisi\u00f3n contra Debora Lynn Mercer-Erwin, exsocia de Machado, dentro de la estructura delictiva internacional que lo tiene a Machado esperando una respuesta de la Corte Suprema de Justicia sobre su pedido de extradici\u00f3n por el mismo caso.<\/p>\n<p>La\u00a0<a href=\"https:\/\/www.perfil.com\/noticias\/modo-fontevecchia\/las-conexiones-en-argentina-del-narco-financista-de-espert.phtml\" target=\"_blank\" rel=\"noreferrer noopener\">relaci\u00f3n de Machado con Espert<\/a>\u00a0qued\u00f3 inmortalizada desde 2019, cuando el entonces candidato presidencial le agradeci\u00f3 el apoyo a \u201cFred\u201d para presentar su libro\u00a0<em>\u201cLa Sociedad C\u00f3mplice\u201d<\/em>\u00a0en Viedma, provincia de Rio Negro, la tierra originaria de Fred antes de abandonar el pa\u00eds a principios de siglo para hacer negocios en Estados Unidos.<\/p>\n<p>Desde entonces surgieron interrogantes sobre la naturaleza de ese v\u00ednculo. En los \u00faltimos a\u00f1os fueron respondidos, en parte, por distintos periodistas de investigaci\u00f3n que demostraron la existencia de un acuerdo pol\u00edtico y econ\u00f3mico con conexiones mafiosas.<\/p>\n<p>Sin embargo, faltaban los indicios sobre la ruta del dinero para confirmar el principal m\u00f3vil de la sospecha: que\u00a0<strong>Machado hab\u00eda decidido respaldar a Espert\u00a0<\/strong>como candidato presidencial a cambio de un esquema que ya hab\u00eda desplegado en centroam\u00e9rica, es decir, apoyarlos con dinero, traslados en avi\u00f3n privado y en una camioneta Grand Cherokee.<\/p>\n<p>\u201cA partir de la documentaci\u00f3n presentada como prueba fehaciente y directa por la fiscal\u00eda del Distrito Este de Texas, durante el juicio contra la organizaci\u00f3n dedicada al narcotr\u00e1fico integrada por Mercer -Erwin y Machado,<strong>\u00a0se tom\u00f3 conocimiento de -por lo menos- un pago realizado por estos peligrosos criminales a Espert<\/strong>\u201d, sostiene la denuncia a la que accedi\u00f3 PERFIL.<\/p>\n<p>La denuncia sostiene que \u201cseg\u00fan la contabilidad secreta de la organizaci\u00f3n hallada por los investigadores, el diputado aparece como parte de la n\u00f3mina de personas vinculadas bajo la car\u00e1tula de c\u00f3mplice y, en virtud de ello\u201d, se detalla un pago realizado el 1 de febrero de 2020 con un\u00a0<strong>giro de 200.000 d\u00f3lares<\/strong>\u201d.<\/p>\n<p><strong>Vale la pena recordar que hace poco m\u00e1s de un mes, en la C\u00e1mara de Diputados, al pedir una cuesti\u00f3n de privilegio, el Diputado\u00a0<a href=\"https:\/\/frenteacano.com.ar\/soria-expuso-los-vinculos-de-los-diputados-espert-y-villaverde-con-el-narcotrafico\/\">Mart\u00edn Soria ya hab\u00eda hecho una denuncia en tal sentido que ratific\u00f3 al otro d\u00eda ( 22 de agosto) en declaraciones formuladas a nuestro programa de radio.<\/a><\/strong><\/p>\n<p>&nbsp;<\/p>\n<p><strong>Fuentes: Frente a Cano<\/strong><\/p>\n","protected":false},"excerpt":{"rendered":"<p>Por documentos oficiales de la justicia de Estados Unidos, el diputado argentino habr\u00eda recibido 200.000 d\u00f3lares el 1 de febrero de 2020 proveniente de Antonio Fred Machado.<\/p>\n","protected":false},"author":3,"featured_media":125809,"comment_status":"closed","ping_status":"closed","sticky":false,"template":"","format":"standard","meta":{"footnotes":""},"categories":[24],"tags":[],"class_list":["post-125808","post","type-post","status-publish","format-standard","has-post-thumbnail","hentry","category-politica"],"yoast_head":"<!-- This site is optimized with the Yoast SEO plugin v25.9 - https:\/\/yoast.com\/wordpress\/plugins\/seo\/ -->\n<title>Se habr\u00eda confirmado el v\u00ednculo de Espert con un narcotraficante - Noticias Radio Reflejos<\/title>\n<meta name=\"robots\" content=\"index, follow, max-snippet:-1, max-image-preview:large, max-video-preview:-1\" \/>\n<link rel=\"canonical\" href=\"https:\/\/www.noticiasradioreflejos.com.ar\/2021\/se-habria-confirmado-el-vinculo-de-espert-con-un-narcotraficante\/\" \/>\n<meta property=\"og:locale\" content=\"es_ES\" \/>\n<meta property=\"og:type\" content=\"article\" \/>\n<meta property=\"og:title\" content=\"Se habr\u00eda confirmado el v\u00ednculo de Espert con un narcotraficante - Noticias Radio Reflejos\" \/>\n<meta property=\"og:description\" content=\"Por documentos oficiales de la justicia de Estados Unidos, el diputado argentino habr\u00eda recibido 200.000 d\u00f3lares el 1 de febrero de 2020 proveniente de Antonio Fred Machado.\" \/>\n<meta property=\"og:url\" content=\"https:\/\/www.noticiasradioreflejos.com.ar\/2021\/se-habria-confirmado-el-vinculo-de-espert-con-un-narcotraficante\/\" \/>\n<meta property=\"og:site_name\" content=\"Noticias Radio Reflejos\" \/>\n<meta property=\"article:published_time\" content=\"2025-09-29T11:03:39+00:00\" \/>\n<meta property=\"og:image\" content=\"https:\/\/www.noticiasradioreflejos.com.ar\/2021\/wp-content\/uploads\/2025\/09\/Espert.jpg\" \/>\n\t<meta property=\"og:image:width\" content=\"1184\" \/>\n\t<meta property=\"og:image:height\" content=\"603\" \/>\n\t<meta property=\"og:image:type\" content=\"image\/jpeg\" \/>\n<meta name=\"author\" content=\"Arnaldo Botto\" \/>\n<meta name=\"twitter:card\" content=\"summary_large_image\" \/>\n<script type=\"application\/ld+json\" class=\"yoast-schema-graph\">{\"@context\":\"https:\/\/schema.org\",\"@graph\":[{\"@type\":\"WebPage\",\"@id\":\"https:\/\/www.noticiasradioreflejos.com.ar\/2021\/se-habria-confirmado-el-vinculo-de-espert-con-un-narcotraficante\/\",\"url\":\"https:\/\/www.noticiasradioreflejos.com.ar\/2021\/se-habria-confirmado-el-vinculo-de-espert-con-un-narcotraficante\/\",\"name\":\"Se habr\u00eda confirmado el v\u00ednculo de Espert con un narcotraficante - Noticias Radio Reflejos\",\"isPartOf\":{\"@id\":\"https:\/\/www.noticiasradioreflejos.com.ar\/2021\/#website\"},\"primaryImageOfPage\":{\"@id\":\"https:\/\/www.noticiasradioreflejos.com.ar\/2021\/se-habria-confirmado-el-vinculo-de-espert-con-un-narcotraficante\/#primaryimage\"},\"image\":{\"@id\":\"https:\/\/www.noticiasradioreflejos.com.ar\/2021\/se-habria-confirmado-el-vinculo-de-espert-con-un-narcotraficante\/#primaryimage\"},\"thumbnailUrl\":\"https:\/\/www.noticiasradioreflejos.com.ar\/2021\/wp-content\/uploads\/2025\/09\/Espert.jpg\",\"datePublished\":\"2025-09-29T11:03:39+00:00\",\"author\":{\"@id\":\"https:\/\/www.noticiasradioreflejos.com.ar\/2021\/#\/schema\/person\/ad82545263dcc5ec0996818884fd5fb1\"},\"breadcrumb\":{\"@id\":\"https:\/\/www.noticiasradioreflejos.com.ar\/2021\/se-habria-confirmado-el-vinculo-de-espert-con-un-narcotraficante\/#breadcrumb\"},\"inLanguage\":\"es\",\"potentialAction\":[{\"@type\":\"ReadAction\",\"target\":[\"https:\/\/www.noticiasradioreflejos.com.ar\/2021\/se-habria-confirmado-el-vinculo-de-espert-con-un-narcotraficante\/\"]}]},{\"@type\":\"ImageObject\",\"inLanguage\":\"es\",\"@id\":\"https:\/\/www.noticiasradioreflejos.com.ar\/2021\/se-habria-confirmado-el-vinculo-de-espert-con-un-narcotraficante\/#primaryimage\",\"url\":\"https:\/\/www.noticiasradioreflejos.com.ar\/2021\/wp-content\/uploads\/2025\/09\/Espert.jpg\",\"contentUrl\":\"https:\/\/www.noticiasradioreflejos.com.ar\/2021\/wp-content\/uploads\/2025\/09\/Espert.jpg\",\"width\":1184,\"height\":603},{\"@type\":\"BreadcrumbList\",\"@id\":\"https:\/\/www.noticiasradioreflejos.com.ar\/2021\/se-habria-confirmado-el-vinculo-de-espert-con-un-narcotraficante\/#breadcrumb\",\"itemListElement\":[{\"@type\":\"ListItem\",\"position\":1,\"name\":\"Portada\",\"item\":\"https:\/\/www.noticiasradioreflejos.com.ar\/2021\/\"},{\"@type\":\"ListItem\",\"position\":2,\"name\":\"Se habr\u00eda confirmado el v\u00ednculo de Espert con un narcotraficante\"}]},{\"@type\":\"WebSite\",\"@id\":\"https:\/\/www.noticiasradioreflejos.com.ar\/2021\/#website\",\"url\":\"https:\/\/www.noticiasradioreflejos.com.ar\/2021\/\",\"name\":\"Noticias Radio Reflejos\",\"description\":\"Las noticias de mi comarca\",\"potentialAction\":[{\"@type\":\"SearchAction\",\"target\":{\"@type\":\"EntryPoint\",\"urlTemplate\":\"https:\/\/www.noticiasradioreflejos.com.ar\/2021\/?s={search_term_string}\"},\"query-input\":{\"@type\":\"PropertyValueSpecification\",\"valueRequired\":true,\"valueName\":\"search_term_string\"}}],\"inLanguage\":\"es\"},{\"@type\":\"Person\",\"@id\":\"https:\/\/www.noticiasradioreflejos.com.ar\/2021\/#\/schema\/person\/ad82545263dcc5ec0996818884fd5fb1\",\"name\":\"Arnaldo Botto\",\"image\":{\"@type\":\"ImageObject\",\"inLanguage\":\"es\",\"@id\":\"https:\/\/www.noticiasradioreflejos.com.ar\/2021\/#\/schema\/person\/image\/\",\"url\":\"https:\/\/secure.gravatar.com\/avatar\/55cb5e37c1efa326397366e6974cb338056df65cb50e7d64d1cf314e87504837?s=96&d=mm&r=g\",\"contentUrl\":\"https:\/\/secure.gravatar.com\/avatar\/55cb5e37c1efa326397366e6974cb338056df65cb50e7d64d1cf314e87504837?s=96&d=mm&r=g\",\"caption\":\"Arnaldo Botto\"},\"url\":\"https:\/\/www.noticiasradioreflejos.com.ar\/2021\/author\/arnaldo\/\"}]}<\/script>\n<!-- \/ Yoast SEO plugin. -->","yoast_head_json":{"title":"Se habr\u00eda confirmado el v\u00ednculo de Espert con un narcotraficante - Noticias Radio Reflejos","robots":{"index":"index","follow":"follow","max-snippet":"max-snippet:-1","max-image-preview":"max-image-preview:large","max-video-preview":"max-video-preview:-1"},"canonical":"https:\/\/www.noticiasradioreflejos.com.ar\/2021\/se-habria-confirmado-el-vinculo-de-espert-con-un-narcotraficante\/","og_locale":"es_ES","og_type":"article","og_title":"Se habr\u00eda confirmado el v\u00ednculo de Espert con un narcotraficante - Noticias Radio Reflejos","og_description":"Por documentos oficiales de la justicia de Estados Unidos, el diputado argentino habr\u00eda recibido 200.000 d\u00f3lares el 1 de febrero de 2020 proveniente de Antonio Fred Machado.","og_url":"https:\/\/www.noticiasradioreflejos.com.ar\/2021\/se-habria-confirmado-el-vinculo-de-espert-con-un-narcotraficante\/","og_site_name":"Noticias Radio Reflejos","article_published_time":"2025-09-29T11:03:39+00:00","og_image":[{"width":1184,"height":603,"url":"https:\/\/www.noticiasradioreflejos.com.ar\/2021\/wp-content\/uploads\/2025\/09\/Espert.jpg","type":"image\/jpeg"}],"author":"Arnaldo Botto","twitter_card":"summary_large_image","schema":{"@context":"https:\/\/schema.org","@graph":[{"@type":"WebPage","@id":"https:\/\/www.noticiasradioreflejos.com.ar\/2021\/se-habria-confirmado-el-vinculo-de-espert-con-un-narcotraficante\/","url":"https:\/\/www.noticiasradioreflejos.com.ar\/2021\/se-habria-confirmado-el-vinculo-de-espert-con-un-narcotraficante\/","name":"Se habr\u00eda confirmado el v\u00ednculo de Espert con un narcotraficante - Noticias Radio Reflejos","isPartOf":{"@id":"https:\/\/www.noticiasradioreflejos.com.ar\/2021\/#website"},"primaryImageOfPage":{"@id":"https:\/\/www.noticiasradioreflejos.com.ar\/2021\/se-habria-confirmado-el-vinculo-de-espert-con-un-narcotraficante\/#primaryimage"},"image":{"@id":"https:\/\/www.noticiasradioreflejos.com.ar\/2021\/se-habria-confirmado-el-vinculo-de-espert-con-un-narcotraficante\/#primaryimage"},"thumbnailUrl":"https:\/\/www.noticiasradioreflejos.com.ar\/2021\/wp-content\/uploads\/2025\/09\/Espert.jpg","datePublished":"2025-09-29T11:03:39+00:00","author":{"@id":"https:\/\/www.noticiasradioreflejos.com.ar\/2021\/#\/schema\/person\/ad82545263dcc5ec0996818884fd5fb1"},"breadcrumb":{"@id":"https:\/\/www.noticiasradioreflejos.com.ar\/2021\/se-habria-confirmado-el-vinculo-de-espert-con-un-narcotraficante\/#breadcrumb"},"inLanguage":"es","potentialAction":[{"@type":"ReadAction","target":["https:\/\/www.noticiasradioreflejos.com.ar\/2021\/se-habria-confirmado-el-vinculo-de-espert-con-un-narcotraficante\/"]}]},{"@type":"ImageObject","inLanguage":"es","@id":"https:\/\/www.noticiasradioreflejos.com.ar\/2021\/se-habria-confirmado-el-vinculo-de-espert-con-un-narcotraficante\/#primaryimage","url":"https:\/\/www.noticiasradioreflejos.com.ar\/2021\/wp-content\/uploads\/2025\/09\/Espert.jpg","contentUrl":"https:\/\/www.noticiasradioreflejos.com.ar\/2021\/wp-content\/uploads\/2025\/09\/Espert.jpg","width":1184,"height":603},{"@type":"BreadcrumbList","@id":"https:\/\/www.noticiasradioreflejos.com.ar\/2021\/se-habria-confirmado-el-vinculo-de-espert-con-un-narcotraficante\/#breadcrumb","itemListElement":[{"@type":"ListItem","position":1,"name":"Portada","item":"https:\/\/www.noticiasradioreflejos.com.ar\/2021\/"},{"@type":"ListItem","position":2,"name":"Se habr\u00eda confirmado el v\u00ednculo de Espert con un narcotraficante"}]},{"@type":"WebSite","@id":"https:\/\/www.noticiasradioreflejos.com.ar\/2021\/#website","url":"https:\/\/www.noticiasradioreflejos.com.ar\/2021\/","name":"Noticias Radio Reflejos","description":"Las noticias de mi comarca","potentialAction":[{"@type":"SearchAction","target":{"@type":"EntryPoint","urlTemplate":"https:\/\/www.noticiasradioreflejos.com.ar\/2021\/?s={search_term_string}"},"query-input":{"@type":"PropertyValueSpecification","valueRequired":true,"valueName":"search_term_string"}}],"inLanguage":"es"},{"@type":"Person","@id":"https:\/\/www.noticiasradioreflejos.com.ar\/2021\/#\/schema\/person\/ad82545263dcc5ec0996818884fd5fb1","name":"Arnaldo Botto","image":{"@type":"ImageObject","inLanguage":"es","@id":"https:\/\/www.noticiasradioreflejos.com.ar\/2021\/#\/schema\/person\/image\/","url":"https:\/\/secure.gravatar.com\/avatar\/55cb5e37c1efa326397366e6974cb338056df65cb50e7d64d1cf314e87504837?s=96&d=mm&r=g","contentUrl":"https:\/\/secure.gravatar.com\/avatar\/55cb5e37c1efa326397366e6974cb338056df65cb50e7d64d1cf314e87504837?s=96&d=mm&r=g","caption":"Arnaldo Botto"},"url":"https:\/\/www.noticiasradioreflejos.com.ar\/2021\/author\/arnaldo\/"}]}},"_links":{"self":[{"href":"https:\/\/www.noticiasradioreflejos.com.ar\/2021\/wp-json\/wp\/v2\/posts\/125808","targetHints":{"allow":["GET"]}}],"collection":[{"href":"https:\/\/www.noticiasradioreflejos.com.ar\/2021\/wp-json\/wp\/v2\/posts"}],"about":[{"href":"https:\/\/www.noticiasradioreflejos.com.ar\/2021\/wp-json\/wp\/v2\/types\/post"}],"author":[{"embeddable":true,"href":"https:\/\/www.noticiasradioreflejos.com.ar\/2021\/wp-json\/wp\/v2\/users\/3"}],"replies":[{"embeddable":true,"href":"https:\/\/www.noticiasradioreflejos.com.ar\/2021\/wp-json\/wp\/v2\/comments?post=125808"}],"version-history":[{"count":1,"href":"https:\/\/www.noticiasradioreflejos.com.ar\/2021\/wp-json\/wp\/v2\/posts\/125808\/revisions"}],"predecessor-version":[{"id":125810,"href":"https:\/\/www.noticiasradioreflejos.com.ar\/2021\/wp-json\/wp\/v2\/posts\/125808\/revisions\/125810"}],"wp:featuredmedia":[{"embeddable":true,"href":"https:\/\/www.noticiasradioreflejos.com.ar\/2021\/wp-json\/wp\/v2\/media\/125809"}],"wp:attachment":[{"href":"https:\/\/www.noticiasradioreflejos.com.ar\/2021\/wp-json\/wp\/v2\/media?parent=125808"}],"wp:term":[{"taxonomy":"category","embeddable":true,"href":"https:\/\/www.noticiasradioreflejos.com.ar\/2021\/wp-json\/wp\/v2\/categories?post=125808"},{"taxonomy":"post_tag","embeddable":true,"href":"https:\/\/www.noticiasradioreflejos.com.ar\/2021\/wp-json\/wp\/v2\/tags?post=125808"}],"curies":[{"name":"wp","href":"https:\/\/api.w.org\/{rel}","templated":true}]}}