{"id":125804,"date":"2025-09-29T07:27:50","date_gmt":"2025-09-29T10:27:50","guid":{"rendered":"https:\/\/www.noticiasradioreflejos.com.ar\/2021\/?p=125804"},"modified":"2025-09-29T07:27:50","modified_gmt":"2025-09-29T10:27:50","slug":"anmat-prohibio-la-venta-de-dos-marcas-de-aceite-de-oliva","status":"publish","type":"post","link":"https:\/\/www.noticiasradioreflejos.com.ar\/2021\/anmat-prohibio-la-venta-de-dos-marcas-de-aceite-de-oliva\/","title":{"rendered":"ANMAT prohibi\u00f3 la venta de dos marcas de aceite de oliva"},"content":{"rendered":"<p>Fue por irregularidades en su rotulado y en la validez de los registros sanitarios informados.<!--more--><\/p>\n<p>La Administraci\u00f3n Nacional de Medicamentos, Alimentos y Tecnolog\u00eda M\u00e9dica (ANMAT) <strong>prohibi\u00f3 la venta de otras dos marcas de aceite de oliva<\/strong>, debido a irregularidades en su rotulado y en la validez de los registros sanitarios informados.<\/p>\n<p>La medida alcanza tanto a art\u00edculos vendidos en el \u00e1mbito f\u00edsico como en plataformas de venta en l\u00ednea. De acuerdo con lo establecido en la Disposici\u00f3n 7215\/2025 \u2014publicada esta madrugada en el Bolet\u00edn Oficial\u2014, la orden recae sobre el\u00a0<strong>\u201cAceite de oliva, virgen extra de primera presi\u00f3n en fr\u00edo, Oliva extra virgen\u201d de la marca \u201cEstancia Olivares. Origen de Mendoza<\/strong>; RNE 13310522; RNPA 13496730\u201d.<\/p>\n<p>Como suele suceder en estos procedimientos, la intervenci\u00f3n de la ANMAT se origin\u00f3 a partir de la consulta de un particular que advirti\u00f3 sobre posibles irregularidades en la genuinidad del producto. Ante ese planteo, el Instituto Nacional de Alimentos (INAL) realiz\u00f3 consultas con la Direcci\u00f3n de Fiscalizaci\u00f3n, Control y Tecnolog\u00eda Agroindustrial de la provincia de la cual proviene, con el fin de \u201cverificar si el Registro Nacional de Establecimiento (RNE) y el Registro Nacional de Producto Alimenticio (RNPA) que se exhiben en el r\u00f3tulo del producto investigado se encuentran autorizados; quien indic\u00f3 que ambos registros son inexistentes\u201d.<\/p>\n<p>La respuesta de las autoridades mendocinas determinaron que los n\u00fameros declarados en la etiqueta no figuran en la base de datos oficiales, lo que deja al producto sin respaldo legal y sanitario frente a los requerimientos del C\u00f3digo Alimentario Argentino y otras normativas vigentes. El informe emitido por el INAL precis\u00f3 que el aceite elaborado bajo esa identificaci\u00f3n se encuentra \u201cen infracci\u00f3n al art\u00edculo 3\u00b0 de la Ley N\u00b0 18.284, al art\u00edculo 3\u00b0 del Anexo II del Decreto N\u00b0 2126\/71, y a los art\u00edculos 6 bis y 13 del C\u00f3digo Alimentario Argentino, por carecer de registros sanitarios de establecimiento y de producto, y por estar falsamente rotulado\u201d.<\/p>\n<p>Como resultado de la investigaci\u00f3n, el organismo nacional resolvi\u00f3 prohibir la elaboraci\u00f3n, fraccionamiento y comercializaci\u00f3n del mencionado aceite de oliva en cualquier presentaci\u00f3n, lote o fecha de vencimiento a nivel nacional y a trav\u00e9s de Internet por decisi\u00f3n del Departamento que indic\u00f3 que el producto \u201cno puede ser identificado en forma fehaciente y clara como producido, elaborado y\/o fraccionado en un establecimiento determinado\u201d.<\/p>\n<p>En simult\u00e1neo, a trav\u00e9s de la Disposici\u00f3n 7214\/2025, se aplic\u00f3 la misma decisi\u00f3n sobre otro producto de similares caracter\u00edsticas. En este caso, la consulta inicial se pos\u00f3 sobre un\u00a0<strong>\u201caceite de oliva extra virgen marca Morando Premium, primera prensada en fr\u00edo; RNPA 03001163-5; RNE 03000150\u201d<\/strong>. Las actuaciones para determinar su autenticidad tambi\u00e9n estuvieron a cargo del INAL, que solicit\u00f3 informaci\u00f3n a la Direcci\u00f3n de Calidad Alimentaria de la provincia de Catamarca para constatar la existencia de los registros mencionados en el envase.<\/p>\n<p>La respuesta oficial estableci\u00f3 que ninguno de los mencionados n\u00fameros figuran en los listados habilitados. En consecuencia, el producto fue calificado por el INAL como \u201cap\u00f3crifo\u201d, en infracci\u00f3n a los mismos art\u00edculos legales que el anterior. No se lo consider\u00f3, por tanto, como elaborado, fraccionado o producido en un establecimiento espec\u00edfico y habilitado conforme la normativa alimentaria, un requisito indispensable para alimentos que se distribuyen en el circuito comercial argentino.<\/p>\n<p>La disposici\u00f3n instruye, del mismo modo que con el otro aceite, la prohibici\u00f3n de elaboraci\u00f3n y comercializaci\u00f3n en todo el pa\u00eds de la mencionada marca, as\u00ed como la inclusi\u00f3n de todos aquellos productos que, sin importar su procedencia, contengan las series descritas anteriormente en las etiquetas.<\/p>\n<p>En ambos casos, la medida tiene como fundamento la protecci\u00f3n de la salud p\u00fablica y la prevenci\u00f3n frente a eventuales riesgos derivados del consumo de productos alimenticios sin procedencia confiable ni garant\u00edas sanitarias. Los controles, seg\u00fan se desprende de las actuaciones del organismo, hacen foco en la trazabilidad, el origen verificable de la mercader\u00eda y la veracidad de la informaci\u00f3n suministrada al consumidor.<\/p>\n<p>A su vez, ANMAT reiter\u00f3 la importancia de que los consumidores verifiquen siempre la informaci\u00f3n de los r\u00f3tulos y consulten ante cualquier duda sobre la seguridad, legalidad o autenticidad de los alimentos y bebidas antes de adquirirlos o consumirlos.<\/p>\n<p>Fuente: diario Infobae<\/p>\n<\/div>\n<\/div>\n","protected":false},"excerpt":{"rendered":"<p>Fue por irregularidades en su rotulado y en la validez de los registros sanitarios informados.<\/p>\n","protected":false},"author":3,"featured_media":120106,"comment_status":"closed","ping_status":"closed","sticky":false,"template":"","format":"standard","meta":{"footnotes":""},"categories":[26],"tags":[],"class_list":["post-125804","post","type-post","status-publish","format-standard","has-post-thumbnail","hentry","category-sociedad"],"yoast_head":"<!-- This site is optimized with the Yoast SEO plugin v25.9 - https:\/\/yoast.com\/wordpress\/plugins\/seo\/ -->\n<title>ANMAT prohibi\u00f3 la venta de dos marcas de aceite de oliva - Noticias Radio Reflejos<\/title>\n<meta name=\"robots\" content=\"index, follow, max-snippet:-1, max-image-preview:large, max-video-preview:-1\" \/>\n<link rel=\"canonical\" href=\"https:\/\/www.noticiasradioreflejos.com.ar\/2021\/anmat-prohibio-la-venta-de-dos-marcas-de-aceite-de-oliva\/\" \/>\n<meta property=\"og:locale\" content=\"es_ES\" \/>\n<meta property=\"og:type\" content=\"article\" \/>\n<meta property=\"og:title\" content=\"ANMAT prohibi\u00f3 la venta de dos marcas de aceite de oliva - Noticias Radio Reflejos\" \/>\n<meta property=\"og:description\" content=\"Fue por irregularidades en su rotulado y en la validez de los registros sanitarios informados.\" \/>\n<meta property=\"og:url\" content=\"https:\/\/www.noticiasradioreflejos.com.ar\/2021\/anmat-prohibio-la-venta-de-dos-marcas-de-aceite-de-oliva\/\" \/>\n<meta property=\"og:site_name\" content=\"Noticias Radio Reflejos\" \/>\n<meta property=\"article:published_time\" content=\"2025-09-29T10:27:50+00:00\" \/>\n<meta property=\"og:image\" content=\"https:\/\/www.noticiasradioreflejos.com.ar\/2021\/wp-content\/uploads\/2025\/06\/aceite-1.jpg\" \/>\n\t<meta property=\"og:image:width\" content=\"1000\" \/>\n\t<meta property=\"og:image:height\" content=\"562\" \/>\n\t<meta property=\"og:image:type\" content=\"image\/jpeg\" \/>\n<meta name=\"author\" content=\"Arnaldo Botto\" \/>\n<meta name=\"twitter:card\" content=\"summary_large_image\" \/>\n<script type=\"application\/ld+json\" class=\"yoast-schema-graph\">{\"@context\":\"https:\/\/schema.org\",\"@graph\":[{\"@type\":\"WebPage\",\"@id\":\"https:\/\/www.noticiasradioreflejos.com.ar\/2021\/anmat-prohibio-la-venta-de-dos-marcas-de-aceite-de-oliva\/\",\"url\":\"https:\/\/www.noticiasradioreflejos.com.ar\/2021\/anmat-prohibio-la-venta-de-dos-marcas-de-aceite-de-oliva\/\",\"name\":\"ANMAT prohibi\u00f3 la venta de dos marcas de aceite de oliva - Noticias Radio Reflejos\",\"isPartOf\":{\"@id\":\"https:\/\/www.noticiasradioreflejos.com.ar\/2021\/#website\"},\"primaryImageOfPage\":{\"@id\":\"https:\/\/www.noticiasradioreflejos.com.ar\/2021\/anmat-prohibio-la-venta-de-dos-marcas-de-aceite-de-oliva\/#primaryimage\"},\"image\":{\"@id\":\"https:\/\/www.noticiasradioreflejos.com.ar\/2021\/anmat-prohibio-la-venta-de-dos-marcas-de-aceite-de-oliva\/#primaryimage\"},\"thumbnailUrl\":\"https:\/\/www.noticiasradioreflejos.com.ar\/2021\/wp-content\/uploads\/2025\/06\/aceite-1.jpg\",\"datePublished\":\"2025-09-29T10:27:50+00:00\",\"author\":{\"@id\":\"https:\/\/www.noticiasradioreflejos.com.ar\/2021\/#\/schema\/person\/ad82545263dcc5ec0996818884fd5fb1\"},\"breadcrumb\":{\"@id\":\"https:\/\/www.noticiasradioreflejos.com.ar\/2021\/anmat-prohibio-la-venta-de-dos-marcas-de-aceite-de-oliva\/#breadcrumb\"},\"inLanguage\":\"es\",\"potentialAction\":[{\"@type\":\"ReadAction\",\"target\":[\"https:\/\/www.noticiasradioreflejos.com.ar\/2021\/anmat-prohibio-la-venta-de-dos-marcas-de-aceite-de-oliva\/\"]}]},{\"@type\":\"ImageObject\",\"inLanguage\":\"es\",\"@id\":\"https:\/\/www.noticiasradioreflejos.com.ar\/2021\/anmat-prohibio-la-venta-de-dos-marcas-de-aceite-de-oliva\/#primaryimage\",\"url\":\"https:\/\/www.noticiasradioreflejos.com.ar\/2021\/wp-content\/uploads\/2025\/06\/aceite-1.jpg\",\"contentUrl\":\"https:\/\/www.noticiasradioreflejos.com.ar\/2021\/wp-content\/uploads\/2025\/06\/aceite-1.jpg\",\"width\":1000,\"height\":562},{\"@type\":\"BreadcrumbList\",\"@id\":\"https:\/\/www.noticiasradioreflejos.com.ar\/2021\/anmat-prohibio-la-venta-de-dos-marcas-de-aceite-de-oliva\/#breadcrumb\",\"itemListElement\":[{\"@type\":\"ListItem\",\"position\":1,\"name\":\"Portada\",\"item\":\"https:\/\/www.noticiasradioreflejos.com.ar\/2021\/\"},{\"@type\":\"ListItem\",\"position\":2,\"name\":\"ANMAT prohibi\u00f3 la venta de dos marcas de aceite de oliva\"}]},{\"@type\":\"WebSite\",\"@id\":\"https:\/\/www.noticiasradioreflejos.com.ar\/2021\/#website\",\"url\":\"https:\/\/www.noticiasradioreflejos.com.ar\/2021\/\",\"name\":\"Noticias Radio Reflejos\",\"description\":\"Las noticias de mi comarca\",\"potentialAction\":[{\"@type\":\"SearchAction\",\"target\":{\"@type\":\"EntryPoint\",\"urlTemplate\":\"https:\/\/www.noticiasradioreflejos.com.ar\/2021\/?s={search_term_string}\"},\"query-input\":{\"@type\":\"PropertyValueSpecification\",\"valueRequired\":true,\"valueName\":\"search_term_string\"}}],\"inLanguage\":\"es\"},{\"@type\":\"Person\",\"@id\":\"https:\/\/www.noticiasradioreflejos.com.ar\/2021\/#\/schema\/person\/ad82545263dcc5ec0996818884fd5fb1\",\"name\":\"Arnaldo Botto\",\"image\":{\"@type\":\"ImageObject\",\"inLanguage\":\"es\",\"@id\":\"https:\/\/www.noticiasradioreflejos.com.ar\/2021\/#\/schema\/person\/image\/\",\"url\":\"https:\/\/secure.gravatar.com\/avatar\/55cb5e37c1efa326397366e6974cb338056df65cb50e7d64d1cf314e87504837?s=96&d=mm&r=g\",\"contentUrl\":\"https:\/\/secure.gravatar.com\/avatar\/55cb5e37c1efa326397366e6974cb338056df65cb50e7d64d1cf314e87504837?s=96&d=mm&r=g\",\"caption\":\"Arnaldo Botto\"},\"url\":\"https:\/\/www.noticiasradioreflejos.com.ar\/2021\/author\/arnaldo\/\"}]}<\/script>\n<!-- \/ Yoast SEO plugin. -->","yoast_head_json":{"title":"ANMAT prohibi\u00f3 la venta de dos marcas de aceite de oliva - Noticias Radio Reflejos","robots":{"index":"index","follow":"follow","max-snippet":"max-snippet:-1","max-image-preview":"max-image-preview:large","max-video-preview":"max-video-preview:-1"},"canonical":"https:\/\/www.noticiasradioreflejos.com.ar\/2021\/anmat-prohibio-la-venta-de-dos-marcas-de-aceite-de-oliva\/","og_locale":"es_ES","og_type":"article","og_title":"ANMAT prohibi\u00f3 la venta de dos marcas de aceite de oliva - Noticias Radio Reflejos","og_description":"Fue por irregularidades en su rotulado y en la validez de los registros sanitarios informados.","og_url":"https:\/\/www.noticiasradioreflejos.com.ar\/2021\/anmat-prohibio-la-venta-de-dos-marcas-de-aceite-de-oliva\/","og_site_name":"Noticias Radio Reflejos","article_published_time":"2025-09-29T10:27:50+00:00","og_image":[{"width":1000,"height":562,"url":"https:\/\/www.noticiasradioreflejos.com.ar\/2021\/wp-content\/uploads\/2025\/06\/aceite-1.jpg","type":"image\/jpeg"}],"author":"Arnaldo Botto","twitter_card":"summary_large_image","schema":{"@context":"https:\/\/schema.org","@graph":[{"@type":"WebPage","@id":"https:\/\/www.noticiasradioreflejos.com.ar\/2021\/anmat-prohibio-la-venta-de-dos-marcas-de-aceite-de-oliva\/","url":"https:\/\/www.noticiasradioreflejos.com.ar\/2021\/anmat-prohibio-la-venta-de-dos-marcas-de-aceite-de-oliva\/","name":"ANMAT prohibi\u00f3 la venta de dos marcas de aceite de oliva - Noticias Radio Reflejos","isPartOf":{"@id":"https:\/\/www.noticiasradioreflejos.com.ar\/2021\/#website"},"primaryImageOfPage":{"@id":"https:\/\/www.noticiasradioreflejos.com.ar\/2021\/anmat-prohibio-la-venta-de-dos-marcas-de-aceite-de-oliva\/#primaryimage"},"image":{"@id":"https:\/\/www.noticiasradioreflejos.com.ar\/2021\/anmat-prohibio-la-venta-de-dos-marcas-de-aceite-de-oliva\/#primaryimage"},"thumbnailUrl":"https:\/\/www.noticiasradioreflejos.com.ar\/2021\/wp-content\/uploads\/2025\/06\/aceite-1.jpg","datePublished":"2025-09-29T10:27:50+00:00","author":{"@id":"https:\/\/www.noticiasradioreflejos.com.ar\/2021\/#\/schema\/person\/ad82545263dcc5ec0996818884fd5fb1"},"breadcrumb":{"@id":"https:\/\/www.noticiasradioreflejos.com.ar\/2021\/anmat-prohibio-la-venta-de-dos-marcas-de-aceite-de-oliva\/#breadcrumb"},"inLanguage":"es","potentialAction":[{"@type":"ReadAction","target":["https:\/\/www.noticiasradioreflejos.com.ar\/2021\/anmat-prohibio-la-venta-de-dos-marcas-de-aceite-de-oliva\/"]}]},{"@type":"ImageObject","inLanguage":"es","@id":"https:\/\/www.noticiasradioreflejos.com.ar\/2021\/anmat-prohibio-la-venta-de-dos-marcas-de-aceite-de-oliva\/#primaryimage","url":"https:\/\/www.noticiasradioreflejos.com.ar\/2021\/wp-content\/uploads\/2025\/06\/aceite-1.jpg","contentUrl":"https:\/\/www.noticiasradioreflejos.com.ar\/2021\/wp-content\/uploads\/2025\/06\/aceite-1.jpg","width":1000,"height":562},{"@type":"BreadcrumbList","@id":"https:\/\/www.noticiasradioreflejos.com.ar\/2021\/anmat-prohibio-la-venta-de-dos-marcas-de-aceite-de-oliva\/#breadcrumb","itemListElement":[{"@type":"ListItem","position":1,"name":"Portada","item":"https:\/\/www.noticiasradioreflejos.com.ar\/2021\/"},{"@type":"ListItem","position":2,"name":"ANMAT prohibi\u00f3 la venta de dos marcas de aceite de oliva"}]},{"@type":"WebSite","@id":"https:\/\/www.noticiasradioreflejos.com.ar\/2021\/#website","url":"https:\/\/www.noticiasradioreflejos.com.ar\/2021\/","name":"Noticias Radio Reflejos","description":"Las noticias de mi comarca","potentialAction":[{"@type":"SearchAction","target":{"@type":"EntryPoint","urlTemplate":"https:\/\/www.noticiasradioreflejos.com.ar\/2021\/?s={search_term_string}"},"query-input":{"@type":"PropertyValueSpecification","valueRequired":true,"valueName":"search_term_string"}}],"inLanguage":"es"},{"@type":"Person","@id":"https:\/\/www.noticiasradioreflejos.com.ar\/2021\/#\/schema\/person\/ad82545263dcc5ec0996818884fd5fb1","name":"Arnaldo Botto","image":{"@type":"ImageObject","inLanguage":"es","@id":"https:\/\/www.noticiasradioreflejos.com.ar\/2021\/#\/schema\/person\/image\/","url":"https:\/\/secure.gravatar.com\/avatar\/55cb5e37c1efa326397366e6974cb338056df65cb50e7d64d1cf314e87504837?s=96&d=mm&r=g","contentUrl":"https:\/\/secure.gravatar.com\/avatar\/55cb5e37c1efa326397366e6974cb338056df65cb50e7d64d1cf314e87504837?s=96&d=mm&r=g","caption":"Arnaldo Botto"},"url":"https:\/\/www.noticiasradioreflejos.com.ar\/2021\/author\/arnaldo\/"}]}},"_links":{"self":[{"href":"https:\/\/www.noticiasradioreflejos.com.ar\/2021\/wp-json\/wp\/v2\/posts\/125804","targetHints":{"allow":["GET"]}}],"collection":[{"href":"https:\/\/www.noticiasradioreflejos.com.ar\/2021\/wp-json\/wp\/v2\/posts"}],"about":[{"href":"https:\/\/www.noticiasradioreflejos.com.ar\/2021\/wp-json\/wp\/v2\/types\/post"}],"author":[{"embeddable":true,"href":"https:\/\/www.noticiasradioreflejos.com.ar\/2021\/wp-json\/wp\/v2\/users\/3"}],"replies":[{"embeddable":true,"href":"https:\/\/www.noticiasradioreflejos.com.ar\/2021\/wp-json\/wp\/v2\/comments?post=125804"}],"version-history":[{"count":1,"href":"https:\/\/www.noticiasradioreflejos.com.ar\/2021\/wp-json\/wp\/v2\/posts\/125804\/revisions"}],"predecessor-version":[{"id":125805,"href":"https:\/\/www.noticiasradioreflejos.com.ar\/2021\/wp-json\/wp\/v2\/posts\/125804\/revisions\/125805"}],"wp:featuredmedia":[{"embeddable":true,"href":"https:\/\/www.noticiasradioreflejos.com.ar\/2021\/wp-json\/wp\/v2\/media\/120106"}],"wp:attachment":[{"href":"https:\/\/www.noticiasradioreflejos.com.ar\/2021\/wp-json\/wp\/v2\/media?parent=125804"}],"wp:term":[{"taxonomy":"category","embeddable":true,"href":"https:\/\/www.noticiasradioreflejos.com.ar\/2021\/wp-json\/wp\/v2\/categories?post=125804"},{"taxonomy":"post_tag","embeddable":true,"href":"https:\/\/www.noticiasradioreflejos.com.ar\/2021\/wp-json\/wp\/v2\/tags?post=125804"}],"curies":[{"name":"wp","href":"https:\/\/api.w.org\/{rel}","templated":true}]}}