{"id":125800,"date":"2025-09-29T07:23:26","date_gmt":"2025-09-29T10:23:26","guid":{"rendered":"https:\/\/www.noticiasradioreflejos.com.ar\/2021\/?p=125800"},"modified":"2025-09-29T07:23:50","modified_gmt":"2025-09-29T10:23:50","slug":"se-registran-40-mil-infartos-al-ano-en-argentina-y-crece-la-preocupacion-por-los-casos-en-jovenes","status":"publish","type":"post","link":"https:\/\/www.noticiasradioreflejos.com.ar\/2021\/se-registran-40-mil-infartos-al-ano-en-argentina-y-crece-la-preocupacion-por-los-casos-en-jovenes\/","title":{"rendered":"Se registran 40 mil infartos al a\u00f1o en Argentina y crece la preocupaci\u00f3n por los casos en j\u00f3venes"},"content":{"rendered":"<p>Es la principal causa de muerte en nuestro pa\u00eds y su incidencia est\u00e1 levemente por encima de la media mundial. Ante los primeros s\u00edntomas es vital buscar atenci\u00f3n m\u00e9dica de inmediato. En el D\u00eda Mundial del Coraz\u00f3n, un repaso por las claves para la prevenci\u00f3n.<!--more--><\/p>\n<article class=\"article\">\n<div class=\"body-article \">\n<p class=\"paragraph\" data-mrf-recirculation=\"Links inline\">Hace a\u00f1os que las estad\u00edsticas sanitarias muestran que en\u00a0<b>Argentina<\/b>\u00a0la principal causa de muerte son\u00a0<b>los\u00a0<\/b><a title=\"https:\/\/www.infobae.com\/tag\/infarto\/\" href=\"https:\/\/www.infobae.com\/tag\/infarto\/\" target=\"_blank\" rel=\"noopener noreferrer\" data-mrf-link=\"https:\/\/www.infobae.com\/tag\/infarto\/\"><b>infartos<\/b><\/a><b>\u00a0agudos de miocardio<\/b>.<\/p>\n<p class=\"paragraph\" data-mrf-recirculation=\"Links inline\">A pesar de que muchos de sus factores de riesgo se pueden prevenir y controlar con un adecuado seguimiento m\u00e9dico, su impacto se sostiene en el tiempo y ahora los especialistas advierten por una tendencia que preocupa:\u00a0<b>cada vez es m\u00e1s frecuente que se presente en pacientes j\u00f3venes<\/b>.<\/p>\n<p class=\"paragraph\" data-mrf-recirculation=\"Links inline\">\u201cLa incidencia aumenta de forma significativa a partir de los\u00a0<b>45 a\u00f1os en los hombres\u00a0<\/b>y de los\u00a0<b>55 a\u00f1os en las mujeres<\/b>, aunque la creciente prevalencia de obesidad y\u00a0<b>diabetes est\u00e1 llevando a presentaciones m\u00e1s tempranas<\/b>. Los hombres muestran mayor riesgo en la mediana edad, pero en la poblaci\u00f3n femenina la p\u00e9rdida del efecto protector de los estr\u00f3genos despu\u00e9s de la menopausia reduce la diferencia y puede incluso revertirla en edades avanzadas\u201d, explica el doctor\u00a0<b>Juan Pablo Costabel<\/b>\u00a0(MN 119.403), jefe de la Unidad Coronaria e Internaci\u00f3n del ICBA Instituto Cardiovascular.<\/p>\n<div class=\"news-module\" data-mrf-recirculation=\"IL_m3kiGo-8SVS6m0U7OqrZLw\" data-testid=\"text-html\" data-mrf-experience=\"IL_m3kiGo-8SVS6m0U7OqrZLw\">\n<div class=\"recommended-card__info\">\n<p>&nbsp;<\/p>\n<div class=\"recommended-card__info-button recommended-card__info-button--deportes\">Dentro de los factores de riesgo para el infarto de miocardio, adem\u00e1s de la obesidad y la diabetes, se encuentran la <b>hipertensi\u00f3n arterial, la dislipidemia, el tabaquismo, el sedentarismo y la predisposici\u00f3n gen\u00e9tica o antecedentes familiares<\/b>\u00a0de enfermedad coronaria precoz. El especialista agrega que si bien factores como\u00a0<b>el estr\u00e9s cr\u00f3nico, los trastornos del sue\u00f1o o el descanso insuficiente\u00a0<\/b>no se consideran dentro de las se\u00f1ales de alerta tradicionales, \u201c<b>no deben minimizarse<\/b>, ya que favorecen la disfunci\u00f3n endotelial, hipertensi\u00f3n y procesos inflamatorios que potencian el riesgo cardiovascular global\u201d.<\/div>\n<\/div>\n<\/div>\n<div class=\"inline_2_DSK ad-wrapper ad-desktop\">\n<div class=\"dfpAd ad-inline\">\n<div id=\"infobae\/salud\/nota\/inline_2_DSK\" class=\"infobae\/salud\/nota\/inline_2_DSK arcad up-show\" data-google-query-id=\"CKX25KDf_Y8DFVpLuAQd_OY7VA\">\n<div id=\"google_ads_iframe_\/1058609\/infobae\/salud\/nota\/inline_2_DSK_0__container__\">\n<div class=\"upo-label\"><\/div>\n<\/div>\n<\/div>\n<\/div>\n<\/div>\n<p class=\"paragraph\" data-mrf-recirculation=\"Links inline\">La buena noticia es que el riesgo de sufrir un evento cardiovascular severo\u00a0<b>se puede reducir<\/b>\u00a0si se adopta una serie de medidas de prevenci\u00f3n. En el<b>\u00a0D\u00eda Mundial del Coraz\u00f3n<\/b>, que se conmemora este lunes 29 de septiembre, el objetivo es difundirlas para generar conciencia en la poblaci\u00f3n sobre el impacto de las patolog\u00edas cardiovasculares en nuestro pa\u00eds.<\/p>\n<div class=\"headline-wrapper\">\n<h2 class=\"header headline-class-h2\">M\u00e1s de 100 casos por d\u00eda<\/h2>\n<\/div>\n<p class=\"paragraph\" data-mrf-recirculation=\"Links inline\">En la Argentina se estima que ocurren aproximadamente\u00a0<b>40.000 infartos agudos de miocardio por a\u00f1o, a raz\u00f3n de m\u00e1s de 100 por d\u00eda,<\/b>\u00a0y la mortalidad cardiovascular total cerca del\u00a0<b>30% de todas las muertes<\/b>, una proporci\u00f3n\u00a0<b>semejante o levemente superior a la media mundial<\/b>\u00a0informada por la Organizaci\u00f3n Mundial de la Salud (OMS).<\/p>\n<p class=\"paragraph\" data-mrf-recirculation=\"Links inline\">\u201cEsta elevada cifra de mortalidad se explica porque abarca no solo la mortalidad intrahospitalaria, que ronda el 8% seg\u00fan registros de la Sociedad Argentina de Cardiolog\u00eda, sino tambi\u00e9n las muertes previas a la hospitalizaci\u00f3n, que incluyen\u00a0<b>muerte s\u00fabita o pacientes que no alcanzan a recibir asistencia m\u00e9dica<\/b>, y las posteriores al alta, tanto en el corto como en el largo plazo, vinculadas a reinfartos, arritmias, insuficiencia card\u00edaca y progresi\u00f3n de la aterosclerosis\u201d, detalla el doctor Costabel.<\/p>\n<div class=\"visual__image\"><picture><source srcset=\"https:\/\/www.infobae.com\/resizer\/v2\/SNQ3SYT7PRE4NPO2A4WHIUYYAM.jpg?auth=3f2ab42b5566627d4b65e8826d81a69dc49647d742f27e3031bdab5e5dfbf3e3&amp;smart=true&amp;width=992&amp;height=556&amp;quality=85\" media=\"(min-width: 1000px)\" \/><source srcset=\"https:\/\/www.infobae.com\/resizer\/v2\/SNQ3SYT7PRE4NPO2A4WHIUYYAM.jpg?auth=3f2ab42b5566627d4b65e8826d81a69dc49647d742f27e3031bdab5e5dfbf3e3&amp;smart=true&amp;width=768&amp;height=430&amp;quality=85\" media=\"(min-width: 768px)\" \/><source srcset=\"https:\/\/www.infobae.com\/resizer\/v2\/SNQ3SYT7PRE4NPO2A4WHIUYYAM.jpg?auth=3f2ab42b5566627d4b65e8826d81a69dc49647d742f27e3031bdab5e5dfbf3e3&amp;smart=true&amp;width=577&amp;height=323&amp;quality=85\" media=\"(min-width: 580px)\" \/><source srcset=\"https:\/\/www.infobae.com\/resizer\/v2\/SNQ3SYT7PRE4NPO2A4WHIUYYAM.jpg?auth=3f2ab42b5566627d4b65e8826d81a69dc49647d742f27e3031bdab5e5dfbf3e3&amp;smart=true&amp;width=420&amp;height=235&amp;quality=85\" media=\"(min-width: 350px)\" \/><source srcset=\"https:\/\/www.infobae.com\/resizer\/v2\/SNQ3SYT7PRE4NPO2A4WHIUYYAM.jpg?auth=3f2ab42b5566627d4b65e8826d81a69dc49647d742f27e3031bdab5e5dfbf3e3&amp;smart=true&amp;width=350&amp;height=196&amp;quality=85\" media=\"(min-width: 80px)\" \/><img loading=\"lazy\" decoding=\"async\" class=\"global-image\" src=\"https:\/\/www.infobae.com\/resizer\/v2\/SNQ3SYT7PRE4NPO2A4WHIUYYAM.jpg?auth=3f2ab42b5566627d4b65e8826d81a69dc49647d742f27e3031bdab5e5dfbf3e3&amp;smart=true&amp;width=350&amp;height=196&amp;quality=85\" alt=\"Controles m\u00e9dicos anuales permiten detectar\" width=\"1456\" height=\"816\" \/><\/picture><em>Controles m\u00e9dicos anuales permiten detectar factores de riesgo y contribuyen a la prevenci\u00f3n de infartos y enfermedades cardiovasculares (Imagen Ilustrativa Infobae)<\/em><\/div>\n<p class=\"paragraph\" data-mrf-recirculation=\"Links inline\">El s\u00edntoma m\u00e1s frecuente de un infarto es la\u00a0<b>sensaci\u00f3n de presi\u00f3n, opresi\u00f3n, ardor o dolor en el centro del pecho<\/b>\u00a0que puede durar varios minutos o aparecer y desaparecer. A menudo se siente como un peso fuerte, una quemaz\u00f3n o una sensaci\u00f3n de que el pecho est\u00e1 siendo apretado. El dolor\u00a0<b>puede extenderse hacia el brazo izquierdo, el cuello, la mand\u00edbula, la espalda o el abdomen<\/b>. A su vez, hay algunas se\u00f1ales de alerta que se presentan con menor frecuencia como la sudoraci\u00f3n intensa y repentina, que suele acompa\u00f1ar a una sensaci\u00f3n de mareo o debilidad. Algunas personas tambi\u00e9n pueden experimentar malestar estomacal, sensaci\u00f3n de indigesti\u00f3n o incluso v\u00f3mitos; mareos, v\u00e9rtigo o desmayo s\u00fabito.<\/p>\n<div class=\"headline-wrapper\">\n<h2 class=\"header headline-class-h2\">Los controles recomendados<\/h2>\n<\/div>\n<p class=\"paragraph\" data-mrf-recirculation=\"Links inline\">El cardi\u00f3logo\u00a0<b>Mart\u00edn Fasan\u00a0<\/b>(MN 166598), del staff de Cardiolog\u00eda del<b>\u00a0<\/b>ICBA Instituto Cardiovascular, explica que las personas que tienen mayor riesgo de sufrir un infarto de miocardio son aquellas que cuentan con alguno de los factores de riesgo cardiovascular. \u201cEstas caracter\u00edsticas\u00a0<b>favorecen el dep\u00f3sito de placas de colesterol en las arterias coronarias<\/b>, que son la base sobre la que se produce el infarto\u201d, sostiene.<\/p>\n<p class=\"paragraph\" data-mrf-recirculation=\"Links inline\">Los\u00a0<b>controles m\u00e9dicos<\/b>\u00a0son una herramienta clave para la prevenci\u00f3n de estos eventos severos y las indicaciones var\u00edan de acuerdo con\u00a0<b>la edad y los antecedentes de cada paciente<\/b>. Pueden incluir un examen f\u00edsico con medici\u00f3n de presi\u00f3n arterial, laboratorio con perfil de l\u00edpidos y glucosa en sangre, electrocardiograma, ecocardiograma para conocer la funci\u00f3n del coraz\u00f3n, ecograf\u00edas vasculares y tomograf\u00eda para detectar la presencia de placas en arterias y pruebas de esfuerzo, entre otros.<\/p>\n<p class=\"paragraph\" data-mrf-recirculation=\"Links inline\">\u201cSe sugiere hacer estos controles\u00a0<b>al menos una vez al a\u00f1o,<\/b>\u00a0especialmente en aquellos pacientes con infarto previo y con factores de riesgo. Adem\u00e1s, la enfermedad cardiovascular tiene un importante\u00a0<b>componente hereditario<\/b>, por lo que estos estudios tambi\u00e9n est\u00e1n destinados a aquellos pacientes con antecedentes familiares de infarto o ACV a edades tempranas\u201d, detalla el doctor Fasan.<\/p>\n<div class=\"visual__image\"><picture><source srcset=\"https:\/\/www.infobae.com\/resizer\/v2\/GUSQIXPDUFCGJORZ2GDDO2QOPI.jpg?auth=d9d8b6c5509abf868e34d0cfe77feb9d86ce43f474253044829b5933c8b9a37b&amp;smart=true&amp;width=992&amp;height=556&amp;quality=85\" media=\"(min-width: 1000px)\" \/><source srcset=\"https:\/\/www.infobae.com\/resizer\/v2\/GUSQIXPDUFCGJORZ2GDDO2QOPI.jpg?auth=d9d8b6c5509abf868e34d0cfe77feb9d86ce43f474253044829b5933c8b9a37b&amp;smart=true&amp;width=768&amp;height=430&amp;quality=85\" media=\"(min-width: 768px)\" \/><source srcset=\"https:\/\/www.infobae.com\/resizer\/v2\/GUSQIXPDUFCGJORZ2GDDO2QOPI.jpg?auth=d9d8b6c5509abf868e34d0cfe77feb9d86ce43f474253044829b5933c8b9a37b&amp;smart=true&amp;width=577&amp;height=323&amp;quality=85\" media=\"(min-width: 580px)\" \/><source srcset=\"https:\/\/www.infobae.com\/resizer\/v2\/GUSQIXPDUFCGJORZ2GDDO2QOPI.jpg?auth=d9d8b6c5509abf868e34d0cfe77feb9d86ce43f474253044829b5933c8b9a37b&amp;smart=true&amp;width=420&amp;height=235&amp;quality=85\" media=\"(min-width: 350px)\" \/><source srcset=\"https:\/\/www.infobae.com\/resizer\/v2\/GUSQIXPDUFCGJORZ2GDDO2QOPI.jpg?auth=d9d8b6c5509abf868e34d0cfe77feb9d86ce43f474253044829b5933c8b9a37b&amp;smart=true&amp;width=350&amp;height=196&amp;quality=85\" media=\"(min-width: 80px)\" \/><img loading=\"lazy\" decoding=\"async\" class=\"global-image\" src=\"https:\/\/www.infobae.com\/resizer\/v2\/GUSQIXPDUFCGJORZ2GDDO2QOPI.jpg?auth=d9d8b6c5509abf868e34d0cfe77feb9d86ce43f474253044829b5933c8b9a37b&amp;smart=true&amp;width=350&amp;height=196&amp;quality=85\" alt=\"La obesidad, la hipertensi\u00f3n arterial\" width=\"1456\" height=\"816\" \/><\/picture><em>La obesidad, la hipertensi\u00f3n arterial y la hipercolesterolemia se consideran factores de riesgo modificables sobre los que se puede intervenir (Imagen Ilustrativa Infobae)<\/em><\/div>\n<p class=\"paragraph\" data-mrf-recirculation=\"Links inline\">En la poblaci\u00f3n general, se recomienda hacer una evaluaci\u00f3n del riesgo de enfermedad cardiovascular (ECV)\u00a0<b>en varones mayores de 40 a\u00f1os y en mujeres mayores de 50<\/b>\u00a0que servir\u00e1 de base para determinar c\u00f3mo seguir adelante. Si existieran factores de riesgo cardiovascular,\u00a0<b>podr\u00eda considerarse con antelaci\u00f3n<\/b>.<\/p>\n<div class=\"headline-wrapper\">\n<h2 class=\"header headline-class-h2\">Qu\u00e9 podemos hacer para prevenir un infarto<\/h2>\n<\/div>\n<p class=\"paragraph\" data-mrf-recirculation=\"Links inline\">M\u00e1s all\u00e1 de los chequeos m\u00e9dicos para controlar la salud cardiovascular, el cuidado de nuestro coraz\u00f3n es una tarea que cada uno debe asumir con peque\u00f1os grandes h\u00e1bitos que permiten reducir riesgos. As\u00ed lo muestran las estad\u00edsticas: se estima que\u00a0<b>8 de cada 10 eventos card\u00edacos se podr\u00edan prevenir<\/b>.<\/p>\n<p class=\"paragraph\" data-mrf-recirculation=\"Links inline\">\u201cEs importante entender que la obesidad, hipertensi\u00f3n arterial, sedentarismo y la hipercolesterolemia son considerados\u00a0<b>factores de riesgo \u2018modificables\u2019<\/b>, es decir que podemos intervenir sobre ellos para mejorar nuestra salud cardiovascular y prevenir eventos. Adem\u00e1s de realizar los controles m\u00e9dicos adecuados y tomar la medicaci\u00f3n para controlar la glucemia, presi\u00f3n arterial y colesterol cuando est\u00e1 indicada,\u00a0<b>es fundamental realizar ejercicio<\/b>. Lo recomendado es realizar\u00a0<b>al menos 150 minutos de actividad f\u00edsica aer\u00f3bica moderada<\/b>\u00a0por semana\u201d, detalla el especialista del ICBA.<\/p>\n<div class=\"visual__image\"><picture><source srcset=\"https:\/\/www.infobae.com\/resizer\/v2\/PDQAXVBHDFBALJD7AYQK4FENLM.jpg?auth=26ff3cb857578fbb1bb420738476e8ba98c561b1538f2f47afafef8ad2f302c5&amp;smart=true&amp;width=992&amp;height=556&amp;quality=85\" media=\"(min-width: 1000px)\" \/><source srcset=\"https:\/\/www.infobae.com\/resizer\/v2\/PDQAXVBHDFBALJD7AYQK4FENLM.jpg?auth=26ff3cb857578fbb1bb420738476e8ba98c561b1538f2f47afafef8ad2f302c5&amp;smart=true&amp;width=768&amp;height=430&amp;quality=85\" media=\"(min-width: 768px)\" \/><source srcset=\"https:\/\/www.infobae.com\/resizer\/v2\/PDQAXVBHDFBALJD7AYQK4FENLM.jpg?auth=26ff3cb857578fbb1bb420738476e8ba98c561b1538f2f47afafef8ad2f302c5&amp;smart=true&amp;width=577&amp;height=323&amp;quality=85\" media=\"(min-width: 580px)\" \/><source srcset=\"https:\/\/www.infobae.com\/resizer\/v2\/PDQAXVBHDFBALJD7AYQK4FENLM.jpg?auth=26ff3cb857578fbb1bb420738476e8ba98c561b1538f2f47afafef8ad2f302c5&amp;smart=true&amp;width=420&amp;height=235&amp;quality=85\" media=\"(min-width: 350px)\" \/><source srcset=\"https:\/\/www.infobae.com\/resizer\/v2\/PDQAXVBHDFBALJD7AYQK4FENLM.jpg?auth=26ff3cb857578fbb1bb420738476e8ba98c561b1538f2f47afafef8ad2f302c5&amp;smart=true&amp;width=350&amp;height=196&amp;quality=85\" media=\"(min-width: 80px)\" \/><img loading=\"lazy\" decoding=\"async\" class=\"global-image\" src=\"https:\/\/www.infobae.com\/resizer\/v2\/PDQAXVBHDFBALJD7AYQK4FENLM.jpg?auth=26ff3cb857578fbb1bb420738476e8ba98c561b1538f2f47afafef8ad2f302c5&amp;smart=true&amp;width=350&amp;height=196&amp;quality=85\" alt=\"Ante s\u00edntomas como opresi\u00f3n en\" width=\"1456\" height=\"816\" \/><\/picture><em>Ante s\u00edntomas como opresi\u00f3n en el pecho o dolor irradiado se recomienda buscar atenci\u00f3n m\u00e9dica inmediata para reducir secuelas graves (Imagen Ilustrativa Infobae)<\/em><\/div>\n<p class=\"paragraph\" data-mrf-recirculation=\"Links inline\">Por otro lado, la recomendaci\u00f3n es llevar\u00a0<b>un plan de alimentaci\u00f3n balanceada<\/b>, que incorpore frutas y verduras, y a la vez reduzca carnes rojas y evite los alimentos ultraprocesados. Adem\u00e1s es clave\u00a0<b>limitar el consumo de alcohol y no fumar<\/b>, as\u00ed como tambi\u00e9n intentar reducir el estr\u00e9s y priorizar un buen descanso nocturno.<\/p>\n<div class=\"headline-wrapper\">\n<h2 class=\"header headline-class-h2\">La importancia de una r\u00e1pida respuesta<\/h2>\n<\/div>\n<p class=\"paragraph\" data-mrf-recirculation=\"Links inline\">En el marco del\u00a0<b>D\u00eda Mundial del Coraz\u00f3n<\/b>, uno de los grandes desaf\u00edos pendientes es lograr\u00a0<b>una respuesta m\u00e1s efectiva ante este tipo de episodios<\/b>. \u201cEn el manejo del infarto a\u00fan queda mucho por mejorar, especialmente en asegurar una reperfusi\u00f3n oportuna y de calidad. Los datos indirectos, como el bajo volumen de angioplastias y las bajas ventas de fibrinol\u00edticos (grupo de medicamentos que disuelven los co\u00e1gulos sangu\u00edneos que obstruyen arterias o venas, especialmente en casos de emergencia como ser un infarto de miocardio o accidente cerebrovascular), sugieren que la reperfusi\u00f3n est\u00e1 lejos de ser \u00f3ptima\u201d, plantea Costabel.<\/p>\n<div class=\"undefined ad-wrapper\">\n<div class=\"dfpAd \"><\/div>\n<\/div>\n<p class=\"paragraph\" data-mrf-recirculation=\"Links inline\">Cuando se sospecha de que se est\u00e1 desarrollando un infarto,\u00a0<b>es vital actuar r\u00e1pido<\/b>. Los expertos lo resumen con una frase:\u00a0<b>el tiempo es m\u00fasculo<\/b>. \u201cNo debemos demorar en concurrir a una guardia o en activar el sistema de emergencias (911). Una atenci\u00f3n m\u00e9dica a tiempo\u00a0<b>puede reducir la secuela que provoca el infarto en el coraz\u00f3n y salvar vidas<\/b>. Para esto debemos reconocer a tiempo los s\u00edntomas\u201d, detalla el doctor Fasan.<\/p>\n<div class=\"visual__image\"><picture><source srcset=\"https:\/\/www.infobae.com\/resizer\/v2\/DVWVU47VM545VZSVBKYFZCLOKI.jpg?auth=2952ee800585a12507b1f55ca1e8067313e0ecbead4777670430535fc1823f72&amp;smart=true&amp;width=992&amp;height=661&amp;quality=85\" media=\"(min-width: 1000px)\" \/><source srcset=\"https:\/\/www.infobae.com\/resizer\/v2\/DVWVU47VM545VZSVBKYFZCLOKI.jpg?auth=2952ee800585a12507b1f55ca1e8067313e0ecbead4777670430535fc1823f72&amp;smart=true&amp;width=768&amp;height=512&amp;quality=85\" media=\"(min-width: 768px)\" \/><source srcset=\"https:\/\/www.infobae.com\/resizer\/v2\/DVWVU47VM545VZSVBKYFZCLOKI.jpg?auth=2952ee800585a12507b1f55ca1e8067313e0ecbead4777670430535fc1823f72&amp;smart=true&amp;width=577&amp;height=385&amp;quality=85\" media=\"(min-width: 580px)\" \/><source srcset=\"https:\/\/www.infobae.com\/resizer\/v2\/DVWVU47VM545VZSVBKYFZCLOKI.jpg?auth=2952ee800585a12507b1f55ca1e8067313e0ecbead4777670430535fc1823f72&amp;smart=true&amp;width=420&amp;height=280&amp;quality=85\" media=\"(min-width: 350px)\" \/><source srcset=\"https:\/\/www.infobae.com\/resizer\/v2\/DVWVU47VM545VZSVBKYFZCLOKI.jpg?auth=2952ee800585a12507b1f55ca1e8067313e0ecbead4777670430535fc1823f72&amp;smart=true&amp;width=350&amp;height=233&amp;quality=85\" media=\"(min-width: 80px)\" \/><img loading=\"lazy\" decoding=\"async\" class=\"global-image\" src=\"https:\/\/www.infobae.com\/resizer\/v2\/DVWVU47VM545VZSVBKYFZCLOKI.jpg?auth=2952ee800585a12507b1f55ca1e8067313e0ecbead4777670430535fc1823f72&amp;smart=true&amp;width=350&amp;height=233&amp;quality=85\" alt=\"La formaci\u00f3n en RCP entre\" width=\"5472\" height=\"3648\" \/><\/picture><em>La formaci\u00f3n en RCP entre la poblaci\u00f3n es fundamental para mantener la circulaci\u00f3n y aumentar las posibilidades de supervivencia (REUTERS\/Carlos Jasso)<\/em><\/div>\n<p class=\"paragraph\" data-mrf-recirculation=\"Links inline\">Tras un infarto puede desencadenarse un paro card\u00edaco y elevar el riesgo de vida del paciente. En este contexto, es fundamental que se promueva la<b>\u00a0formaci\u00f3n en reanimaci\u00f3n cardiopulmonar (RCP) entre la poblaci\u00f3n<\/b>. \u201cUna adecuada reanimaci\u00f3n realizada a tiempo permite mantener la circulaci\u00f3n de sangre y ox\u00edgeno al cerebro y al coraz\u00f3n, ganar tiempo hasta que llegue el equipo de emergencia e incrementar significativamente las chances de supervivencia\u201d, concluye el experto del staff de cardiolog\u00eda del ICBA Instituto Cardiovascular.<\/p>\n<p class=\"paragraph\" data-mrf-recirculation=\"Links inline\"><i>*El\u00a0<\/i><i><b>Instituto Cardiovascular de Buenos Aires (ICBA)\u00a0<\/b><\/i><i>fue creado en 1978 con el objetivo de trabajar para que los pacientes con afecciones cardiovasculares vivan m\u00e1s y mejor. Es un centro de excelencia en el tratamiento de las enfermedades cardiovasculares y es una instituci\u00f3n referente en Argentina y la regi\u00f3n.<\/i><\/p>\n<div class=\"second-saved-buttons\">\n<div class=\"body-share-note\">\n<div class=\"share-note-txt\">Fuente Infobae<\/div>\n<div class=\"sharebar-container display_flex\">\n<div class=\"share-bar-article-date-container \"><\/div>\n<div class=\"sharebar-buttons-container display_flex\"><\/div>\n<\/div>\n<\/div>\n<\/div>\n<\/div>\n<\/article>\n","protected":false},"excerpt":{"rendered":"<p>Es la principal causa de muerte en nuestro pa\u00eds y su incidencia est\u00e1 levemente por encima de la media mundial. Ante los primeros s\u00edntomas es vital buscar atenci\u00f3n m\u00e9dica de inmediato. En el D\u00eda Mundial del Coraz\u00f3n, un repaso por las claves para la prevenci\u00f3n.<\/p>\n","protected":false},"author":3,"featured_media":125801,"comment_status":"closed","ping_status":"closed","sticky":false,"template":"","format":"standard","meta":{"footnotes":""},"categories":[30,26],"tags":[],"class_list":["post-125800","post","type-post","status-publish","format-standard","has-post-thumbnail","hentry","category-salud","category-sociedad"],"yoast_head":"<!-- This site is optimized with the Yoast SEO plugin v25.9 - https:\/\/yoast.com\/wordpress\/plugins\/seo\/ -->\n<title>Se registran 40 mil infartos al a\u00f1o en Argentina y crece la preocupaci\u00f3n por los casos en j\u00f3venes - Noticias Radio Reflejos<\/title>\n<meta name=\"robots\" content=\"index, follow, max-snippet:-1, max-image-preview:large, max-video-preview:-1\" \/>\n<link rel=\"canonical\" href=\"https:\/\/www.noticiasradioreflejos.com.ar\/2021\/se-registran-40-mil-infartos-al-ano-en-argentina-y-crece-la-preocupacion-por-los-casos-en-jovenes\/\" \/>\n<meta property=\"og:locale\" content=\"es_ES\" \/>\n<meta property=\"og:type\" content=\"article\" \/>\n<meta property=\"og:title\" content=\"Se registran 40 mil infartos al a\u00f1o en Argentina y crece la preocupaci\u00f3n por los casos en j\u00f3venes - Noticias Radio Reflejos\" \/>\n<meta property=\"og:description\" content=\"Es la principal causa de muerte en nuestro pa\u00eds y su incidencia est\u00e1 levemente por encima de la media mundial. Ante los primeros s\u00edntomas es vital buscar atenci\u00f3n m\u00e9dica de inmediato. En el D\u00eda Mundial del Coraz\u00f3n, un repaso por las claves para la prevenci\u00f3n.\" \/>\n<meta property=\"og:url\" content=\"https:\/\/www.noticiasradioreflejos.com.ar\/2021\/se-registran-40-mil-infartos-al-ano-en-argentina-y-crece-la-preocupacion-por-los-casos-en-jovenes\/\" \/>\n<meta property=\"og:site_name\" content=\"Noticias Radio Reflejos\" \/>\n<meta property=\"article:published_time\" content=\"2025-09-29T10:23:26+00:00\" \/>\n<meta property=\"article:modified_time\" content=\"2025-09-29T10:23:50+00:00\" \/>\n<meta property=\"og:image\" content=\"https:\/\/www.noticiasradioreflejos.com.ar\/2021\/wp-content\/uploads\/2025\/09\/infarto.jpg\" \/>\n\t<meta property=\"og:image:width\" content=\"768\" \/>\n\t<meta property=\"og:image:height\" content=\"429\" \/>\n\t<meta property=\"og:image:type\" content=\"image\/jpeg\" \/>\n<meta name=\"author\" content=\"Arnaldo Botto\" \/>\n<meta name=\"twitter:card\" content=\"summary_large_image\" \/>\n<script type=\"application\/ld+json\" class=\"yoast-schema-graph\">{\"@context\":\"https:\/\/schema.org\",\"@graph\":[{\"@type\":\"WebPage\",\"@id\":\"https:\/\/www.noticiasradioreflejos.com.ar\/2021\/se-registran-40-mil-infartos-al-ano-en-argentina-y-crece-la-preocupacion-por-los-casos-en-jovenes\/\",\"url\":\"https:\/\/www.noticiasradioreflejos.com.ar\/2021\/se-registran-40-mil-infartos-al-ano-en-argentina-y-crece-la-preocupacion-por-los-casos-en-jovenes\/\",\"name\":\"Se registran 40 mil infartos al a\u00f1o en Argentina y crece la preocupaci\u00f3n por los casos en j\u00f3venes - Noticias Radio Reflejos\",\"isPartOf\":{\"@id\":\"https:\/\/www.noticiasradioreflejos.com.ar\/2021\/#website\"},\"primaryImageOfPage\":{\"@id\":\"https:\/\/www.noticiasradioreflejos.com.ar\/2021\/se-registran-40-mil-infartos-al-ano-en-argentina-y-crece-la-preocupacion-por-los-casos-en-jovenes\/#primaryimage\"},\"image\":{\"@id\":\"https:\/\/www.noticiasradioreflejos.com.ar\/2021\/se-registran-40-mil-infartos-al-ano-en-argentina-y-crece-la-preocupacion-por-los-casos-en-jovenes\/#primaryimage\"},\"thumbnailUrl\":\"https:\/\/www.noticiasradioreflejos.com.ar\/2021\/wp-content\/uploads\/2025\/09\/infarto.jpg\",\"datePublished\":\"2025-09-29T10:23:26+00:00\",\"dateModified\":\"2025-09-29T10:23:50+00:00\",\"author\":{\"@id\":\"https:\/\/www.noticiasradioreflejos.com.ar\/2021\/#\/schema\/person\/ad82545263dcc5ec0996818884fd5fb1\"},\"breadcrumb\":{\"@id\":\"https:\/\/www.noticiasradioreflejos.com.ar\/2021\/se-registran-40-mil-infartos-al-ano-en-argentina-y-crece-la-preocupacion-por-los-casos-en-jovenes\/#breadcrumb\"},\"inLanguage\":\"es\",\"potentialAction\":[{\"@type\":\"ReadAction\",\"target\":[\"https:\/\/www.noticiasradioreflejos.com.ar\/2021\/se-registran-40-mil-infartos-al-ano-en-argentina-y-crece-la-preocupacion-por-los-casos-en-jovenes\/\"]}]},{\"@type\":\"ImageObject\",\"inLanguage\":\"es\",\"@id\":\"https:\/\/www.noticiasradioreflejos.com.ar\/2021\/se-registran-40-mil-infartos-al-ano-en-argentina-y-crece-la-preocupacion-por-los-casos-en-jovenes\/#primaryimage\",\"url\":\"https:\/\/www.noticiasradioreflejos.com.ar\/2021\/wp-content\/uploads\/2025\/09\/infarto.jpg\",\"contentUrl\":\"https:\/\/www.noticiasradioreflejos.com.ar\/2021\/wp-content\/uploads\/2025\/09\/infarto.jpg\",\"width\":768,\"height\":429},{\"@type\":\"BreadcrumbList\",\"@id\":\"https:\/\/www.noticiasradioreflejos.com.ar\/2021\/se-registran-40-mil-infartos-al-ano-en-argentina-y-crece-la-preocupacion-por-los-casos-en-jovenes\/#breadcrumb\",\"itemListElement\":[{\"@type\":\"ListItem\",\"position\":1,\"name\":\"Portada\",\"item\":\"https:\/\/www.noticiasradioreflejos.com.ar\/2021\/\"},{\"@type\":\"ListItem\",\"position\":2,\"name\":\"Se registran 40 mil infartos al a\u00f1o en Argentina y crece la preocupaci\u00f3n por los casos en j\u00f3venes\"}]},{\"@type\":\"WebSite\",\"@id\":\"https:\/\/www.noticiasradioreflejos.com.ar\/2021\/#website\",\"url\":\"https:\/\/www.noticiasradioreflejos.com.ar\/2021\/\",\"name\":\"Noticias Radio Reflejos\",\"description\":\"Las noticias de mi comarca\",\"potentialAction\":[{\"@type\":\"SearchAction\",\"target\":{\"@type\":\"EntryPoint\",\"urlTemplate\":\"https:\/\/www.noticiasradioreflejos.com.ar\/2021\/?s={search_term_string}\"},\"query-input\":{\"@type\":\"PropertyValueSpecification\",\"valueRequired\":true,\"valueName\":\"search_term_string\"}}],\"inLanguage\":\"es\"},{\"@type\":\"Person\",\"@id\":\"https:\/\/www.noticiasradioreflejos.com.ar\/2021\/#\/schema\/person\/ad82545263dcc5ec0996818884fd5fb1\",\"name\":\"Arnaldo Botto\",\"image\":{\"@type\":\"ImageObject\",\"inLanguage\":\"es\",\"@id\":\"https:\/\/www.noticiasradioreflejos.com.ar\/2021\/#\/schema\/person\/image\/\",\"url\":\"https:\/\/secure.gravatar.com\/avatar\/55cb5e37c1efa326397366e6974cb338056df65cb50e7d64d1cf314e87504837?s=96&d=mm&r=g\",\"contentUrl\":\"https:\/\/secure.gravatar.com\/avatar\/55cb5e37c1efa326397366e6974cb338056df65cb50e7d64d1cf314e87504837?s=96&d=mm&r=g\",\"caption\":\"Arnaldo Botto\"},\"url\":\"https:\/\/www.noticiasradioreflejos.com.ar\/2021\/author\/arnaldo\/\"}]}<\/script>\n<!-- \/ Yoast SEO plugin. -->","yoast_head_json":{"title":"Se registran 40 mil infartos al a\u00f1o en Argentina y crece la preocupaci\u00f3n por los casos en j\u00f3venes - Noticias Radio Reflejos","robots":{"index":"index","follow":"follow","max-snippet":"max-snippet:-1","max-image-preview":"max-image-preview:large","max-video-preview":"max-video-preview:-1"},"canonical":"https:\/\/www.noticiasradioreflejos.com.ar\/2021\/se-registran-40-mil-infartos-al-ano-en-argentina-y-crece-la-preocupacion-por-los-casos-en-jovenes\/","og_locale":"es_ES","og_type":"article","og_title":"Se registran 40 mil infartos al a\u00f1o en Argentina y crece la preocupaci\u00f3n por los casos en j\u00f3venes - Noticias Radio Reflejos","og_description":"Es la principal causa de muerte en nuestro pa\u00eds y su incidencia est\u00e1 levemente por encima de la media mundial. Ante los primeros s\u00edntomas es vital buscar atenci\u00f3n m\u00e9dica de inmediato. En el D\u00eda Mundial del Coraz\u00f3n, un repaso por las claves para la prevenci\u00f3n.","og_url":"https:\/\/www.noticiasradioreflejos.com.ar\/2021\/se-registran-40-mil-infartos-al-ano-en-argentina-y-crece-la-preocupacion-por-los-casos-en-jovenes\/","og_site_name":"Noticias Radio Reflejos","article_published_time":"2025-09-29T10:23:26+00:00","article_modified_time":"2025-09-29T10:23:50+00:00","og_image":[{"width":768,"height":429,"url":"https:\/\/www.noticiasradioreflejos.com.ar\/2021\/wp-content\/uploads\/2025\/09\/infarto.jpg","type":"image\/jpeg"}],"author":"Arnaldo Botto","twitter_card":"summary_large_image","schema":{"@context":"https:\/\/schema.org","@graph":[{"@type":"WebPage","@id":"https:\/\/www.noticiasradioreflejos.com.ar\/2021\/se-registran-40-mil-infartos-al-ano-en-argentina-y-crece-la-preocupacion-por-los-casos-en-jovenes\/","url":"https:\/\/www.noticiasradioreflejos.com.ar\/2021\/se-registran-40-mil-infartos-al-ano-en-argentina-y-crece-la-preocupacion-por-los-casos-en-jovenes\/","name":"Se registran 40 mil infartos al a\u00f1o en Argentina y crece la preocupaci\u00f3n por los casos en j\u00f3venes - Noticias Radio Reflejos","isPartOf":{"@id":"https:\/\/www.noticiasradioreflejos.com.ar\/2021\/#website"},"primaryImageOfPage":{"@id":"https:\/\/www.noticiasradioreflejos.com.ar\/2021\/se-registran-40-mil-infartos-al-ano-en-argentina-y-crece-la-preocupacion-por-los-casos-en-jovenes\/#primaryimage"},"image":{"@id":"https:\/\/www.noticiasradioreflejos.com.ar\/2021\/se-registran-40-mil-infartos-al-ano-en-argentina-y-crece-la-preocupacion-por-los-casos-en-jovenes\/#primaryimage"},"thumbnailUrl":"https:\/\/www.noticiasradioreflejos.com.ar\/2021\/wp-content\/uploads\/2025\/09\/infarto.jpg","datePublished":"2025-09-29T10:23:26+00:00","dateModified":"2025-09-29T10:23:50+00:00","author":{"@id":"https:\/\/www.noticiasradioreflejos.com.ar\/2021\/#\/schema\/person\/ad82545263dcc5ec0996818884fd5fb1"},"breadcrumb":{"@id":"https:\/\/www.noticiasradioreflejos.com.ar\/2021\/se-registran-40-mil-infartos-al-ano-en-argentina-y-crece-la-preocupacion-por-los-casos-en-jovenes\/#breadcrumb"},"inLanguage":"es","potentialAction":[{"@type":"ReadAction","target":["https:\/\/www.noticiasradioreflejos.com.ar\/2021\/se-registran-40-mil-infartos-al-ano-en-argentina-y-crece-la-preocupacion-por-los-casos-en-jovenes\/"]}]},{"@type":"ImageObject","inLanguage":"es","@id":"https:\/\/www.noticiasradioreflejos.com.ar\/2021\/se-registran-40-mil-infartos-al-ano-en-argentina-y-crece-la-preocupacion-por-los-casos-en-jovenes\/#primaryimage","url":"https:\/\/www.noticiasradioreflejos.com.ar\/2021\/wp-content\/uploads\/2025\/09\/infarto.jpg","contentUrl":"https:\/\/www.noticiasradioreflejos.com.ar\/2021\/wp-content\/uploads\/2025\/09\/infarto.jpg","width":768,"height":429},{"@type":"BreadcrumbList","@id":"https:\/\/www.noticiasradioreflejos.com.ar\/2021\/se-registran-40-mil-infartos-al-ano-en-argentina-y-crece-la-preocupacion-por-los-casos-en-jovenes\/#breadcrumb","itemListElement":[{"@type":"ListItem","position":1,"name":"Portada","item":"https:\/\/www.noticiasradioreflejos.com.ar\/2021\/"},{"@type":"ListItem","position":2,"name":"Se registran 40 mil infartos al a\u00f1o en Argentina y crece la preocupaci\u00f3n por los casos en j\u00f3venes"}]},{"@type":"WebSite","@id":"https:\/\/www.noticiasradioreflejos.com.ar\/2021\/#website","url":"https:\/\/www.noticiasradioreflejos.com.ar\/2021\/","name":"Noticias Radio Reflejos","description":"Las noticias de mi comarca","potentialAction":[{"@type":"SearchAction","target":{"@type":"EntryPoint","urlTemplate":"https:\/\/www.noticiasradioreflejos.com.ar\/2021\/?s={search_term_string}"},"query-input":{"@type":"PropertyValueSpecification","valueRequired":true,"valueName":"search_term_string"}}],"inLanguage":"es"},{"@type":"Person","@id":"https:\/\/www.noticiasradioreflejos.com.ar\/2021\/#\/schema\/person\/ad82545263dcc5ec0996818884fd5fb1","name":"Arnaldo Botto","image":{"@type":"ImageObject","inLanguage":"es","@id":"https:\/\/www.noticiasradioreflejos.com.ar\/2021\/#\/schema\/person\/image\/","url":"https:\/\/secure.gravatar.com\/avatar\/55cb5e37c1efa326397366e6974cb338056df65cb50e7d64d1cf314e87504837?s=96&d=mm&r=g","contentUrl":"https:\/\/secure.gravatar.com\/avatar\/55cb5e37c1efa326397366e6974cb338056df65cb50e7d64d1cf314e87504837?s=96&d=mm&r=g","caption":"Arnaldo Botto"},"url":"https:\/\/www.noticiasradioreflejos.com.ar\/2021\/author\/arnaldo\/"}]}},"_links":{"self":[{"href":"https:\/\/www.noticiasradioreflejos.com.ar\/2021\/wp-json\/wp\/v2\/posts\/125800","targetHints":{"allow":["GET"]}}],"collection":[{"href":"https:\/\/www.noticiasradioreflejos.com.ar\/2021\/wp-json\/wp\/v2\/posts"}],"about":[{"href":"https:\/\/www.noticiasradioreflejos.com.ar\/2021\/wp-json\/wp\/v2\/types\/post"}],"author":[{"embeddable":true,"href":"https:\/\/www.noticiasradioreflejos.com.ar\/2021\/wp-json\/wp\/v2\/users\/3"}],"replies":[{"embeddable":true,"href":"https:\/\/www.noticiasradioreflejos.com.ar\/2021\/wp-json\/wp\/v2\/comments?post=125800"}],"version-history":[{"count":2,"href":"https:\/\/www.noticiasradioreflejos.com.ar\/2021\/wp-json\/wp\/v2\/posts\/125800\/revisions"}],"predecessor-version":[{"id":125803,"href":"https:\/\/www.noticiasradioreflejos.com.ar\/2021\/wp-json\/wp\/v2\/posts\/125800\/revisions\/125803"}],"wp:featuredmedia":[{"embeddable":true,"href":"https:\/\/www.noticiasradioreflejos.com.ar\/2021\/wp-json\/wp\/v2\/media\/125801"}],"wp:attachment":[{"href":"https:\/\/www.noticiasradioreflejos.com.ar\/2021\/wp-json\/wp\/v2\/media?parent=125800"}],"wp:term":[{"taxonomy":"category","embeddable":true,"href":"https:\/\/www.noticiasradioreflejos.com.ar\/2021\/wp-json\/wp\/v2\/categories?post=125800"},{"taxonomy":"post_tag","embeddable":true,"href":"https:\/\/www.noticiasradioreflejos.com.ar\/2021\/wp-json\/wp\/v2\/tags?post=125800"}],"curies":[{"name":"wp","href":"https:\/\/api.w.org\/{rel}","templated":true}]}}