{"id":125798,"date":"2025-09-29T07:16:41","date_gmt":"2025-09-29T10:16:41","guid":{"rendered":"https:\/\/www.noticiasradioreflejos.com.ar\/2021\/?p=125798"},"modified":"2025-09-29T07:16:41","modified_gmt":"2025-09-29T10:16:41","slug":"tusi-un-bunker-tomado-a-sangre-y-fuego-y-un-sequito-de-perros-el-ministro-de-seguridad-dio-detalles-sobre-el-triple-femicidio","status":"publish","type":"post","link":"https:\/\/www.noticiasradioreflejos.com.ar\/2021\/tusi-un-bunker-tomado-a-sangre-y-fuego-y-un-sequito-de-perros-el-ministro-de-seguridad-dio-detalles-sobre-el-triple-femicidio\/","title":{"rendered":"Tusi, un b\u00fanker \u201ctomado a sangre y fuego\u201d y un s\u00e9quito de \u201cperros\u201d: el ministro de Seguridad dio detalles sobre el triple femicidio"},"content":{"rendered":"<p>Javier Alonso cont\u00f3 que adem\u00e1s de Peque\u00f1o J y Miguel Ozorio hay otros cuatro pr\u00f3fugos en la causa por los asesinatos, que ya tiene un sexteto de detenidos<!--more--><\/p>\n<div class=\"sharebar-buttons-container display_flex\">\n<p><b>Javier Alonso<\/b>, el ministro de Seguridad bonaerense, dio precisiones este domingo sobre la causa en la que se investiga el triple femicidio de\u00a0<b>Lara Guti\u00e9rrez (15)<\/b>,\u00a0<b>Morena Verdi (20)\u00a0<\/b>y\u00a0<b>Brenda del Castillo (20)<\/b>. El funcionario no s\u00f3lo advirti\u00f3 que hay\u00a0<b>otros cuatro \u201cpr\u00f3fugos\u201d<\/b>, adem\u00e1s de \u201cPeque\u00f1o J\u201d y su ladero Miguel Ozorio; tambi\u00e9n dijo que la droga con la que el principal sospechoso pretend\u00eda hacerse fuerte en el barrio porte\u00f1o del Bajo Flores y desembarcar en la localidad de Florencio Varela era<b>\u00a0Tusi.\u00a0<\/b>Y coment\u00f3 que son varias las personas que han testificado que<b>\u00a0\u201cvieron el video\u201d\u00a0<\/b>sobre el crimen de las chicas.<\/p>\n<p>&nbsp;<\/p>\n<\/div>\n<div class=\"body-article \">\n<div class=\"visual__image image-initial-width\"><picture><source srcset=\"https:\/\/www.infobae.com\/resizer\/v2\/MYFKFB6P5NHYLEYQ3TUIWIY5NM.png?auth=7503dd486ecfc73e3b9fffbc5fd91b5cc3efd9b839f34b32484436568e75c414&amp;smart=true&amp;width=992&amp;height=467&amp;quality=85\" media=\"(min-width: 1000px)\" \/><source srcset=\"https:\/\/www.infobae.com\/resizer\/v2\/MYFKFB6P5NHYLEYQ3TUIWIY5NM.png?auth=7503dd486ecfc73e3b9fffbc5fd91b5cc3efd9b839f34b32484436568e75c414&amp;smart=true&amp;width=768&amp;height=361&amp;quality=85\" media=\"(min-width: 768px)\" \/><source srcset=\"https:\/\/www.infobae.com\/resizer\/v2\/MYFKFB6P5NHYLEYQ3TUIWIY5NM.png?auth=7503dd486ecfc73e3b9fffbc5fd91b5cc3efd9b839f34b32484436568e75c414&amp;smart=true&amp;width=577&amp;height=272&amp;quality=85\" media=\"(min-width: 580px)\" \/><source srcset=\"https:\/\/www.infobae.com\/resizer\/v2\/MYFKFB6P5NHYLEYQ3TUIWIY5NM.png?auth=7503dd486ecfc73e3b9fffbc5fd91b5cc3efd9b839f34b32484436568e75c414&amp;smart=true&amp;width=420&amp;height=198&amp;quality=85\" media=\"(min-width: 350px)\" \/><source srcset=\"https:\/\/www.infobae.com\/resizer\/v2\/MYFKFB6P5NHYLEYQ3TUIWIY5NM.png?auth=7503dd486ecfc73e3b9fffbc5fd91b5cc3efd9b839f34b32484436568e75c414&amp;smart=true&amp;width=350&amp;height=165&amp;quality=85\" media=\"(min-width: 80px)\" \/><img loading=\"lazy\" decoding=\"async\" class=\"global-image\" src=\"https:\/\/www.infobae.com\/resizer\/v2\/MYFKFB6P5NHYLEYQ3TUIWIY5NM.png?auth=7503dd486ecfc73e3b9fffbc5fd91b5cc3efd9b839f34b32484436568e75c414&amp;smart=true&amp;width=350&amp;height=165&amp;quality=85\" alt=\"El ministro de Seguridad bonaerense,\" width=\"1173\" height=\"552\" \/><\/picture><em>El ministro de Seguridad bonaerense, Javier Alonso<\/em><\/div>\n<p class=\"paragraph\" data-mrf-recirculation=\"Links inline\">\n<p class=\"paragraph\" data-mrf-recirculation=\"Links inline\">En di\u00e1logo con\u00a0<i>GPS (Am\u00e9rica)<\/i>, Alonso ubic\u00f3 a\u00a0<b>Tony Janzen Valverde Victoriano<\/b>, alias\u00a0<b>\u201cPeque\u00f1o J\u201d<\/b>, como estable\u00a0<b>en la villa porte\u00f1a 21-24<\/b>. Y explic\u00f3 que all\u00ed su b\u00fanker fue \u201c<b>tomado a sangre y fuego, lo usurparon<\/b>\u201d.<\/p>\n<div class=\"inline ad-wrapper\">\n<div class=\"dfpAd ad-inline\">\n<div id=\"infobae\/sociedad\/policiales\/nota\/inline\" class=\"infobae\/sociedad\/policiales\/nota\/inline arcad hide up-hide\" data-google-query-id=\"CLT1iYne_Y8DFaizlQIdM7w7fA\">\n<div id=\"google_ads_iframe_\/1058609\/infobae\/sociedad\/policiales\/nota\/inline_0__container__\"><\/div>\n<\/div>\n<\/div>\n<\/div>\n<p class=\"paragraph\" data-mrf-recirculation=\"Links inline\">\u201c<b>Ten\u00edan una red de chicas, de unos 16 y 17 a\u00f1os, a las que contrataba<\/b>. Todas ten\u00edan una est\u00e9tica similar, vinculada al\u00a0<b>reggaeton y al Hip Hop<\/b>. Hay chicas que estuvieron con \u00e9l (por \u201dPeque\u00f1o J\u00bb) y que se\u00f1alaron que iban a pasear, que ellos dos iban adelante y<b>\u00a0atr\u00e1s iban los \u2018perros\u2019 que lo segu\u00edan<\/b>\u201d, detall\u00f3 Alonso y la \u00faltima referencia fue a como se llamaba a<b>\u00a0los hombres que lo secundaban y eran su sombra<\/b>.<\/p>\n<div class=\"news-module\" data-mrf-recirculation=\"IL_m3kiGo-8SVS6m0U7OqrZLw\" data-testid=\"text-html\" data-mrf-experience=\"IL_m3kiGo-8SVS6m0U7OqrZLw\">\n<div class=\"recommended-card__info\">\n<div class=\"recommended-card__info-button recommended-card__info-button--deportes\"><\/div>\n<\/div>\n<\/div>\n<p class=\"paragraph\" data-mrf-recirculation=\"Links inline\">Y sentenci\u00f3 el ministro que\u00a0<b>Valverde Victoriano<\/b>\u00a0\u201cquer\u00eda ganar un espacio en la venta de Tusi con v\u00ednculos con Per\u00fa\u201d. Alonso describi\u00f3 que pudieron \u201cintervenir varios de los tel\u00e9fonos que usaba\u201d el pr\u00f3fugo que tiene pedido de captura de Interpol: \u201d<b>Se mov\u00eda muy r\u00e1pido. Tiene una red de casas en Capital<\/b>, hay departamento mencionado por muchas de las chicas que se acercaron a hablar al que le dicen<b>\u00a0el departamento del Riachuelo<\/b>\u201c.<\/p>\n<div class=\"visual__image\"><picture><source srcset=\"https:\/\/www.infobae.com\/resizer\/v2\/AI2MVE56CFGHJM3CMTRRY35O6Q.png?auth=d24a9b57407df7bcb6da8551be142463c058362601e85d19e1c89834f61ed065&amp;smart=true&amp;width=992&amp;height=558&amp;quality=85\" media=\"(min-width: 1000px)\" \/><source srcset=\"https:\/\/www.infobae.com\/resizer\/v2\/AI2MVE56CFGHJM3CMTRRY35O6Q.png?auth=d24a9b57407df7bcb6da8551be142463c058362601e85d19e1c89834f61ed065&amp;smart=true&amp;width=768&amp;height=432&amp;quality=85\" media=\"(min-width: 768px)\" \/><source srcset=\"https:\/\/www.infobae.com\/resizer\/v2\/AI2MVE56CFGHJM3CMTRRY35O6Q.png?auth=d24a9b57407df7bcb6da8551be142463c058362601e85d19e1c89834f61ed065&amp;smart=true&amp;width=577&amp;height=325&amp;quality=85\" media=\"(min-width: 580px)\" \/><source srcset=\"https:\/\/www.infobae.com\/resizer\/v2\/AI2MVE56CFGHJM3CMTRRY35O6Q.png?auth=d24a9b57407df7bcb6da8551be142463c058362601e85d19e1c89834f61ed065&amp;smart=true&amp;width=420&amp;height=236&amp;quality=85\" media=\"(min-width: 350px)\" \/><source srcset=\"https:\/\/www.infobae.com\/resizer\/v2\/AI2MVE56CFGHJM3CMTRRY35O6Q.png?auth=d24a9b57407df7bcb6da8551be142463c058362601e85d19e1c89834f61ed065&amp;smart=true&amp;width=350&amp;height=197&amp;quality=85\" media=\"(min-width: 80px)\" \/><img loading=\"lazy\" decoding=\"async\" class=\"global-image\" src=\"https:\/\/www.infobae.com\/resizer\/v2\/AI2MVE56CFGHJM3CMTRRY35O6Q.png?auth=d24a9b57407df7bcb6da8551be142463c058362601e85d19e1c89834f61ed065&amp;smart=true&amp;width=350&amp;height=197&amp;quality=85\" alt=\"Las v\u00edctimas\" width=\"1920\" height=\"1080\" \/><\/picture><em>Las v\u00edctimas<\/em><\/div>\n<div class=\"inline_2_DSK ad-wrapper ad-desktop\">\n<div class=\"dfpAd ad-inline\"><\/div>\n<\/div>\n<p class=\"paragraph\" data-mrf-recirculation=\"Links inline\">Para Alonso, las chicas que contrataba \u201cPeque\u00f1o J\u201d eran \u201cuna cuesti\u00f3n de un estatus de construcci\u00f3n de un nombre\u201d con las que se mov\u00eda en boliches del Bajo Flores, y confi\u00f3 que los testigos refirieron:<b>\u00a0\u201cEs un s\u00e1dico, nos dicen que es terriblemente cruel\u201d<\/b>.<\/p>\n<div class=\"headline-wrapper\">\n<h2 class=\"header headline-class-h2\">La casa de Florencio Varela<\/h2>\n<\/div>\n<p class=\"paragraph\" data-mrf-recirculation=\"Links inline\">\u00bfPero c\u00f3mo se vincula con la zona Sur del Conurbano, con esa casa a las que llevaron a las chicas para matarlas y por qu\u00e9? Seg\u00fan Alonso, \u201cPeque\u00f1o J\u201d quer\u00eda llegar a Florencio Varela, aunque no ten\u00eda una red de comercializaci\u00f3n y\u00a0<b>estaba intentando instalarse.<\/b><\/p>\n<p class=\"paragraph\" data-mrf-recirculation=\"Links inline\">En ese contexto, el ministro de Seguridad record\u00f3 que llegaron a la casa donde estaban las chicas a trav\u00e9s del entrecruzamiento de las antenas de los tel\u00e9fonos y de las c\u00e1maras de seguridad p\u00fablicas y privadas.\u00a0<b>\u201cLa patente de la Chevrolet Tracker a la que se suben la sacamos con una c\u00e1mara del COM de Lomas de Zamora\u201d<\/b>, dijo.<\/p>\n<p class=\"paragraph\" data-mrf-recirculation=\"Links inline\"><b>\u201cEn esa casa de Florencio Varela no se vend\u00eda droga. Ese era un punto de encuentro y de ah\u00ed sal\u00edan con mochilas a vender ambulantemente Tusi, tanto en Barracas como ah\u00ed\u201d<\/b>, advirti\u00f3.<\/p>\n<div class=\"visual__image\"><picture><source srcset=\"https:\/\/www.infobae.com\/resizer\/v2\/NKFOT3USRBH7FL62KJDGPRXE7Q.jpg?auth=76bed19d070bea0f5be2ab14648ec4d18d44603789c703e5478311c314f26cc0&amp;smart=true&amp;width=992&amp;height=541&amp;quality=85\" media=\"(min-width: 1000px)\" \/><source srcset=\"https:\/\/www.infobae.com\/resizer\/v2\/NKFOT3USRBH7FL62KJDGPRXE7Q.jpg?auth=76bed19d070bea0f5be2ab14648ec4d18d44603789c703e5478311c314f26cc0&amp;smart=true&amp;width=768&amp;height=419&amp;quality=85\" media=\"(min-width: 768px)\" \/><source srcset=\"https:\/\/www.infobae.com\/resizer\/v2\/NKFOT3USRBH7FL62KJDGPRXE7Q.jpg?auth=76bed19d070bea0f5be2ab14648ec4d18d44603789c703e5478311c314f26cc0&amp;smart=true&amp;width=577&amp;height=315&amp;quality=85\" media=\"(min-width: 580px)\" \/><source srcset=\"https:\/\/www.infobae.com\/resizer\/v2\/NKFOT3USRBH7FL62KJDGPRXE7Q.jpg?auth=76bed19d070bea0f5be2ab14648ec4d18d44603789c703e5478311c314f26cc0&amp;smart=true&amp;width=420&amp;height=229&amp;quality=85\" media=\"(min-width: 350px)\" \/><source srcset=\"https:\/\/www.infobae.com\/resizer\/v2\/NKFOT3USRBH7FL62KJDGPRXE7Q.jpg?auth=76bed19d070bea0f5be2ab14648ec4d18d44603789c703e5478311c314f26cc0&amp;smart=true&amp;width=350&amp;height=191&amp;quality=85\" media=\"(min-width: 80px)\" \/><img loading=\"lazy\" decoding=\"async\" class=\"global-image\" src=\"https:\/\/www.infobae.com\/resizer\/v2\/NKFOT3USRBH7FL62KJDGPRXE7Q.jpg?auth=76bed19d070bea0f5be2ab14648ec4d18d44603789c703e5478311c314f26cc0&amp;smart=true&amp;width=350&amp;height=191&amp;quality=85\" alt=\"&quot;Peque\u00f1o J&quot; est\u00e1 pr\u00f3fugo \" width=\"1980\" height=\"1080\" \/><\/picture><em>\u00abPeque\u00f1o J\u00bb est\u00e1 pr\u00f3fugo<\/em><\/div>\n<p class=\"paragraph\" data-mrf-recirculation=\"Links inline\">Y a\u00f1adi\u00f3: \u201cTenemos detenido al que le dio el lugar, la pareja de Celeste, que grab\u00f3 el video, que es clave porque<b>\u00a0<\/b>es\u00a0<b>parte de la motivaci\u00f3n del homicidio y lo tenemos certificado por mucha gente que nos dice que lo vieron<\/b>, 4 \u00f3 5. Esto estaba todo hecho para que quede impune y ellas sean otras tres desaparecidas de la democracia.<b>\u00a0Los pozos estaban cavados y tenemos al detenido, y la pala\u00bb<\/b>.<\/p>\n<p class=\"paragraph\" data-mrf-recirculation=\"Links inline\">Hoy los detenidos son\u00a0<b>V\u00edctor Sotacuro L\u00e1zaro y Ariel Gim\u00e9nez, el que hizo el pozo; Magal\u00ed Celeste Gonz\u00e1lez Guerrero\u00a0<\/b>(28),\u00a0<b>Andr\u00e9s Maximiliano Parra\u00a0<\/b>(18),\u00a0<b>Iara Daniela Ibarra\u00a0<\/b>(19) y\u00a0<b>Miguel \u00c1ngel Villanueva Silva\u00a0<\/b>(27), estos cuatro \u00faltimos ya fueron trasladados hacia el penal de Melchor Romero.<\/p>\n<p class=\"paragraph\" data-mrf-recirculation=\"Links inline\">Sobre Sotacuro, que fue capturado en Villaz\u00f3n, Bolivia; Alonso, dijo que\u00a0<b>tiene una herida de mordedura en la mano<\/b>\u00a0y que en el Volkswagen Fox que sospechan que manejaba, adem\u00e1s de su pareja, iba una tercera persona y lo hac\u00eda en apoyo a la Chevrolet Tracker en el que las chicas viajaron hacia su asesino.<\/p>\n<div class=\"visual__image\"><picture><source srcset=\"https:\/\/www.infobae.com\/resizer\/v2\/DV7DG2YLUFECNJOIRK2WKOG4W4.jpeg?auth=2da0ac8073880e69cb668e12b6945f1603606ed65755f28f8eead0deef97c64d&amp;smart=true&amp;width=992&amp;height=619&amp;quality=85\" media=\"(min-width: 1000px)\" \/><source srcset=\"https:\/\/www.infobae.com\/resizer\/v2\/DV7DG2YLUFECNJOIRK2WKOG4W4.jpeg?auth=2da0ac8073880e69cb668e12b6945f1603606ed65755f28f8eead0deef97c64d&amp;smart=true&amp;width=768&amp;height=479&amp;quality=85\" media=\"(min-width: 768px)\" \/><source srcset=\"https:\/\/www.infobae.com\/resizer\/v2\/DV7DG2YLUFECNJOIRK2WKOG4W4.jpeg?auth=2da0ac8073880e69cb668e12b6945f1603606ed65755f28f8eead0deef97c64d&amp;smart=true&amp;width=577&amp;height=360&amp;quality=85\" media=\"(min-width: 580px)\" \/><source srcset=\"https:\/\/www.infobae.com\/resizer\/v2\/DV7DG2YLUFECNJOIRK2WKOG4W4.jpeg?auth=2da0ac8073880e69cb668e12b6945f1603606ed65755f28f8eead0deef97c64d&amp;smart=true&amp;width=420&amp;height=262&amp;quality=85\" media=\"(min-width: 350px)\" \/><source srcset=\"https:\/\/www.infobae.com\/resizer\/v2\/DV7DG2YLUFECNJOIRK2WKOG4W4.jpeg?auth=2da0ac8073880e69cb668e12b6945f1603606ed65755f28f8eead0deef97c64d&amp;smart=true&amp;width=350&amp;height=218&amp;quality=85\" media=\"(min-width: 80px)\" \/><img loading=\"lazy\" decoding=\"async\" class=\"global-image\" src=\"https:\/\/www.infobae.com\/resizer\/v2\/DV7DG2YLUFECNJOIRK2WKOG4W4.jpeg?auth=2da0ac8073880e69cb668e12b6945f1603606ed65755f28f8eead0deef97c64d&amp;smart=true&amp;width=350&amp;height=218&amp;quality=85\" alt=\"V\u00edctor Sotacuro L\u00e1zaro fue detenido\" width=\"2189\" height=\"1365\" \/><\/picture><em>V\u00edctor Sotacuro L\u00e1zaro fue detenido en Bolivia<\/em><\/div>\n<p class=\"paragraph\" data-mrf-recirculation=\"Links inline\">\u201c<b>Pensamos que esa tercera persona era Ozorio<\/b>, pero tanto Celeste como su pareja est\u00e1n\u00a0<b>muy complicados porque los tel\u00e9fonos los dan en la casa<\/b>\u201d, sostuvo.<\/p>\n<p class=\"paragraph\" data-mrf-recirculation=\"Links inline\">Para Alonso,<b>\u00a0la hip\u00f3tesis del triple femicidio<\/b>\u00a0tiene que ver \u201ccon\u00a0<b>un v\u00ednculo que ellos ten\u00edan, que surge en la zona de Flores<\/b>\u201d, dijo sobre \u201cPeque\u00f1o J\u201d y las v\u00edctimas, pero no aclar\u00f3 si con las tres o con algunas en particular.<\/p>\n<p class=\"paragraph\" data-mrf-recirculation=\"Links inline\">Para concluir, el ministro solt\u00f3: \u201c<b>Esto es algo terrible<\/b>, que no tendr\u00eda que haber pasado, pero pas\u00f3 y tenemos que estar preparados para cuando pase esto. Yo entiendo que cuatro d\u00edas para la familia fue mucha angustia,\u00a0<b>yo no se las puedo devolver, y les pido disculpas a esas familias de las chicas\u00bb.<\/b><\/p>\n<\/div>\n","protected":false},"excerpt":{"rendered":"<p>Javier Alonso cont\u00f3 que adem\u00e1s de Peque\u00f1o J y Miguel Ozorio hay otros cuatro pr\u00f3fugos en la causa por los asesinatos, que ya tiene un sexteto de detenidos<\/p>\n","protected":false},"author":3,"featured_media":125572,"comment_status":"closed","ping_status":"closed","sticky":false,"template":"","format":"standard","meta":{"footnotes":""},"categories":[57,29],"tags":[],"class_list":["post-125798","post","type-post","status-publish","format-standard","has-post-thumbnail","hentry","category-judiciales","category-policiales"],"yoast_head":"<!-- This site is optimized with the Yoast SEO plugin v25.9 - https:\/\/yoast.com\/wordpress\/plugins\/seo\/ -->\n<title>Tusi, un b\u00fanker \u201ctomado a sangre y fuego\u201d y un s\u00e9quito de \u201cperros\u201d: el ministro de Seguridad dio detalles sobre el triple femicidio - Noticias Radio Reflejos<\/title>\n<meta name=\"robots\" content=\"index, follow, max-snippet:-1, max-image-preview:large, max-video-preview:-1\" \/>\n<link rel=\"canonical\" href=\"https:\/\/www.noticiasradioreflejos.com.ar\/2021\/tusi-un-bunker-tomado-a-sangre-y-fuego-y-un-sequito-de-perros-el-ministro-de-seguridad-dio-detalles-sobre-el-triple-femicidio\/\" \/>\n<meta property=\"og:locale\" content=\"es_ES\" \/>\n<meta property=\"og:type\" content=\"article\" \/>\n<meta property=\"og:title\" content=\"Tusi, un b\u00fanker \u201ctomado a sangre y fuego\u201d y un s\u00e9quito de \u201cperros\u201d: el ministro de Seguridad dio detalles sobre el triple femicidio - Noticias Radio Reflejos\" \/>\n<meta property=\"og:description\" content=\"Javier Alonso cont\u00f3 que adem\u00e1s de Peque\u00f1o J y Miguel Ozorio hay otros cuatro pr\u00f3fugos en la causa por los asesinatos, que ya tiene un sexteto de detenidos\" \/>\n<meta property=\"og:url\" content=\"https:\/\/www.noticiasradioreflejos.com.ar\/2021\/tusi-un-bunker-tomado-a-sangre-y-fuego-y-un-sequito-de-perros-el-ministro-de-seguridad-dio-detalles-sobre-el-triple-femicidio\/\" \/>\n<meta property=\"og:site_name\" content=\"Noticias Radio Reflejos\" \/>\n<meta property=\"article:published_time\" content=\"2025-09-29T10:16:41+00:00\" \/>\n<meta property=\"og:image\" content=\"https:\/\/www.noticiasradioreflejos.com.ar\/2021\/wp-content\/uploads\/2025\/09\/triple-femicidio.jpg\" \/>\n\t<meta property=\"og:image:width\" content=\"1200\" \/>\n\t<meta property=\"og:image:height\" content=\"675\" \/>\n\t<meta property=\"og:image:type\" content=\"image\/jpeg\" \/>\n<meta name=\"author\" content=\"Arnaldo Botto\" \/>\n<meta name=\"twitter:card\" content=\"summary_large_image\" \/>\n<script type=\"application\/ld+json\" class=\"yoast-schema-graph\">{\"@context\":\"https:\/\/schema.org\",\"@graph\":[{\"@type\":\"WebPage\",\"@id\":\"https:\/\/www.noticiasradioreflejos.com.ar\/2021\/tusi-un-bunker-tomado-a-sangre-y-fuego-y-un-sequito-de-perros-el-ministro-de-seguridad-dio-detalles-sobre-el-triple-femicidio\/\",\"url\":\"https:\/\/www.noticiasradioreflejos.com.ar\/2021\/tusi-un-bunker-tomado-a-sangre-y-fuego-y-un-sequito-de-perros-el-ministro-de-seguridad-dio-detalles-sobre-el-triple-femicidio\/\",\"name\":\"Tusi, un b\u00fanker \u201ctomado a sangre y fuego\u201d y un s\u00e9quito de \u201cperros\u201d: el ministro de Seguridad dio detalles sobre el triple femicidio - Noticias Radio Reflejos\",\"isPartOf\":{\"@id\":\"https:\/\/www.noticiasradioreflejos.com.ar\/2021\/#website\"},\"primaryImageOfPage\":{\"@id\":\"https:\/\/www.noticiasradioreflejos.com.ar\/2021\/tusi-un-bunker-tomado-a-sangre-y-fuego-y-un-sequito-de-perros-el-ministro-de-seguridad-dio-detalles-sobre-el-triple-femicidio\/#primaryimage\"},\"image\":{\"@id\":\"https:\/\/www.noticiasradioreflejos.com.ar\/2021\/tusi-un-bunker-tomado-a-sangre-y-fuego-y-un-sequito-de-perros-el-ministro-de-seguridad-dio-detalles-sobre-el-triple-femicidio\/#primaryimage\"},\"thumbnailUrl\":\"https:\/\/www.noticiasradioreflejos.com.ar\/2021\/wp-content\/uploads\/2025\/09\/triple-femicidio.jpg\",\"datePublished\":\"2025-09-29T10:16:41+00:00\",\"author\":{\"@id\":\"https:\/\/www.noticiasradioreflejos.com.ar\/2021\/#\/schema\/person\/ad82545263dcc5ec0996818884fd5fb1\"},\"breadcrumb\":{\"@id\":\"https:\/\/www.noticiasradioreflejos.com.ar\/2021\/tusi-un-bunker-tomado-a-sangre-y-fuego-y-un-sequito-de-perros-el-ministro-de-seguridad-dio-detalles-sobre-el-triple-femicidio\/#breadcrumb\"},\"inLanguage\":\"es\",\"potentialAction\":[{\"@type\":\"ReadAction\",\"target\":[\"https:\/\/www.noticiasradioreflejos.com.ar\/2021\/tusi-un-bunker-tomado-a-sangre-y-fuego-y-un-sequito-de-perros-el-ministro-de-seguridad-dio-detalles-sobre-el-triple-femicidio\/\"]}]},{\"@type\":\"ImageObject\",\"inLanguage\":\"es\",\"@id\":\"https:\/\/www.noticiasradioreflejos.com.ar\/2021\/tusi-un-bunker-tomado-a-sangre-y-fuego-y-un-sequito-de-perros-el-ministro-de-seguridad-dio-detalles-sobre-el-triple-femicidio\/#primaryimage\",\"url\":\"https:\/\/www.noticiasradioreflejos.com.ar\/2021\/wp-content\/uploads\/2025\/09\/triple-femicidio.jpg\",\"contentUrl\":\"https:\/\/www.noticiasradioreflejos.com.ar\/2021\/wp-content\/uploads\/2025\/09\/triple-femicidio.jpg\",\"width\":1200,\"height\":675},{\"@type\":\"BreadcrumbList\",\"@id\":\"https:\/\/www.noticiasradioreflejos.com.ar\/2021\/tusi-un-bunker-tomado-a-sangre-y-fuego-y-un-sequito-de-perros-el-ministro-de-seguridad-dio-detalles-sobre-el-triple-femicidio\/#breadcrumb\",\"itemListElement\":[{\"@type\":\"ListItem\",\"position\":1,\"name\":\"Portada\",\"item\":\"https:\/\/www.noticiasradioreflejos.com.ar\/2021\/\"},{\"@type\":\"ListItem\",\"position\":2,\"name\":\"Tusi, un b\u00fanker \u201ctomado a sangre y fuego\u201d y un s\u00e9quito de \u201cperros\u201d: el ministro de Seguridad dio detalles sobre el triple femicidio\"}]},{\"@type\":\"WebSite\",\"@id\":\"https:\/\/www.noticiasradioreflejos.com.ar\/2021\/#website\",\"url\":\"https:\/\/www.noticiasradioreflejos.com.ar\/2021\/\",\"name\":\"Noticias Radio Reflejos\",\"description\":\"Las noticias de mi comarca\",\"potentialAction\":[{\"@type\":\"SearchAction\",\"target\":{\"@type\":\"EntryPoint\",\"urlTemplate\":\"https:\/\/www.noticiasradioreflejos.com.ar\/2021\/?s={search_term_string}\"},\"query-input\":{\"@type\":\"PropertyValueSpecification\",\"valueRequired\":true,\"valueName\":\"search_term_string\"}}],\"inLanguage\":\"es\"},{\"@type\":\"Person\",\"@id\":\"https:\/\/www.noticiasradioreflejos.com.ar\/2021\/#\/schema\/person\/ad82545263dcc5ec0996818884fd5fb1\",\"name\":\"Arnaldo Botto\",\"image\":{\"@type\":\"ImageObject\",\"inLanguage\":\"es\",\"@id\":\"https:\/\/www.noticiasradioreflejos.com.ar\/2021\/#\/schema\/person\/image\/\",\"url\":\"https:\/\/secure.gravatar.com\/avatar\/55cb5e37c1efa326397366e6974cb338056df65cb50e7d64d1cf314e87504837?s=96&d=mm&r=g\",\"contentUrl\":\"https:\/\/secure.gravatar.com\/avatar\/55cb5e37c1efa326397366e6974cb338056df65cb50e7d64d1cf314e87504837?s=96&d=mm&r=g\",\"caption\":\"Arnaldo Botto\"},\"url\":\"https:\/\/www.noticiasradioreflejos.com.ar\/2021\/author\/arnaldo\/\"}]}<\/script>\n<!-- \/ Yoast SEO plugin. -->","yoast_head_json":{"title":"Tusi, un b\u00fanker \u201ctomado a sangre y fuego\u201d y un s\u00e9quito de \u201cperros\u201d: el ministro de Seguridad dio detalles sobre el triple femicidio - Noticias Radio Reflejos","robots":{"index":"index","follow":"follow","max-snippet":"max-snippet:-1","max-image-preview":"max-image-preview:large","max-video-preview":"max-video-preview:-1"},"canonical":"https:\/\/www.noticiasradioreflejos.com.ar\/2021\/tusi-un-bunker-tomado-a-sangre-y-fuego-y-un-sequito-de-perros-el-ministro-de-seguridad-dio-detalles-sobre-el-triple-femicidio\/","og_locale":"es_ES","og_type":"article","og_title":"Tusi, un b\u00fanker \u201ctomado a sangre y fuego\u201d y un s\u00e9quito de \u201cperros\u201d: el ministro de Seguridad dio detalles sobre el triple femicidio - Noticias Radio Reflejos","og_description":"Javier Alonso cont\u00f3 que adem\u00e1s de Peque\u00f1o J y Miguel Ozorio hay otros cuatro pr\u00f3fugos en la causa por los asesinatos, que ya tiene un sexteto de detenidos","og_url":"https:\/\/www.noticiasradioreflejos.com.ar\/2021\/tusi-un-bunker-tomado-a-sangre-y-fuego-y-un-sequito-de-perros-el-ministro-de-seguridad-dio-detalles-sobre-el-triple-femicidio\/","og_site_name":"Noticias Radio Reflejos","article_published_time":"2025-09-29T10:16:41+00:00","og_image":[{"width":1200,"height":675,"url":"https:\/\/www.noticiasradioreflejos.com.ar\/2021\/wp-content\/uploads\/2025\/09\/triple-femicidio.jpg","type":"image\/jpeg"}],"author":"Arnaldo Botto","twitter_card":"summary_large_image","schema":{"@context":"https:\/\/schema.org","@graph":[{"@type":"WebPage","@id":"https:\/\/www.noticiasradioreflejos.com.ar\/2021\/tusi-un-bunker-tomado-a-sangre-y-fuego-y-un-sequito-de-perros-el-ministro-de-seguridad-dio-detalles-sobre-el-triple-femicidio\/","url":"https:\/\/www.noticiasradioreflejos.com.ar\/2021\/tusi-un-bunker-tomado-a-sangre-y-fuego-y-un-sequito-de-perros-el-ministro-de-seguridad-dio-detalles-sobre-el-triple-femicidio\/","name":"Tusi, un b\u00fanker \u201ctomado a sangre y fuego\u201d y un s\u00e9quito de \u201cperros\u201d: el ministro de Seguridad dio detalles sobre el triple femicidio - Noticias Radio Reflejos","isPartOf":{"@id":"https:\/\/www.noticiasradioreflejos.com.ar\/2021\/#website"},"primaryImageOfPage":{"@id":"https:\/\/www.noticiasradioreflejos.com.ar\/2021\/tusi-un-bunker-tomado-a-sangre-y-fuego-y-un-sequito-de-perros-el-ministro-de-seguridad-dio-detalles-sobre-el-triple-femicidio\/#primaryimage"},"image":{"@id":"https:\/\/www.noticiasradioreflejos.com.ar\/2021\/tusi-un-bunker-tomado-a-sangre-y-fuego-y-un-sequito-de-perros-el-ministro-de-seguridad-dio-detalles-sobre-el-triple-femicidio\/#primaryimage"},"thumbnailUrl":"https:\/\/www.noticiasradioreflejos.com.ar\/2021\/wp-content\/uploads\/2025\/09\/triple-femicidio.jpg","datePublished":"2025-09-29T10:16:41+00:00","author":{"@id":"https:\/\/www.noticiasradioreflejos.com.ar\/2021\/#\/schema\/person\/ad82545263dcc5ec0996818884fd5fb1"},"breadcrumb":{"@id":"https:\/\/www.noticiasradioreflejos.com.ar\/2021\/tusi-un-bunker-tomado-a-sangre-y-fuego-y-un-sequito-de-perros-el-ministro-de-seguridad-dio-detalles-sobre-el-triple-femicidio\/#breadcrumb"},"inLanguage":"es","potentialAction":[{"@type":"ReadAction","target":["https:\/\/www.noticiasradioreflejos.com.ar\/2021\/tusi-un-bunker-tomado-a-sangre-y-fuego-y-un-sequito-de-perros-el-ministro-de-seguridad-dio-detalles-sobre-el-triple-femicidio\/"]}]},{"@type":"ImageObject","inLanguage":"es","@id":"https:\/\/www.noticiasradioreflejos.com.ar\/2021\/tusi-un-bunker-tomado-a-sangre-y-fuego-y-un-sequito-de-perros-el-ministro-de-seguridad-dio-detalles-sobre-el-triple-femicidio\/#primaryimage","url":"https:\/\/www.noticiasradioreflejos.com.ar\/2021\/wp-content\/uploads\/2025\/09\/triple-femicidio.jpg","contentUrl":"https:\/\/www.noticiasradioreflejos.com.ar\/2021\/wp-content\/uploads\/2025\/09\/triple-femicidio.jpg","width":1200,"height":675},{"@type":"BreadcrumbList","@id":"https:\/\/www.noticiasradioreflejos.com.ar\/2021\/tusi-un-bunker-tomado-a-sangre-y-fuego-y-un-sequito-de-perros-el-ministro-de-seguridad-dio-detalles-sobre-el-triple-femicidio\/#breadcrumb","itemListElement":[{"@type":"ListItem","position":1,"name":"Portada","item":"https:\/\/www.noticiasradioreflejos.com.ar\/2021\/"},{"@type":"ListItem","position":2,"name":"Tusi, un b\u00fanker \u201ctomado a sangre y fuego\u201d y un s\u00e9quito de \u201cperros\u201d: el ministro de Seguridad dio detalles sobre el triple femicidio"}]},{"@type":"WebSite","@id":"https:\/\/www.noticiasradioreflejos.com.ar\/2021\/#website","url":"https:\/\/www.noticiasradioreflejos.com.ar\/2021\/","name":"Noticias Radio Reflejos","description":"Las noticias de mi comarca","potentialAction":[{"@type":"SearchAction","target":{"@type":"EntryPoint","urlTemplate":"https:\/\/www.noticiasradioreflejos.com.ar\/2021\/?s={search_term_string}"},"query-input":{"@type":"PropertyValueSpecification","valueRequired":true,"valueName":"search_term_string"}}],"inLanguage":"es"},{"@type":"Person","@id":"https:\/\/www.noticiasradioreflejos.com.ar\/2021\/#\/schema\/person\/ad82545263dcc5ec0996818884fd5fb1","name":"Arnaldo Botto","image":{"@type":"ImageObject","inLanguage":"es","@id":"https:\/\/www.noticiasradioreflejos.com.ar\/2021\/#\/schema\/person\/image\/","url":"https:\/\/secure.gravatar.com\/avatar\/55cb5e37c1efa326397366e6974cb338056df65cb50e7d64d1cf314e87504837?s=96&d=mm&r=g","contentUrl":"https:\/\/secure.gravatar.com\/avatar\/55cb5e37c1efa326397366e6974cb338056df65cb50e7d64d1cf314e87504837?s=96&d=mm&r=g","caption":"Arnaldo Botto"},"url":"https:\/\/www.noticiasradioreflejos.com.ar\/2021\/author\/arnaldo\/"}]}},"_links":{"self":[{"href":"https:\/\/www.noticiasradioreflejos.com.ar\/2021\/wp-json\/wp\/v2\/posts\/125798","targetHints":{"allow":["GET"]}}],"collection":[{"href":"https:\/\/www.noticiasradioreflejos.com.ar\/2021\/wp-json\/wp\/v2\/posts"}],"about":[{"href":"https:\/\/www.noticiasradioreflejos.com.ar\/2021\/wp-json\/wp\/v2\/types\/post"}],"author":[{"embeddable":true,"href":"https:\/\/www.noticiasradioreflejos.com.ar\/2021\/wp-json\/wp\/v2\/users\/3"}],"replies":[{"embeddable":true,"href":"https:\/\/www.noticiasradioreflejos.com.ar\/2021\/wp-json\/wp\/v2\/comments?post=125798"}],"version-history":[{"count":1,"href":"https:\/\/www.noticiasradioreflejos.com.ar\/2021\/wp-json\/wp\/v2\/posts\/125798\/revisions"}],"predecessor-version":[{"id":125799,"href":"https:\/\/www.noticiasradioreflejos.com.ar\/2021\/wp-json\/wp\/v2\/posts\/125798\/revisions\/125799"}],"wp:featuredmedia":[{"embeddable":true,"href":"https:\/\/www.noticiasradioreflejos.com.ar\/2021\/wp-json\/wp\/v2\/media\/125572"}],"wp:attachment":[{"href":"https:\/\/www.noticiasradioreflejos.com.ar\/2021\/wp-json\/wp\/v2\/media?parent=125798"}],"wp:term":[{"taxonomy":"category","embeddable":true,"href":"https:\/\/www.noticiasradioreflejos.com.ar\/2021\/wp-json\/wp\/v2\/categories?post=125798"},{"taxonomy":"post_tag","embeddable":true,"href":"https:\/\/www.noticiasradioreflejos.com.ar\/2021\/wp-json\/wp\/v2\/tags?post=125798"}],"curies":[{"name":"wp","href":"https:\/\/api.w.org\/{rel}","templated":true}]}}