{"id":12578,"date":"2017-07-21T12:02:06","date_gmt":"2017-07-21T15:02:06","guid":{"rendered":"http:\/\/www.noticiasradioreflejos.com.ar\/noticias\/?p=12578"},"modified":"2017-07-21T12:02:06","modified_gmt":"2017-07-21T15:02:06","slug":"vamos-a-poner-un-limite-a-las-politicas-de-ajuste-que-afectan-tanto-a-los-argentinos-florencia-casamiquela-por-cumplir","status":"publish","type":"post","link":"https:\/\/www.noticiasradioreflejos.com.ar\/2021\/vamos-a-poner-un-limite-a-las-politicas-de-ajuste-que-afectan-tanto-a-los-argentinos-florencia-casamiquela-por-cumplir\/","title":{"rendered":"&quot; Vamos a poner un l\u00edmite a las pol\u00edticas de ajuste que afectan tanto a los argentinos&quot;  Florencia Casamiquela por Cumplir"},"content":{"rendered":"<p>\u00abCuando uno ejerce la funci\u00f3n p\u00fablica tiene que dimensionar, comprender que cada medida que se toma desde la gesti\u00f3n, hay una familia detr\u00e1s a la cual afecta\u00bb \u00a0As\u00ed se refiri\u00f3 la precandidata a senadora nacional Florencia Casamiquela por Cumplir, a las promesas incumplidas del gobierno actual incluyendo a las medidas que tom\u00f3 acerca de feriados puentes. Afirm\u00f3 que est\u00e1 dentro de su abanico de propuestas. \u00a0agreg\u00f3 \u00bb Tenemos el polo tur\u00edstico al cual hay que atender con pol\u00edticas p\u00fablicas efectivas y a largo plazo\u00bb \u00abPara poder hacer esto requiere de una oposici\u00f3n firme, responsable y que tenga en claro cual es el rol pol\u00edtico\u00bb<br \/>\n\u00abVamos al Congreso de Naci\u00f3n a poner un l\u00edmite a las pol\u00edticas de ajuste que afectan tanto a los argentinos. Concluy\u00f3.<br \/>\n<iframe loading=\"lazy\" src=\"https:\/\/w.soundcloud.com\/player\/?url=https%3A\/\/api.soundcloud.com\/tracks\/334176828&amp;color=ff5500&amp;auto_play=false&amp;hide_related=false&amp;show_comments=true&amp;show_user=true&amp;show_reposts=false\" width=\"100%\" height=\"166\" frameborder=\"no\" scrolling=\"no\"><\/iframe><\/p>\n","protected":false},"excerpt":{"rendered":"<p>La precandidata a senadora nacional Florencia Casamiquela, acompa\u00f1a a Florencio Randazo por Cumplir<\/p>\n","protected":false},"author":1,"featured_media":0,"comment_status":"closed","ping_status":"open","sticky":false,"template":"","format":"standard","meta":{"footnotes":""},"categories":[24],"tags":[],"class_list":["post-12578","post","type-post","status-publish","format-standard","hentry","category-politica"],"yoast_head":"<!-- This site is optimized with the Yoast SEO plugin v25.9 - https:\/\/yoast.com\/wordpress\/plugins\/seo\/ -->\n<title>&quot; Vamos a poner un l\u00edmite a las pol\u00edticas de ajuste que afectan tanto a los argentinos&quot; Florencia Casamiquela por Cumplir - Noticias Radio Reflejos<\/title>\n<meta name=\"robots\" content=\"index, follow, max-snippet:-1, max-image-preview:large, max-video-preview:-1\" \/>\n<link rel=\"canonical\" href=\"https:\/\/www.noticiasradioreflejos.com.ar\/2021\/vamos-a-poner-un-limite-a-las-politicas-de-ajuste-que-afectan-tanto-a-los-argentinos-florencia-casamiquela-por-cumplir\/\" \/>\n<meta property=\"og:locale\" content=\"es_ES\" \/>\n<meta property=\"og:type\" content=\"article\" \/>\n<meta property=\"og:title\" content=\"&quot; Vamos a poner un l\u00edmite a las pol\u00edticas de ajuste que afectan tanto a los argentinos&quot; Florencia Casamiquela por Cumplir - Noticias Radio Reflejos\" \/>\n<meta property=\"og:description\" content=\"La precandidata a senadora nacional Florencia Casamiquela, acompa\u00f1a a Florencio Randazo por Cumplir\" \/>\n<meta property=\"og:url\" content=\"https:\/\/www.noticiasradioreflejos.com.ar\/2021\/vamos-a-poner-un-limite-a-las-politicas-de-ajuste-que-afectan-tanto-a-los-argentinos-florencia-casamiquela-por-cumplir\/\" \/>\n<meta property=\"og:site_name\" content=\"Noticias Radio Reflejos\" \/>\n<meta property=\"article:published_time\" content=\"2017-07-21T15:02:06+00:00\" \/>\n<meta property=\"og:image\" content=\"https:\/\/www.noticiasradioreflejos.com.ar\/2021\/wp-content\/uploads\/2021\/07\/logosol300x200.png\" \/>\n\t<meta property=\"og:image:width\" content=\"300\" \/>\n\t<meta property=\"og:image:height\" content=\"200\" \/>\n\t<meta property=\"og:image:type\" content=\"image\/png\" \/>\n<meta name=\"author\" content=\"Ulises Nicolini\" \/>\n<meta name=\"twitter:card\" content=\"summary_large_image\" \/>\n<script type=\"application\/ld+json\" class=\"yoast-schema-graph\">{\"@context\":\"https:\/\/schema.org\",\"@graph\":[{\"@type\":\"WebPage\",\"@id\":\"https:\/\/www.noticiasradioreflejos.com.ar\/2021\/vamos-a-poner-un-limite-a-las-politicas-de-ajuste-que-afectan-tanto-a-los-argentinos-florencia-casamiquela-por-cumplir\/\",\"url\":\"https:\/\/www.noticiasradioreflejos.com.ar\/2021\/vamos-a-poner-un-limite-a-las-politicas-de-ajuste-que-afectan-tanto-a-los-argentinos-florencia-casamiquela-por-cumplir\/\",\"name\":\"&quot; Vamos a poner un l\u00edmite a las pol\u00edticas de ajuste que afectan tanto a los argentinos&quot; Florencia Casamiquela por Cumplir - Noticias Radio Reflejos\",\"isPartOf\":{\"@id\":\"https:\/\/www.noticiasradioreflejos.com.ar\/2021\/#website\"},\"datePublished\":\"2017-07-21T15:02:06+00:00\",\"author\":{\"@id\":\"https:\/\/www.noticiasradioreflejos.com.ar\/2021\/#\/schema\/person\/63bcc26111c5fc0e3cd7ca4e2bf77a60\"},\"breadcrumb\":{\"@id\":\"https:\/\/www.noticiasradioreflejos.com.ar\/2021\/vamos-a-poner-un-limite-a-las-politicas-de-ajuste-que-afectan-tanto-a-los-argentinos-florencia-casamiquela-por-cumplir\/#breadcrumb\"},\"inLanguage\":\"es\",\"potentialAction\":[{\"@type\":\"ReadAction\",\"target\":[\"https:\/\/www.noticiasradioreflejos.com.ar\/2021\/vamos-a-poner-un-limite-a-las-politicas-de-ajuste-que-afectan-tanto-a-los-argentinos-florencia-casamiquela-por-cumplir\/\"]}]},{\"@type\":\"BreadcrumbList\",\"@id\":\"https:\/\/www.noticiasradioreflejos.com.ar\/2021\/vamos-a-poner-un-limite-a-las-politicas-de-ajuste-que-afectan-tanto-a-los-argentinos-florencia-casamiquela-por-cumplir\/#breadcrumb\",\"itemListElement\":[{\"@type\":\"ListItem\",\"position\":1,\"name\":\"Portada\",\"item\":\"https:\/\/www.noticiasradioreflejos.com.ar\/2021\/\"},{\"@type\":\"ListItem\",\"position\":2,\"name\":\"&quot; Vamos a poner un l\u00edmite a las pol\u00edticas de ajuste que afectan tanto a los argentinos&quot; Florencia Casamiquela por Cumplir\"}]},{\"@type\":\"WebSite\",\"@id\":\"https:\/\/www.noticiasradioreflejos.com.ar\/2021\/#website\",\"url\":\"https:\/\/www.noticiasradioreflejos.com.ar\/2021\/\",\"name\":\"Noticias Radio Reflejos\",\"description\":\"Las noticias de mi comarca\",\"potentialAction\":[{\"@type\":\"SearchAction\",\"target\":{\"@type\":\"EntryPoint\",\"urlTemplate\":\"https:\/\/www.noticiasradioreflejos.com.ar\/2021\/?s={search_term_string}\"},\"query-input\":{\"@type\":\"PropertyValueSpecification\",\"valueRequired\":true,\"valueName\":\"search_term_string\"}}],\"inLanguage\":\"es\"},{\"@type\":\"Person\",\"@id\":\"https:\/\/www.noticiasradioreflejos.com.ar\/2021\/#\/schema\/person\/63bcc26111c5fc0e3cd7ca4e2bf77a60\",\"name\":\"Ulises Nicolini\",\"image\":{\"@type\":\"ImageObject\",\"inLanguage\":\"es\",\"@id\":\"https:\/\/www.noticiasradioreflejos.com.ar\/2021\/#\/schema\/person\/image\/\",\"url\":\"https:\/\/secure.gravatar.com\/avatar\/7f2c48bdc33b30088f941fb6082e555f2874c98e20cb159d7b92b50eadfce793?s=96&d=mm&r=g\",\"contentUrl\":\"https:\/\/secure.gravatar.com\/avatar\/7f2c48bdc33b30088f941fb6082e555f2874c98e20cb159d7b92b50eadfce793?s=96&d=mm&r=g\",\"caption\":\"Ulises Nicolini\"},\"sameAs\":[\"http:\/\/www.noticiasradioreflejos.com.ar\/2021\"],\"url\":\"https:\/\/www.noticiasradioreflejos.com.ar\/2021\/author\/admin\/\"}]}<\/script>\n<!-- \/ Yoast SEO plugin. -->","yoast_head_json":{"title":"&quot; Vamos a poner un l\u00edmite a las pol\u00edticas de ajuste que afectan tanto a los argentinos&quot; Florencia Casamiquela por Cumplir - Noticias Radio Reflejos","robots":{"index":"index","follow":"follow","max-snippet":"max-snippet:-1","max-image-preview":"max-image-preview:large","max-video-preview":"max-video-preview:-1"},"canonical":"https:\/\/www.noticiasradioreflejos.com.ar\/2021\/vamos-a-poner-un-limite-a-las-politicas-de-ajuste-que-afectan-tanto-a-los-argentinos-florencia-casamiquela-por-cumplir\/","og_locale":"es_ES","og_type":"article","og_title":"&quot; Vamos a poner un l\u00edmite a las pol\u00edticas de ajuste que afectan tanto a los argentinos&quot; Florencia Casamiquela por Cumplir - Noticias Radio Reflejos","og_description":"La precandidata a senadora nacional Florencia Casamiquela, acompa\u00f1a a Florencio Randazo por Cumplir","og_url":"https:\/\/www.noticiasradioreflejos.com.ar\/2021\/vamos-a-poner-un-limite-a-las-politicas-de-ajuste-que-afectan-tanto-a-los-argentinos-florencia-casamiquela-por-cumplir\/","og_site_name":"Noticias Radio Reflejos","article_published_time":"2017-07-21T15:02:06+00:00","og_image":[{"width":300,"height":200,"url":"https:\/\/www.noticiasradioreflejos.com.ar\/2021\/wp-content\/uploads\/2021\/07\/logosol300x200.png","type":"image\/png"}],"author":"Ulises Nicolini","twitter_card":"summary_large_image","schema":{"@context":"https:\/\/schema.org","@graph":[{"@type":"WebPage","@id":"https:\/\/www.noticiasradioreflejos.com.ar\/2021\/vamos-a-poner-un-limite-a-las-politicas-de-ajuste-que-afectan-tanto-a-los-argentinos-florencia-casamiquela-por-cumplir\/","url":"https:\/\/www.noticiasradioreflejos.com.ar\/2021\/vamos-a-poner-un-limite-a-las-politicas-de-ajuste-que-afectan-tanto-a-los-argentinos-florencia-casamiquela-por-cumplir\/","name":"&quot; Vamos a poner un l\u00edmite a las pol\u00edticas de ajuste que afectan tanto a los argentinos&quot; Florencia Casamiquela por Cumplir - Noticias Radio Reflejos","isPartOf":{"@id":"https:\/\/www.noticiasradioreflejos.com.ar\/2021\/#website"},"datePublished":"2017-07-21T15:02:06+00:00","author":{"@id":"https:\/\/www.noticiasradioreflejos.com.ar\/2021\/#\/schema\/person\/63bcc26111c5fc0e3cd7ca4e2bf77a60"},"breadcrumb":{"@id":"https:\/\/www.noticiasradioreflejos.com.ar\/2021\/vamos-a-poner-un-limite-a-las-politicas-de-ajuste-que-afectan-tanto-a-los-argentinos-florencia-casamiquela-por-cumplir\/#breadcrumb"},"inLanguage":"es","potentialAction":[{"@type":"ReadAction","target":["https:\/\/www.noticiasradioreflejos.com.ar\/2021\/vamos-a-poner-un-limite-a-las-politicas-de-ajuste-que-afectan-tanto-a-los-argentinos-florencia-casamiquela-por-cumplir\/"]}]},{"@type":"BreadcrumbList","@id":"https:\/\/www.noticiasradioreflejos.com.ar\/2021\/vamos-a-poner-un-limite-a-las-politicas-de-ajuste-que-afectan-tanto-a-los-argentinos-florencia-casamiquela-por-cumplir\/#breadcrumb","itemListElement":[{"@type":"ListItem","position":1,"name":"Portada","item":"https:\/\/www.noticiasradioreflejos.com.ar\/2021\/"},{"@type":"ListItem","position":2,"name":"&quot; Vamos a poner un l\u00edmite a las pol\u00edticas de ajuste que afectan tanto a los argentinos&quot; Florencia Casamiquela por Cumplir"}]},{"@type":"WebSite","@id":"https:\/\/www.noticiasradioreflejos.com.ar\/2021\/#website","url":"https:\/\/www.noticiasradioreflejos.com.ar\/2021\/","name":"Noticias Radio Reflejos","description":"Las noticias de mi comarca","potentialAction":[{"@type":"SearchAction","target":{"@type":"EntryPoint","urlTemplate":"https:\/\/www.noticiasradioreflejos.com.ar\/2021\/?s={search_term_string}"},"query-input":{"@type":"PropertyValueSpecification","valueRequired":true,"valueName":"search_term_string"}}],"inLanguage":"es"},{"@type":"Person","@id":"https:\/\/www.noticiasradioreflejos.com.ar\/2021\/#\/schema\/person\/63bcc26111c5fc0e3cd7ca4e2bf77a60","name":"Ulises Nicolini","image":{"@type":"ImageObject","inLanguage":"es","@id":"https:\/\/www.noticiasradioreflejos.com.ar\/2021\/#\/schema\/person\/image\/","url":"https:\/\/secure.gravatar.com\/avatar\/7f2c48bdc33b30088f941fb6082e555f2874c98e20cb159d7b92b50eadfce793?s=96&d=mm&r=g","contentUrl":"https:\/\/secure.gravatar.com\/avatar\/7f2c48bdc33b30088f941fb6082e555f2874c98e20cb159d7b92b50eadfce793?s=96&d=mm&r=g","caption":"Ulises Nicolini"},"sameAs":["http:\/\/www.noticiasradioreflejos.com.ar\/2021"],"url":"https:\/\/www.noticiasradioreflejos.com.ar\/2021\/author\/admin\/"}]}},"_links":{"self":[{"href":"https:\/\/www.noticiasradioreflejos.com.ar\/2021\/wp-json\/wp\/v2\/posts\/12578","targetHints":{"allow":["GET"]}}],"collection":[{"href":"https:\/\/www.noticiasradioreflejos.com.ar\/2021\/wp-json\/wp\/v2\/posts"}],"about":[{"href":"https:\/\/www.noticiasradioreflejos.com.ar\/2021\/wp-json\/wp\/v2\/types\/post"}],"author":[{"embeddable":true,"href":"https:\/\/www.noticiasradioreflejos.com.ar\/2021\/wp-json\/wp\/v2\/users\/1"}],"replies":[{"embeddable":true,"href":"https:\/\/www.noticiasradioreflejos.com.ar\/2021\/wp-json\/wp\/v2\/comments?post=12578"}],"version-history":[{"count":0,"href":"https:\/\/www.noticiasradioreflejos.com.ar\/2021\/wp-json\/wp\/v2\/posts\/12578\/revisions"}],"wp:attachment":[{"href":"https:\/\/www.noticiasradioreflejos.com.ar\/2021\/wp-json\/wp\/v2\/media?parent=12578"}],"wp:term":[{"taxonomy":"category","embeddable":true,"href":"https:\/\/www.noticiasradioreflejos.com.ar\/2021\/wp-json\/wp\/v2\/categories?post=12578"},{"taxonomy":"post_tag","embeddable":true,"href":"https:\/\/www.noticiasradioreflejos.com.ar\/2021\/wp-json\/wp\/v2\/tags?post=12578"}],"curies":[{"name":"wp","href":"https:\/\/api.w.org\/{rel}","templated":true}]}}