{"id":12564,"date":"2017-07-20T19:10:37","date_gmt":"2017-07-20T22:10:37","guid":{"rendered":"http:\/\/www.noticiasradioreflejos.com.ar\/noticias\/?p=12564"},"modified":"2017-07-20T19:10:37","modified_gmt":"2017-07-20T22:10:37","slug":"cumplir-presento-su-lista-en-saldungaray","status":"publish","type":"post","link":"https:\/\/www.noticiasradioreflejos.com.ar\/2021\/cumplir-presento-su-lista-en-saldungaray\/","title":{"rendered":"Cumplir present\u00f3 su lista en Saldungaray"},"content":{"rendered":"<p class=\"alignleft\"><a href=\"http:\/\/www.noticiasradioreflejos.com.ar\/noticias\/wp-content\/uploads\/2017\/07\/002.jpg\"><img loading=\"lazy\" decoding=\"async\" class=\"alignleft size-full wp-image-12567\" src=\"http:\/\/www.noticiasradioreflejos.com.ar\/noticias\/wp-content\/uploads\/2017\/07\/002.jpg\" alt=\"002\" width=\"1280\" height=\"960\" \/><\/a>Con el Club Porte\u00f1o de Saldungaray como escenario, el Frente Justicialista Cumplir realiz\u00f3 anoche la presentaci\u00f3n en esa localidad de su lista de precandidatos a concejales y consejeros escolares para las PASO que se realizar\u00e1n en agosto pr\u00f3ximo.<!--more--><br \/>\nEncabezados por Gustavo Trankels, precandidato a diputado provincial y exintendente del distrito, cada uno de los miembros de la lista brind\u00f3 unas palabras para los presentes en el lugar.<br \/>\n\u201cLa formula es sencilla: hay que trabajar much\u00edsimo para que las cosas salgan bien. Hoy tenemos otro desaf\u00edo y necesitamos encaminar algunas cuestiones que le est\u00e1n haciendo mal al pueblo\u201d, enfatiz\u00f3 Trankels, quien recalc\u00f3 que en el Concejo Deliberante de Tornquist s\u00f3lo se aceptan las propuestas y voces oficialistas.<br \/>\n\u201cCuando nuestros concejales se opusieron al desmedido aumento de tasas no fueron escuchados y cada vez que debemos votar tenemos minor\u00eda. Tambi\u00e9n venimos alertando y luchando contra el aumento de gas y haciendo las presentaciones correspondientes, pero no tenemos respuesta\u201d, dijo y recalc\u00f3 que nuevamente \u201cse abre una esperanza\u201d.<br \/>\nPor su parte, el local Fernando \u201cMandingo\u201d Rojas, precandidato a concejal en segundo lugar, se manifest\u00f3 \u201corgulloso\u201d de integrar la lista de Cumplir, que lleva el sello del Partido Justicialista.<br \/>\n\u201cSoy peronista desde la cuna, por eso es un orgullo integrar este grupo de trabajo. Tenemos que luchar para ponerle un l\u00edmite a esta injusticia social de hoy. Estamos para cumplir, tal como lo hizo Florencio Randazzo\u201d, coment\u00f3.<br \/>\n\u201cDesde hace un a\u00f1o y medio, Saldungaray y el distrito est\u00e1n estancados. Y cuando el actual gobierno realiza una acci\u00f3n, lo hace con soberbia\u201d, agreg\u00f3.<br \/>\nFinalmente, la primera precandidata a concejal, Laura \u201cLali\u201d Rosatelli, admiti\u00f3 que milit\u00f3 toda su vida en el justicialismo y garantiz\u00f3 que el objetivo es cumplir con las necesidades de los vecinos.<br \/>\n\u201cLlevo al peronismo en el coraz\u00f3n. Somos un hermoso equipo de trabajo, que apoyamos a Florencio Randazzo, que ha cumplido con todas sus promesas. Nosotros venimos a honrar la palabra\u201d, explic\u00f3.<br \/>\n\u201cEn esta actualidad no la estamos pasando bien. Tenemos un gobierno insensible que gobierna para pocos. De la \u00fanica manera que podemos ponerle un l\u00edmite es votando a esta lista. Han incumplido todas las promesas de campa\u00f1a, se abandonaron derechos y se consagraron privilegios\u201d, recalc\u00f3.<br \/>\nLa lista de Cumplir se conforma con Laura \u201cLaly\u201d Rosatelli (Tornquist), Hugo \u201cMandingo\u201d Rojas (Saldungaray), Adriana Nielsen (Sierra de la Ventana), V\u00edctor Ant\u00f3n (Tornquist), Mar\u00eda Olmos (Chasic\u00f3) y Daniel Marchione (Villa Ventana) como precandidatos a concejales titulares.<br \/>\nLos suplentes son Silvina Islas (Tres Picos), Jorque \u201cPiqui\u201d Guti\u00e9rrez (Tornquist), Marcela Gim\u00e9nez (Tornquist) y Fernando Garrido (Tornquist).<br \/>\nEn cuanto a los consejeros escolares, el primer lugar de la lista lo ocupa Mar\u00eda Luz Palacio y el segundo Alberto Aldecoa, mientras que los espacios suplentes quedaron para Paula Mu\u00f1oz y Walter Taylor.<\/p>\n","protected":false},"excerpt":{"rendered":"<p>Con el Club Porte\u00f1o de Saldungaray como escenario, el Frente Justicialista Cumplir realiz\u00f3 anoche la presentaci\u00f3n en esa localidad de su lista de precandidatos a concejales y consejeros escolares para las PASO que se realizar\u00e1n en agosto pr\u00f3ximo.<\/p>\n","protected":false},"author":3,"featured_media":0,"comment_status":"closed","ping_status":"open","sticky":false,"template":"","format":"standard","meta":{"footnotes":""},"categories":[24],"tags":[],"class_list":["post-12564","post","type-post","status-publish","format-standard","hentry","category-politica"],"yoast_head":"<!-- This site is optimized with the Yoast SEO plugin v25.9 - https:\/\/yoast.com\/wordpress\/plugins\/seo\/ -->\n<title>Cumplir present\u00f3 su lista en Saldungaray - Noticias Radio Reflejos<\/title>\n<meta name=\"robots\" content=\"index, follow, max-snippet:-1, max-image-preview:large, max-video-preview:-1\" \/>\n<link rel=\"canonical\" href=\"https:\/\/www.noticiasradioreflejos.com.ar\/2021\/cumplir-presento-su-lista-en-saldungaray\/\" \/>\n<meta property=\"og:locale\" content=\"es_ES\" \/>\n<meta property=\"og:type\" content=\"article\" \/>\n<meta property=\"og:title\" content=\"Cumplir present\u00f3 su lista en Saldungaray - Noticias Radio Reflejos\" \/>\n<meta property=\"og:description\" content=\"Con el Club Porte\u00f1o de Saldungaray como escenario, el Frente Justicialista Cumplir realiz\u00f3 anoche la presentaci\u00f3n en esa localidad de su lista de precandidatos a concejales y consejeros escolares para las PASO que se realizar\u00e1n en agosto pr\u00f3ximo.\" \/>\n<meta property=\"og:url\" content=\"https:\/\/www.noticiasradioreflejos.com.ar\/2021\/cumplir-presento-su-lista-en-saldungaray\/\" \/>\n<meta property=\"og:site_name\" content=\"Noticias Radio Reflejos\" \/>\n<meta property=\"article:published_time\" content=\"2017-07-20T22:10:37+00:00\" \/>\n<meta property=\"og:image\" content=\"https:\/\/www.noticiasradioreflejos.com.ar\/2021\/wp-content\/uploads\/2021\/07\/logosol300x200.png\" \/>\n\t<meta property=\"og:image:width\" content=\"300\" \/>\n\t<meta property=\"og:image:height\" content=\"200\" \/>\n\t<meta property=\"og:image:type\" content=\"image\/png\" \/>\n<meta name=\"author\" content=\"Arnaldo Botto\" \/>\n<meta name=\"twitter:card\" content=\"summary_large_image\" \/>\n<script type=\"application\/ld+json\" class=\"yoast-schema-graph\">{\"@context\":\"https:\/\/schema.org\",\"@graph\":[{\"@type\":\"WebPage\",\"@id\":\"https:\/\/www.noticiasradioreflejos.com.ar\/2021\/cumplir-presento-su-lista-en-saldungaray\/\",\"url\":\"https:\/\/www.noticiasradioreflejos.com.ar\/2021\/cumplir-presento-su-lista-en-saldungaray\/\",\"name\":\"Cumplir present\u00f3 su lista en Saldungaray - Noticias Radio Reflejos\",\"isPartOf\":{\"@id\":\"https:\/\/www.noticiasradioreflejos.com.ar\/2021\/#website\"},\"primaryImageOfPage\":{\"@id\":\"https:\/\/www.noticiasradioreflejos.com.ar\/2021\/cumplir-presento-su-lista-en-saldungaray\/#primaryimage\"},\"image\":{\"@id\":\"https:\/\/www.noticiasradioreflejos.com.ar\/2021\/cumplir-presento-su-lista-en-saldungaray\/#primaryimage\"},\"thumbnailUrl\":\"http:\/\/www.noticiasradioreflejos.com.ar\/noticias\/wp-content\/uploads\/2017\/07\/002.jpg\",\"datePublished\":\"2017-07-20T22:10:37+00:00\",\"author\":{\"@id\":\"https:\/\/www.noticiasradioreflejos.com.ar\/2021\/#\/schema\/person\/ad82545263dcc5ec0996818884fd5fb1\"},\"breadcrumb\":{\"@id\":\"https:\/\/www.noticiasradioreflejos.com.ar\/2021\/cumplir-presento-su-lista-en-saldungaray\/#breadcrumb\"},\"inLanguage\":\"es\",\"potentialAction\":[{\"@type\":\"ReadAction\",\"target\":[\"https:\/\/www.noticiasradioreflejos.com.ar\/2021\/cumplir-presento-su-lista-en-saldungaray\/\"]}]},{\"@type\":\"ImageObject\",\"inLanguage\":\"es\",\"@id\":\"https:\/\/www.noticiasradioreflejos.com.ar\/2021\/cumplir-presento-su-lista-en-saldungaray\/#primaryimage\",\"url\":\"http:\/\/www.noticiasradioreflejos.com.ar\/noticias\/wp-content\/uploads\/2017\/07\/002.jpg\",\"contentUrl\":\"http:\/\/www.noticiasradioreflejos.com.ar\/noticias\/wp-content\/uploads\/2017\/07\/002.jpg\"},{\"@type\":\"BreadcrumbList\",\"@id\":\"https:\/\/www.noticiasradioreflejos.com.ar\/2021\/cumplir-presento-su-lista-en-saldungaray\/#breadcrumb\",\"itemListElement\":[{\"@type\":\"ListItem\",\"position\":1,\"name\":\"Portada\",\"item\":\"https:\/\/www.noticiasradioreflejos.com.ar\/2021\/\"},{\"@type\":\"ListItem\",\"position\":2,\"name\":\"Cumplir present\u00f3 su lista en Saldungaray\"}]},{\"@type\":\"WebSite\",\"@id\":\"https:\/\/www.noticiasradioreflejos.com.ar\/2021\/#website\",\"url\":\"https:\/\/www.noticiasradioreflejos.com.ar\/2021\/\",\"name\":\"Noticias Radio Reflejos\",\"description\":\"Las noticias de mi comarca\",\"potentialAction\":[{\"@type\":\"SearchAction\",\"target\":{\"@type\":\"EntryPoint\",\"urlTemplate\":\"https:\/\/www.noticiasradioreflejos.com.ar\/2021\/?s={search_term_string}\"},\"query-input\":{\"@type\":\"PropertyValueSpecification\",\"valueRequired\":true,\"valueName\":\"search_term_string\"}}],\"inLanguage\":\"es\"},{\"@type\":\"Person\",\"@id\":\"https:\/\/www.noticiasradioreflejos.com.ar\/2021\/#\/schema\/person\/ad82545263dcc5ec0996818884fd5fb1\",\"name\":\"Arnaldo Botto\",\"image\":{\"@type\":\"ImageObject\",\"inLanguage\":\"es\",\"@id\":\"https:\/\/www.noticiasradioreflejos.com.ar\/2021\/#\/schema\/person\/image\/\",\"url\":\"https:\/\/secure.gravatar.com\/avatar\/55cb5e37c1efa326397366e6974cb338056df65cb50e7d64d1cf314e87504837?s=96&d=mm&r=g\",\"contentUrl\":\"https:\/\/secure.gravatar.com\/avatar\/55cb5e37c1efa326397366e6974cb338056df65cb50e7d64d1cf314e87504837?s=96&d=mm&r=g\",\"caption\":\"Arnaldo Botto\"},\"url\":\"https:\/\/www.noticiasradioreflejos.com.ar\/2021\/author\/arnaldo\/\"}]}<\/script>\n<!-- \/ Yoast SEO plugin. -->","yoast_head_json":{"title":"Cumplir present\u00f3 su lista en Saldungaray - Noticias Radio Reflejos","robots":{"index":"index","follow":"follow","max-snippet":"max-snippet:-1","max-image-preview":"max-image-preview:large","max-video-preview":"max-video-preview:-1"},"canonical":"https:\/\/www.noticiasradioreflejos.com.ar\/2021\/cumplir-presento-su-lista-en-saldungaray\/","og_locale":"es_ES","og_type":"article","og_title":"Cumplir present\u00f3 su lista en Saldungaray - Noticias Radio Reflejos","og_description":"Con el Club Porte\u00f1o de Saldungaray como escenario, el Frente Justicialista Cumplir realiz\u00f3 anoche la presentaci\u00f3n en esa localidad de su lista de precandidatos a concejales y consejeros escolares para las PASO que se realizar\u00e1n en agosto pr\u00f3ximo.","og_url":"https:\/\/www.noticiasradioreflejos.com.ar\/2021\/cumplir-presento-su-lista-en-saldungaray\/","og_site_name":"Noticias Radio Reflejos","article_published_time":"2017-07-20T22:10:37+00:00","og_image":[{"width":300,"height":200,"url":"https:\/\/www.noticiasradioreflejos.com.ar\/2021\/wp-content\/uploads\/2021\/07\/logosol300x200.png","type":"image\/png"}],"author":"Arnaldo Botto","twitter_card":"summary_large_image","schema":{"@context":"https:\/\/schema.org","@graph":[{"@type":"WebPage","@id":"https:\/\/www.noticiasradioreflejos.com.ar\/2021\/cumplir-presento-su-lista-en-saldungaray\/","url":"https:\/\/www.noticiasradioreflejos.com.ar\/2021\/cumplir-presento-su-lista-en-saldungaray\/","name":"Cumplir present\u00f3 su lista en Saldungaray - Noticias Radio Reflejos","isPartOf":{"@id":"https:\/\/www.noticiasradioreflejos.com.ar\/2021\/#website"},"primaryImageOfPage":{"@id":"https:\/\/www.noticiasradioreflejos.com.ar\/2021\/cumplir-presento-su-lista-en-saldungaray\/#primaryimage"},"image":{"@id":"https:\/\/www.noticiasradioreflejos.com.ar\/2021\/cumplir-presento-su-lista-en-saldungaray\/#primaryimage"},"thumbnailUrl":"http:\/\/www.noticiasradioreflejos.com.ar\/noticias\/wp-content\/uploads\/2017\/07\/002.jpg","datePublished":"2017-07-20T22:10:37+00:00","author":{"@id":"https:\/\/www.noticiasradioreflejos.com.ar\/2021\/#\/schema\/person\/ad82545263dcc5ec0996818884fd5fb1"},"breadcrumb":{"@id":"https:\/\/www.noticiasradioreflejos.com.ar\/2021\/cumplir-presento-su-lista-en-saldungaray\/#breadcrumb"},"inLanguage":"es","potentialAction":[{"@type":"ReadAction","target":["https:\/\/www.noticiasradioreflejos.com.ar\/2021\/cumplir-presento-su-lista-en-saldungaray\/"]}]},{"@type":"ImageObject","inLanguage":"es","@id":"https:\/\/www.noticiasradioreflejos.com.ar\/2021\/cumplir-presento-su-lista-en-saldungaray\/#primaryimage","url":"http:\/\/www.noticiasradioreflejos.com.ar\/noticias\/wp-content\/uploads\/2017\/07\/002.jpg","contentUrl":"http:\/\/www.noticiasradioreflejos.com.ar\/noticias\/wp-content\/uploads\/2017\/07\/002.jpg"},{"@type":"BreadcrumbList","@id":"https:\/\/www.noticiasradioreflejos.com.ar\/2021\/cumplir-presento-su-lista-en-saldungaray\/#breadcrumb","itemListElement":[{"@type":"ListItem","position":1,"name":"Portada","item":"https:\/\/www.noticiasradioreflejos.com.ar\/2021\/"},{"@type":"ListItem","position":2,"name":"Cumplir present\u00f3 su lista en Saldungaray"}]},{"@type":"WebSite","@id":"https:\/\/www.noticiasradioreflejos.com.ar\/2021\/#website","url":"https:\/\/www.noticiasradioreflejos.com.ar\/2021\/","name":"Noticias Radio Reflejos","description":"Las noticias de mi comarca","potentialAction":[{"@type":"SearchAction","target":{"@type":"EntryPoint","urlTemplate":"https:\/\/www.noticiasradioreflejos.com.ar\/2021\/?s={search_term_string}"},"query-input":{"@type":"PropertyValueSpecification","valueRequired":true,"valueName":"search_term_string"}}],"inLanguage":"es"},{"@type":"Person","@id":"https:\/\/www.noticiasradioreflejos.com.ar\/2021\/#\/schema\/person\/ad82545263dcc5ec0996818884fd5fb1","name":"Arnaldo Botto","image":{"@type":"ImageObject","inLanguage":"es","@id":"https:\/\/www.noticiasradioreflejos.com.ar\/2021\/#\/schema\/person\/image\/","url":"https:\/\/secure.gravatar.com\/avatar\/55cb5e37c1efa326397366e6974cb338056df65cb50e7d64d1cf314e87504837?s=96&d=mm&r=g","contentUrl":"https:\/\/secure.gravatar.com\/avatar\/55cb5e37c1efa326397366e6974cb338056df65cb50e7d64d1cf314e87504837?s=96&d=mm&r=g","caption":"Arnaldo Botto"},"url":"https:\/\/www.noticiasradioreflejos.com.ar\/2021\/author\/arnaldo\/"}]}},"_links":{"self":[{"href":"https:\/\/www.noticiasradioreflejos.com.ar\/2021\/wp-json\/wp\/v2\/posts\/12564","targetHints":{"allow":["GET"]}}],"collection":[{"href":"https:\/\/www.noticiasradioreflejos.com.ar\/2021\/wp-json\/wp\/v2\/posts"}],"about":[{"href":"https:\/\/www.noticiasradioreflejos.com.ar\/2021\/wp-json\/wp\/v2\/types\/post"}],"author":[{"embeddable":true,"href":"https:\/\/www.noticiasradioreflejos.com.ar\/2021\/wp-json\/wp\/v2\/users\/3"}],"replies":[{"embeddable":true,"href":"https:\/\/www.noticiasradioreflejos.com.ar\/2021\/wp-json\/wp\/v2\/comments?post=12564"}],"version-history":[{"count":0,"href":"https:\/\/www.noticiasradioreflejos.com.ar\/2021\/wp-json\/wp\/v2\/posts\/12564\/revisions"}],"wp:attachment":[{"href":"https:\/\/www.noticiasradioreflejos.com.ar\/2021\/wp-json\/wp\/v2\/media?parent=12564"}],"wp:term":[{"taxonomy":"category","embeddable":true,"href":"https:\/\/www.noticiasradioreflejos.com.ar\/2021\/wp-json\/wp\/v2\/categories?post=12564"},{"taxonomy":"post_tag","embeddable":true,"href":"https:\/\/www.noticiasradioreflejos.com.ar\/2021\/wp-json\/wp\/v2\/tags?post=12564"}],"curies":[{"name":"wp","href":"https:\/\/api.w.org\/{rel}","templated":true}]}}