{"id":12558,"date":"2017-07-20T17:51:12","date_gmt":"2017-07-20T20:51:12","guid":{"rendered":"http:\/\/www.noticiasradioreflejos.com.ar\/noticias\/?p=12558"},"modified":"2017-07-20T17:51:12","modified_gmt":"2017-07-20T20:51:12","slug":"perechodnik-recorrio-las-obras-de-una-nueva-central-termoelectrica-en-la-provincia","status":"publish","type":"post","link":"https:\/\/www.noticiasradioreflejos.com.ar\/2021\/perechodnik-recorrio-las-obras-de-una-nueva-central-termoelectrica-en-la-provincia\/","title":{"rendered":"Perechodnik recorri\u00f3 las obras de una nueva central termoel\u00e9ctrica en la Provincia"},"content":{"rendered":"<p>El secretario general del gobierno de la provincia de Buenos Aires, Fabi\u00e1n Perechodnik, recorri\u00f3 las obras de construcci\u00f3n de la Central Termoel\u00e9ctrica San Pedro que, ubicada en ese distrito bonaerense, busca ampliar la capacidad de generaci\u00f3n y reducir los costos de energ\u00eda del pa\u00eds.<br \/>\nAcompa\u00f1ado por el intendente local, Cecilio Salazar, la diputada provincial Sandra Paris, y del director ejecutivo de Araucaria Energy \u2013empresa constructora de la central- Santiago Del Sel, Perechodnik sostuvo que \u201cla gobernadora Mar\u00eda Eugenia Vidal nos dice siempre hacer y estar. El hacer son las cosas concretas que ustedes est\u00e1n viendo, lo que se trabaja para el desarrollo del pa\u00eds; el estar es venir y poner de manifiesto lo que la empresa privada est\u00e1 haciendo y como el Estado los acompa\u00f1a y ayuda\u201d.<br \/>\nEn ese marco, agreg\u00f3 que \u201ccada uno tiene que hacer su parte, nuestra parte como Estado provincial, el municipal y el nacional, con el presidente Mauricio Macri y su equipo, facilitarle al sector privado las posibilidades para el desarrollo de la Argentina\u201d.<br \/>\nPor su parte, Salazar destac\u00f3 el trabajo en conjunto entre el sector p\u00fablico y privado y afirm\u00f3 que \u201cac\u00e1 estamos sentando las bases para que podamos generar \u00a0la energ\u00eda \u00a0que nos hace falta. San Pedro es un lugar estrat\u00e9gico para el desarrollo de la Provincia\u201d.<br \/>\nLa central sanpedrina est\u00e1 proyectada para operar con gas natural y di\u00e9sel con una capacidad de 103.5 MW. El proyecto genera 150 puestos de empleo.<br \/>\nEl emprendimiento forma parte de\u00a0 4 iniciativas similares que impulsa Araucaria Energy en Pilar, Luj\u00e1n, Z\u00e1rate-Las Palmas y San Pedro con una potencia total de 680 Mw, que es la energ\u00eda que consume una ciudad de 600 mil personas.<br \/>\nPara la construcci\u00f3n de esas cuatro centrales se realiz\u00f3 una inversi\u00f3n de 700 millones de d\u00f3lares. La empresa Siemens qued\u00f3 a cargo de la construcci\u00f3n de esas centrales y de las tareas de operaci\u00f3n y mantenimiento durante los pr\u00f3ximos 10 a\u00f1os.<br \/>\nDe la recorrida participaron adem\u00e1s el socio fundador de la firma, Jos\u00e9 Irusta; su apoderada, Geraldina Stornini, y funcionarios provinciales y municipales.<br \/>\n<img loading=\"lazy\" decoding=\"async\" class=\"aligncenter wp-image-12560 size-large\" src=\"http:\/\/www.noticiasradioreflejos.com.ar\/noticias\/wp-content\/uploads\/2017\/07\/Perechodnik-en-San-Pedro-1024x683.jpeg\" alt=\"Perechodnik en San Pedro\" width=\"1024\" height=\"683\" \/><br \/>\n<img loading=\"lazy\" decoding=\"async\" class=\"aligncenter wp-image-12561 size-large\" src=\"http:\/\/www.noticiasradioreflejos.com.ar\/noticias\/wp-content\/uploads\/2017\/07\/Perechodnik-en-San-Pedro-2-1024x683.jpeg\" alt=\"Perechodnik en San Pedro 2\" width=\"1024\" height=\"683\" \/><\/p>\n","protected":false},"excerpt":{"rendered":"<p>El secretario general del gobierno de la provincia de Buenos Aires, Fabi\u00e1n Perechodnik, recorri\u00f3 las obras de construcci\u00f3n de la Central Termoel\u00e9ctrica San Pedro que, ubicada en ese distrito bonaerense, busca ampliar la capacidad de generaci\u00f3n y reducir los costos de energ\u00eda del pa\u00eds.<\/p>\n","protected":false},"author":1,"featured_media":0,"comment_status":"closed","ping_status":"open","sticky":false,"template":"","format":"standard","meta":{"footnotes":""},"categories":[24,25],"tags":[],"class_list":["post-12558","post","type-post","status-publish","format-standard","hentry","category-politica","category-uncategorized"],"yoast_head":"<!-- This site is optimized with the Yoast SEO plugin v25.9 - https:\/\/yoast.com\/wordpress\/plugins\/seo\/ -->\n<title>Perechodnik recorri\u00f3 las obras de una nueva central termoel\u00e9ctrica en la Provincia - Noticias Radio Reflejos<\/title>\n<meta name=\"robots\" content=\"index, follow, max-snippet:-1, max-image-preview:large, max-video-preview:-1\" \/>\n<link rel=\"canonical\" href=\"https:\/\/www.noticiasradioreflejos.com.ar\/2021\/perechodnik-recorrio-las-obras-de-una-nueva-central-termoelectrica-en-la-provincia\/\" \/>\n<meta property=\"og:locale\" content=\"es_ES\" \/>\n<meta property=\"og:type\" content=\"article\" \/>\n<meta property=\"og:title\" content=\"Perechodnik recorri\u00f3 las obras de una nueva central termoel\u00e9ctrica en la Provincia - Noticias Radio Reflejos\" \/>\n<meta property=\"og:description\" content=\"El secretario general del gobierno de la provincia de Buenos Aires, Fabi\u00e1n Perechodnik, recorri\u00f3 las obras de construcci\u00f3n de la Central Termoel\u00e9ctrica San Pedro que, ubicada en ese distrito bonaerense, busca ampliar la capacidad de generaci\u00f3n y reducir los costos de energ\u00eda del pa\u00eds.\" \/>\n<meta property=\"og:url\" content=\"https:\/\/www.noticiasradioreflejos.com.ar\/2021\/perechodnik-recorrio-las-obras-de-una-nueva-central-termoelectrica-en-la-provincia\/\" \/>\n<meta property=\"og:site_name\" content=\"Noticias Radio Reflejos\" \/>\n<meta property=\"article:published_time\" content=\"2017-07-20T20:51:12+00:00\" \/>\n<meta property=\"og:image\" content=\"https:\/\/www.noticiasradioreflejos.com.ar\/2021\/wp-content\/uploads\/2021\/07\/logosol300x200.png\" \/>\n\t<meta property=\"og:image:width\" content=\"300\" \/>\n\t<meta property=\"og:image:height\" content=\"200\" \/>\n\t<meta property=\"og:image:type\" content=\"image\/png\" \/>\n<meta name=\"author\" content=\"Ulises Nicolini\" \/>\n<meta name=\"twitter:card\" content=\"summary_large_image\" \/>\n<script type=\"application\/ld+json\" class=\"yoast-schema-graph\">{\"@context\":\"https:\/\/schema.org\",\"@graph\":[{\"@type\":\"WebPage\",\"@id\":\"https:\/\/www.noticiasradioreflejos.com.ar\/2021\/perechodnik-recorrio-las-obras-de-una-nueva-central-termoelectrica-en-la-provincia\/\",\"url\":\"https:\/\/www.noticiasradioreflejos.com.ar\/2021\/perechodnik-recorrio-las-obras-de-una-nueva-central-termoelectrica-en-la-provincia\/\",\"name\":\"Perechodnik recorri\u00f3 las obras de una nueva central termoel\u00e9ctrica en la Provincia - Noticias Radio Reflejos\",\"isPartOf\":{\"@id\":\"https:\/\/www.noticiasradioreflejos.com.ar\/2021\/#website\"},\"primaryImageOfPage\":{\"@id\":\"https:\/\/www.noticiasradioreflejos.com.ar\/2021\/perechodnik-recorrio-las-obras-de-una-nueva-central-termoelectrica-en-la-provincia\/#primaryimage\"},\"image\":{\"@id\":\"https:\/\/www.noticiasradioreflejos.com.ar\/2021\/perechodnik-recorrio-las-obras-de-una-nueva-central-termoelectrica-en-la-provincia\/#primaryimage\"},\"thumbnailUrl\":\"http:\/\/www.noticiasradioreflejos.com.ar\/noticias\/wp-content\/uploads\/2017\/07\/Perechodnik-en-San-Pedro-1024x683.jpeg\",\"datePublished\":\"2017-07-20T20:51:12+00:00\",\"author\":{\"@id\":\"https:\/\/www.noticiasradioreflejos.com.ar\/2021\/#\/schema\/person\/63bcc26111c5fc0e3cd7ca4e2bf77a60\"},\"breadcrumb\":{\"@id\":\"https:\/\/www.noticiasradioreflejos.com.ar\/2021\/perechodnik-recorrio-las-obras-de-una-nueva-central-termoelectrica-en-la-provincia\/#breadcrumb\"},\"inLanguage\":\"es\",\"potentialAction\":[{\"@type\":\"ReadAction\",\"target\":[\"https:\/\/www.noticiasradioreflejos.com.ar\/2021\/perechodnik-recorrio-las-obras-de-una-nueva-central-termoelectrica-en-la-provincia\/\"]}]},{\"@type\":\"ImageObject\",\"inLanguage\":\"es\",\"@id\":\"https:\/\/www.noticiasradioreflejos.com.ar\/2021\/perechodnik-recorrio-las-obras-de-una-nueva-central-termoelectrica-en-la-provincia\/#primaryimage\",\"url\":\"http:\/\/www.noticiasradioreflejos.com.ar\/noticias\/wp-content\/uploads\/2017\/07\/Perechodnik-en-San-Pedro-1024x683.jpeg\",\"contentUrl\":\"http:\/\/www.noticiasradioreflejos.com.ar\/noticias\/wp-content\/uploads\/2017\/07\/Perechodnik-en-San-Pedro-1024x683.jpeg\"},{\"@type\":\"BreadcrumbList\",\"@id\":\"https:\/\/www.noticiasradioreflejos.com.ar\/2021\/perechodnik-recorrio-las-obras-de-una-nueva-central-termoelectrica-en-la-provincia\/#breadcrumb\",\"itemListElement\":[{\"@type\":\"ListItem\",\"position\":1,\"name\":\"Portada\",\"item\":\"https:\/\/www.noticiasradioreflejos.com.ar\/2021\/\"},{\"@type\":\"ListItem\",\"position\":2,\"name\":\"Perechodnik recorri\u00f3 las obras de una nueva central termoel\u00e9ctrica en la Provincia\"}]},{\"@type\":\"WebSite\",\"@id\":\"https:\/\/www.noticiasradioreflejos.com.ar\/2021\/#website\",\"url\":\"https:\/\/www.noticiasradioreflejos.com.ar\/2021\/\",\"name\":\"Noticias Radio Reflejos\",\"description\":\"Las noticias de mi comarca\",\"potentialAction\":[{\"@type\":\"SearchAction\",\"target\":{\"@type\":\"EntryPoint\",\"urlTemplate\":\"https:\/\/www.noticiasradioreflejos.com.ar\/2021\/?s={search_term_string}\"},\"query-input\":{\"@type\":\"PropertyValueSpecification\",\"valueRequired\":true,\"valueName\":\"search_term_string\"}}],\"inLanguage\":\"es\"},{\"@type\":\"Person\",\"@id\":\"https:\/\/www.noticiasradioreflejos.com.ar\/2021\/#\/schema\/person\/63bcc26111c5fc0e3cd7ca4e2bf77a60\",\"name\":\"Ulises Nicolini\",\"image\":{\"@type\":\"ImageObject\",\"inLanguage\":\"es\",\"@id\":\"https:\/\/www.noticiasradioreflejos.com.ar\/2021\/#\/schema\/person\/image\/\",\"url\":\"https:\/\/secure.gravatar.com\/avatar\/7f2c48bdc33b30088f941fb6082e555f2874c98e20cb159d7b92b50eadfce793?s=96&d=mm&r=g\",\"contentUrl\":\"https:\/\/secure.gravatar.com\/avatar\/7f2c48bdc33b30088f941fb6082e555f2874c98e20cb159d7b92b50eadfce793?s=96&d=mm&r=g\",\"caption\":\"Ulises Nicolini\"},\"sameAs\":[\"http:\/\/www.noticiasradioreflejos.com.ar\/2021\"],\"url\":\"https:\/\/www.noticiasradioreflejos.com.ar\/2021\/author\/admin\/\"}]}<\/script>\n<!-- \/ Yoast SEO plugin. -->","yoast_head_json":{"title":"Perechodnik recorri\u00f3 las obras de una nueva central termoel\u00e9ctrica en la Provincia - Noticias Radio Reflejos","robots":{"index":"index","follow":"follow","max-snippet":"max-snippet:-1","max-image-preview":"max-image-preview:large","max-video-preview":"max-video-preview:-1"},"canonical":"https:\/\/www.noticiasradioreflejos.com.ar\/2021\/perechodnik-recorrio-las-obras-de-una-nueva-central-termoelectrica-en-la-provincia\/","og_locale":"es_ES","og_type":"article","og_title":"Perechodnik recorri\u00f3 las obras de una nueva central termoel\u00e9ctrica en la Provincia - Noticias Radio Reflejos","og_description":"El secretario general del gobierno de la provincia de Buenos Aires, Fabi\u00e1n Perechodnik, recorri\u00f3 las obras de construcci\u00f3n de la Central Termoel\u00e9ctrica San Pedro que, ubicada en ese distrito bonaerense, busca ampliar la capacidad de generaci\u00f3n y reducir los costos de energ\u00eda del pa\u00eds.","og_url":"https:\/\/www.noticiasradioreflejos.com.ar\/2021\/perechodnik-recorrio-las-obras-de-una-nueva-central-termoelectrica-en-la-provincia\/","og_site_name":"Noticias Radio Reflejos","article_published_time":"2017-07-20T20:51:12+00:00","og_image":[{"width":300,"height":200,"url":"https:\/\/www.noticiasradioreflejos.com.ar\/2021\/wp-content\/uploads\/2021\/07\/logosol300x200.png","type":"image\/png"}],"author":"Ulises Nicolini","twitter_card":"summary_large_image","schema":{"@context":"https:\/\/schema.org","@graph":[{"@type":"WebPage","@id":"https:\/\/www.noticiasradioreflejos.com.ar\/2021\/perechodnik-recorrio-las-obras-de-una-nueva-central-termoelectrica-en-la-provincia\/","url":"https:\/\/www.noticiasradioreflejos.com.ar\/2021\/perechodnik-recorrio-las-obras-de-una-nueva-central-termoelectrica-en-la-provincia\/","name":"Perechodnik recorri\u00f3 las obras de una nueva central termoel\u00e9ctrica en la Provincia - Noticias Radio Reflejos","isPartOf":{"@id":"https:\/\/www.noticiasradioreflejos.com.ar\/2021\/#website"},"primaryImageOfPage":{"@id":"https:\/\/www.noticiasradioreflejos.com.ar\/2021\/perechodnik-recorrio-las-obras-de-una-nueva-central-termoelectrica-en-la-provincia\/#primaryimage"},"image":{"@id":"https:\/\/www.noticiasradioreflejos.com.ar\/2021\/perechodnik-recorrio-las-obras-de-una-nueva-central-termoelectrica-en-la-provincia\/#primaryimage"},"thumbnailUrl":"http:\/\/www.noticiasradioreflejos.com.ar\/noticias\/wp-content\/uploads\/2017\/07\/Perechodnik-en-San-Pedro-1024x683.jpeg","datePublished":"2017-07-20T20:51:12+00:00","author":{"@id":"https:\/\/www.noticiasradioreflejos.com.ar\/2021\/#\/schema\/person\/63bcc26111c5fc0e3cd7ca4e2bf77a60"},"breadcrumb":{"@id":"https:\/\/www.noticiasradioreflejos.com.ar\/2021\/perechodnik-recorrio-las-obras-de-una-nueva-central-termoelectrica-en-la-provincia\/#breadcrumb"},"inLanguage":"es","potentialAction":[{"@type":"ReadAction","target":["https:\/\/www.noticiasradioreflejos.com.ar\/2021\/perechodnik-recorrio-las-obras-de-una-nueva-central-termoelectrica-en-la-provincia\/"]}]},{"@type":"ImageObject","inLanguage":"es","@id":"https:\/\/www.noticiasradioreflejos.com.ar\/2021\/perechodnik-recorrio-las-obras-de-una-nueva-central-termoelectrica-en-la-provincia\/#primaryimage","url":"http:\/\/www.noticiasradioreflejos.com.ar\/noticias\/wp-content\/uploads\/2017\/07\/Perechodnik-en-San-Pedro-1024x683.jpeg","contentUrl":"http:\/\/www.noticiasradioreflejos.com.ar\/noticias\/wp-content\/uploads\/2017\/07\/Perechodnik-en-San-Pedro-1024x683.jpeg"},{"@type":"BreadcrumbList","@id":"https:\/\/www.noticiasradioreflejos.com.ar\/2021\/perechodnik-recorrio-las-obras-de-una-nueva-central-termoelectrica-en-la-provincia\/#breadcrumb","itemListElement":[{"@type":"ListItem","position":1,"name":"Portada","item":"https:\/\/www.noticiasradioreflejos.com.ar\/2021\/"},{"@type":"ListItem","position":2,"name":"Perechodnik recorri\u00f3 las obras de una nueva central termoel\u00e9ctrica en la Provincia"}]},{"@type":"WebSite","@id":"https:\/\/www.noticiasradioreflejos.com.ar\/2021\/#website","url":"https:\/\/www.noticiasradioreflejos.com.ar\/2021\/","name":"Noticias Radio Reflejos","description":"Las noticias de mi comarca","potentialAction":[{"@type":"SearchAction","target":{"@type":"EntryPoint","urlTemplate":"https:\/\/www.noticiasradioreflejos.com.ar\/2021\/?s={search_term_string}"},"query-input":{"@type":"PropertyValueSpecification","valueRequired":true,"valueName":"search_term_string"}}],"inLanguage":"es"},{"@type":"Person","@id":"https:\/\/www.noticiasradioreflejos.com.ar\/2021\/#\/schema\/person\/63bcc26111c5fc0e3cd7ca4e2bf77a60","name":"Ulises Nicolini","image":{"@type":"ImageObject","inLanguage":"es","@id":"https:\/\/www.noticiasradioreflejos.com.ar\/2021\/#\/schema\/person\/image\/","url":"https:\/\/secure.gravatar.com\/avatar\/7f2c48bdc33b30088f941fb6082e555f2874c98e20cb159d7b92b50eadfce793?s=96&d=mm&r=g","contentUrl":"https:\/\/secure.gravatar.com\/avatar\/7f2c48bdc33b30088f941fb6082e555f2874c98e20cb159d7b92b50eadfce793?s=96&d=mm&r=g","caption":"Ulises Nicolini"},"sameAs":["http:\/\/www.noticiasradioreflejos.com.ar\/2021"],"url":"https:\/\/www.noticiasradioreflejos.com.ar\/2021\/author\/admin\/"}]}},"_links":{"self":[{"href":"https:\/\/www.noticiasradioreflejos.com.ar\/2021\/wp-json\/wp\/v2\/posts\/12558","targetHints":{"allow":["GET"]}}],"collection":[{"href":"https:\/\/www.noticiasradioreflejos.com.ar\/2021\/wp-json\/wp\/v2\/posts"}],"about":[{"href":"https:\/\/www.noticiasradioreflejos.com.ar\/2021\/wp-json\/wp\/v2\/types\/post"}],"author":[{"embeddable":true,"href":"https:\/\/www.noticiasradioreflejos.com.ar\/2021\/wp-json\/wp\/v2\/users\/1"}],"replies":[{"embeddable":true,"href":"https:\/\/www.noticiasradioreflejos.com.ar\/2021\/wp-json\/wp\/v2\/comments?post=12558"}],"version-history":[{"count":0,"href":"https:\/\/www.noticiasradioreflejos.com.ar\/2021\/wp-json\/wp\/v2\/posts\/12558\/revisions"}],"wp:attachment":[{"href":"https:\/\/www.noticiasradioreflejos.com.ar\/2021\/wp-json\/wp\/v2\/media?parent=12558"}],"wp:term":[{"taxonomy":"category","embeddable":true,"href":"https:\/\/www.noticiasradioreflejos.com.ar\/2021\/wp-json\/wp\/v2\/categories?post=12558"},{"taxonomy":"post_tag","embeddable":true,"href":"https:\/\/www.noticiasradioreflejos.com.ar\/2021\/wp-json\/wp\/v2\/tags?post=12558"}],"curies":[{"name":"wp","href":"https:\/\/api.w.org\/{rel}","templated":true}]}}